{"id":220411,"date":"2026-02-21T07:14:00","date_gmt":"2026-02-21T10:14:00","guid":{"rendered":"https:\/\/portaltela.pt\/noticias\/2026\/02\/21\/festival-da-cancao-comeca-neste-sabado-oito-musicas-na-1a-semifinal\/"},"modified":"2026-02-21T07:14:00","modified_gmt":"2026-02-21T10:14:00","slug":"festival-da-cancao-comeca-neste-sabado-oito-musicas-na-1a-semifinal","status":"publish","type":"post","link":"https:\/\/portaltela.pt\/noticias\/2026\/02\/21\/festival-da-cancao-comeca-neste-sabado-oito-musicas-na-1a-semifinal\/","title":{"rendered":"Festival da Can\u00e7\u00e3o come\u00e7a neste s\u00e1bado: oito m\u00fasicas na 1\u00aa semifinal"},"content":{"rendered":"<p>A edi\u00e7\u00e3o de 2026 do Festival da Can\u00e7\u00e3o, promovido pela RTP, come\u00e7a neste s\u00e1bado com a primeira semifinal, em Pa\u00e7o de Arcos. Participam oito can\u00e7\u00f5es, em competi\u00e7\u00e3o ao lado de outras oito na segunda semi, para definir as cinco finalistas. O objetivo \u00e9 escolher o tema que representar\u00e1 Portugal no Eurovision.<\/p>\n<p>A primeira semifinal acontece hoje, com atua\u00e7\u00e3o em ordem de apresenta\u00e7\u00e3o. Est\u00e3o em competi\u00e7\u00e3o: Jurei, Fumo, Sprint, D\u00e1-me a tua m\u00e3o, Nos teus olhos, Chuva, Onde quero estar e Pertencer. A escolha envolve vota\u00e7\u00e3o do j\u00fari profissional e voto do p\u00fablico, resultando em cinco qualificados (quatro pela soma dos dois componentes e uma sele\u00e7\u00e3o apenas pelo p\u00fablico).<\/p>\n<h3>Can\u00e7\u00f5es em destaque<\/h3>\n<p>Destas oito faixas, os nomes s\u00e3o: Jurei (Dinis Mota), Fumo (Nunca Mates o Mandarim), Sprint (EVAYA), D\u00e1-me a tua m\u00e3o (Andr\u00e9 Amaro), Nos teus olhos (Bateu Matou), Chuva (Marquise), Onde quero estar (Agridoce) e Pertencer (Djodje, interpretada por M\u00e1rio Marta).<\/p>\n<p>A segunda semifinal est\u00e1 marcada para 28 de fevereiro, com o encerramento da disputa que levar\u00e1 \u00e0s cinco restantes finalistas, a definir na final de 7 de mar\u00e7o. As semifinais e a final decorrem nos est\u00fadios da Valentim de Carvalho, em Pa\u00e7o de Arcos, consolidando um palco maior e plateia de cerca de 500 pessoas.<\/p>\n<p>As duas semifinais e a final ser\u00e3o transmitidas em direto pela RTP1, RTP Internacional, RTP \u00c1frica e RTP Play. O vencedor do Festival da Can\u00e7\u00e3o 2026 poder\u00e1 representar Portugal no 70.\u00ba Festival Eurovis\u00e3o da Can\u00e7\u00e3o, na \u00c1ustria, em maio.<\/p>\n<p>No entanto, muitos participantes j\u00e1 indicaram recusa em representar Portugal na Eurovis\u00e3o, em protesto contra a participa\u00e7\u00e3o de Israel. Entre os nomes anunciados na altura, alguns n\u00e3o aceitar\u00e3o competir pelo pa\u00eds caso sejam os escolhidos.<\/p>\n<p>Entre as 35 na\u00e7\u00f5es previstas para a Eurovis\u00e3o deste ano, mant\u00eam-se excep\u00e7\u00f5es e retornos: Espanha, Irlanda, Pa\u00edses Baixos, Eslov\u00e9nia e Isl\u00e2ndia desistiram, enquanto Bulg\u00e1ria, Rom\u00e9nia e Mold\u00e1via regressam ap\u00f3s aus\u00eancias. Os boicotes referem-se a ataques recentes no territ\u00f3rio palestiniano, segundo investiga\u00e7\u00f5es da ONU.<\/p>\n","protected":false},"excerpt":{"rendered":"<ul>\n<li>A Festival da Can\u00e7\u00e3o chega \u00e0 60.\u00aa edi\u00e7\u00e3o, com 16 can\u00e7\u00f5es a competir, oito em cada semifinal; a primeira ocorre hoje com oito temas em competi\u00e7\u00e3o.<\/li>\n<li>Em ordem de apresenta\u00e7\u00e3o da primeira semifinal est\u00e3o: Jurei, Fumo, Sprint, D\u00e1-me a tua m\u00e3o, Nos teus olhos, Chuva, Onde quero estar e Pertencer.<\/li>\n<li>Cinco can\u00e7\u00f5es avan\u00e7am: quatro pela vota\u00e7\u00e3o combinada de j\u00fari e p\u00fablico e uma directement pelo voto do p\u00fablico; a segunda semifinal acontece a 28 de fevereiro, com as restantes cinco candidatas, e a final \u00e9 a 7 de mar\u00e7o.<\/li>\n<li>As duas semifinais e a final decorrem nos est\u00fadios da Valentim de Carvalho, em Pa\u00e7o de Arcos, Lisboa, com p\u00fablico e transmiss\u00e3o em RTP1, RTP Internacional, RTP \u00c1frica e RTP Play.<\/li>\n<li>V\u00e1rios concorrentes j\u00e1 anunciaram que n\u00e3o v\u00e3o representar Portugal na Eurovis\u00e3o caso ven\u00e7am o festival, num contexto de boicote por causa da participa\u00e7\u00e3o de Israel; h\u00e1 tamb\u00e9m pa\u00edses que se retiraram ou retornaram \u00e0 competi\u00e7\u00e3o.<\/li>\n<\/ul>\n","protected":false},"author":2,"featured_media":220412,"comment_status":"closed","ping_status":"closed","sticky":false,"template":"","format":"standard","meta":{"footnotes":""},"categories":[12,1],"tags":[3674,122,1198,1014,4369,4286],"class_list":["post-220411","post","type-post","status-publish","format-standard","has-post-thumbnail","hentry","category-entretenimento","category-noticias","tag-festival","tag-musica","tag-oeiras","tag-portugal","tag-rtp-play","tag-rtp1"],"yoast_head":"<!-- This site is optimized with the Yoast SEO plugin v27.2 - https:\/\/yoast.com\/product\/yoast-seo-wordpress\/ -->\n<title>Festival da Can\u00e7\u00e3o come\u00e7a neste s\u00e1bado: oito m\u00fasicas na 1\u00aa semifinal - Portal Tela Portugal<\/title>\n<meta name=\"robots\" content=\"index, follow, max-snippet:-1, max-image-preview:large, max-video-preview:-1\" \/>\n<meta property=\"og:locale\" content=\"pt_PT\" \/>\n<meta property=\"og:type\" content=\"article\" \/>\n<meta property=\"og:title\" content=\"Festival da Can\u00e7\u00e3o come\u00e7a neste s\u00e1bado: oito m\u00fasicas na 1\u00aa semifinal - Portal Tela Portugal\" \/>\n<meta property=\"og:description\" content=\"A Festival da Can\u00e7\u00e3o chega \u00e0 60.\u00aa edi\u00e7\u00e3o, com 16 can\u00e7\u00f5es a competir, oito em cada semifinal; a primeira ocorre hoje com oito temas em competi\u00e7\u00e3o. Em ordem de apresenta\u00e7\u00e3o da primeira semifinal est\u00e3o: Jurei, Fumo, Sprint, D\u00e1-me a tua m\u00e3o, Nos teus olhos, Chuva, Onde quero estar e Pertencer. Cinco can\u00e7\u00f5es avan\u00e7am: quatro pela vota\u00e7\u00e3o combinada de j\u00fari e p\u00fablico e uma directement pelo voto do p\u00fablico; a segunda semifinal acontece a 28 de fevereiro, com as restantes cinco candidatas, e a final \u00e9 a 7 de mar\u00e7o. As duas semifinais e a final decorrem nos est\u00fadios da Valentim de Carvalho, em Pa\u00e7o de Arcos, Lisboa, com p\u00fablico e transmiss\u00e3o em RTP1, RTP Internacional, RTP \u00c1frica e RTP Play. V\u00e1rios concorrentes j\u00e1 anunciaram que n\u00e3o v\u00e3o representar Portugal na Eurovis\u00e3o caso ven\u00e7am o festival, num contexto de boicote por causa da participa\u00e7\u00e3o de Israel; h\u00e1 tamb\u00e9m pa\u00edses que se retiraram ou retornaram \u00e0 competi\u00e7\u00e3o.\" \/>\n<meta property=\"og:url\" content=\"https:\/\/portaltela.pt\/noticias\/2026\/02\/21\/festival-da-cancao-comeca-neste-sabado-oito-musicas-na-1a-semifinal\/\" \/>\n<meta property=\"og:site_name\" content=\"Portal Tela Portugal\" \/>\n<meta property=\"article:published_time\" content=\"2026-02-21T10:14:00+00:00\" \/>\n<meta name=\"author\" content=\"Telinha\" \/>\n<meta name=\"twitter:card\" content=\"summary_large_image\" \/>\n<meta name=\"twitter:label1\" content=\"Escrito por\" \/>\n\t<meta name=\"twitter:data1\" content=\"Telinha\" \/>\n\t<meta name=\"twitter:label2\" content=\"Tempo estimado de leitura\" \/>\n\t<meta name=\"twitter:data2\" content=\"2 minutos\" \/>\n<script type=\"application\/ld+json\" class=\"yoast-schema-graph\">{\"@context\":\"https:\/\/schema.org\",\"@graph\":[{\"@type\":\"Article\",\"@id\":\"https:\/\/portaltela.pt\/noticias\/2026\/02\/21\/festival-da-cancao-comeca-neste-sabado-oito-musicas-na-1a-semifinal\/#article\",\"isPartOf\":{\"@id\":\"https:\/\/portaltela.pt\/noticias\/2026\/02\/21\/festival-da-cancao-comeca-neste-sabado-oito-musicas-na-1a-semifinal\/\"},\"author\":{\"name\":\"Telinha\",\"@id\":\"https:\/\/portaltela.pt\/#\/schema\/person\/c4278d4a6028830caff9ee44b42d32ed\"},\"headline\":\"Festival da Can\u00e7\u00e3o come\u00e7a neste s\u00e1bado: oito m\u00fasicas na 1\u00aa semifinal\",\"datePublished\":\"2026-02-21T10:14:00+00:00\",\"mainEntityOfPage\":{\"@id\":\"https:\/\/portaltela.pt\/noticias\/2026\/02\/21\/festival-da-cancao-comeca-neste-sabado-oito-musicas-na-1a-semifinal\/\"},\"wordCount\":378,\"image\":{\"@id\":\"https:\/\/portaltela.pt\/noticias\/2026\/02\/21\/festival-da-cancao-comeca-neste-sabado-oito-musicas-na-1a-semifinal\/#primaryimage\"},\"thumbnailUrl\":\"https:\/\/portaltela.pt\/s.01k8rhncp4jt1\/2026\/02\/image-1552.jpg\",\"keywords\":[\"festival\",\"m\u00fasica\",\"Oeiras\",\"Portugal\",\"RTP Play\",\"RTP1\"],\"articleSection\":[\"Entretenimento\",\"Not\u00edcias\"],\"inLanguage\":\"pt-PT\"},{\"@type\":\"WebPage\",\"@id\":\"https:\/\/portaltela.pt\/noticias\/2026\/02\/21\/festival-da-cancao-comeca-neste-sabado-oito-musicas-na-1a-semifinal\/\",\"url\":\"https:\/\/portaltela.pt\/noticias\/2026\/02\/21\/festival-da-cancao-comeca-neste-sabado-oito-musicas-na-1a-semifinal\/\",\"name\":\"Festival da Can\u00e7\u00e3o come\u00e7a neste s\u00e1bado: oito m\u00fasicas na 1\u00aa semifinal - Portal Tela Portugal\",\"isPartOf\":{\"@id\":\"https:\/\/portaltela.pt\/#website\"},\"primaryImageOfPage\":{\"@id\":\"https:\/\/portaltela.pt\/noticias\/2026\/02\/21\/festival-da-cancao-comeca-neste-sabado-oito-musicas-na-1a-semifinal\/#primaryimage\"},\"image\":{\"@id\":\"https:\/\/portaltela.pt\/noticias\/2026\/02\/21\/festival-da-cancao-comeca-neste-sabado-oito-musicas-na-1a-semifinal\/#primaryimage\"},\"thumbnailUrl\":\"https:\/\/portaltela.pt\/s.01k8rhncp4jt1\/2026\/02\/image-1552.jpg\",\"datePublished\":\"2026-02-21T10:14:00+00:00\",\"author\":{\"@id\":\"https:\/\/portaltela.pt\/#\/schema\/person\/c4278d4a6028830caff9ee44b42d32ed\"},\"breadcrumb\":{\"@id\":\"https:\/\/portaltela.pt\/noticias\/2026\/02\/21\/festival-da-cancao-comeca-neste-sabado-oito-musicas-na-1a-semifinal\/#breadcrumb\"},\"inLanguage\":\"pt-PT\",\"potentialAction\":[{\"@type\":\"ReadAction\",\"target\":[\"https:\/\/portaltela.pt\/noticias\/2026\/02\/21\/festival-da-cancao-comeca-neste-sabado-oito-musicas-na-1a-semifinal\/\"]}]},{\"@type\":\"ImageObject\",\"inLanguage\":\"pt-PT\",\"@id\":\"https:\/\/portaltela.pt\/noticias\/2026\/02\/21\/festival-da-cancao-comeca-neste-sabado-oito-musicas-na-1a-semifinal\/#primaryimage\",\"url\":\"https:\/\/portaltela.pt\/s.01k8rhncp4jt1\/2026\/02\/image-1552.jpg\",\"contentUrl\":\"https:\/\/portaltela.pt\/s.01k8rhncp4jt1\/2026\/02\/image-1552.jpg\",\"width\":796,\"height\":448,\"caption\":\"Este ano, em que o concurso promovido pela RTP cumpre a 60.\u00aa edi\u00e7\u00e3o, competem 16 can\u00e7\u00f5es\"},{\"@type\":\"BreadcrumbList\",\"@id\":\"https:\/\/portaltela.pt\/noticias\/2026\/02\/21\/festival-da-cancao-comeca-neste-sabado-oito-musicas-na-1a-semifinal\/#breadcrumb\",\"itemListElement\":[{\"@type\":\"ListItem\",\"position\":1,\"name\":\"In\u00edcio\",\"item\":\"https:\/\/portaltela.pt\/\"},{\"@type\":\"ListItem\",\"position\":2,\"name\":\"Festival da Can\u00e7\u00e3o come\u00e7a neste s\u00e1bado: oito m\u00fasicas na 1\u00aa semifinal\"}]},{\"@type\":\"WebSite\",\"@id\":\"https:\/\/portaltela.pt\/#website\",\"url\":\"https:\/\/portaltela.pt\/\",\"name\":\"Portal Tela Portugal\",\"description\":\"\",\"potentialAction\":[{\"@type\":\"SearchAction\",\"target\":{\"@type\":\"EntryPoint\",\"urlTemplate\":\"https:\/\/portaltela.pt\/?s={search_term_string}\"},\"query-input\":{\"@type\":\"PropertyValueSpecification\",\"valueRequired\":true,\"valueName\":\"search_term_string\"}}],\"inLanguage\":\"pt-PT\"},{\"@type\":\"Person\",\"@id\":\"https:\/\/portaltela.pt\/#\/schema\/person\/c4278d4a6028830caff9ee44b42d32ed\",\"name\":\"Telinha\",\"image\":{\"@type\":\"ImageObject\",\"inLanguage\":\"pt-PT\",\"@id\":\"https:\/\/portaltela.pt\/s.01k8rhncp4jt1\/2025\/11\/talking-bot-125x125.png\",\"url\":\"https:\/\/portaltela.pt\/s.01k8rhncp4jt1\/2025\/11\/talking-bot-125x125.png\",\"contentUrl\":\"https:\/\/portaltela.pt\/s.01k8rhncp4jt1\/2025\/11\/talking-bot-125x125.png\",\"caption\":\"Telinha\"},\"sameAs\":[\"https:\/\/portaltela.pt\/\"],\"url\":\"https:\/\/portaltela.pt\/por\/367410592786\/\"}]}<\/script>\n<!-- \/ Yoast SEO plugin. -->","yoast_head_json":{"title":"Festival da Can\u00e7\u00e3o come\u00e7a neste s\u00e1bado: oito m\u00fasicas na 1\u00aa semifinal - Portal Tela Portugal","robots":{"index":"index","follow":"follow","max-snippet":"max-snippet:-1","max-image-preview":"max-image-preview:large","max-video-preview":"max-video-preview:-1"},"og_locale":"pt_PT","og_type":"article","og_title":"Festival da Can\u00e7\u00e3o come\u00e7a neste s\u00e1bado: oito m\u00fasicas na 1\u00aa semifinal - Portal Tela Portugal","og_description":"A Festival da Can\u00e7\u00e3o chega \u00e0 60.\u00aa edi\u00e7\u00e3o, com 16 can\u00e7\u00f5es a competir, oito em cada semifinal; a primeira ocorre hoje com oito temas em competi\u00e7\u00e3o. Em ordem de apresenta\u00e7\u00e3o da primeira semifinal est\u00e3o: Jurei, Fumo, Sprint, D\u00e1-me a tua m\u00e3o, Nos teus olhos, Chuva, Onde quero estar e Pertencer. Cinco can\u00e7\u00f5es avan\u00e7am: quatro pela vota\u00e7\u00e3o combinada de j\u00fari e p\u00fablico e uma directement pelo voto do p\u00fablico; a segunda semifinal acontece a 28 de fevereiro, com as restantes cinco candidatas, e a final \u00e9 a 7 de mar\u00e7o. As duas semifinais e a final decorrem nos est\u00fadios da Valentim de Carvalho, em Pa\u00e7o de Arcos, Lisboa, com p\u00fablico e transmiss\u00e3o em RTP1, RTP Internacional, RTP \u00c1frica e RTP Play. V\u00e1rios concorrentes j\u00e1 anunciaram que n\u00e3o v\u00e3o representar Portugal na Eurovis\u00e3o caso ven\u00e7am o festival, num contexto de boicote por causa da participa\u00e7\u00e3o de Israel; h\u00e1 tamb\u00e9m pa\u00edses que se retiraram ou retornaram \u00e0 competi\u00e7\u00e3o.","og_url":"https:\/\/portaltela.pt\/noticias\/2026\/02\/21\/festival-da-cancao-comeca-neste-sabado-oito-musicas-na-1a-semifinal\/","og_site_name":"Portal Tela Portugal","article_published_time":"2026-02-21T10:14:00+00:00","author":"Telinha","twitter_card":"summary_large_image","twitter_misc":{"Escrito por":"Telinha","Tempo estimado de leitura":"2 minutos"},"schema":{"@context":"https:\/\/schema.org","@graph":[{"@type":"Article","@id":"https:\/\/portaltela.pt\/noticias\/2026\/02\/21\/festival-da-cancao-comeca-neste-sabado-oito-musicas-na-1a-semifinal\/#article","isPartOf":{"@id":"https:\/\/portaltela.pt\/noticias\/2026\/02\/21\/festival-da-cancao-comeca-neste-sabado-oito-musicas-na-1a-semifinal\/"},"author":{"name":"Telinha","@id":"https:\/\/portaltela.pt\/#\/schema\/person\/c4278d4a6028830caff9ee44b42d32ed"},"headline":"Festival da Can\u00e7\u00e3o come\u00e7a neste s\u00e1bado: oito m\u00fasicas na 1\u00aa semifinal","datePublished":"2026-02-21T10:14:00+00:00","mainEntityOfPage":{"@id":"https:\/\/portaltela.pt\/noticias\/2026\/02\/21\/festival-da-cancao-comeca-neste-sabado-oito-musicas-na-1a-semifinal\/"},"wordCount":378,"image":{"@id":"https:\/\/portaltela.pt\/noticias\/2026\/02\/21\/festival-da-cancao-comeca-neste-sabado-oito-musicas-na-1a-semifinal\/#primaryimage"},"thumbnailUrl":"https:\/\/portaltela.pt\/s.01k8rhncp4jt1\/2026\/02\/image-1552.jpg","keywords":["festival","m\u00fasica","Oeiras","Portugal","RTP Play","RTP1"],"articleSection":["Entretenimento","Not\u00edcias"],"inLanguage":"pt-PT"},{"@type":"WebPage","@id":"https:\/\/portaltela.pt\/noticias\/2026\/02\/21\/festival-da-cancao-comeca-neste-sabado-oito-musicas-na-1a-semifinal\/","url":"https:\/\/portaltela.pt\/noticias\/2026\/02\/21\/festival-da-cancao-comeca-neste-sabado-oito-musicas-na-1a-semifinal\/","name":"Festival da Can\u00e7\u00e3o come\u00e7a neste s\u00e1bado: oito m\u00fasicas na 1\u00aa semifinal - Portal Tela Portugal","isPartOf":{"@id":"https:\/\/portaltela.pt\/#website"},"primaryImageOfPage":{"@id":"https:\/\/portaltela.pt\/noticias\/2026\/02\/21\/festival-da-cancao-comeca-neste-sabado-oito-musicas-na-1a-semifinal\/#primaryimage"},"image":{"@id":"https:\/\/portaltela.pt\/noticias\/2026\/02\/21\/festival-da-cancao-comeca-neste-sabado-oito-musicas-na-1a-semifinal\/#primaryimage"},"thumbnailUrl":"https:\/\/portaltela.pt\/s.01k8rhncp4jt1\/2026\/02\/image-1552.jpg","datePublished":"2026-02-21T10:14:00+00:00","author":{"@id":"https:\/\/portaltela.pt\/#\/schema\/person\/c4278d4a6028830caff9ee44b42d32ed"},"breadcrumb":{"@id":"https:\/\/portaltela.pt\/noticias\/2026\/02\/21\/festival-da-cancao-comeca-neste-sabado-oito-musicas-na-1a-semifinal\/#breadcrumb"},"inLanguage":"pt-PT","potentialAction":[{"@type":"ReadAction","target":["https:\/\/portaltela.pt\/noticias\/2026\/02\/21\/festival-da-cancao-comeca-neste-sabado-oito-musicas-na-1a-semifinal\/"]}]},{"@type":"ImageObject","inLanguage":"pt-PT","@id":"https:\/\/portaltela.pt\/noticias\/2026\/02\/21\/festival-da-cancao-comeca-neste-sabado-oito-musicas-na-1a-semifinal\/#primaryimage","url":"https:\/\/portaltela.pt\/s.01k8rhncp4jt1\/2026\/02\/image-1552.jpg","contentUrl":"https:\/\/portaltela.pt\/s.01k8rhncp4jt1\/2026\/02\/image-1552.jpg","width":796,"height":448,"caption":"Este ano, em que o concurso promovido pela RTP cumpre a 60.\u00aa edi\u00e7\u00e3o, competem 16 can\u00e7\u00f5es"},{"@type":"BreadcrumbList","@id":"https:\/\/portaltela.pt\/noticias\/2026\/02\/21\/festival-da-cancao-comeca-neste-sabado-oito-musicas-na-1a-semifinal\/#breadcrumb","itemListElement":[{"@type":"ListItem","position":1,"name":"In\u00edcio","item":"https:\/\/portaltela.pt\/"},{"@type":"ListItem","position":2,"name":"Festival da Can\u00e7\u00e3o come\u00e7a neste s\u00e1bado: oito m\u00fasicas na 1\u00aa semifinal"}]},{"@type":"WebSite","@id":"https:\/\/portaltela.pt\/#website","url":"https:\/\/portaltela.pt\/","name":"Portal Tela Portugal","description":"","potentialAction":[{"@type":"SearchAction","target":{"@type":"EntryPoint","urlTemplate":"https:\/\/portaltela.pt\/?s={search_term_string}"},"query-input":{"@type":"PropertyValueSpecification","valueRequired":true,"valueName":"search_term_string"}}],"inLanguage":"pt-PT"},{"@type":"Person","@id":"https:\/\/portaltela.pt\/#\/schema\/person\/c4278d4a6028830caff9ee44b42d32ed","name":"Telinha","image":{"@type":"ImageObject","inLanguage":"pt-PT","@id":"https:\/\/portaltela.pt\/s.01k8rhncp4jt1\/2025\/11\/talking-bot-125x125.png","url":"https:\/\/portaltela.pt\/s.01k8rhncp4jt1\/2025\/11\/talking-bot-125x125.png","contentUrl":"https:\/\/portaltela.pt\/s.01k8rhncp4jt1\/2025\/11\/talking-bot-125x125.png","caption":"Telinha"},"sameAs":["https:\/\/portaltela.pt\/"],"url":"https:\/\/portaltela.pt\/por\/367410592786\/"}]}},"_links":{"self":[{"href":"https:\/\/portaltela.pt\/api\/wp\/v2\/posts\/220411","targetHints":{"allow":["GET"]}}],"collection":[{"href":"https:\/\/portaltela.pt\/api\/wp\/v2\/posts"}],"about":[{"href":"https:\/\/portaltela.pt\/api\/wp\/v2\/types\/post"}],"author":[{"embeddable":true,"href":"https:\/\/portaltela.pt\/api\/wp\/v2\/users\/2"}],"replies":[{"embeddable":true,"href":"https:\/\/portaltela.pt\/api\/wp\/v2\/comments?post=220411"}],"version-history":[{"count":0,"href":"https:\/\/portaltela.pt\/api\/wp\/v2\/posts\/220411\/revisions"}],"wp:featuredmedia":[{"embeddable":true,"href":"https:\/\/portaltela.pt\/api\/wp\/v2\/media\/220412"}],"wp:attachment":[{"href":"https:\/\/portaltela.pt\/api\/wp\/v2\/media?parent=220411"}],"wp:term":[{"taxonomy":"category","embeddable":true,"href":"https:\/\/portaltela.pt\/api\/wp\/v2\/categories?post=220411"},{"taxonomy":"post_tag","embeddable":true,"href":"https:\/\/portaltela.pt\/api\/wp\/v2\/tags?post=220411"}],"curies":[{"name":"wp","href":"https:\/\/api.w.org\/{rel}","templated":true}]}}