{"id":220395,"date":"2026-02-21T07:10:55","date_gmt":"2026-02-21T10:10:55","guid":{"rendered":"https:\/\/portaltela.pt\/noticias\/2026\/02\/21\/associacao-defende-radios-da-protecao-civil-nas-freguesias-em-vez-de-starlink\/"},"modified":"2026-02-21T07:10:55","modified_gmt":"2026-02-21T10:10:55","slug":"associacao-defende-radios-da-protecao-civil-nas-freguesias-em-vez-de-starlink","status":"publish","type":"post","link":"https:\/\/portaltela.pt\/noticias\/2026\/02\/21\/associacao-defende-radios-da-protecao-civil-nas-freguesias-em-vez-de-starlink\/","title":{"rendered":"Associa\u00e7\u00e3o defende r\u00e1dios da Prote\u00e7\u00e3o Civil nas freguesias em vez de Starlink"},"content":{"rendered":"<p>A Associa\u00e7\u00e3o de Prote\u00e7\u00e3o Civil (APROSOC) criticou, neste s\u00e1bado, a prioridade dada \u00e0 distribui\u00e7\u00e3o de terminais Starlink \u00e0s freguesias. O grupo defende que o investimento devia privilegiar r\u00e1dios da Rede Estrat\u00e9gica de Prote\u00e7\u00e3o Civil (REPC) para refor\u00e7ar a coordena\u00e7\u00e3o local em emerg\u00eancias.<\/p>\n<p>A APROSOC escreveu aos partidos com assento parlamentar e disse ver com bons olhos o an\u00fancio do primeiro-ministro Lu\u00eds Montenegro sobre Starlink. Contudo, afirma que a prioridade deveria estar nas juntas de freguesia e nos presidentes de junta, com terminais r\u00e1dio da REPC para comunica\u00e7\u00e3o entre juntas e com o servi\u00e7o municipal de prote\u00e7\u00e3o civil.<\/p>\n<p>A associa\u00e7\u00e3o sublinha que o sistema REPC permite comunica\u00e7\u00e3o entre freguesias, com o servi\u00e7o municipal de prote\u00e7\u00e3o civil e com os comandos da Autoridade Nacional de Emerg\u00eancia e Prote\u00e7\u00e3o Civil. Isto, diz, facilita a coordena\u00e7\u00e3o durante cat\u00e1strofes sem depender de operadores privados.<\/p>\n<h3>Ponto de vista da APROSOC<\/h3>\n<p>Jo\u00e3o Paulo Saraiva, presidente da APROSOC, afirma que a capital j\u00e1 usa uma rede municipal de radiocomunica\u00e7\u00f5es que liga freguesias ao servi\u00e7o municipal. Alega que, sem essa rede, seria necess\u00e1rio recorrer ao espa\u00e7o para comunica\u00e7\u00e3o entre freguesias distantes de dezenas de quil\u00f3metros.<\/p>\n<p>A associa\u00e7\u00e3o critica a ideia de que a comunica\u00e7\u00e3o entre freguesias dependa de solu\u00e7\u00f5es com tecnologia espacial. Constr\u00f3i ainda que o modelo atual da REPC j\u00e1 foi aplicado em muitos munic\u00edpios, mas acabou descontinuado por press\u00f5es associadas ao SIRESP.<\/p>\n<p>O Governo confirmou planos para dotar todas as freguesias com gerador, telefone SIRESP e liga\u00e7\u00f5es sat\u00e9lite com dados Starlink, num programa de investimento c\u00e9lere para fazer face a cat\u00e1strofes. A medida foi anunciada num documento do Conselho de Ministros divulgado na sexta-feira.<\/p>\n","protected":false},"excerpt":{"rendered":"<ul>\n<li>A Associa\u00e7\u00e3o de Prote\u00e7\u00e3o Civil (APROSOC) critica a prioridade dada \u00e0 distribui\u00e7\u00e3o de terminais Starlink \u00e0s freguesias, defendendo investimento em r\u00e1dios da Rede Estrat\u00e9gica de Prote\u00e7\u00e3o Civil (REPC) para melhorar a coordena\u00e7\u00e3o local.<\/li>\n<li>A APROSOC diz que o governo n\u00e3o replica o exemplo de Lisboa, que tem rede municipal de radiocomunica\u00e7\u00f5es que liga freguesias ao servi\u00e7o municipal de prote\u00e7\u00e3o civil.<\/li>\n<li>Acrescenta que, para comunicar entre freguesias, muitas vezes basta comunica\u00e7\u00e3o direta a dezenas de quil\u00f3metros, sem recorrer a operadores privados ou ao espa\u00e7o.<\/li>\n<li>A associa\u00e7\u00e3o critica que o investimento em Starlink \u00e9 visto como ruinoso e associa-o a quest\u00f5es do SIRESP e a interesses instalados que empurrariam os territ\u00f3rios para fora dessa solu\u00e7\u00e3o.<\/li>\n<li>O Governo prev\u00ea dotar todas as freguesias com gerador, telefone SIRESP e liga\u00e7\u00f5es sat\u00e9lite com Starlink, num programa de investimento c\u00e9lere para enfrentar cat\u00e1strofes.<\/li>\n<\/ul>\n","protected":false},"author":2,"featured_media":220400,"comment_status":"closed","ping_status":"closed","sticky":false,"template":"","format":"standard","meta":{"footnotes":""},"categories":[1],"tags":[2607,5928,3424,320,5399,5432],"class_list":["post-220395","post","type-post","status-publish","format-standard","has-post-thumbnail","hentry","category-noticias","tag-comunicacao","tag-emergencia","tag-freguesias","tag-protecao-civil","tag-radiocomunicacoes","tag-siresp"],"yoast_head":"<!-- This site is optimized with the Yoast SEO plugin v27.2 - https:\/\/yoast.com\/product\/yoast-seo-wordpress\/ -->\n<title>Associa\u00e7\u00e3o defende r\u00e1dios da Prote\u00e7\u00e3o Civil nas freguesias em vez de Starlink - Portal Tela Portugal<\/title>\n<meta name=\"robots\" content=\"index, follow, max-snippet:-1, max-image-preview:large, max-video-preview:-1\" \/>\n<meta property=\"og:locale\" content=\"pt_PT\" \/>\n<meta property=\"og:type\" content=\"article\" \/>\n<meta property=\"og:title\" content=\"Associa\u00e7\u00e3o defende r\u00e1dios da Prote\u00e7\u00e3o Civil nas freguesias em vez de Starlink - Portal Tela Portugal\" \/>\n<meta property=\"og:description\" content=\"A Associa\u00e7\u00e3o de Prote\u00e7\u00e3o Civil (APROSOC) critica a prioridade dada \u00e0 distribui\u00e7\u00e3o de terminais Starlink \u00e0s freguesias, defendendo investimento em r\u00e1dios da Rede Estrat\u00e9gica de Prote\u00e7\u00e3o Civil (REPC) para melhorar a coordena\u00e7\u00e3o local. A APROSOC diz que o governo n\u00e3o replica o exemplo de Lisboa, que tem rede municipal de radiocomunica\u00e7\u00f5es que liga freguesias ao servi\u00e7o municipal de prote\u00e7\u00e3o civil. Acrescenta que, para comunicar entre freguesias, muitas vezes basta comunica\u00e7\u00e3o direta a dezenas de quil\u00f3metros, sem recorrer a operadores privados ou ao espa\u00e7o. A associa\u00e7\u00e3o critica que o investimento em Starlink \u00e9 visto como ruinoso e associa-o a quest\u00f5es do SIRESP e a interesses instalados que empurrariam os territ\u00f3rios para fora dessa solu\u00e7\u00e3o. O Governo prev\u00ea dotar todas as freguesias com gerador, telefone SIRESP e liga\u00e7\u00f5es sat\u00e9lite com Starlink, num programa de investimento c\u00e9lere para enfrentar cat\u00e1strofes.\" \/>\n<meta property=\"og:url\" content=\"https:\/\/portaltela.pt\/noticias\/2026\/02\/21\/associacao-defende-radios-da-protecao-civil-nas-freguesias-em-vez-de-starlink\/\" \/>\n<meta property=\"og:site_name\" content=\"Portal Tela Portugal\" \/>\n<meta property=\"article:published_time\" content=\"2026-02-21T10:10:55+00:00\" \/>\n<meta name=\"author\" content=\"Telinha\" \/>\n<meta name=\"twitter:card\" content=\"summary_large_image\" \/>\n<meta name=\"twitter:label1\" content=\"Escrito por\" \/>\n\t<meta name=\"twitter:data1\" content=\"Telinha\" \/>\n\t<meta name=\"twitter:label2\" content=\"Tempo estimado de leitura\" \/>\n\t<meta name=\"twitter:data2\" content=\"2 minutos\" \/>\n<script type=\"application\/ld+json\" class=\"yoast-schema-graph\">{\"@context\":\"https:\/\/schema.org\",\"@graph\":[{\"@type\":\"Article\",\"@id\":\"https:\/\/portaltela.pt\/noticias\/2026\/02\/21\/associacao-defende-radios-da-protecao-civil-nas-freguesias-em-vez-de-starlink\/#article\",\"isPartOf\":{\"@id\":\"https:\/\/portaltela.pt\/noticias\/2026\/02\/21\/associacao-defende-radios-da-protecao-civil-nas-freguesias-em-vez-de-starlink\/\"},\"author\":{\"name\":\"Telinha\",\"@id\":\"https:\/\/portaltela.pt\/#\/schema\/person\/c4278d4a6028830caff9ee44b42d32ed\"},\"headline\":\"Associa\u00e7\u00e3o defende r\u00e1dios da Prote\u00e7\u00e3o Civil nas freguesias em vez de Starlink\",\"datePublished\":\"2026-02-21T10:10:55+00:00\",\"mainEntityOfPage\":{\"@id\":\"https:\/\/portaltela.pt\/noticias\/2026\/02\/21\/associacao-defende-radios-da-protecao-civil-nas-freguesias-em-vez-de-starlink\/\"},\"wordCount\":322,\"image\":{\"@id\":\"https:\/\/portaltela.pt\/noticias\/2026\/02\/21\/associacao-defende-radios-da-protecao-civil-nas-freguesias-em-vez-de-starlink\/#primaryimage\"},\"thumbnailUrl\":\"https:\/\/portaltela.pt\/s.01k8rhncp4jt1\/2026\/02\/img_1500x1000uu2026-02-11-15-28-17-2266282-4.jpg\",\"keywords\":[\"comunica\u00e7\u00e3o\",\"emerg\u00eancia\",\"freguesias\",\"prote\u00e7\u00e3o civil\",\"radiocomunica\u00e7\u00f5es\",\"SIRESP\"],\"articleSection\":[\"Not\u00edcias\"],\"inLanguage\":\"pt-PT\"},{\"@type\":\"WebPage\",\"@id\":\"https:\/\/portaltela.pt\/noticias\/2026\/02\/21\/associacao-defende-radios-da-protecao-civil-nas-freguesias-em-vez-de-starlink\/\",\"url\":\"https:\/\/portaltela.pt\/noticias\/2026\/02\/21\/associacao-defende-radios-da-protecao-civil-nas-freguesias-em-vez-de-starlink\/\",\"name\":\"Associa\u00e7\u00e3o defende r\u00e1dios da Prote\u00e7\u00e3o Civil nas freguesias em vez de Starlink - Portal Tela Portugal\",\"isPartOf\":{\"@id\":\"https:\/\/portaltela.pt\/#website\"},\"primaryImageOfPage\":{\"@id\":\"https:\/\/portaltela.pt\/noticias\/2026\/02\/21\/associacao-defende-radios-da-protecao-civil-nas-freguesias-em-vez-de-starlink\/#primaryimage\"},\"image\":{\"@id\":\"https:\/\/portaltela.pt\/noticias\/2026\/02\/21\/associacao-defende-radios-da-protecao-civil-nas-freguesias-em-vez-de-starlink\/#primaryimage\"},\"thumbnailUrl\":\"https:\/\/portaltela.pt\/s.01k8rhncp4jt1\/2026\/02\/img_1500x1000uu2026-02-11-15-28-17-2266282-4.jpg\",\"datePublished\":\"2026-02-21T10:10:55+00:00\",\"author\":{\"@id\":\"https:\/\/portaltela.pt\/#\/schema\/person\/c4278d4a6028830caff9ee44b42d32ed\"},\"breadcrumb\":{\"@id\":\"https:\/\/portaltela.pt\/noticias\/2026\/02\/21\/associacao-defende-radios-da-protecao-civil-nas-freguesias-em-vez-de-starlink\/#breadcrumb\"},\"inLanguage\":\"pt-PT\",\"potentialAction\":[{\"@type\":\"ReadAction\",\"target\":[\"https:\/\/portaltela.pt\/noticias\/2026\/02\/21\/associacao-defende-radios-da-protecao-civil-nas-freguesias-em-vez-de-starlink\/\"]}]},{\"@type\":\"ImageObject\",\"inLanguage\":\"pt-PT\",\"@id\":\"https:\/\/portaltela.pt\/noticias\/2026\/02\/21\/associacao-defende-radios-da-protecao-civil-nas-freguesias-em-vez-de-starlink\/#primaryimage\",\"url\":\"https:\/\/portaltela.pt\/s.01k8rhncp4jt1\/2026\/02\/img_1500x1000uu2026-02-11-15-28-17-2266282-4.jpg\",\"contentUrl\":\"https:\/\/portaltela.pt\/s.01k8rhncp4jt1\/2026\/02\/img_1500x1000uu2026-02-11-15-28-17-2266282-4.jpg\",\"width\":796,\"height\":448,\"caption\":\"Prote\u00e7\u00e3o Civil\"},{\"@type\":\"BreadcrumbList\",\"@id\":\"https:\/\/portaltela.pt\/noticias\/2026\/02\/21\/associacao-defende-radios-da-protecao-civil-nas-freguesias-em-vez-de-starlink\/#breadcrumb\",\"itemListElement\":[{\"@type\":\"ListItem\",\"position\":1,\"name\":\"In\u00edcio\",\"item\":\"https:\/\/portaltela.pt\/\"},{\"@type\":\"ListItem\",\"position\":2,\"name\":\"Associa\u00e7\u00e3o defende r\u00e1dios da Prote\u00e7\u00e3o Civil nas freguesias em vez de Starlink\"}]},{\"@type\":\"WebSite\",\"@id\":\"https:\/\/portaltela.pt\/#website\",\"url\":\"https:\/\/portaltela.pt\/\",\"name\":\"Portal Tela Portugal\",\"description\":\"\",\"potentialAction\":[{\"@type\":\"SearchAction\",\"target\":{\"@type\":\"EntryPoint\",\"urlTemplate\":\"https:\/\/portaltela.pt\/?s={search_term_string}\"},\"query-input\":{\"@type\":\"PropertyValueSpecification\",\"valueRequired\":true,\"valueName\":\"search_term_string\"}}],\"inLanguage\":\"pt-PT\"},{\"@type\":\"Person\",\"@id\":\"https:\/\/portaltela.pt\/#\/schema\/person\/c4278d4a6028830caff9ee44b42d32ed\",\"name\":\"Telinha\",\"image\":{\"@type\":\"ImageObject\",\"inLanguage\":\"pt-PT\",\"@id\":\"https:\/\/portaltela.pt\/s.01k8rhncp4jt1\/2025\/11\/talking-bot-125x125.png\",\"url\":\"https:\/\/portaltela.pt\/s.01k8rhncp4jt1\/2025\/11\/talking-bot-125x125.png\",\"contentUrl\":\"https:\/\/portaltela.pt\/s.01k8rhncp4jt1\/2025\/11\/talking-bot-125x125.png\",\"caption\":\"Telinha\"},\"sameAs\":[\"https:\/\/portaltela.pt\/\"],\"url\":\"https:\/\/portaltela.pt\/por\/367410592786\/\"}]}<\/script>\n<!-- \/ Yoast SEO plugin. -->","yoast_head_json":{"title":"Associa\u00e7\u00e3o defende r\u00e1dios da Prote\u00e7\u00e3o Civil nas freguesias em vez de Starlink - Portal Tela Portugal","robots":{"index":"index","follow":"follow","max-snippet":"max-snippet:-1","max-image-preview":"max-image-preview:large","max-video-preview":"max-video-preview:-1"},"og_locale":"pt_PT","og_type":"article","og_title":"Associa\u00e7\u00e3o defende r\u00e1dios da Prote\u00e7\u00e3o Civil nas freguesias em vez de Starlink - Portal Tela Portugal","og_description":"A Associa\u00e7\u00e3o de Prote\u00e7\u00e3o Civil (APROSOC) critica a prioridade dada \u00e0 distribui\u00e7\u00e3o de terminais Starlink \u00e0s freguesias, defendendo investimento em r\u00e1dios da Rede Estrat\u00e9gica de Prote\u00e7\u00e3o Civil (REPC) para melhorar a coordena\u00e7\u00e3o local. A APROSOC diz que o governo n\u00e3o replica o exemplo de Lisboa, que tem rede municipal de radiocomunica\u00e7\u00f5es que liga freguesias ao servi\u00e7o municipal de prote\u00e7\u00e3o civil. Acrescenta que, para comunicar entre freguesias, muitas vezes basta comunica\u00e7\u00e3o direta a dezenas de quil\u00f3metros, sem recorrer a operadores privados ou ao espa\u00e7o. A associa\u00e7\u00e3o critica que o investimento em Starlink \u00e9 visto como ruinoso e associa-o a quest\u00f5es do SIRESP e a interesses instalados que empurrariam os territ\u00f3rios para fora dessa solu\u00e7\u00e3o. O Governo prev\u00ea dotar todas as freguesias com gerador, telefone SIRESP e liga\u00e7\u00f5es sat\u00e9lite com Starlink, num programa de investimento c\u00e9lere para enfrentar cat\u00e1strofes.","og_url":"https:\/\/portaltela.pt\/noticias\/2026\/02\/21\/associacao-defende-radios-da-protecao-civil-nas-freguesias-em-vez-de-starlink\/","og_site_name":"Portal Tela Portugal","article_published_time":"2026-02-21T10:10:55+00:00","author":"Telinha","twitter_card":"summary_large_image","twitter_misc":{"Escrito por":"Telinha","Tempo estimado de leitura":"2 minutos"},"schema":{"@context":"https:\/\/schema.org","@graph":[{"@type":"Article","@id":"https:\/\/portaltela.pt\/noticias\/2026\/02\/21\/associacao-defende-radios-da-protecao-civil-nas-freguesias-em-vez-de-starlink\/#article","isPartOf":{"@id":"https:\/\/portaltela.pt\/noticias\/2026\/02\/21\/associacao-defende-radios-da-protecao-civil-nas-freguesias-em-vez-de-starlink\/"},"author":{"name":"Telinha","@id":"https:\/\/portaltela.pt\/#\/schema\/person\/c4278d4a6028830caff9ee44b42d32ed"},"headline":"Associa\u00e7\u00e3o defende r\u00e1dios da Prote\u00e7\u00e3o Civil nas freguesias em vez de Starlink","datePublished":"2026-02-21T10:10:55+00:00","mainEntityOfPage":{"@id":"https:\/\/portaltela.pt\/noticias\/2026\/02\/21\/associacao-defende-radios-da-protecao-civil-nas-freguesias-em-vez-de-starlink\/"},"wordCount":322,"image":{"@id":"https:\/\/portaltela.pt\/noticias\/2026\/02\/21\/associacao-defende-radios-da-protecao-civil-nas-freguesias-em-vez-de-starlink\/#primaryimage"},"thumbnailUrl":"https:\/\/portaltela.pt\/s.01k8rhncp4jt1\/2026\/02\/img_1500x1000uu2026-02-11-15-28-17-2266282-4.jpg","keywords":["comunica\u00e7\u00e3o","emerg\u00eancia","freguesias","prote\u00e7\u00e3o civil","radiocomunica\u00e7\u00f5es","SIRESP"],"articleSection":["Not\u00edcias"],"inLanguage":"pt-PT"},{"@type":"WebPage","@id":"https:\/\/portaltela.pt\/noticias\/2026\/02\/21\/associacao-defende-radios-da-protecao-civil-nas-freguesias-em-vez-de-starlink\/","url":"https:\/\/portaltela.pt\/noticias\/2026\/02\/21\/associacao-defende-radios-da-protecao-civil-nas-freguesias-em-vez-de-starlink\/","name":"Associa\u00e7\u00e3o defende r\u00e1dios da Prote\u00e7\u00e3o Civil nas freguesias em vez de Starlink - Portal Tela Portugal","isPartOf":{"@id":"https:\/\/portaltela.pt\/#website"},"primaryImageOfPage":{"@id":"https:\/\/portaltela.pt\/noticias\/2026\/02\/21\/associacao-defende-radios-da-protecao-civil-nas-freguesias-em-vez-de-starlink\/#primaryimage"},"image":{"@id":"https:\/\/portaltela.pt\/noticias\/2026\/02\/21\/associacao-defende-radios-da-protecao-civil-nas-freguesias-em-vez-de-starlink\/#primaryimage"},"thumbnailUrl":"https:\/\/portaltela.pt\/s.01k8rhncp4jt1\/2026\/02\/img_1500x1000uu2026-02-11-15-28-17-2266282-4.jpg","datePublished":"2026-02-21T10:10:55+00:00","author":{"@id":"https:\/\/portaltela.pt\/#\/schema\/person\/c4278d4a6028830caff9ee44b42d32ed"},"breadcrumb":{"@id":"https:\/\/portaltela.pt\/noticias\/2026\/02\/21\/associacao-defende-radios-da-protecao-civil-nas-freguesias-em-vez-de-starlink\/#breadcrumb"},"inLanguage":"pt-PT","potentialAction":[{"@type":"ReadAction","target":["https:\/\/portaltela.pt\/noticias\/2026\/02\/21\/associacao-defende-radios-da-protecao-civil-nas-freguesias-em-vez-de-starlink\/"]}]},{"@type":"ImageObject","inLanguage":"pt-PT","@id":"https:\/\/portaltela.pt\/noticias\/2026\/02\/21\/associacao-defende-radios-da-protecao-civil-nas-freguesias-em-vez-de-starlink\/#primaryimage","url":"https:\/\/portaltela.pt\/s.01k8rhncp4jt1\/2026\/02\/img_1500x1000uu2026-02-11-15-28-17-2266282-4.jpg","contentUrl":"https:\/\/portaltela.pt\/s.01k8rhncp4jt1\/2026\/02\/img_1500x1000uu2026-02-11-15-28-17-2266282-4.jpg","width":796,"height":448,"caption":"Prote\u00e7\u00e3o Civil"},{"@type":"BreadcrumbList","@id":"https:\/\/portaltela.pt\/noticias\/2026\/02\/21\/associacao-defende-radios-da-protecao-civil-nas-freguesias-em-vez-de-starlink\/#breadcrumb","itemListElement":[{"@type":"ListItem","position":1,"name":"In\u00edcio","item":"https:\/\/portaltela.pt\/"},{"@type":"ListItem","position":2,"name":"Associa\u00e7\u00e3o defende r\u00e1dios da Prote\u00e7\u00e3o Civil nas freguesias em vez de Starlink"}]},{"@type":"WebSite","@id":"https:\/\/portaltela.pt\/#website","url":"https:\/\/portaltela.pt\/","name":"Portal Tela Portugal","description":"","potentialAction":[{"@type":"SearchAction","target":{"@type":"EntryPoint","urlTemplate":"https:\/\/portaltela.pt\/?s={search_term_string}"},"query-input":{"@type":"PropertyValueSpecification","valueRequired":true,"valueName":"search_term_string"}}],"inLanguage":"pt-PT"},{"@type":"Person","@id":"https:\/\/portaltela.pt\/#\/schema\/person\/c4278d4a6028830caff9ee44b42d32ed","name":"Telinha","image":{"@type":"ImageObject","inLanguage":"pt-PT","@id":"https:\/\/portaltela.pt\/s.01k8rhncp4jt1\/2025\/11\/talking-bot-125x125.png","url":"https:\/\/portaltela.pt\/s.01k8rhncp4jt1\/2025\/11\/talking-bot-125x125.png","contentUrl":"https:\/\/portaltela.pt\/s.01k8rhncp4jt1\/2025\/11\/talking-bot-125x125.png","caption":"Telinha"},"sameAs":["https:\/\/portaltela.pt\/"],"url":"https:\/\/portaltela.pt\/por\/367410592786\/"}]}},"_links":{"self":[{"href":"https:\/\/portaltela.pt\/api\/wp\/v2\/posts\/220395","targetHints":{"allow":["GET"]}}],"collection":[{"href":"https:\/\/portaltela.pt\/api\/wp\/v2\/posts"}],"about":[{"href":"https:\/\/portaltela.pt\/api\/wp\/v2\/types\/post"}],"author":[{"embeddable":true,"href":"https:\/\/portaltela.pt\/api\/wp\/v2\/users\/2"}],"replies":[{"embeddable":true,"href":"https:\/\/portaltela.pt\/api\/wp\/v2\/comments?post=220395"}],"version-history":[{"count":0,"href":"https:\/\/portaltela.pt\/api\/wp\/v2\/posts\/220395\/revisions"}],"wp:featuredmedia":[{"embeddable":true,"href":"https:\/\/portaltela.pt\/api\/wp\/v2\/media\/220400"}],"wp:attachment":[{"href":"https:\/\/portaltela.pt\/api\/wp\/v2\/media?parent=220395"}],"wp:term":[{"taxonomy":"category","embeddable":true,"href":"https:\/\/portaltela.pt\/api\/wp\/v2\/categories?post=220395"},{"taxonomy":"post_tag","embeddable":true,"href":"https:\/\/portaltela.pt\/api\/wp\/v2\/tags?post=220395"}],"curies":[{"name":"wp","href":"https:\/\/api.w.org\/{rel}","templated":true}]}}