{"id":220341,"date":"2026-02-21T06:09:10","date_gmt":"2026-02-21T09:09:10","guid":{"rendered":"https:\/\/portaltela.pt\/noticias\/2026\/02\/21\/benfica-falhou-na-comunicacao-sobre-racismo-no-caso-prestianni-vini-jr\/"},"modified":"2026-02-21T06:09:10","modified_gmt":"2026-02-21T09:09:10","slug":"benfica-falhou-na-comunicacao-sobre-racismo-no-caso-prestianni-vini-jr","status":"publish","type":"post","link":"https:\/\/portaltela.pt\/desporto\/futebol\/2026\/02\/21\/benfica-falhou-na-comunicacao-sobre-racismo-no-caso-prestianni-vini-jr\/","title":{"rendered":"Benfica falhou na comunica\u00e7\u00e3o sobre racismo no caso Prestianni-Vini Jr."},"content":{"rendered":"<p>O Benfica est\u00e1 no centro de uma controv\u00e9rsia por uma rea\u00e7\u00e3o considerada superficial a uma acusa\u00e7\u00e3o de racismo envolvendo o jogador Gianluca Prestianni, no jogo da Liga dos Campe\u00f5es contra o Real Madrid. A den\u00fancia envolve insultos alegadamente dirigidos a Vin\u00edcius J\u00fanior durante o encontro do playoff de acesso aos oitavos de final, disputado na ter\u00e7a-feira. O \u00e1rbitro interrompeu o jogo e ativou o protocolo antirracismo, com a a\u00e7\u00e3o a retomar quase 10 minutos depois.<\/p>\n<p>A cr\u00edtica \u00e9 dirigida a uma leitura do caso que, segundo Lu\u00eds Vaz Fernandes, n\u00e3o reconhece a complexidade do tema racismo nem a import\u00e2ncia de debater o passado colonial e a negritude na sociedade portuguesa. Fernandes \u00e9 respons\u00e1vel pela comunica\u00e7\u00e3o de organiza\u00e7\u00f5es antirracistas, sediadas em Inglaterra, onde reside h\u00e1 cinco anos.<\/p>\n<p>O dirigente apontou que o Benfica assumiu publicamente a vers\u00e3o apresentada pelo jogador, o que, na vis\u00e3o dele, exp\u00f5e uma falta de sensibilidade e de entendimento dos debates sociais em Portugal. O epis\u00f3dio teve ainda desdobramentos com o processo interno aberto pelo clube contra adeptos que imitaram sons de macacos no est\u00e1dio.<\/p>\n<h3>Contexto do caso<\/h3>\n<p>Durante o encontro, Vin\u00edcius J\u00fanior marcou o \u00fanico golo do Real Madrid e foi alvo de alegados insultos racistas. O \u00e1rbitro interrompeu a partida para implementar o protocolo, retomando o jogo ap\u00f3s uma pausa de quase 10 minutos. O Benfica confirmou a abertura de um procedimento disciplinar aos adeptos envolvidos nas imita\u00e7\u00f5es.<\/p>\n<h3>Rea\u00e7\u00e3o de especialistas<\/h3>\n<p>Lu\u00eds Vaz Fernandes criticou a resposta do Benfica, comparando-a a uma vis\u00e3o superficial de racismo. O especialista sustenta que \u00e9 necess\u00e1rio reconhecer o papel de grupos marginalizados e a persist\u00eancia de discursos racistas. Em Portugal, a discuss\u00e3o envolve ainda o legado colonial e a representatividade da popula\u00e7\u00e3o negra na sociedade.<\/p>\n<h3>Desdobramentos e contexto<\/h3>\n<p>O debate sobre racismo em Portugal \u00e9 apontado como ainda em desenvolvimento, com aumento de visibilidade de pessoas negras em fun\u00e7\u00f5es qualificadas e maior presen\u00e7a medi\u00e1tica de publicidade com protagonistas negros. Fernandes recomenda uma an\u00e1lise mais profunda do passado e do presente para compreender as dificuldades de determinados grupos.<\/p>\n","protected":false},"excerpt":{"rendered":"<ul>\n<li>O Benfica foi criticado por demonstrar falta de compreens\u00e3o do racismo na rea\u00e7\u00e3o \u00e0 acusa\u00e7\u00e3o de Gianluca Prestianni no jogo da Liga dos Campe\u00f5es frente ao Real Madrid.<\/li>\n<li>Lu\u00eds Vaz Fernandes, respons\u00e1vel pela comunica\u00e7\u00e3o de organiza\u00e7\u00f5es antirracistas, disse que a posi\u00e7\u00e3o do Benfica foi superficial e n\u00e3o reflecte os debates sociais sobre racismo.<\/li>\n<li>A pol\u00e9mica envolve a alega\u00e7\u00e3o de que Prestianni dirigiu insultos racistas a Vin\u00edcius J\u00fanior, que Prestianni negou.<\/li>\n<li>O \u00e1rbitro Fran\u00e7ois Letexier interrompeu o encontro e acionou o protocolo antirracismo, com a a\u00e7\u00e3o a retomar quase 10 minutos depois.<\/li>\n<li>O clube abriu processo interno contra adeptos que imitaram sons de macacos no Est\u00e1dio da Luz; se forem s\u00f3cios, podem vir a ser expulsos.<\/li>\n<\/ul>\n","protected":false},"author":2,"featured_media":220342,"comment_status":"closed","ping_status":"closed","sticky":false,"template":"","format":"standard","meta":{"footnotes":""},"categories":[21,24],"tags":[1946,6031,1014,6032,2714,2265],"class_list":["post-220341","post","type-post","status-publish","format-standard","has-post-thumbnail","hentry","category-desporto","category-futebol","tag-benfica","tag-gianluca-prestianni","tag-portugal","tag-racismo","tag-real-madrid","tag-vinicius-junior"],"yoast_head":"<!-- This site is optimized with the Yoast SEO plugin v27.2 - https:\/\/yoast.com\/product\/yoast-seo-wordpress\/ -->\n<title>Benfica falhou na comunica\u00e7\u00e3o sobre racismo no caso Prestianni-Vini Jr. - Portal Tela Portugal<\/title>\n<meta name=\"robots\" content=\"index, follow, max-snippet:-1, max-image-preview:large, max-video-preview:-1\" \/>\n<meta property=\"og:locale\" content=\"pt_PT\" \/>\n<meta property=\"og:type\" content=\"article\" \/>\n<meta property=\"og:title\" content=\"Benfica falhou na comunica\u00e7\u00e3o sobre racismo no caso Prestianni-Vini Jr. - Portal Tela Portugal\" \/>\n<meta property=\"og:description\" content=\"O Benfica foi criticado por demonstrar falta de compreens\u00e3o do racismo na rea\u00e7\u00e3o \u00e0 acusa\u00e7\u00e3o de Gianluca Prestianni no jogo da Liga dos Campe\u00f5es frente ao Real Madrid. Lu\u00eds Vaz Fernandes, respons\u00e1vel pela comunica\u00e7\u00e3o de organiza\u00e7\u00f5es antirracistas, disse que a posi\u00e7\u00e3o do Benfica foi superficial e n\u00e3o reflecte os debates sociais sobre racismo. A pol\u00e9mica envolve a alega\u00e7\u00e3o de que Prestianni dirigiu insultos racistas a Vin\u00edcius J\u00fanior, que Prestianni negou. O \u00e1rbitro Fran\u00e7ois Letexier interrompeu o encontro e acionou o protocolo antirracismo, com a a\u00e7\u00e3o a retomar quase 10 minutos depois. O clube abriu processo interno contra adeptos que imitaram sons de macacos no Est\u00e1dio da Luz; se forem s\u00f3cios, podem vir a ser expulsos.\" \/>\n<meta property=\"og:url\" content=\"https:\/\/portaltela.pt\/noticias\/2026\/02\/21\/benfica-falhou-na-comunicacao-sobre-racismo-no-caso-prestianni-vini-jr\/\" \/>\n<meta property=\"og:site_name\" content=\"Portal Tela Portugal\" \/>\n<meta property=\"article:published_time\" content=\"2026-02-21T09:09:10+00:00\" \/>\n<meta name=\"author\" content=\"Telinha\" \/>\n<meta name=\"twitter:card\" content=\"summary_large_image\" \/>\n<meta name=\"twitter:label1\" content=\"Escrito por\" \/>\n\t<meta name=\"twitter:data1\" content=\"Telinha\" \/>\n\t<meta name=\"twitter:label2\" content=\"Tempo estimado de leitura\" \/>\n\t<meta name=\"twitter:data2\" content=\"2 minutos\" \/>\n<script type=\"application\/ld+json\" class=\"yoast-schema-graph\">{\"@context\":\"https:\/\/schema.org\",\"@graph\":[{\"@type\":\"Article\",\"@id\":\"https:\/\/portaltela.pt\/noticias\/2026\/02\/21\/benfica-falhou-na-comunicacao-sobre-racismo-no-caso-prestianni-vini-jr\/#article\",\"isPartOf\":{\"@id\":\"https:\/\/portaltela.pt\/noticias\/2026\/02\/21\/benfica-falhou-na-comunicacao-sobre-racismo-no-caso-prestianni-vini-jr\/\"},\"author\":{\"name\":\"Telinha\",\"@id\":\"https:\/\/portaltela.pt\/#\/schema\/person\/c4278d4a6028830caff9ee44b42d32ed\"},\"headline\":\"Benfica falhou na comunica\u00e7\u00e3o sobre racismo no caso Prestianni-Vini Jr.\",\"datePublished\":\"2026-02-21T09:09:10+00:00\",\"mainEntityOfPage\":{\"@id\":\"https:\/\/portaltela.pt\/noticias\/2026\/02\/21\/benfica-falhou-na-comunicacao-sobre-racismo-no-caso-prestianni-vini-jr\/\"},\"wordCount\":379,\"image\":{\"@id\":\"https:\/\/portaltela.pt\/noticias\/2026\/02\/21\/benfica-falhou-na-comunicacao-sobre-racismo-no-caso-prestianni-vini-jr\/#primaryimage\"},\"thumbnailUrl\":\"https:\/\/portaltela.pt\/s.01k8rhncp4jt1\/2026\/02\/img_1200x721uu2026-02-18-16-53-09-2422362-5.jpg\",\"keywords\":[\"Benfica\",\"Gianluca Prestianni\",\"Portugal\",\"racismo\",\"Real Madrid\",\"Vin\u00edcius J\u00fanior\"],\"articleSection\":[\"Desporto\",\"Futebol\"],\"inLanguage\":\"pt-PT\"},{\"@type\":\"WebPage\",\"@id\":\"https:\/\/portaltela.pt\/noticias\/2026\/02\/21\/benfica-falhou-na-comunicacao-sobre-racismo-no-caso-prestianni-vini-jr\/\",\"url\":\"https:\/\/portaltela.pt\/noticias\/2026\/02\/21\/benfica-falhou-na-comunicacao-sobre-racismo-no-caso-prestianni-vini-jr\/\",\"name\":\"Benfica falhou na comunica\u00e7\u00e3o sobre racismo no caso Prestianni-Vini Jr. - Portal Tela Portugal\",\"isPartOf\":{\"@id\":\"https:\/\/portaltela.pt\/#website\"},\"primaryImageOfPage\":{\"@id\":\"https:\/\/portaltela.pt\/noticias\/2026\/02\/21\/benfica-falhou-na-comunicacao-sobre-racismo-no-caso-prestianni-vini-jr\/#primaryimage\"},\"image\":{\"@id\":\"https:\/\/portaltela.pt\/noticias\/2026\/02\/21\/benfica-falhou-na-comunicacao-sobre-racismo-no-caso-prestianni-vini-jr\/#primaryimage\"},\"thumbnailUrl\":\"https:\/\/portaltela.pt\/s.01k8rhncp4jt1\/2026\/02\/img_1200x721uu2026-02-18-16-53-09-2422362-5.jpg\",\"datePublished\":\"2026-02-21T09:09:10+00:00\",\"author\":{\"@id\":\"https:\/\/portaltela.pt\/#\/schema\/person\/c4278d4a6028830caff9ee44b42d32ed\"},\"breadcrumb\":{\"@id\":\"https:\/\/portaltela.pt\/noticias\/2026\/02\/21\/benfica-falhou-na-comunicacao-sobre-racismo-no-caso-prestianni-vini-jr\/#breadcrumb\"},\"inLanguage\":\"pt-PT\",\"potentialAction\":[{\"@type\":\"ReadAction\",\"target\":[\"https:\/\/portaltela.pt\/noticias\/2026\/02\/21\/benfica-falhou-na-comunicacao-sobre-racismo-no-caso-prestianni-vini-jr\/\"]}]},{\"@type\":\"ImageObject\",\"inLanguage\":\"pt-PT\",\"@id\":\"https:\/\/portaltela.pt\/noticias\/2026\/02\/21\/benfica-falhou-na-comunicacao-sobre-racismo-no-caso-prestianni-vini-jr\/#primaryimage\",\"url\":\"https:\/\/portaltela.pt\/s.01k8rhncp4jt1\/2026\/02\/img_1200x721uu2026-02-18-16-53-09-2422362-5.jpg\",\"contentUrl\":\"https:\/\/portaltela.pt\/s.01k8rhncp4jt1\/2026\/02\/img_1200x721uu2026-02-18-16-53-09-2422362-5.jpg\",\"width\":796,\"height\":448,\"caption\":\"Benfica mostrou \\\"falta de compreens\u00e3o\\\" na comunica\u00e7\u00e3o sobre racismo no caso Prestianni-Vini Jr.\"},{\"@type\":\"BreadcrumbList\",\"@id\":\"https:\/\/portaltela.pt\/noticias\/2026\/02\/21\/benfica-falhou-na-comunicacao-sobre-racismo-no-caso-prestianni-vini-jr\/#breadcrumb\",\"itemListElement\":[{\"@type\":\"ListItem\",\"position\":1,\"name\":\"In\u00edcio\",\"item\":\"https:\/\/portaltela.pt\/\"},{\"@type\":\"ListItem\",\"position\":2,\"name\":\"Benfica falhou na comunica\u00e7\u00e3o sobre racismo no caso Prestianni-Vini Jr.\"}]},{\"@type\":\"WebSite\",\"@id\":\"https:\/\/portaltela.pt\/#website\",\"url\":\"https:\/\/portaltela.pt\/\",\"name\":\"Portal Tela Portugal\",\"description\":\"\",\"potentialAction\":[{\"@type\":\"SearchAction\",\"target\":{\"@type\":\"EntryPoint\",\"urlTemplate\":\"https:\/\/portaltela.pt\/?s={search_term_string}\"},\"query-input\":{\"@type\":\"PropertyValueSpecification\",\"valueRequired\":true,\"valueName\":\"search_term_string\"}}],\"inLanguage\":\"pt-PT\"},{\"@type\":\"Person\",\"@id\":\"https:\/\/portaltela.pt\/#\/schema\/person\/c4278d4a6028830caff9ee44b42d32ed\",\"name\":\"Telinha\",\"image\":{\"@type\":\"ImageObject\",\"inLanguage\":\"pt-PT\",\"@id\":\"https:\/\/portaltela.pt\/s.01k8rhncp4jt1\/2025\/11\/talking-bot-125x125.png\",\"url\":\"https:\/\/portaltela.pt\/s.01k8rhncp4jt1\/2025\/11\/talking-bot-125x125.png\",\"contentUrl\":\"https:\/\/portaltela.pt\/s.01k8rhncp4jt1\/2025\/11\/talking-bot-125x125.png\",\"caption\":\"Telinha\"},\"sameAs\":[\"https:\/\/portaltela.pt\/\"],\"url\":\"https:\/\/portaltela.pt\/por\/367410592786\/\"}]}<\/script>\n<!-- \/ Yoast SEO plugin. -->","yoast_head_json":{"title":"Benfica falhou na comunica\u00e7\u00e3o sobre racismo no caso Prestianni-Vini Jr. - Portal Tela Portugal","robots":{"index":"index","follow":"follow","max-snippet":"max-snippet:-1","max-image-preview":"max-image-preview:large","max-video-preview":"max-video-preview:-1"},"og_locale":"pt_PT","og_type":"article","og_title":"Benfica falhou na comunica\u00e7\u00e3o sobre racismo no caso Prestianni-Vini Jr. - Portal Tela Portugal","og_description":"O Benfica foi criticado por demonstrar falta de compreens\u00e3o do racismo na rea\u00e7\u00e3o \u00e0 acusa\u00e7\u00e3o de Gianluca Prestianni no jogo da Liga dos Campe\u00f5es frente ao Real Madrid. Lu\u00eds Vaz Fernandes, respons\u00e1vel pela comunica\u00e7\u00e3o de organiza\u00e7\u00f5es antirracistas, disse que a posi\u00e7\u00e3o do Benfica foi superficial e n\u00e3o reflecte os debates sociais sobre racismo. A pol\u00e9mica envolve a alega\u00e7\u00e3o de que Prestianni dirigiu insultos racistas a Vin\u00edcius J\u00fanior, que Prestianni negou. O \u00e1rbitro Fran\u00e7ois Letexier interrompeu o encontro e acionou o protocolo antirracismo, com a a\u00e7\u00e3o a retomar quase 10 minutos depois. O clube abriu processo interno contra adeptos que imitaram sons de macacos no Est\u00e1dio da Luz; se forem s\u00f3cios, podem vir a ser expulsos.","og_url":"https:\/\/portaltela.pt\/noticias\/2026\/02\/21\/benfica-falhou-na-comunicacao-sobre-racismo-no-caso-prestianni-vini-jr\/","og_site_name":"Portal Tela Portugal","article_published_time":"2026-02-21T09:09:10+00:00","author":"Telinha","twitter_card":"summary_large_image","twitter_misc":{"Escrito por":"Telinha","Tempo estimado de leitura":"2 minutos"},"schema":{"@context":"https:\/\/schema.org","@graph":[{"@type":"Article","@id":"https:\/\/portaltela.pt\/noticias\/2026\/02\/21\/benfica-falhou-na-comunicacao-sobre-racismo-no-caso-prestianni-vini-jr\/#article","isPartOf":{"@id":"https:\/\/portaltela.pt\/noticias\/2026\/02\/21\/benfica-falhou-na-comunicacao-sobre-racismo-no-caso-prestianni-vini-jr\/"},"author":{"name":"Telinha","@id":"https:\/\/portaltela.pt\/#\/schema\/person\/c4278d4a6028830caff9ee44b42d32ed"},"headline":"Benfica falhou na comunica\u00e7\u00e3o sobre racismo no caso Prestianni-Vini Jr.","datePublished":"2026-02-21T09:09:10+00:00","mainEntityOfPage":{"@id":"https:\/\/portaltela.pt\/noticias\/2026\/02\/21\/benfica-falhou-na-comunicacao-sobre-racismo-no-caso-prestianni-vini-jr\/"},"wordCount":379,"image":{"@id":"https:\/\/portaltela.pt\/noticias\/2026\/02\/21\/benfica-falhou-na-comunicacao-sobre-racismo-no-caso-prestianni-vini-jr\/#primaryimage"},"thumbnailUrl":"https:\/\/portaltela.pt\/s.01k8rhncp4jt1\/2026\/02\/img_1200x721uu2026-02-18-16-53-09-2422362-5.jpg","keywords":["Benfica","Gianluca Prestianni","Portugal","racismo","Real Madrid","Vin\u00edcius J\u00fanior"],"articleSection":["Desporto","Futebol"],"inLanguage":"pt-PT"},{"@type":"WebPage","@id":"https:\/\/portaltela.pt\/noticias\/2026\/02\/21\/benfica-falhou-na-comunicacao-sobre-racismo-no-caso-prestianni-vini-jr\/","url":"https:\/\/portaltela.pt\/noticias\/2026\/02\/21\/benfica-falhou-na-comunicacao-sobre-racismo-no-caso-prestianni-vini-jr\/","name":"Benfica falhou na comunica\u00e7\u00e3o sobre racismo no caso Prestianni-Vini Jr. - Portal Tela Portugal","isPartOf":{"@id":"https:\/\/portaltela.pt\/#website"},"primaryImageOfPage":{"@id":"https:\/\/portaltela.pt\/noticias\/2026\/02\/21\/benfica-falhou-na-comunicacao-sobre-racismo-no-caso-prestianni-vini-jr\/#primaryimage"},"image":{"@id":"https:\/\/portaltela.pt\/noticias\/2026\/02\/21\/benfica-falhou-na-comunicacao-sobre-racismo-no-caso-prestianni-vini-jr\/#primaryimage"},"thumbnailUrl":"https:\/\/portaltela.pt\/s.01k8rhncp4jt1\/2026\/02\/img_1200x721uu2026-02-18-16-53-09-2422362-5.jpg","datePublished":"2026-02-21T09:09:10+00:00","author":{"@id":"https:\/\/portaltela.pt\/#\/schema\/person\/c4278d4a6028830caff9ee44b42d32ed"},"breadcrumb":{"@id":"https:\/\/portaltela.pt\/noticias\/2026\/02\/21\/benfica-falhou-na-comunicacao-sobre-racismo-no-caso-prestianni-vini-jr\/#breadcrumb"},"inLanguage":"pt-PT","potentialAction":[{"@type":"ReadAction","target":["https:\/\/portaltela.pt\/noticias\/2026\/02\/21\/benfica-falhou-na-comunicacao-sobre-racismo-no-caso-prestianni-vini-jr\/"]}]},{"@type":"ImageObject","inLanguage":"pt-PT","@id":"https:\/\/portaltela.pt\/noticias\/2026\/02\/21\/benfica-falhou-na-comunicacao-sobre-racismo-no-caso-prestianni-vini-jr\/#primaryimage","url":"https:\/\/portaltela.pt\/s.01k8rhncp4jt1\/2026\/02\/img_1200x721uu2026-02-18-16-53-09-2422362-5.jpg","contentUrl":"https:\/\/portaltela.pt\/s.01k8rhncp4jt1\/2026\/02\/img_1200x721uu2026-02-18-16-53-09-2422362-5.jpg","width":796,"height":448,"caption":"Benfica mostrou \"falta de compreens\u00e3o\" na comunica\u00e7\u00e3o sobre racismo no caso Prestianni-Vini Jr."},{"@type":"BreadcrumbList","@id":"https:\/\/portaltela.pt\/noticias\/2026\/02\/21\/benfica-falhou-na-comunicacao-sobre-racismo-no-caso-prestianni-vini-jr\/#breadcrumb","itemListElement":[{"@type":"ListItem","position":1,"name":"In\u00edcio","item":"https:\/\/portaltela.pt\/"},{"@type":"ListItem","position":2,"name":"Benfica falhou na comunica\u00e7\u00e3o sobre racismo no caso Prestianni-Vini Jr."}]},{"@type":"WebSite","@id":"https:\/\/portaltela.pt\/#website","url":"https:\/\/portaltela.pt\/","name":"Portal Tela Portugal","description":"","potentialAction":[{"@type":"SearchAction","target":{"@type":"EntryPoint","urlTemplate":"https:\/\/portaltela.pt\/?s={search_term_string}"},"query-input":{"@type":"PropertyValueSpecification","valueRequired":true,"valueName":"search_term_string"}}],"inLanguage":"pt-PT"},{"@type":"Person","@id":"https:\/\/portaltela.pt\/#\/schema\/person\/c4278d4a6028830caff9ee44b42d32ed","name":"Telinha","image":{"@type":"ImageObject","inLanguage":"pt-PT","@id":"https:\/\/portaltela.pt\/s.01k8rhncp4jt1\/2025\/11\/talking-bot-125x125.png","url":"https:\/\/portaltela.pt\/s.01k8rhncp4jt1\/2025\/11\/talking-bot-125x125.png","contentUrl":"https:\/\/portaltela.pt\/s.01k8rhncp4jt1\/2025\/11\/talking-bot-125x125.png","caption":"Telinha"},"sameAs":["https:\/\/portaltela.pt\/"],"url":"https:\/\/portaltela.pt\/por\/367410592786\/"}]}},"_links":{"self":[{"href":"https:\/\/portaltela.pt\/api\/wp\/v2\/posts\/220341","targetHints":{"allow":["GET"]}}],"collection":[{"href":"https:\/\/portaltela.pt\/api\/wp\/v2\/posts"}],"about":[{"href":"https:\/\/portaltela.pt\/api\/wp\/v2\/types\/post"}],"author":[{"embeddable":true,"href":"https:\/\/portaltela.pt\/api\/wp\/v2\/users\/2"}],"replies":[{"embeddable":true,"href":"https:\/\/portaltela.pt\/api\/wp\/v2\/comments?post=220341"}],"version-history":[{"count":0,"href":"https:\/\/portaltela.pt\/api\/wp\/v2\/posts\/220341\/revisions"}],"wp:featuredmedia":[{"embeddable":true,"href":"https:\/\/portaltela.pt\/api\/wp\/v2\/media\/220342"}],"wp:attachment":[{"href":"https:\/\/portaltela.pt\/api\/wp\/v2\/media?parent=220341"}],"wp:term":[{"taxonomy":"category","embeddable":true,"href":"https:\/\/portaltela.pt\/api\/wp\/v2\/categories?post=220341"},{"taxonomy":"post_tag","embeddable":true,"href":"https:\/\/portaltela.pt\/api\/wp\/v2\/tags?post=220341"}],"curies":[{"name":"wp","href":"https:\/\/api.w.org\/{rel}","templated":true}]}}