{"id":220298,"date":"2026-02-21T05:29:41","date_gmt":"2026-02-21T08:29:41","guid":{"rendered":"https:\/\/portaltela.pt\/noticias\/2026\/02\/21\/fernando-mendes-afirma-que-espera-provar-que-prestianni-nao-participou-em-nada\/"},"modified":"2026-02-21T05:29:41","modified_gmt":"2026-02-21T08:29:41","slug":"fernando-mendes-afirma-que-espera-provar-que-prestianni-nao-participou-em-nada","status":"publish","type":"post","link":"https:\/\/portaltela.pt\/desporto\/futebol\/2026\/02\/21\/fernando-mendes-afirma-que-espera-provar-que-prestianni-nao-participou-em-nada\/","title":{"rendered":"Fernando Mendes afirma que espera provar que Prestianni n\u00e3o participou em nada"},"content":{"rendered":"<p>O comentador da CMTV Fernando Mendes afirmou que espera que seja poss\u00edvel demonstrar que o jogador Prestianni n\u00e3o esteve envolvido no alegado caso de racismo relacionado com Vin\u00edcius J\u00fanior. A declara\u00e7\u00e3o surge no contexto da cobertura televisiva do tema, que tem gerado debate p\u00fablico.<\/p>\n<p>O caso envolve o jovem futebolista Prestianni e o atacante Vin\u00edcius J\u00fanior, com alega\u00e7\u00f5es de racismo que t\u00eam sido tema de discuss\u00e3o entre clubes, \u00f3rg\u00e3os competentes e imprensa. N\u00e3o foram divulgadas, at\u00e9 ao momento, informa\u00e7\u00f5es oficiais que confirmem ou desmintam plenamente as acusa\u00e7\u00f5es.<\/p>\n<h3>Contexto do Caso<\/h3>\n<p>De acordo com as informa\u00e7\u00f5es divulgadas pela cobertura medi\u00e1tica, est\u00e3o em an\u00e1lise relatos que envolvem a possibilidade de comportamento racista no \u00e2mbito de uma intera\u00e7\u00e3o entre os jogadores. Nada indica, por\u00e9m, que haja uma conclus\u00e3o definitiva sobre a responsabilidade de Prestianni.<\/p>\n<h3>Desdobramentos e Repercuss\u00f5es<\/h3>\n<p>As consequ\u00eancias administrativas e desportivas permanecem por definir, com diferentes posi\u00e7\u00f5es a ser assumidas por clubes e entidades reguladoras. A tramita\u00e7\u00e3o do processo avan\u00e7a, com mais esclarecimentos esperados sobre os factos e as avalia\u00e7\u00f5es t\u00e9cnicas correspondentes.<\/p>\n","protected":false},"excerpt":{"rendered":"<ul>\n<li>Fernando Mendes, comentador da CMTV, disse que espera que se prove que Prestianni n\u00e3o fez aquilo.<\/li>\n<li>O coment\u00e1rio surge no contexto do caso de alegado racismo de Prestianni contra Vin\u00edcius J\u00fanior (Vini Jr.).<\/li>\n<li>A not\u00edcia envolve alega\u00e7\u00f5es de comportamento racista atribu\u00eddas a Prestianni.<\/li>\n<li>N\u00e3o s\u00e3o apresentados detalhes adicionais sobre o andamento do caso ou evid\u00eancias.<\/li>\n<li>A situa\u00e7\u00e3o mant\u00e9m-se sob escrut\u00ednio medi\u00e1tico, com declara\u00e7\u00f5es p\u00fablicas de figuras ligadas ao tema.<\/li>\n<\/ul>\n","protected":false},"author":2,"featured_media":220302,"comment_status":"closed","ping_status":"closed","sticky":false,"template":"","format":"standard","meta":{"footnotes":""},"categories":[21,24],"tags":[6112,152,32,242,6032],"class_list":["post-220298","post","type-post","status-publish","format-standard","has-post-thumbnail","hentry","category-desporto","category-futebol","tag-casos-internacionais","tag-desporto","tag-futebol","tag-jogadores","tag-racismo"],"yoast_head":"<!-- This site is optimized with the Yoast SEO plugin v27.2 - https:\/\/yoast.com\/product\/yoast-seo-wordpress\/ -->\n<title>Fernando Mendes afirma que espera provar que Prestianni n\u00e3o participou em nada - Portal Tela Portugal<\/title>\n<meta name=\"robots\" content=\"index, follow, max-snippet:-1, max-image-preview:large, max-video-preview:-1\" \/>\n<meta property=\"og:locale\" content=\"pt_PT\" \/>\n<meta property=\"og:type\" content=\"article\" \/>\n<meta property=\"og:title\" content=\"Fernando Mendes afirma que espera provar que Prestianni n\u00e3o participou em nada - Portal Tela Portugal\" \/>\n<meta property=\"og:description\" content=\"Fernando Mendes, comentador da CMTV, disse que espera que se prove que Prestianni n\u00e3o fez aquilo. O coment\u00e1rio surge no contexto do caso de alegado racismo de Prestianni contra Vin\u00edcius J\u00fanior (Vini Jr.). A not\u00edcia envolve alega\u00e7\u00f5es de comportamento racista atribu\u00eddas a Prestianni. N\u00e3o s\u00e3o apresentados detalhes adicionais sobre o andamento do caso ou evid\u00eancias. A situa\u00e7\u00e3o mant\u00e9m-se sob escrut\u00ednio medi\u00e1tico, com declara\u00e7\u00f5es p\u00fablicas de figuras ligadas ao tema.\" \/>\n<meta property=\"og:url\" content=\"https:\/\/portaltela.pt\/noticias\/2026\/02\/21\/fernando-mendes-afirma-que-espera-provar-que-prestianni-nao-participou-em-nada\/\" \/>\n<meta property=\"og:site_name\" content=\"Portal Tela Portugal\" \/>\n<meta property=\"article:published_time\" content=\"2026-02-21T08:29:41+00:00\" \/>\n<meta name=\"author\" content=\"Telinha\" \/>\n<meta name=\"twitter:card\" content=\"summary_large_image\" \/>\n<meta name=\"twitter:label1\" content=\"Escrito por\" \/>\n\t<meta name=\"twitter:data1\" content=\"Telinha\" \/>\n\t<meta name=\"twitter:label2\" content=\"Tempo estimado de leitura\" \/>\n\t<meta name=\"twitter:data2\" content=\"1 minuto\" \/>\n<script type=\"application\/ld+json\" class=\"yoast-schema-graph\">{\"@context\":\"https:\/\/schema.org\",\"@graph\":[{\"@type\":\"Article\",\"@id\":\"https:\/\/portaltela.pt\/noticias\/2026\/02\/21\/fernando-mendes-afirma-que-espera-provar-que-prestianni-nao-participou-em-nada\/#article\",\"isPartOf\":{\"@id\":\"https:\/\/portaltela.pt\/noticias\/2026\/02\/21\/fernando-mendes-afirma-que-espera-provar-que-prestianni-nao-participou-em-nada\/\"},\"author\":{\"name\":\"Telinha\",\"@id\":\"https:\/\/portaltela.pt\/#\/schema\/person\/c4278d4a6028830caff9ee44b42d32ed\"},\"headline\":\"Fernando Mendes afirma que espera provar que Prestianni n\u00e3o participou em nada\",\"datePublished\":\"2026-02-21T08:29:41+00:00\",\"mainEntityOfPage\":{\"@id\":\"https:\/\/portaltela.pt\/noticias\/2026\/02\/21\/fernando-mendes-afirma-que-espera-provar-que-prestianni-nao-participou-em-nada\/\"},\"wordCount\":212,\"image\":{\"@id\":\"https:\/\/portaltela.pt\/noticias\/2026\/02\/21\/fernando-mendes-afirma-que-espera-provar-que-prestianni-nao-participou-em-nada\/#primaryimage\"},\"thumbnailUrl\":\"https:\/\/portaltela.pt\/s.01k8rhncp4jt1\/2026\/02\/img_1200x721uu2026-02-21-08-26-21-2422843.jpg\",\"keywords\":[\"casos internacionais\",\"desporto\",\"futebol\",\"jogadores\",\"racismo\"],\"articleSection\":[\"Desporto\",\"Futebol\"],\"inLanguage\":\"pt-PT\"},{\"@type\":\"WebPage\",\"@id\":\"https:\/\/portaltela.pt\/noticias\/2026\/02\/21\/fernando-mendes-afirma-que-espera-provar-que-prestianni-nao-participou-em-nada\/\",\"url\":\"https:\/\/portaltela.pt\/noticias\/2026\/02\/21\/fernando-mendes-afirma-que-espera-provar-que-prestianni-nao-participou-em-nada\/\",\"name\":\"Fernando Mendes afirma que espera provar que Prestianni n\u00e3o participou em nada - Portal Tela Portugal\",\"isPartOf\":{\"@id\":\"https:\/\/portaltela.pt\/#website\"},\"primaryImageOfPage\":{\"@id\":\"https:\/\/portaltela.pt\/noticias\/2026\/02\/21\/fernando-mendes-afirma-que-espera-provar-que-prestianni-nao-participou-em-nada\/#primaryimage\"},\"image\":{\"@id\":\"https:\/\/portaltela.pt\/noticias\/2026\/02\/21\/fernando-mendes-afirma-que-espera-provar-que-prestianni-nao-participou-em-nada\/#primaryimage\"},\"thumbnailUrl\":\"https:\/\/portaltela.pt\/s.01k8rhncp4jt1\/2026\/02\/img_1200x721uu2026-02-21-08-26-21-2422843.jpg\",\"datePublished\":\"2026-02-21T08:29:41+00:00\",\"author\":{\"@id\":\"https:\/\/portaltela.pt\/#\/schema\/person\/c4278d4a6028830caff9ee44b42d32ed\"},\"breadcrumb\":{\"@id\":\"https:\/\/portaltela.pt\/noticias\/2026\/02\/21\/fernando-mendes-afirma-que-espera-provar-que-prestianni-nao-participou-em-nada\/#breadcrumb\"},\"inLanguage\":\"pt-PT\",\"potentialAction\":[{\"@type\":\"ReadAction\",\"target\":[\"https:\/\/portaltela.pt\/noticias\/2026\/02\/21\/fernando-mendes-afirma-que-espera-provar-que-prestianni-nao-participou-em-nada\/\"]}]},{\"@type\":\"ImageObject\",\"inLanguage\":\"pt-PT\",\"@id\":\"https:\/\/portaltela.pt\/noticias\/2026\/02\/21\/fernando-mendes-afirma-que-espera-provar-que-prestianni-nao-participou-em-nada\/#primaryimage\",\"url\":\"https:\/\/portaltela.pt\/s.01k8rhncp4jt1\/2026\/02\/img_1200x721uu2026-02-21-08-26-21-2422843.jpg\",\"contentUrl\":\"https:\/\/portaltela.pt\/s.01k8rhncp4jt1\/2026\/02\/img_1200x721uu2026-02-21-08-26-21-2422843.jpg\",\"width\":796,\"height\":448,\"caption\":\"Fernando Mendes: \u00abEspero que se consiga provar que o Prestianni n\u00e3o fez nada disto\u00bb\"},{\"@type\":\"BreadcrumbList\",\"@id\":\"https:\/\/portaltela.pt\/noticias\/2026\/02\/21\/fernando-mendes-afirma-que-espera-provar-que-prestianni-nao-participou-em-nada\/#breadcrumb\",\"itemListElement\":[{\"@type\":\"ListItem\",\"position\":1,\"name\":\"In\u00edcio\",\"item\":\"https:\/\/portaltela.pt\/\"},{\"@type\":\"ListItem\",\"position\":2,\"name\":\"Fernando Mendes afirma que espera provar que Prestianni n\u00e3o participou em nada\"}]},{\"@type\":\"WebSite\",\"@id\":\"https:\/\/portaltela.pt\/#website\",\"url\":\"https:\/\/portaltela.pt\/\",\"name\":\"Portal Tela Portugal\",\"description\":\"\",\"potentialAction\":[{\"@type\":\"SearchAction\",\"target\":{\"@type\":\"EntryPoint\",\"urlTemplate\":\"https:\/\/portaltela.pt\/?s={search_term_string}\"},\"query-input\":{\"@type\":\"PropertyValueSpecification\",\"valueRequired\":true,\"valueName\":\"search_term_string\"}}],\"inLanguage\":\"pt-PT\"},{\"@type\":\"Person\",\"@id\":\"https:\/\/portaltela.pt\/#\/schema\/person\/c4278d4a6028830caff9ee44b42d32ed\",\"name\":\"Telinha\",\"image\":{\"@type\":\"ImageObject\",\"inLanguage\":\"pt-PT\",\"@id\":\"https:\/\/portaltela.pt\/s.01k8rhncp4jt1\/2025\/11\/talking-bot-125x125.png\",\"url\":\"https:\/\/portaltela.pt\/s.01k8rhncp4jt1\/2025\/11\/talking-bot-125x125.png\",\"contentUrl\":\"https:\/\/portaltela.pt\/s.01k8rhncp4jt1\/2025\/11\/talking-bot-125x125.png\",\"caption\":\"Telinha\"},\"sameAs\":[\"https:\/\/portaltela.pt\/\"],\"url\":\"https:\/\/portaltela.pt\/por\/367410592786\/\"}]}<\/script>\n<!-- \/ Yoast SEO plugin. -->","yoast_head_json":{"title":"Fernando Mendes afirma que espera provar que Prestianni n\u00e3o participou em nada - Portal Tela Portugal","robots":{"index":"index","follow":"follow","max-snippet":"max-snippet:-1","max-image-preview":"max-image-preview:large","max-video-preview":"max-video-preview:-1"},"og_locale":"pt_PT","og_type":"article","og_title":"Fernando Mendes afirma que espera provar que Prestianni n\u00e3o participou em nada - Portal Tela Portugal","og_description":"Fernando Mendes, comentador da CMTV, disse que espera que se prove que Prestianni n\u00e3o fez aquilo. O coment\u00e1rio surge no contexto do caso de alegado racismo de Prestianni contra Vin\u00edcius J\u00fanior (Vini Jr.). A not\u00edcia envolve alega\u00e7\u00f5es de comportamento racista atribu\u00eddas a Prestianni. N\u00e3o s\u00e3o apresentados detalhes adicionais sobre o andamento do caso ou evid\u00eancias. A situa\u00e7\u00e3o mant\u00e9m-se sob escrut\u00ednio medi\u00e1tico, com declara\u00e7\u00f5es p\u00fablicas de figuras ligadas ao tema.","og_url":"https:\/\/portaltela.pt\/noticias\/2026\/02\/21\/fernando-mendes-afirma-que-espera-provar-que-prestianni-nao-participou-em-nada\/","og_site_name":"Portal Tela Portugal","article_published_time":"2026-02-21T08:29:41+00:00","author":"Telinha","twitter_card":"summary_large_image","twitter_misc":{"Escrito por":"Telinha","Tempo estimado de leitura":"1 minuto"},"schema":{"@context":"https:\/\/schema.org","@graph":[{"@type":"Article","@id":"https:\/\/portaltela.pt\/noticias\/2026\/02\/21\/fernando-mendes-afirma-que-espera-provar-que-prestianni-nao-participou-em-nada\/#article","isPartOf":{"@id":"https:\/\/portaltela.pt\/noticias\/2026\/02\/21\/fernando-mendes-afirma-que-espera-provar-que-prestianni-nao-participou-em-nada\/"},"author":{"name":"Telinha","@id":"https:\/\/portaltela.pt\/#\/schema\/person\/c4278d4a6028830caff9ee44b42d32ed"},"headline":"Fernando Mendes afirma que espera provar que Prestianni n\u00e3o participou em nada","datePublished":"2026-02-21T08:29:41+00:00","mainEntityOfPage":{"@id":"https:\/\/portaltela.pt\/noticias\/2026\/02\/21\/fernando-mendes-afirma-que-espera-provar-que-prestianni-nao-participou-em-nada\/"},"wordCount":212,"image":{"@id":"https:\/\/portaltela.pt\/noticias\/2026\/02\/21\/fernando-mendes-afirma-que-espera-provar-que-prestianni-nao-participou-em-nada\/#primaryimage"},"thumbnailUrl":"https:\/\/portaltela.pt\/s.01k8rhncp4jt1\/2026\/02\/img_1200x721uu2026-02-21-08-26-21-2422843.jpg","keywords":["casos internacionais","desporto","futebol","jogadores","racismo"],"articleSection":["Desporto","Futebol"],"inLanguage":"pt-PT"},{"@type":"WebPage","@id":"https:\/\/portaltela.pt\/noticias\/2026\/02\/21\/fernando-mendes-afirma-que-espera-provar-que-prestianni-nao-participou-em-nada\/","url":"https:\/\/portaltela.pt\/noticias\/2026\/02\/21\/fernando-mendes-afirma-que-espera-provar-que-prestianni-nao-participou-em-nada\/","name":"Fernando Mendes afirma que espera provar que Prestianni n\u00e3o participou em nada - Portal Tela Portugal","isPartOf":{"@id":"https:\/\/portaltela.pt\/#website"},"primaryImageOfPage":{"@id":"https:\/\/portaltela.pt\/noticias\/2026\/02\/21\/fernando-mendes-afirma-que-espera-provar-que-prestianni-nao-participou-em-nada\/#primaryimage"},"image":{"@id":"https:\/\/portaltela.pt\/noticias\/2026\/02\/21\/fernando-mendes-afirma-que-espera-provar-que-prestianni-nao-participou-em-nada\/#primaryimage"},"thumbnailUrl":"https:\/\/portaltela.pt\/s.01k8rhncp4jt1\/2026\/02\/img_1200x721uu2026-02-21-08-26-21-2422843.jpg","datePublished":"2026-02-21T08:29:41+00:00","author":{"@id":"https:\/\/portaltela.pt\/#\/schema\/person\/c4278d4a6028830caff9ee44b42d32ed"},"breadcrumb":{"@id":"https:\/\/portaltela.pt\/noticias\/2026\/02\/21\/fernando-mendes-afirma-que-espera-provar-que-prestianni-nao-participou-em-nada\/#breadcrumb"},"inLanguage":"pt-PT","potentialAction":[{"@type":"ReadAction","target":["https:\/\/portaltela.pt\/noticias\/2026\/02\/21\/fernando-mendes-afirma-que-espera-provar-que-prestianni-nao-participou-em-nada\/"]}]},{"@type":"ImageObject","inLanguage":"pt-PT","@id":"https:\/\/portaltela.pt\/noticias\/2026\/02\/21\/fernando-mendes-afirma-que-espera-provar-que-prestianni-nao-participou-em-nada\/#primaryimage","url":"https:\/\/portaltela.pt\/s.01k8rhncp4jt1\/2026\/02\/img_1200x721uu2026-02-21-08-26-21-2422843.jpg","contentUrl":"https:\/\/portaltela.pt\/s.01k8rhncp4jt1\/2026\/02\/img_1200x721uu2026-02-21-08-26-21-2422843.jpg","width":796,"height":448,"caption":"Fernando Mendes: \u00abEspero que se consiga provar que o Prestianni n\u00e3o fez nada disto\u00bb"},{"@type":"BreadcrumbList","@id":"https:\/\/portaltela.pt\/noticias\/2026\/02\/21\/fernando-mendes-afirma-que-espera-provar-que-prestianni-nao-participou-em-nada\/#breadcrumb","itemListElement":[{"@type":"ListItem","position":1,"name":"In\u00edcio","item":"https:\/\/portaltela.pt\/"},{"@type":"ListItem","position":2,"name":"Fernando Mendes afirma que espera provar que Prestianni n\u00e3o participou em nada"}]},{"@type":"WebSite","@id":"https:\/\/portaltela.pt\/#website","url":"https:\/\/portaltela.pt\/","name":"Portal Tela Portugal","description":"","potentialAction":[{"@type":"SearchAction","target":{"@type":"EntryPoint","urlTemplate":"https:\/\/portaltela.pt\/?s={search_term_string}"},"query-input":{"@type":"PropertyValueSpecification","valueRequired":true,"valueName":"search_term_string"}}],"inLanguage":"pt-PT"},{"@type":"Person","@id":"https:\/\/portaltela.pt\/#\/schema\/person\/c4278d4a6028830caff9ee44b42d32ed","name":"Telinha","image":{"@type":"ImageObject","inLanguage":"pt-PT","@id":"https:\/\/portaltela.pt\/s.01k8rhncp4jt1\/2025\/11\/talking-bot-125x125.png","url":"https:\/\/portaltela.pt\/s.01k8rhncp4jt1\/2025\/11\/talking-bot-125x125.png","contentUrl":"https:\/\/portaltela.pt\/s.01k8rhncp4jt1\/2025\/11\/talking-bot-125x125.png","caption":"Telinha"},"sameAs":["https:\/\/portaltela.pt\/"],"url":"https:\/\/portaltela.pt\/por\/367410592786\/"}]}},"_links":{"self":[{"href":"https:\/\/portaltela.pt\/api\/wp\/v2\/posts\/220298","targetHints":{"allow":["GET"]}}],"collection":[{"href":"https:\/\/portaltela.pt\/api\/wp\/v2\/posts"}],"about":[{"href":"https:\/\/portaltela.pt\/api\/wp\/v2\/types\/post"}],"author":[{"embeddable":true,"href":"https:\/\/portaltela.pt\/api\/wp\/v2\/users\/2"}],"replies":[{"embeddable":true,"href":"https:\/\/portaltela.pt\/api\/wp\/v2\/comments?post=220298"}],"version-history":[{"count":0,"href":"https:\/\/portaltela.pt\/api\/wp\/v2\/posts\/220298\/revisions"}],"wp:featuredmedia":[{"embeddable":true,"href":"https:\/\/portaltela.pt\/api\/wp\/v2\/media\/220302"}],"wp:attachment":[{"href":"https:\/\/portaltela.pt\/api\/wp\/v2\/media?parent=220298"}],"wp:term":[{"taxonomy":"category","embeddable":true,"href":"https:\/\/portaltela.pt\/api\/wp\/v2\/categories?post=220298"},{"taxonomy":"post_tag","embeddable":true,"href":"https:\/\/portaltela.pt\/api\/wp\/v2\/tags?post=220298"}],"curies":[{"name":"wp","href":"https:\/\/api.w.org\/{rel}","templated":true}]}}