{"id":220294,"date":"2026-02-21T05:18:00","date_gmt":"2026-02-21T08:18:00","guid":{"rendered":"https:\/\/portaltela.pt\/noticias\/2026\/02\/21\/plano-de-investimento-da-ren-aguarda-aprovacao-parlamentar-ha-sete-meses\/"},"modified":"2026-02-21T05:18:00","modified_gmt":"2026-02-21T08:18:00","slug":"plano-de-investimento-da-ren-aguarda-aprovacao-parlamentar-ha-sete-meses","status":"publish","type":"post","link":"https:\/\/portaltela.pt\/noticias\/economia\/2026\/02\/21\/plano-de-investimento-da-ren-aguarda-aprovacao-parlamentar-ha-sete-meses\/","title":{"rendered":"Plano de investimento da REN aguarda aprova\u00e7\u00e3o parlamentar h\u00e1 sete meses"},"content":{"rendered":"<p>O Plano de Desenvolvimento e Investimento da Rede Nacional de Transporte do setor el\u00e9trico (PDIRT-E) para 2025-2034 recebeu o aval da Entidade Reguladora Regulat\u00f3ria do Sector El\u00e9trico (ERSE) em julho. O documento aguarda agora agendamento para discuss\u00e3o na Assembleia da Rep\u00fablica.<\/p>\n<p>Segundo o Jornal de Not\u00edcias, o PDIRT-E ainda precisa de aprova\u00e7\u00e3o por resolu\u00e7\u00e3o do Conselho de Ministros, o que atrasar\u00e1 o envio ao Governo. Ap\u00f3s o crivo parlamentar, seguir\u00e1 para a tutela governamental.<\/p>\n<p>Maria da Gra\u00e7a Carvalho aponta a necessidade de altera\u00e7\u00f5es ao plano, conforme noticia o JN. A decis\u00e3o final depende de etapas legislativas e administrativas.<\/p>\n<p>O relat\u00f3rio revela que apenas 8% da verba total destina-se ao enterramento de cabos el\u00e9tricos. A restante verba \u00e9 dirigida a outras interven\u00e7\u00f5es de rede e investimento. A informa\u00e7\u00e3o foi reportada pelo JN.<\/p>\n","protected":false},"excerpt":{"rendered":"<ul>\n<li>O Plano de Desenvolvimento e Investimento da Rede Nacional de Transporte do setor el\u00e9trico (PDIRT-E) para 2025-2034 recebeu aval da ERSE em julho e aguarda agendamento na Assembleia da Rep\u00fablica para discuss\u00e3o.<\/li>\n<li>S\u00f3 ap\u00f3s a aprova\u00e7\u00e3o pela resolu\u00e7\u00e3o do Conselho de Ministros o documento volta ao Governo.<\/li>\n<li>A deputada Maria da Gra\u00e7a Carvalho reconhece a necessidade de altera\u00e7\u00f5es ao plano.<\/li>\n<li>O documento indica que apenas oito por cento do investimento previsto destina-se ao enterramento de cabos el\u00e9tricos.<\/li>\n<\/ul>\n","protected":false},"author":2,"featured_media":220299,"comment_status":"closed","ping_status":"closed","sticky":false,"template":"","format":"standard","meta":{"footnotes":""},"categories":[2,1],"tags":[168,174,5307,316,4427],"class_list":["post-220294","post","type-post","status-publish","format-standard","has-post-thumbnail","hentry","category-economia","category-noticias","tag-administracao-publica","tag-energia","tag-erse","tag-investimento","tag-rede-electrica"],"yoast_head":"<!-- This site is optimized with the Yoast SEO plugin v27.2 - https:\/\/yoast.com\/product\/yoast-seo-wordpress\/ -->\n<title>Plano de investimento da REN aguarda aprova\u00e7\u00e3o parlamentar h\u00e1 sete meses - Portal Tela Portugal<\/title>\n<meta name=\"robots\" content=\"index, follow, max-snippet:-1, max-image-preview:large, max-video-preview:-1\" \/>\n<meta property=\"og:locale\" content=\"pt_PT\" \/>\n<meta property=\"og:type\" content=\"article\" \/>\n<meta property=\"og:title\" content=\"Plano de investimento da REN aguarda aprova\u00e7\u00e3o parlamentar h\u00e1 sete meses - Portal Tela Portugal\" \/>\n<meta property=\"og:description\" content=\"O Plano de Desenvolvimento e Investimento da Rede Nacional de Transporte do setor el\u00e9trico (PDIRT-E) para 2025-2034 recebeu aval da ERSE em julho e aguarda agendamento na Assembleia da Rep\u00fablica para discuss\u00e3o. S\u00f3 ap\u00f3s a aprova\u00e7\u00e3o pela resolu\u00e7\u00e3o do Conselho de Ministros o documento volta ao Governo. A deputada Maria da Gra\u00e7a Carvalho reconhece a necessidade de altera\u00e7\u00f5es ao plano. O documento indica que apenas oito por cento do investimento previsto destina-se ao enterramento de cabos el\u00e9tricos.\" \/>\n<meta property=\"og:url\" content=\"https:\/\/portaltela.pt\/noticias\/2026\/02\/21\/plano-de-investimento-da-ren-aguarda-aprovacao-parlamentar-ha-sete-meses\/\" \/>\n<meta property=\"og:site_name\" content=\"Portal Tela Portugal\" \/>\n<meta property=\"article:published_time\" content=\"2026-02-21T08:18:00+00:00\" \/>\n<meta name=\"author\" content=\"Telinha\" \/>\n<meta name=\"twitter:card\" content=\"summary_large_image\" \/>\n<meta name=\"twitter:label1\" content=\"Escrito por\" \/>\n\t<meta name=\"twitter:data1\" content=\"Telinha\" \/>\n\t<meta name=\"twitter:label2\" content=\"Tempo estimado de leitura\" \/>\n\t<meta name=\"twitter:data2\" content=\"1 minuto\" \/>\n<script type=\"application\/ld+json\" class=\"yoast-schema-graph\">{\"@context\":\"https:\/\/schema.org\",\"@graph\":[{\"@type\":\"Article\",\"@id\":\"https:\/\/portaltela.pt\/noticias\/2026\/02\/21\/plano-de-investimento-da-ren-aguarda-aprovacao-parlamentar-ha-sete-meses\/#article\",\"isPartOf\":{\"@id\":\"https:\/\/portaltela.pt\/noticias\/2026\/02\/21\/plano-de-investimento-da-ren-aguarda-aprovacao-parlamentar-ha-sete-meses\/\"},\"author\":{\"name\":\"Telinha\",\"@id\":\"https:\/\/portaltela.pt\/#\/schema\/person\/c4278d4a6028830caff9ee44b42d32ed\"},\"headline\":\"Plano de investimento da REN aguarda aprova\u00e7\u00e3o parlamentar h\u00e1 sete meses\",\"datePublished\":\"2026-02-21T08:18:00+00:00\",\"mainEntityOfPage\":{\"@id\":\"https:\/\/portaltela.pt\/noticias\/2026\/02\/21\/plano-de-investimento-da-ren-aguarda-aprovacao-parlamentar-ha-sete-meses\/\"},\"wordCount\":157,\"image\":{\"@id\":\"https:\/\/portaltela.pt\/noticias\/2026\/02\/21\/plano-de-investimento-da-ren-aguarda-aprovacao-parlamentar-ha-sete-meses\/#primaryimage\"},\"thumbnailUrl\":\"https:\/\/portaltela.pt\/s.01k8rhncp4jt1\/2026\/02\/image-1545.jpg\",\"keywords\":[\"administra\u00e7\u00e3o p\u00fablica\",\"energia\",\"ERSE\",\"investimento\",\"rede el\u00e9ctrica\"],\"articleSection\":[\"Economia\",\"Not\u00edcias\"],\"inLanguage\":\"pt-PT\"},{\"@type\":\"WebPage\",\"@id\":\"https:\/\/portaltela.pt\/noticias\/2026\/02\/21\/plano-de-investimento-da-ren-aguarda-aprovacao-parlamentar-ha-sete-meses\/\",\"url\":\"https:\/\/portaltela.pt\/noticias\/2026\/02\/21\/plano-de-investimento-da-ren-aguarda-aprovacao-parlamentar-ha-sete-meses\/\",\"name\":\"Plano de investimento da REN aguarda aprova\u00e7\u00e3o parlamentar h\u00e1 sete meses - Portal Tela Portugal\",\"isPartOf\":{\"@id\":\"https:\/\/portaltela.pt\/#website\"},\"primaryImageOfPage\":{\"@id\":\"https:\/\/portaltela.pt\/noticias\/2026\/02\/21\/plano-de-investimento-da-ren-aguarda-aprovacao-parlamentar-ha-sete-meses\/#primaryimage\"},\"image\":{\"@id\":\"https:\/\/portaltela.pt\/noticias\/2026\/02\/21\/plano-de-investimento-da-ren-aguarda-aprovacao-parlamentar-ha-sete-meses\/#primaryimage\"},\"thumbnailUrl\":\"https:\/\/portaltela.pt\/s.01k8rhncp4jt1\/2026\/02\/image-1545.jpg\",\"datePublished\":\"2026-02-21T08:18:00+00:00\",\"author\":{\"@id\":\"https:\/\/portaltela.pt\/#\/schema\/person\/c4278d4a6028830caff9ee44b42d32ed\"},\"breadcrumb\":{\"@id\":\"https:\/\/portaltela.pt\/noticias\/2026\/02\/21\/plano-de-investimento-da-ren-aguarda-aprovacao-parlamentar-ha-sete-meses\/#breadcrumb\"},\"inLanguage\":\"pt-PT\",\"potentialAction\":[{\"@type\":\"ReadAction\",\"target\":[\"https:\/\/portaltela.pt\/noticias\/2026\/02\/21\/plano-de-investimento-da-ren-aguarda-aprovacao-parlamentar-ha-sete-meses\/\"]}]},{\"@type\":\"ImageObject\",\"inLanguage\":\"pt-PT\",\"@id\":\"https:\/\/portaltela.pt\/noticias\/2026\/02\/21\/plano-de-investimento-da-ren-aguarda-aprovacao-parlamentar-ha-sete-meses\/#primaryimage\",\"url\":\"https:\/\/portaltela.pt\/s.01k8rhncp4jt1\/2026\/02\/image-1545.jpg\",\"contentUrl\":\"https:\/\/portaltela.pt\/s.01k8rhncp4jt1\/2026\/02\/image-1545.jpg\",\"width\":796,\"height\":448,\"caption\":\"Apenas 8% da verba refletida no documento se destina ao enterramento dos cabos\"},{\"@type\":\"BreadcrumbList\",\"@id\":\"https:\/\/portaltela.pt\/noticias\/2026\/02\/21\/plano-de-investimento-da-ren-aguarda-aprovacao-parlamentar-ha-sete-meses\/#breadcrumb\",\"itemListElement\":[{\"@type\":\"ListItem\",\"position\":1,\"name\":\"In\u00edcio\",\"item\":\"https:\/\/portaltela.pt\/\"},{\"@type\":\"ListItem\",\"position\":2,\"name\":\"Plano de investimento da REN aguarda aprova\u00e7\u00e3o parlamentar h\u00e1 sete meses\"}]},{\"@type\":\"WebSite\",\"@id\":\"https:\/\/portaltela.pt\/#website\",\"url\":\"https:\/\/portaltela.pt\/\",\"name\":\"Portal Tela Portugal\",\"description\":\"\",\"potentialAction\":[{\"@type\":\"SearchAction\",\"target\":{\"@type\":\"EntryPoint\",\"urlTemplate\":\"https:\/\/portaltela.pt\/?s={search_term_string}\"},\"query-input\":{\"@type\":\"PropertyValueSpecification\",\"valueRequired\":true,\"valueName\":\"search_term_string\"}}],\"inLanguage\":\"pt-PT\"},{\"@type\":\"Person\",\"@id\":\"https:\/\/portaltela.pt\/#\/schema\/person\/c4278d4a6028830caff9ee44b42d32ed\",\"name\":\"Telinha\",\"image\":{\"@type\":\"ImageObject\",\"inLanguage\":\"pt-PT\",\"@id\":\"https:\/\/portaltela.pt\/s.01k8rhncp4jt1\/2025\/11\/talking-bot-125x125.png\",\"url\":\"https:\/\/portaltela.pt\/s.01k8rhncp4jt1\/2025\/11\/talking-bot-125x125.png\",\"contentUrl\":\"https:\/\/portaltela.pt\/s.01k8rhncp4jt1\/2025\/11\/talking-bot-125x125.png\",\"caption\":\"Telinha\"},\"sameAs\":[\"https:\/\/portaltela.pt\/\"],\"url\":\"https:\/\/portaltela.pt\/por\/367410592786\/\"}]}<\/script>\n<!-- \/ Yoast SEO plugin. -->","yoast_head_json":{"title":"Plano de investimento da REN aguarda aprova\u00e7\u00e3o parlamentar h\u00e1 sete meses - Portal Tela Portugal","robots":{"index":"index","follow":"follow","max-snippet":"max-snippet:-1","max-image-preview":"max-image-preview:large","max-video-preview":"max-video-preview:-1"},"og_locale":"pt_PT","og_type":"article","og_title":"Plano de investimento da REN aguarda aprova\u00e7\u00e3o parlamentar h\u00e1 sete meses - Portal Tela Portugal","og_description":"O Plano de Desenvolvimento e Investimento da Rede Nacional de Transporte do setor el\u00e9trico (PDIRT-E) para 2025-2034 recebeu aval da ERSE em julho e aguarda agendamento na Assembleia da Rep\u00fablica para discuss\u00e3o. S\u00f3 ap\u00f3s a aprova\u00e7\u00e3o pela resolu\u00e7\u00e3o do Conselho de Ministros o documento volta ao Governo. A deputada Maria da Gra\u00e7a Carvalho reconhece a necessidade de altera\u00e7\u00f5es ao plano. O documento indica que apenas oito por cento do investimento previsto destina-se ao enterramento de cabos el\u00e9tricos.","og_url":"https:\/\/portaltela.pt\/noticias\/2026\/02\/21\/plano-de-investimento-da-ren-aguarda-aprovacao-parlamentar-ha-sete-meses\/","og_site_name":"Portal Tela Portugal","article_published_time":"2026-02-21T08:18:00+00:00","author":"Telinha","twitter_card":"summary_large_image","twitter_misc":{"Escrito por":"Telinha","Tempo estimado de leitura":"1 minuto"},"schema":{"@context":"https:\/\/schema.org","@graph":[{"@type":"Article","@id":"https:\/\/portaltela.pt\/noticias\/2026\/02\/21\/plano-de-investimento-da-ren-aguarda-aprovacao-parlamentar-ha-sete-meses\/#article","isPartOf":{"@id":"https:\/\/portaltela.pt\/noticias\/2026\/02\/21\/plano-de-investimento-da-ren-aguarda-aprovacao-parlamentar-ha-sete-meses\/"},"author":{"name":"Telinha","@id":"https:\/\/portaltela.pt\/#\/schema\/person\/c4278d4a6028830caff9ee44b42d32ed"},"headline":"Plano de investimento da REN aguarda aprova\u00e7\u00e3o parlamentar h\u00e1 sete meses","datePublished":"2026-02-21T08:18:00+00:00","mainEntityOfPage":{"@id":"https:\/\/portaltela.pt\/noticias\/2026\/02\/21\/plano-de-investimento-da-ren-aguarda-aprovacao-parlamentar-ha-sete-meses\/"},"wordCount":157,"image":{"@id":"https:\/\/portaltela.pt\/noticias\/2026\/02\/21\/plano-de-investimento-da-ren-aguarda-aprovacao-parlamentar-ha-sete-meses\/#primaryimage"},"thumbnailUrl":"https:\/\/portaltela.pt\/s.01k8rhncp4jt1\/2026\/02\/image-1545.jpg","keywords":["administra\u00e7\u00e3o p\u00fablica","energia","ERSE","investimento","rede el\u00e9ctrica"],"articleSection":["Economia","Not\u00edcias"],"inLanguage":"pt-PT"},{"@type":"WebPage","@id":"https:\/\/portaltela.pt\/noticias\/2026\/02\/21\/plano-de-investimento-da-ren-aguarda-aprovacao-parlamentar-ha-sete-meses\/","url":"https:\/\/portaltela.pt\/noticias\/2026\/02\/21\/plano-de-investimento-da-ren-aguarda-aprovacao-parlamentar-ha-sete-meses\/","name":"Plano de investimento da REN aguarda aprova\u00e7\u00e3o parlamentar h\u00e1 sete meses - Portal Tela Portugal","isPartOf":{"@id":"https:\/\/portaltela.pt\/#website"},"primaryImageOfPage":{"@id":"https:\/\/portaltela.pt\/noticias\/2026\/02\/21\/plano-de-investimento-da-ren-aguarda-aprovacao-parlamentar-ha-sete-meses\/#primaryimage"},"image":{"@id":"https:\/\/portaltela.pt\/noticias\/2026\/02\/21\/plano-de-investimento-da-ren-aguarda-aprovacao-parlamentar-ha-sete-meses\/#primaryimage"},"thumbnailUrl":"https:\/\/portaltela.pt\/s.01k8rhncp4jt1\/2026\/02\/image-1545.jpg","datePublished":"2026-02-21T08:18:00+00:00","author":{"@id":"https:\/\/portaltela.pt\/#\/schema\/person\/c4278d4a6028830caff9ee44b42d32ed"},"breadcrumb":{"@id":"https:\/\/portaltela.pt\/noticias\/2026\/02\/21\/plano-de-investimento-da-ren-aguarda-aprovacao-parlamentar-ha-sete-meses\/#breadcrumb"},"inLanguage":"pt-PT","potentialAction":[{"@type":"ReadAction","target":["https:\/\/portaltela.pt\/noticias\/2026\/02\/21\/plano-de-investimento-da-ren-aguarda-aprovacao-parlamentar-ha-sete-meses\/"]}]},{"@type":"ImageObject","inLanguage":"pt-PT","@id":"https:\/\/portaltela.pt\/noticias\/2026\/02\/21\/plano-de-investimento-da-ren-aguarda-aprovacao-parlamentar-ha-sete-meses\/#primaryimage","url":"https:\/\/portaltela.pt\/s.01k8rhncp4jt1\/2026\/02\/image-1545.jpg","contentUrl":"https:\/\/portaltela.pt\/s.01k8rhncp4jt1\/2026\/02\/image-1545.jpg","width":796,"height":448,"caption":"Apenas 8% da verba refletida no documento se destina ao enterramento dos cabos"},{"@type":"BreadcrumbList","@id":"https:\/\/portaltela.pt\/noticias\/2026\/02\/21\/plano-de-investimento-da-ren-aguarda-aprovacao-parlamentar-ha-sete-meses\/#breadcrumb","itemListElement":[{"@type":"ListItem","position":1,"name":"In\u00edcio","item":"https:\/\/portaltela.pt\/"},{"@type":"ListItem","position":2,"name":"Plano de investimento da REN aguarda aprova\u00e7\u00e3o parlamentar h\u00e1 sete meses"}]},{"@type":"WebSite","@id":"https:\/\/portaltela.pt\/#website","url":"https:\/\/portaltela.pt\/","name":"Portal Tela Portugal","description":"","potentialAction":[{"@type":"SearchAction","target":{"@type":"EntryPoint","urlTemplate":"https:\/\/portaltela.pt\/?s={search_term_string}"},"query-input":{"@type":"PropertyValueSpecification","valueRequired":true,"valueName":"search_term_string"}}],"inLanguage":"pt-PT"},{"@type":"Person","@id":"https:\/\/portaltela.pt\/#\/schema\/person\/c4278d4a6028830caff9ee44b42d32ed","name":"Telinha","image":{"@type":"ImageObject","inLanguage":"pt-PT","@id":"https:\/\/portaltela.pt\/s.01k8rhncp4jt1\/2025\/11\/talking-bot-125x125.png","url":"https:\/\/portaltela.pt\/s.01k8rhncp4jt1\/2025\/11\/talking-bot-125x125.png","contentUrl":"https:\/\/portaltela.pt\/s.01k8rhncp4jt1\/2025\/11\/talking-bot-125x125.png","caption":"Telinha"},"sameAs":["https:\/\/portaltela.pt\/"],"url":"https:\/\/portaltela.pt\/por\/367410592786\/"}]}},"_links":{"self":[{"href":"https:\/\/portaltela.pt\/api\/wp\/v2\/posts\/220294","targetHints":{"allow":["GET"]}}],"collection":[{"href":"https:\/\/portaltela.pt\/api\/wp\/v2\/posts"}],"about":[{"href":"https:\/\/portaltela.pt\/api\/wp\/v2\/types\/post"}],"author":[{"embeddable":true,"href":"https:\/\/portaltela.pt\/api\/wp\/v2\/users\/2"}],"replies":[{"embeddable":true,"href":"https:\/\/portaltela.pt\/api\/wp\/v2\/comments?post=220294"}],"version-history":[{"count":0,"href":"https:\/\/portaltela.pt\/api\/wp\/v2\/posts\/220294\/revisions"}],"wp:featuredmedia":[{"embeddable":true,"href":"https:\/\/portaltela.pt\/api\/wp\/v2\/media\/220299"}],"wp:attachment":[{"href":"https:\/\/portaltela.pt\/api\/wp\/v2\/media?parent=220294"}],"wp:term":[{"taxonomy":"category","embeddable":true,"href":"https:\/\/portaltela.pt\/api\/wp\/v2\/categories?post=220294"},{"taxonomy":"post_tag","embeddable":true,"href":"https:\/\/portaltela.pt\/api\/wp\/v2\/tags?post=220294"}],"curies":[{"name":"wp","href":"https:\/\/api.w.org\/{rel}","templated":true}]}}