{"id":220258,"date":"2026-02-21T04:27:00","date_gmt":"2026-02-21T07:27:00","guid":{"rendered":"https:\/\/portaltela.pt\/noticias\/2026\/02\/21\/conflito-sobre-mecanismo-de-solidariedade-documentos-ao-tad-por-clubes-da-liga\/"},"modified":"2026-02-21T04:27:00","modified_gmt":"2026-02-21T07:27:00","slug":"conflito-sobre-mecanismo-de-solidariedade-documentos-ao-tad-por-clubes-da-liga","status":"publish","type":"post","link":"https:\/\/portaltela.pt\/desporto\/futebol\/2026\/02\/21\/conflito-sobre-mecanismo-de-solidariedade-documentos-ao-tad-por-clubes-da-liga\/","title":{"rendered":"Conflito sobre mecanismo de solidariedade: documentos ao TAD por clubes da Liga"},"content":{"rendered":"<p>Os emblemas da 2.\u00aa Liga, representados por Uni\u00e3o de Leiria, Felgueiras e Vizela, entregaram recurso e provid\u00eancia cautelar no TAD. O objetivo \u00e9 suspender a distribui\u00e7\u00e3o do mecanismo de solidariedade da UEFA, associada \u00e0s duas assembleias gerais da Liga Portugal realizadas no in\u00edcio deste m\u00eas.<\/p>\n<p>Segundo a documenta\u00e7\u00e3o consultada pela Record, os clubes alegam que as delibera\u00e7\u00f5es violaram regras de qu\u00f3rum e de maioria. Argumentam que as AG de 6 de fevereiro ouviram votos por maioria simples, quando apenas a exce\u00e7\u00e3o do art. 43.\u00ba permitiria outra leitura. Pedem que o TAD reconhe\u00e7a a nulidade das delibera\u00e7\u00f5es por n\u00e3o terem cumprido o qu\u00f3rum exigido.<\/p>\n<p>Os clubes tamb\u00e9m contestam a ideia de revalida\u00e7\u00e3o de uma delibera\u00e7\u00e3o de 2024. Dizem que a convoca\u00e7\u00e3o de uma assembleia extraordin\u00e1ria para reformular esse ato n\u00e3o tem suporte legal e visaria eliminar o ato sem base normativa. A\u00e7\u00e3o sustenta que a medida deve manter direitos j\u00e1 consolidados para o tri\u00e9nio 2024-2027.<\/p>\n<p>A associa\u00e7\u00e3o de clubes sustenta ainda que a distribui\u00e7\u00e3o projetada para 2024-2027 seria autom\u00e1tica, sem novas vota\u00e7\u00f5es. Alega que a mudan\u00e7a retroativa afetaria a temporada 2025\/2026, prejudicando or\u00e7amentos j\u00e1 aprovados e violando a Seguran\u00e7a Jur\u00eddica. A defesa aponta princ\u00edpios de boa-f\u00e9, prote\u00e7\u00e3o de confian\u00e7a e transpar\u00eancia.<\/p>\n<h3>Pedido ao TAD<\/h3>\n<p>Os clubes requerem a suspens\u00e3o imediata da execu\u00e7\u00e3o das delibera\u00e7\u00f5es das Assembleias Gerais Extraordin\u00e1rias de 06.02.2026, promovidas a 16.01.2026, at\u00e9 decis\u00e3o do recurso. Tamb\u00e9m solicitam que a primeira parte envolvida se abstenha de comunicar \u00e0 UEFA dire\u00e7\u00f5es contr\u00e1rias ao resultado de 27 de setembro de 2024, sob pena de inutilizar a provid\u00eancia cautelar.<\/p>\n<p>Entre os argumentos apresentados, destacam-se ainda cr\u00edticas ao objetivo de bloquear o mecanismo apenas para a Primeira Liga, mantendo a solidariedade para os demais clubes. O texto legal sustenta que a distribui\u00e7\u00e3o deveria respeitar os ciclos da UEFA e n\u00e3o violar o regime vigente.<\/p>\n","protected":false},"excerpt":{"rendered":"<ul>\n<li>Emblemas da 2.\u00aa Liga \u2014 Uni\u00e3o de Leiria, Felgueiras e Vizela \u2014 entregaram recurso e provid\u00eancia cautelar no TAD para bloquear a distribui\u00e7\u00e3o do mecanismo de solidariedade da UEFA aos clubes da 1.\u00aa Liga, ap\u00f3s assembleias da Liga em fevereiro.<\/li>\n<li>Alegam falta de aprova\u00e7\u00e3o por maioria qualificada nas Assembleias Gerais de 6 de fevereiro e consideram inv\u00e1lidas as delibera\u00e7\u00f5es por n\u00e3o terem cumprido o qu\u00f3rum previsto.<\/li>\n<li>Argumentam que a decis\u00e3o de 27 de setembro de 2024 j\u00e1 conferia direitos e esperan\u00e7as aos clubes do segundo escal\u00e3o, tornando desnecess\u00e1rias novas vota\u00e7\u00f5es at\u00e9 2027.<\/li>\n<li>Questionam a possibilidade de retroagir a decis\u00f5es para a temporada 2025\/2026, o que, dizem, violaria a seguran\u00e7a jur\u00eddica e a confian\u00e7a dos clubes.<\/li>\n<li>Requerem a suspens\u00e3o imediata das delibera\u00e7\u00f5es de 06.02.2026, e que a primeira contrainteressada se abstenha de comunicar \u00e0 UEFA interpreta\u00e7\u00f5es divergentes da delibera\u00e7\u00e3o de 27 de setembro de 2024.<\/li>\n<\/ul>\n","protected":false},"author":2,"featured_media":220259,"comment_status":"closed","ping_status":"closed","sticky":false,"template":"","format":"standard","meta":{"footnotes":""},"categories":[21,24],"tags":[4175,1640,32,215,6208],"class_list":["post-220258","post","type-post","status-publish","format-standard","has-post-thumbnail","hentry","category-desporto","category-futebol","tag-2-a-liga","tag-associacoes-desportivas","tag-futebol","tag-investigacao","tag-tribunais"],"yoast_head":"<!-- This site is optimized with the Yoast SEO plugin v27.2 - https:\/\/yoast.com\/product\/yoast-seo-wordpress\/ -->\n<title>Conflito sobre mecanismo de solidariedade: documentos ao TAD por clubes da Liga - Portal Tela Portugal<\/title>\n<meta name=\"robots\" content=\"index, follow, max-snippet:-1, max-image-preview:large, max-video-preview:-1\" \/>\n<meta property=\"og:locale\" content=\"pt_PT\" \/>\n<meta property=\"og:type\" content=\"article\" \/>\n<meta property=\"og:title\" content=\"Conflito sobre mecanismo de solidariedade: documentos ao TAD por clubes da Liga - Portal Tela Portugal\" \/>\n<meta property=\"og:description\" content=\"Emblemas da 2.\u00aa Liga \u2014 Uni\u00e3o de Leiria, Felgueiras e Vizela \u2014 entregaram recurso e provid\u00eancia cautelar no TAD para bloquear a distribui\u00e7\u00e3o do mecanismo de solidariedade da UEFA aos clubes da 1.\u00aa Liga, ap\u00f3s assembleias da Liga em fevereiro. Alegam falta de aprova\u00e7\u00e3o por maioria qualificada nas Assembleias Gerais de 6 de fevereiro e consideram inv\u00e1lidas as delibera\u00e7\u00f5es por n\u00e3o terem cumprido o qu\u00f3rum previsto. Argumentam que a decis\u00e3o de 27 de setembro de 2024 j\u00e1 conferia direitos e esperan\u00e7as aos clubes do segundo escal\u00e3o, tornando desnecess\u00e1rias novas vota\u00e7\u00f5es at\u00e9 2027. Questionam a possibilidade de retroagir a decis\u00f5es para a temporada 2025\/2026, o que, dizem, violaria a seguran\u00e7a jur\u00eddica e a confian\u00e7a dos clubes. Requerem a suspens\u00e3o imediata das delibera\u00e7\u00f5es de 06.02.2026, e que a primeira contrainteressada se abstenha de comunicar \u00e0 UEFA interpreta\u00e7\u00f5es divergentes da delibera\u00e7\u00e3o de 27 de setembro de 2024.\" \/>\n<meta property=\"og:url\" content=\"https:\/\/portaltela.pt\/noticias\/2026\/02\/21\/conflito-sobre-mecanismo-de-solidariedade-documentos-ao-tad-por-clubes-da-liga\/\" \/>\n<meta property=\"og:site_name\" content=\"Portal Tela Portugal\" \/>\n<meta property=\"article:published_time\" content=\"2026-02-21T07:27:00+00:00\" \/>\n<meta name=\"author\" content=\"Telinha\" \/>\n<meta name=\"twitter:card\" content=\"summary_large_image\" \/>\n<meta name=\"twitter:label1\" content=\"Escrito por\" \/>\n\t<meta name=\"twitter:data1\" content=\"Telinha\" \/>\n\t<meta name=\"twitter:label2\" content=\"Tempo estimado de leitura\" \/>\n\t<meta name=\"twitter:data2\" content=\"2 minutos\" \/>\n<script type=\"application\/ld+json\" class=\"yoast-schema-graph\">{\"@context\":\"https:\/\/schema.org\",\"@graph\":[{\"@type\":\"Article\",\"@id\":\"https:\/\/portaltela.pt\/noticias\/2026\/02\/21\/conflito-sobre-mecanismo-de-solidariedade-documentos-ao-tad-por-clubes-da-liga\/#article\",\"isPartOf\":{\"@id\":\"https:\/\/portaltela.pt\/noticias\/2026\/02\/21\/conflito-sobre-mecanismo-de-solidariedade-documentos-ao-tad-por-clubes-da-liga\/\"},\"author\":{\"name\":\"Telinha\",\"@id\":\"https:\/\/portaltela.pt\/#\/schema\/person\/c4278d4a6028830caff9ee44b42d32ed\"},\"headline\":\"Conflito sobre mecanismo de solidariedade: documentos ao TAD por clubes da Liga\",\"datePublished\":\"2026-02-21T07:27:00+00:00\",\"mainEntityOfPage\":{\"@id\":\"https:\/\/portaltela.pt\/noticias\/2026\/02\/21\/conflito-sobre-mecanismo-de-solidariedade-documentos-ao-tad-por-clubes-da-liga\/\"},\"wordCount\":346,\"image\":{\"@id\":\"https:\/\/portaltela.pt\/noticias\/2026\/02\/21\/conflito-sobre-mecanismo-de-solidariedade-documentos-ao-tad-por-clubes-da-liga\/#primaryimage\"},\"thumbnailUrl\":\"https:\/\/portaltela.pt\/s.01k8rhncp4jt1\/2026\/02\/img_920x518uu2026-02-21-00-55-14-2422838-im-639072321302532426.jpg\",\"keywords\":[\"2.\u00aa Liga\",\"associa\u00e7\u00f5es desportivas\",\"futebol\",\"investiga\u00e7\u00e3o\",\"Tribunais\"],\"articleSection\":[\"Desporto\",\"Futebol\"],\"inLanguage\":\"pt-PT\"},{\"@type\":\"WebPage\",\"@id\":\"https:\/\/portaltela.pt\/noticias\/2026\/02\/21\/conflito-sobre-mecanismo-de-solidariedade-documentos-ao-tad-por-clubes-da-liga\/\",\"url\":\"https:\/\/portaltela.pt\/noticias\/2026\/02\/21\/conflito-sobre-mecanismo-de-solidariedade-documentos-ao-tad-por-clubes-da-liga\/\",\"name\":\"Conflito sobre mecanismo de solidariedade: documentos ao TAD por clubes da Liga - Portal Tela Portugal\",\"isPartOf\":{\"@id\":\"https:\/\/portaltela.pt\/#website\"},\"primaryImageOfPage\":{\"@id\":\"https:\/\/portaltela.pt\/noticias\/2026\/02\/21\/conflito-sobre-mecanismo-de-solidariedade-documentos-ao-tad-por-clubes-da-liga\/#primaryimage\"},\"image\":{\"@id\":\"https:\/\/portaltela.pt\/noticias\/2026\/02\/21\/conflito-sobre-mecanismo-de-solidariedade-documentos-ao-tad-por-clubes-da-liga\/#primaryimage\"},\"thumbnailUrl\":\"https:\/\/portaltela.pt\/s.01k8rhncp4jt1\/2026\/02\/img_920x518uu2026-02-21-00-55-14-2422838-im-639072321302532426.jpg\",\"datePublished\":\"2026-02-21T07:27:00+00:00\",\"author\":{\"@id\":\"https:\/\/portaltela.pt\/#\/schema\/person\/c4278d4a6028830caff9ee44b42d32ed\"},\"breadcrumb\":{\"@id\":\"https:\/\/portaltela.pt\/noticias\/2026\/02\/21\/conflito-sobre-mecanismo-de-solidariedade-documentos-ao-tad-por-clubes-da-liga\/#breadcrumb\"},\"inLanguage\":\"pt-PT\",\"potentialAction\":[{\"@type\":\"ReadAction\",\"target\":[\"https:\/\/portaltela.pt\/noticias\/2026\/02\/21\/conflito-sobre-mecanismo-de-solidariedade-documentos-ao-tad-por-clubes-da-liga\/\"]}]},{\"@type\":\"ImageObject\",\"inLanguage\":\"pt-PT\",\"@id\":\"https:\/\/portaltela.pt\/noticias\/2026\/02\/21\/conflito-sobre-mecanismo-de-solidariedade-documentos-ao-tad-por-clubes-da-liga\/#primaryimage\",\"url\":\"https:\/\/portaltela.pt\/s.01k8rhncp4jt1\/2026\/02\/img_920x518uu2026-02-21-00-55-14-2422838-im-639072321302532426.jpg\",\"contentUrl\":\"https:\/\/portaltela.pt\/s.01k8rhncp4jt1\/2026\/02\/img_920x518uu2026-02-21-00-55-14-2422838-im-639072321302532426.jpg\",\"width\":796,\"height\":448,\"caption\":\"AG da Liga op\u00f4s-se \u00e0 distribu\u00ed\u00e7\u00e3o das verbas aos clubes da 2\u00aa Liga\"},{\"@type\":\"BreadcrumbList\",\"@id\":\"https:\/\/portaltela.pt\/noticias\/2026\/02\/21\/conflito-sobre-mecanismo-de-solidariedade-documentos-ao-tad-por-clubes-da-liga\/#breadcrumb\",\"itemListElement\":[{\"@type\":\"ListItem\",\"position\":1,\"name\":\"In\u00edcio\",\"item\":\"https:\/\/portaltela.pt\/\"},{\"@type\":\"ListItem\",\"position\":2,\"name\":\"Conflito sobre mecanismo de solidariedade: documentos ao TAD por clubes da Liga\"}]},{\"@type\":\"WebSite\",\"@id\":\"https:\/\/portaltela.pt\/#website\",\"url\":\"https:\/\/portaltela.pt\/\",\"name\":\"Portal Tela Portugal\",\"description\":\"\",\"potentialAction\":[{\"@type\":\"SearchAction\",\"target\":{\"@type\":\"EntryPoint\",\"urlTemplate\":\"https:\/\/portaltela.pt\/?s={search_term_string}\"},\"query-input\":{\"@type\":\"PropertyValueSpecification\",\"valueRequired\":true,\"valueName\":\"search_term_string\"}}],\"inLanguage\":\"pt-PT\"},{\"@type\":\"Person\",\"@id\":\"https:\/\/portaltela.pt\/#\/schema\/person\/c4278d4a6028830caff9ee44b42d32ed\",\"name\":\"Telinha\",\"image\":{\"@type\":\"ImageObject\",\"inLanguage\":\"pt-PT\",\"@id\":\"https:\/\/portaltela.pt\/s.01k8rhncp4jt1\/2025\/11\/talking-bot-125x125.png\",\"url\":\"https:\/\/portaltela.pt\/s.01k8rhncp4jt1\/2025\/11\/talking-bot-125x125.png\",\"contentUrl\":\"https:\/\/portaltela.pt\/s.01k8rhncp4jt1\/2025\/11\/talking-bot-125x125.png\",\"caption\":\"Telinha\"},\"sameAs\":[\"https:\/\/portaltela.pt\/\"],\"url\":\"https:\/\/portaltela.pt\/por\/367410592786\/\"}]}<\/script>\n<!-- \/ Yoast SEO plugin. -->","yoast_head_json":{"title":"Conflito sobre mecanismo de solidariedade: documentos ao TAD por clubes da Liga - Portal Tela Portugal","robots":{"index":"index","follow":"follow","max-snippet":"max-snippet:-1","max-image-preview":"max-image-preview:large","max-video-preview":"max-video-preview:-1"},"og_locale":"pt_PT","og_type":"article","og_title":"Conflito sobre mecanismo de solidariedade: documentos ao TAD por clubes da Liga - Portal Tela Portugal","og_description":"Emblemas da 2.\u00aa Liga \u2014 Uni\u00e3o de Leiria, Felgueiras e Vizela \u2014 entregaram recurso e provid\u00eancia cautelar no TAD para bloquear a distribui\u00e7\u00e3o do mecanismo de solidariedade da UEFA aos clubes da 1.\u00aa Liga, ap\u00f3s assembleias da Liga em fevereiro. Alegam falta de aprova\u00e7\u00e3o por maioria qualificada nas Assembleias Gerais de 6 de fevereiro e consideram inv\u00e1lidas as delibera\u00e7\u00f5es por n\u00e3o terem cumprido o qu\u00f3rum previsto. Argumentam que a decis\u00e3o de 27 de setembro de 2024 j\u00e1 conferia direitos e esperan\u00e7as aos clubes do segundo escal\u00e3o, tornando desnecess\u00e1rias novas vota\u00e7\u00f5es at\u00e9 2027. Questionam a possibilidade de retroagir a decis\u00f5es para a temporada 2025\/2026, o que, dizem, violaria a seguran\u00e7a jur\u00eddica e a confian\u00e7a dos clubes. Requerem a suspens\u00e3o imediata das delibera\u00e7\u00f5es de 06.02.2026, e que a primeira contrainteressada se abstenha de comunicar \u00e0 UEFA interpreta\u00e7\u00f5es divergentes da delibera\u00e7\u00e3o de 27 de setembro de 2024.","og_url":"https:\/\/portaltela.pt\/noticias\/2026\/02\/21\/conflito-sobre-mecanismo-de-solidariedade-documentos-ao-tad-por-clubes-da-liga\/","og_site_name":"Portal Tela Portugal","article_published_time":"2026-02-21T07:27:00+00:00","author":"Telinha","twitter_card":"summary_large_image","twitter_misc":{"Escrito por":"Telinha","Tempo estimado de leitura":"2 minutos"},"schema":{"@context":"https:\/\/schema.org","@graph":[{"@type":"Article","@id":"https:\/\/portaltela.pt\/noticias\/2026\/02\/21\/conflito-sobre-mecanismo-de-solidariedade-documentos-ao-tad-por-clubes-da-liga\/#article","isPartOf":{"@id":"https:\/\/portaltela.pt\/noticias\/2026\/02\/21\/conflito-sobre-mecanismo-de-solidariedade-documentos-ao-tad-por-clubes-da-liga\/"},"author":{"name":"Telinha","@id":"https:\/\/portaltela.pt\/#\/schema\/person\/c4278d4a6028830caff9ee44b42d32ed"},"headline":"Conflito sobre mecanismo de solidariedade: documentos ao TAD por clubes da Liga","datePublished":"2026-02-21T07:27:00+00:00","mainEntityOfPage":{"@id":"https:\/\/portaltela.pt\/noticias\/2026\/02\/21\/conflito-sobre-mecanismo-de-solidariedade-documentos-ao-tad-por-clubes-da-liga\/"},"wordCount":346,"image":{"@id":"https:\/\/portaltela.pt\/noticias\/2026\/02\/21\/conflito-sobre-mecanismo-de-solidariedade-documentos-ao-tad-por-clubes-da-liga\/#primaryimage"},"thumbnailUrl":"https:\/\/portaltela.pt\/s.01k8rhncp4jt1\/2026\/02\/img_920x518uu2026-02-21-00-55-14-2422838-im-639072321302532426.jpg","keywords":["2.\u00aa Liga","associa\u00e7\u00f5es desportivas","futebol","investiga\u00e7\u00e3o","Tribunais"],"articleSection":["Desporto","Futebol"],"inLanguage":"pt-PT"},{"@type":"WebPage","@id":"https:\/\/portaltela.pt\/noticias\/2026\/02\/21\/conflito-sobre-mecanismo-de-solidariedade-documentos-ao-tad-por-clubes-da-liga\/","url":"https:\/\/portaltela.pt\/noticias\/2026\/02\/21\/conflito-sobre-mecanismo-de-solidariedade-documentos-ao-tad-por-clubes-da-liga\/","name":"Conflito sobre mecanismo de solidariedade: documentos ao TAD por clubes da Liga - Portal Tela Portugal","isPartOf":{"@id":"https:\/\/portaltela.pt\/#website"},"primaryImageOfPage":{"@id":"https:\/\/portaltela.pt\/noticias\/2026\/02\/21\/conflito-sobre-mecanismo-de-solidariedade-documentos-ao-tad-por-clubes-da-liga\/#primaryimage"},"image":{"@id":"https:\/\/portaltela.pt\/noticias\/2026\/02\/21\/conflito-sobre-mecanismo-de-solidariedade-documentos-ao-tad-por-clubes-da-liga\/#primaryimage"},"thumbnailUrl":"https:\/\/portaltela.pt\/s.01k8rhncp4jt1\/2026\/02\/img_920x518uu2026-02-21-00-55-14-2422838-im-639072321302532426.jpg","datePublished":"2026-02-21T07:27:00+00:00","author":{"@id":"https:\/\/portaltela.pt\/#\/schema\/person\/c4278d4a6028830caff9ee44b42d32ed"},"breadcrumb":{"@id":"https:\/\/portaltela.pt\/noticias\/2026\/02\/21\/conflito-sobre-mecanismo-de-solidariedade-documentos-ao-tad-por-clubes-da-liga\/#breadcrumb"},"inLanguage":"pt-PT","potentialAction":[{"@type":"ReadAction","target":["https:\/\/portaltela.pt\/noticias\/2026\/02\/21\/conflito-sobre-mecanismo-de-solidariedade-documentos-ao-tad-por-clubes-da-liga\/"]}]},{"@type":"ImageObject","inLanguage":"pt-PT","@id":"https:\/\/portaltela.pt\/noticias\/2026\/02\/21\/conflito-sobre-mecanismo-de-solidariedade-documentos-ao-tad-por-clubes-da-liga\/#primaryimage","url":"https:\/\/portaltela.pt\/s.01k8rhncp4jt1\/2026\/02\/img_920x518uu2026-02-21-00-55-14-2422838-im-639072321302532426.jpg","contentUrl":"https:\/\/portaltela.pt\/s.01k8rhncp4jt1\/2026\/02\/img_920x518uu2026-02-21-00-55-14-2422838-im-639072321302532426.jpg","width":796,"height":448,"caption":"AG da Liga op\u00f4s-se \u00e0 distribu\u00ed\u00e7\u00e3o das verbas aos clubes da 2\u00aa Liga"},{"@type":"BreadcrumbList","@id":"https:\/\/portaltela.pt\/noticias\/2026\/02\/21\/conflito-sobre-mecanismo-de-solidariedade-documentos-ao-tad-por-clubes-da-liga\/#breadcrumb","itemListElement":[{"@type":"ListItem","position":1,"name":"In\u00edcio","item":"https:\/\/portaltela.pt\/"},{"@type":"ListItem","position":2,"name":"Conflito sobre mecanismo de solidariedade: documentos ao TAD por clubes da Liga"}]},{"@type":"WebSite","@id":"https:\/\/portaltela.pt\/#website","url":"https:\/\/portaltela.pt\/","name":"Portal Tela Portugal","description":"","potentialAction":[{"@type":"SearchAction","target":{"@type":"EntryPoint","urlTemplate":"https:\/\/portaltela.pt\/?s={search_term_string}"},"query-input":{"@type":"PropertyValueSpecification","valueRequired":true,"valueName":"search_term_string"}}],"inLanguage":"pt-PT"},{"@type":"Person","@id":"https:\/\/portaltela.pt\/#\/schema\/person\/c4278d4a6028830caff9ee44b42d32ed","name":"Telinha","image":{"@type":"ImageObject","inLanguage":"pt-PT","@id":"https:\/\/portaltela.pt\/s.01k8rhncp4jt1\/2025\/11\/talking-bot-125x125.png","url":"https:\/\/portaltela.pt\/s.01k8rhncp4jt1\/2025\/11\/talking-bot-125x125.png","contentUrl":"https:\/\/portaltela.pt\/s.01k8rhncp4jt1\/2025\/11\/talking-bot-125x125.png","caption":"Telinha"},"sameAs":["https:\/\/portaltela.pt\/"],"url":"https:\/\/portaltela.pt\/por\/367410592786\/"}]}},"_links":{"self":[{"href":"https:\/\/portaltela.pt\/api\/wp\/v2\/posts\/220258","targetHints":{"allow":["GET"]}}],"collection":[{"href":"https:\/\/portaltela.pt\/api\/wp\/v2\/posts"}],"about":[{"href":"https:\/\/portaltela.pt\/api\/wp\/v2\/types\/post"}],"author":[{"embeddable":true,"href":"https:\/\/portaltela.pt\/api\/wp\/v2\/users\/2"}],"replies":[{"embeddable":true,"href":"https:\/\/portaltela.pt\/api\/wp\/v2\/comments?post=220258"}],"version-history":[{"count":0,"href":"https:\/\/portaltela.pt\/api\/wp\/v2\/posts\/220258\/revisions"}],"wp:featuredmedia":[{"embeddable":true,"href":"https:\/\/portaltela.pt\/api\/wp\/v2\/media\/220259"}],"wp:attachment":[{"href":"https:\/\/portaltela.pt\/api\/wp\/v2\/media?parent=220258"}],"wp:term":[{"taxonomy":"category","embeddable":true,"href":"https:\/\/portaltela.pt\/api\/wp\/v2\/categories?post=220258"},{"taxonomy":"post_tag","embeddable":true,"href":"https:\/\/portaltela.pt\/api\/wp\/v2\/tags?post=220258"}],"curies":[{"name":"wp","href":"https:\/\/api.w.org\/{rel}","templated":true}]}}