{"id":220223,"date":"2026-02-21T02:31:00","date_gmt":"2026-02-21T05:31:00","guid":{"rendered":"https:\/\/portaltela.pt\/noticias\/2026\/02\/21\/volta-ao-algarve-sprinters-enfrentam-ultima-chance-na-4a-etapa\/"},"modified":"2026-02-21T02:31:00","modified_gmt":"2026-02-21T05:31:00","slug":"volta-ao-algarve-sprinters-enfrentam-ultima-chance-na-4a-etapa","status":"publish","type":"post","link":"https:\/\/portaltela.pt\/desporto\/2026\/02\/21\/volta-ao-algarve-sprinters-enfrentam-ultima-chance-na-4a-etapa\/","title":{"rendered":"Volta ao Algarve: Sprinters enfrentam \u00faltima chance na 4\u00aa etapa"},"content":{"rendered":"<p>Na Volta ao Algarve, a quarta etapa, em Lagos, representa a \u00faltima oportunidade para os sprinters se loggedarem na prova. A chegada dever\u00e1 favorecer os velocistas que ainda visam posi\u00e7\u00f5es na geral.<\/p>\n<p>O l\u00edder da classifica\u00e7\u00e3o \u00e9 o espanhol Juan Ayuso (Lidl-Trek), que entra na etapa vestindo o jersey amarelo. A equipa do atleta tem a responsabilidade de o manter na frente at\u00e9 ao final da tirada.<\/p>\n<p>A prova progride para Lagos com o objetivo de cumprir o tra\u00e7ado previsto, oferecendo poucas margens para ataques anteriores \u00e0 meta. A organiza\u00e7\u00e3o mant\u00e9m o planamento habitual para o dia de sprint.<\/p>\n<p>As equipas de sprint avaliam estrat\u00e9gias para a chegada em peleia, buscando manter ou ganhar tempo na geral. A quarta etapa pode redefinir posi\u00e7\u00f5es antes da derradeira jornada.<\/p>\n","protected":false},"excerpt":{"rendered":"<ul>\n<li>A quarta etapa da Volta ao Algarve, em Lagos, \u00e9 a \u00faltima oportunidade para os sprinters.<\/li>\n<li>O l\u00edder da classifica\u00e7\u00e3o geral, Juan Ayuso, da Lidl-Trek, parte vestindo o maillot amarelo.<\/li>\n<li>A prova foca-se nos sprints, com a meta situada na regi\u00e3o de Lagos.<\/li>\n<li>A 52.\u00aa edi\u00e7\u00e3o continua a reunir velocistas na luta pela vit\u00f3ria da etapa.<\/li>\n<\/ul>\n","protected":false},"author":2,"featured_media":220225,"comment_status":"closed","ping_status":"closed","sticky":false,"template":"","format":"standard","meta":{"footnotes":""},"categories":[21],"tags":[923,2463,3504,152,2303,6083],"class_list":["post-220223","post","type-post","status-publish","format-standard","has-post-thumbnail","hentry","category-desporto","tag-ciclismo","tag-competicao-internacional","tag-corridas","tag-desporto","tag-lagos","tag-lidl-trek"],"yoast_head":"<!-- This site is optimized with the Yoast SEO plugin v27.2 - https:\/\/yoast.com\/product\/yoast-seo-wordpress\/ -->\n<title>Volta ao Algarve: Sprinters enfrentam \u00faltima chance na 4\u00aa etapa - Portal Tela Portugal<\/title>\n<meta name=\"robots\" content=\"index, follow, max-snippet:-1, max-image-preview:large, max-video-preview:-1\" \/>\n<meta property=\"og:locale\" content=\"pt_PT\" \/>\n<meta property=\"og:type\" content=\"article\" \/>\n<meta property=\"og:title\" content=\"Volta ao Algarve: Sprinters enfrentam \u00faltima chance na 4\u00aa etapa - Portal Tela Portugal\" \/>\n<meta property=\"og:description\" content=\"A quarta etapa da Volta ao Algarve, em Lagos, \u00e9 a \u00faltima oportunidade para os sprinters. O l\u00edder da classifica\u00e7\u00e3o geral, Juan Ayuso, da Lidl-Trek, parte vestindo o maillot amarelo. A prova foca-se nos sprints, com a meta situada na regi\u00e3o de Lagos. A 52.\u00aa edi\u00e7\u00e3o continua a reunir velocistas na luta pela vit\u00f3ria da etapa.\" \/>\n<meta property=\"og:url\" content=\"https:\/\/portaltela.pt\/noticias\/2026\/02\/21\/volta-ao-algarve-sprinters-enfrentam-ultima-chance-na-4a-etapa\/\" \/>\n<meta property=\"og:site_name\" content=\"Portal Tela Portugal\" \/>\n<meta property=\"article:published_time\" content=\"2026-02-21T05:31:00+00:00\" \/>\n<meta name=\"author\" content=\"Telinha\" \/>\n<meta name=\"twitter:card\" content=\"summary_large_image\" \/>\n<meta name=\"twitter:label1\" content=\"Escrito por\" \/>\n\t<meta name=\"twitter:data1\" content=\"Telinha\" \/>\n\t<meta name=\"twitter:label2\" content=\"Tempo estimado de leitura\" \/>\n\t<meta name=\"twitter:data2\" content=\"1 minuto\" \/>\n<script type=\"application\/ld+json\" class=\"yoast-schema-graph\">{\"@context\":\"https:\/\/schema.org\",\"@graph\":[{\"@type\":\"Article\",\"@id\":\"https:\/\/portaltela.pt\/noticias\/2026\/02\/21\/volta-ao-algarve-sprinters-enfrentam-ultima-chance-na-4a-etapa\/#article\",\"isPartOf\":{\"@id\":\"https:\/\/portaltela.pt\/noticias\/2026\/02\/21\/volta-ao-algarve-sprinters-enfrentam-ultima-chance-na-4a-etapa\/\"},\"author\":{\"name\":\"Telinha\",\"@id\":\"https:\/\/portaltela.pt\/#\/schema\/person\/c4278d4a6028830caff9ee44b42d32ed\"},\"headline\":\"Volta ao Algarve: Sprinters enfrentam \u00faltima chance na 4\u00aa etapa\",\"datePublished\":\"2026-02-21T05:31:00+00:00\",\"mainEntityOfPage\":{\"@id\":\"https:\/\/portaltela.pt\/noticias\/2026\/02\/21\/volta-ao-algarve-sprinters-enfrentam-ultima-chance-na-4a-etapa\/\"},\"wordCount\":142,\"image\":{\"@id\":\"https:\/\/portaltela.pt\/noticias\/2026\/02\/21\/volta-ao-algarve-sprinters-enfrentam-ultima-chance-na-4a-etapa\/#primaryimage\"},\"thumbnailUrl\":\"https:\/\/portaltela.pt\/s.01k8rhncp4jt1\/2026\/02\/CACHE_780X1200_ANALOG_WATERMARKED_46609606_5716126_20022026060636.jpg\",\"keywords\":[\"ciclismo\",\"competi\u00e7\u00e3o internacional\",\"corridas\",\"desporto\",\"Lagos\",\"Lidl-Trek\"],\"articleSection\":[\"Desporto\"],\"inLanguage\":\"pt-PT\"},{\"@type\":\"WebPage\",\"@id\":\"https:\/\/portaltela.pt\/noticias\/2026\/02\/21\/volta-ao-algarve-sprinters-enfrentam-ultima-chance-na-4a-etapa\/\",\"url\":\"https:\/\/portaltela.pt\/noticias\/2026\/02\/21\/volta-ao-algarve-sprinters-enfrentam-ultima-chance-na-4a-etapa\/\",\"name\":\"Volta ao Algarve: Sprinters enfrentam \u00faltima chance na 4\u00aa etapa - Portal Tela Portugal\",\"isPartOf\":{\"@id\":\"https:\/\/portaltela.pt\/#website\"},\"primaryImageOfPage\":{\"@id\":\"https:\/\/portaltela.pt\/noticias\/2026\/02\/21\/volta-ao-algarve-sprinters-enfrentam-ultima-chance-na-4a-etapa\/#primaryimage\"},\"image\":{\"@id\":\"https:\/\/portaltela.pt\/noticias\/2026\/02\/21\/volta-ao-algarve-sprinters-enfrentam-ultima-chance-na-4a-etapa\/#primaryimage\"},\"thumbnailUrl\":\"https:\/\/portaltela.pt\/s.01k8rhncp4jt1\/2026\/02\/CACHE_780X1200_ANALOG_WATERMARKED_46609606_5716126_20022026060636.jpg\",\"datePublished\":\"2026-02-21T05:31:00+00:00\",\"author\":{\"@id\":\"https:\/\/portaltela.pt\/#\/schema\/person\/c4278d4a6028830caff9ee44b42d32ed\"},\"breadcrumb\":{\"@id\":\"https:\/\/portaltela.pt\/noticias\/2026\/02\/21\/volta-ao-algarve-sprinters-enfrentam-ultima-chance-na-4a-etapa\/#breadcrumb\"},\"inLanguage\":\"pt-PT\",\"potentialAction\":[{\"@type\":\"ReadAction\",\"target\":[\"https:\/\/portaltela.pt\/noticias\/2026\/02\/21\/volta-ao-algarve-sprinters-enfrentam-ultima-chance-na-4a-etapa\/\"]}]},{\"@type\":\"ImageObject\",\"inLanguage\":\"pt-PT\",\"@id\":\"https:\/\/portaltela.pt\/noticias\/2026\/02\/21\/volta-ao-algarve-sprinters-enfrentam-ultima-chance-na-4a-etapa\/#primaryimage\",\"url\":\"https:\/\/portaltela.pt\/s.01k8rhncp4jt1\/2026\/02\/CACHE_780X1200_ANALOG_WATERMARKED_46609606_5716126_20022026060636.jpg\",\"contentUrl\":\"https:\/\/portaltela.pt\/s.01k8rhncp4jt1\/2026\/02\/CACHE_780X1200_ANALOG_WATERMARKED_46609606_5716126_20022026060636.jpg\",\"width\":796,\"height\":448,\"caption\":\"Volta ao Algarve: Sprinters t\u00eam \u00faltima oportunidade na quarta etapa\"},{\"@type\":\"BreadcrumbList\",\"@id\":\"https:\/\/portaltela.pt\/noticias\/2026\/02\/21\/volta-ao-algarve-sprinters-enfrentam-ultima-chance-na-4a-etapa\/#breadcrumb\",\"itemListElement\":[{\"@type\":\"ListItem\",\"position\":1,\"name\":\"In\u00edcio\",\"item\":\"https:\/\/portaltela.pt\/\"},{\"@type\":\"ListItem\",\"position\":2,\"name\":\"Volta ao Algarve: Sprinters enfrentam \u00faltima chance na 4\u00aa etapa\"}]},{\"@type\":\"WebSite\",\"@id\":\"https:\/\/portaltela.pt\/#website\",\"url\":\"https:\/\/portaltela.pt\/\",\"name\":\"Portal Tela Portugal\",\"description\":\"\",\"potentialAction\":[{\"@type\":\"SearchAction\",\"target\":{\"@type\":\"EntryPoint\",\"urlTemplate\":\"https:\/\/portaltela.pt\/?s={search_term_string}\"},\"query-input\":{\"@type\":\"PropertyValueSpecification\",\"valueRequired\":true,\"valueName\":\"search_term_string\"}}],\"inLanguage\":\"pt-PT\"},{\"@type\":\"Person\",\"@id\":\"https:\/\/portaltela.pt\/#\/schema\/person\/c4278d4a6028830caff9ee44b42d32ed\",\"name\":\"Telinha\",\"image\":{\"@type\":\"ImageObject\",\"inLanguage\":\"pt-PT\",\"@id\":\"https:\/\/portaltela.pt\/s.01k8rhncp4jt1\/2025\/11\/talking-bot-125x125.png\",\"url\":\"https:\/\/portaltela.pt\/s.01k8rhncp4jt1\/2025\/11\/talking-bot-125x125.png\",\"contentUrl\":\"https:\/\/portaltela.pt\/s.01k8rhncp4jt1\/2025\/11\/talking-bot-125x125.png\",\"caption\":\"Telinha\"},\"sameAs\":[\"https:\/\/portaltela.pt\/\"],\"url\":\"https:\/\/portaltela.pt\/por\/367410592786\/\"}]}<\/script>\n<!-- \/ Yoast SEO plugin. -->","yoast_head_json":{"title":"Volta ao Algarve: Sprinters enfrentam \u00faltima chance na 4\u00aa etapa - Portal Tela Portugal","robots":{"index":"index","follow":"follow","max-snippet":"max-snippet:-1","max-image-preview":"max-image-preview:large","max-video-preview":"max-video-preview:-1"},"og_locale":"pt_PT","og_type":"article","og_title":"Volta ao Algarve: Sprinters enfrentam \u00faltima chance na 4\u00aa etapa - Portal Tela Portugal","og_description":"A quarta etapa da Volta ao Algarve, em Lagos, \u00e9 a \u00faltima oportunidade para os sprinters. O l\u00edder da classifica\u00e7\u00e3o geral, Juan Ayuso, da Lidl-Trek, parte vestindo o maillot amarelo. A prova foca-se nos sprints, com a meta situada na regi\u00e3o de Lagos. A 52.\u00aa edi\u00e7\u00e3o continua a reunir velocistas na luta pela vit\u00f3ria da etapa.","og_url":"https:\/\/portaltela.pt\/noticias\/2026\/02\/21\/volta-ao-algarve-sprinters-enfrentam-ultima-chance-na-4a-etapa\/","og_site_name":"Portal Tela Portugal","article_published_time":"2026-02-21T05:31:00+00:00","author":"Telinha","twitter_card":"summary_large_image","twitter_misc":{"Escrito por":"Telinha","Tempo estimado de leitura":"1 minuto"},"schema":{"@context":"https:\/\/schema.org","@graph":[{"@type":"Article","@id":"https:\/\/portaltela.pt\/noticias\/2026\/02\/21\/volta-ao-algarve-sprinters-enfrentam-ultima-chance-na-4a-etapa\/#article","isPartOf":{"@id":"https:\/\/portaltela.pt\/noticias\/2026\/02\/21\/volta-ao-algarve-sprinters-enfrentam-ultima-chance-na-4a-etapa\/"},"author":{"name":"Telinha","@id":"https:\/\/portaltela.pt\/#\/schema\/person\/c4278d4a6028830caff9ee44b42d32ed"},"headline":"Volta ao Algarve: Sprinters enfrentam \u00faltima chance na 4\u00aa etapa","datePublished":"2026-02-21T05:31:00+00:00","mainEntityOfPage":{"@id":"https:\/\/portaltela.pt\/noticias\/2026\/02\/21\/volta-ao-algarve-sprinters-enfrentam-ultima-chance-na-4a-etapa\/"},"wordCount":142,"image":{"@id":"https:\/\/portaltela.pt\/noticias\/2026\/02\/21\/volta-ao-algarve-sprinters-enfrentam-ultima-chance-na-4a-etapa\/#primaryimage"},"thumbnailUrl":"https:\/\/portaltela.pt\/s.01k8rhncp4jt1\/2026\/02\/CACHE_780X1200_ANALOG_WATERMARKED_46609606_5716126_20022026060636.jpg","keywords":["ciclismo","competi\u00e7\u00e3o internacional","corridas","desporto","Lagos","Lidl-Trek"],"articleSection":["Desporto"],"inLanguage":"pt-PT"},{"@type":"WebPage","@id":"https:\/\/portaltela.pt\/noticias\/2026\/02\/21\/volta-ao-algarve-sprinters-enfrentam-ultima-chance-na-4a-etapa\/","url":"https:\/\/portaltela.pt\/noticias\/2026\/02\/21\/volta-ao-algarve-sprinters-enfrentam-ultima-chance-na-4a-etapa\/","name":"Volta ao Algarve: Sprinters enfrentam \u00faltima chance na 4\u00aa etapa - Portal Tela Portugal","isPartOf":{"@id":"https:\/\/portaltela.pt\/#website"},"primaryImageOfPage":{"@id":"https:\/\/portaltela.pt\/noticias\/2026\/02\/21\/volta-ao-algarve-sprinters-enfrentam-ultima-chance-na-4a-etapa\/#primaryimage"},"image":{"@id":"https:\/\/portaltela.pt\/noticias\/2026\/02\/21\/volta-ao-algarve-sprinters-enfrentam-ultima-chance-na-4a-etapa\/#primaryimage"},"thumbnailUrl":"https:\/\/portaltela.pt\/s.01k8rhncp4jt1\/2026\/02\/CACHE_780X1200_ANALOG_WATERMARKED_46609606_5716126_20022026060636.jpg","datePublished":"2026-02-21T05:31:00+00:00","author":{"@id":"https:\/\/portaltela.pt\/#\/schema\/person\/c4278d4a6028830caff9ee44b42d32ed"},"breadcrumb":{"@id":"https:\/\/portaltela.pt\/noticias\/2026\/02\/21\/volta-ao-algarve-sprinters-enfrentam-ultima-chance-na-4a-etapa\/#breadcrumb"},"inLanguage":"pt-PT","potentialAction":[{"@type":"ReadAction","target":["https:\/\/portaltela.pt\/noticias\/2026\/02\/21\/volta-ao-algarve-sprinters-enfrentam-ultima-chance-na-4a-etapa\/"]}]},{"@type":"ImageObject","inLanguage":"pt-PT","@id":"https:\/\/portaltela.pt\/noticias\/2026\/02\/21\/volta-ao-algarve-sprinters-enfrentam-ultima-chance-na-4a-etapa\/#primaryimage","url":"https:\/\/portaltela.pt\/s.01k8rhncp4jt1\/2026\/02\/CACHE_780X1200_ANALOG_WATERMARKED_46609606_5716126_20022026060636.jpg","contentUrl":"https:\/\/portaltela.pt\/s.01k8rhncp4jt1\/2026\/02\/CACHE_780X1200_ANALOG_WATERMARKED_46609606_5716126_20022026060636.jpg","width":796,"height":448,"caption":"Volta ao Algarve: Sprinters t\u00eam \u00faltima oportunidade na quarta etapa"},{"@type":"BreadcrumbList","@id":"https:\/\/portaltela.pt\/noticias\/2026\/02\/21\/volta-ao-algarve-sprinters-enfrentam-ultima-chance-na-4a-etapa\/#breadcrumb","itemListElement":[{"@type":"ListItem","position":1,"name":"In\u00edcio","item":"https:\/\/portaltela.pt\/"},{"@type":"ListItem","position":2,"name":"Volta ao Algarve: Sprinters enfrentam \u00faltima chance na 4\u00aa etapa"}]},{"@type":"WebSite","@id":"https:\/\/portaltela.pt\/#website","url":"https:\/\/portaltela.pt\/","name":"Portal Tela Portugal","description":"","potentialAction":[{"@type":"SearchAction","target":{"@type":"EntryPoint","urlTemplate":"https:\/\/portaltela.pt\/?s={search_term_string}"},"query-input":{"@type":"PropertyValueSpecification","valueRequired":true,"valueName":"search_term_string"}}],"inLanguage":"pt-PT"},{"@type":"Person","@id":"https:\/\/portaltela.pt\/#\/schema\/person\/c4278d4a6028830caff9ee44b42d32ed","name":"Telinha","image":{"@type":"ImageObject","inLanguage":"pt-PT","@id":"https:\/\/portaltela.pt\/s.01k8rhncp4jt1\/2025\/11\/talking-bot-125x125.png","url":"https:\/\/portaltela.pt\/s.01k8rhncp4jt1\/2025\/11\/talking-bot-125x125.png","contentUrl":"https:\/\/portaltela.pt\/s.01k8rhncp4jt1\/2025\/11\/talking-bot-125x125.png","caption":"Telinha"},"sameAs":["https:\/\/portaltela.pt\/"],"url":"https:\/\/portaltela.pt\/por\/367410592786\/"}]}},"_links":{"self":[{"href":"https:\/\/portaltela.pt\/api\/wp\/v2\/posts\/220223","targetHints":{"allow":["GET"]}}],"collection":[{"href":"https:\/\/portaltela.pt\/api\/wp\/v2\/posts"}],"about":[{"href":"https:\/\/portaltela.pt\/api\/wp\/v2\/types\/post"}],"author":[{"embeddable":true,"href":"https:\/\/portaltela.pt\/api\/wp\/v2\/users\/2"}],"replies":[{"embeddable":true,"href":"https:\/\/portaltela.pt\/api\/wp\/v2\/comments?post=220223"}],"version-history":[{"count":0,"href":"https:\/\/portaltela.pt\/api\/wp\/v2\/posts\/220223\/revisions"}],"wp:featuredmedia":[{"embeddable":true,"href":"https:\/\/portaltela.pt\/api\/wp\/v2\/media\/220225"}],"wp:attachment":[{"href":"https:\/\/portaltela.pt\/api\/wp\/v2\/media?parent=220223"}],"wp:term":[{"taxonomy":"category","embeddable":true,"href":"https:\/\/portaltela.pt\/api\/wp\/v2\/categories?post=220223"},{"taxonomy":"post_tag","embeddable":true,"href":"https:\/\/portaltela.pt\/api\/wp\/v2\/tags?post=220223"}],"curies":[{"name":"wp","href":"https:\/\/api.w.org\/{rel}","templated":true}]}}