{"id":220200,"date":"2026-02-20T19:31:00","date_gmt":"2026-02-20T22:31:00","guid":{"rendered":"https:\/\/portaltela.pt\/noticias\/2026\/02\/20\/carneiro-ptrr-e-plano-de-intencoes-devia-ser-de-acao\/"},"modified":"2026-02-20T19:31:00","modified_gmt":"2026-02-20T22:31:00","slug":"carneiro-ptrr-e-plano-de-intencoes-devia-ser-de-acao","status":"publish","type":"post","link":"https:\/\/portaltela.pt\/noticias\/2026\/02\/20\/carneiro-ptrr-e-plano-de-intencoes-devia-ser-de-acao\/","title":{"rendered":"Carneiro: PTRR \u00e9 plano de inten\u00e7\u00f5es, devia ser de a\u00e7\u00e3o"},"content":{"rendered":"<p>Carneiro afirmou que o PTRR \u00e9 um plano de inten\u00e7\u00f5es, n\u00e3o de a\u00e7\u00e3o. A declara\u00e7\u00e3o foi proferida em contexto p\u00fablico nesta semana, durante as discuss\u00f5es sobre o tema.<\/p>\n<p>O conte\u00fado completo da an\u00e1lise est\u00e1 dispon\u00edvel apenas para subscritores, o que limita a possibilidade de verificar detalhes adicionais neste momento. A not\u00edcia n\u00e3o apresenta o texto integral.<\/p>\n<p>Segundo as palavras de Carneiro, a expectativa \u00e9 de que o PTRR avance para medidas concretas, em contraste com o que descreve como plano ainda vago. N\u00e3o foram avan\u00e7adas datas ou etapas espec\u00edficas.<\/p>\n<p>A posi\u00e7\u00e3o de Carneiro surge num momento de debate sobre o PTRR e as suas implica\u00e7\u00f5es para pol\u00edticas e a\u00e7\u00f5es futuras. O tema tem gerado rea\u00e7\u00f5es diversas entre especialistas e entidades envolvidas.<\/p>\n","protected":false},"excerpt":{"rendered":"<ul>\n<li>O jornalista Carneiro afirma que o PTRR \u00e9 um plano de inten\u00e7\u00f5es que j\u00e1 deveria ser de a\u00e7\u00e3o.<\/li>\n<li>A cr\u00edtica centra\u2011se na suposta falta de implementa\u00e7\u00e3o pr\u00e1tica do PTRR.<\/li>\n<li>A not\u00edcia enfatiza a diferen\u00e7a entre propostas e a\u00e7\u00f5es concretas.<\/li>\n<li>O conte\u00fado completo da mat\u00e9ria est\u00e1 dispon\u00edvel apenas para subscritores.<\/li>\n<li>Para ler, \u00e9 necess\u00e1rio entrar na conta (signin).<\/li>\n<\/ul>\n","protected":false},"author":2,"featured_media":220201,"comment_status":"closed","ping_status":"closed","sticky":false,"template":"","format":"standard","meta":{"footnotes":""},"categories":[1],"tags":[3225,5301,34,1734,2832,229],"class_list":["post-220200","post","type-post","status-publish","format-standard","has-post-thumbnail","hentry","category-noticias","tag-acoes-internacionais","tag-desenvolvimento-territorial","tag-governo","tag-planeamento-estrategico","tag-politica","tag-politica-publica"],"yoast_head":"<!-- This site is optimized with the Yoast SEO plugin v27.2 - https:\/\/yoast.com\/product\/yoast-seo-wordpress\/ -->\n<title>Carneiro: PTRR \u00e9 plano de inten\u00e7\u00f5es, devia ser de a\u00e7\u00e3o - Portal Tela Portugal<\/title>\n<meta name=\"robots\" content=\"index, follow, max-snippet:-1, max-image-preview:large, max-video-preview:-1\" \/>\n<meta property=\"og:locale\" content=\"pt_PT\" \/>\n<meta property=\"og:type\" content=\"article\" \/>\n<meta property=\"og:title\" content=\"Carneiro: PTRR \u00e9 plano de inten\u00e7\u00f5es, devia ser de a\u00e7\u00e3o - Portal Tela Portugal\" \/>\n<meta property=\"og:description\" content=\"O jornalista Carneiro afirma que o PTRR \u00e9 um plano de inten\u00e7\u00f5es que j\u00e1 deveria ser de a\u00e7\u00e3o. A cr\u00edtica centra\u2011se na suposta falta de implementa\u00e7\u00e3o pr\u00e1tica do PTRR. A not\u00edcia enfatiza a diferen\u00e7a entre propostas e a\u00e7\u00f5es concretas. O conte\u00fado completo da mat\u00e9ria est\u00e1 dispon\u00edvel apenas para subscritores. Para ler, \u00e9 necess\u00e1rio entrar na conta (signin).\" \/>\n<meta property=\"og:url\" content=\"https:\/\/portaltela.pt\/noticias\/2026\/02\/20\/carneiro-ptrr-e-plano-de-intencoes-devia-ser-de-acao\/\" \/>\n<meta property=\"og:site_name\" content=\"Portal Tela Portugal\" \/>\n<meta property=\"article:published_time\" content=\"2026-02-20T22:31:00+00:00\" \/>\n<meta name=\"author\" content=\"Telinha\" \/>\n<meta name=\"twitter:card\" content=\"summary_large_image\" \/>\n<meta name=\"twitter:label1\" content=\"Escrito por\" \/>\n\t<meta name=\"twitter:data1\" content=\"Telinha\" \/>\n\t<meta name=\"twitter:label2\" content=\"Tempo estimado de leitura\" \/>\n\t<meta name=\"twitter:data2\" content=\"1 minuto\" \/>\n<script type=\"application\/ld+json\" class=\"yoast-schema-graph\">{\"@context\":\"https:\/\/schema.org\",\"@graph\":[{\"@type\":\"Article\",\"@id\":\"https:\/\/portaltela.pt\/noticias\/2026\/02\/20\/carneiro-ptrr-e-plano-de-intencoes-devia-ser-de-acao\/#article\",\"isPartOf\":{\"@id\":\"https:\/\/portaltela.pt\/noticias\/2026\/02\/20\/carneiro-ptrr-e-plano-de-intencoes-devia-ser-de-acao\/\"},\"author\":{\"name\":\"Telinha\",\"@id\":\"https:\/\/portaltela.pt\/#\/schema\/person\/c4278d4a6028830caff9ee44b42d32ed\"},\"headline\":\"Carneiro: PTRR \u00e9 plano de inten\u00e7\u00f5es, devia ser de a\u00e7\u00e3o\",\"datePublished\":\"2026-02-20T22:31:00+00:00\",\"mainEntityOfPage\":{\"@id\":\"https:\/\/portaltela.pt\/noticias\/2026\/02\/20\/carneiro-ptrr-e-plano-de-intencoes-devia-ser-de-acao\/\"},\"wordCount\":149,\"image\":{\"@id\":\"https:\/\/portaltela.pt\/noticias\/2026\/02\/20\/carneiro-ptrr-e-plano-de-intencoes-devia-ser-de-acao\/#primaryimage\"},\"thumbnailUrl\":\"https:\/\/portaltela.pt\/s.01k8rhncp4jt1\/2026\/02\/CACHE_780X1200_ANALOG_WATERMARKED_46599795_4364701_19022026035245-1.jpg\",\"keywords\":[\"a\u00e7\u00f5es internacionais\",\"desenvolvimento territorial\",\"governo\",\"Planeamento Estrat\u00e9gico\",\"pol\u00edtica\",\"pol\u00edtica p\u00fablica\"],\"articleSection\":[\"Not\u00edcias\"],\"inLanguage\":\"pt-PT\"},{\"@type\":\"WebPage\",\"@id\":\"https:\/\/portaltela.pt\/noticias\/2026\/02\/20\/carneiro-ptrr-e-plano-de-intencoes-devia-ser-de-acao\/\",\"url\":\"https:\/\/portaltela.pt\/noticias\/2026\/02\/20\/carneiro-ptrr-e-plano-de-intencoes-devia-ser-de-acao\/\",\"name\":\"Carneiro: PTRR \u00e9 plano de inten\u00e7\u00f5es, devia ser de a\u00e7\u00e3o - Portal Tela Portugal\",\"isPartOf\":{\"@id\":\"https:\/\/portaltela.pt\/#website\"},\"primaryImageOfPage\":{\"@id\":\"https:\/\/portaltela.pt\/noticias\/2026\/02\/20\/carneiro-ptrr-e-plano-de-intencoes-devia-ser-de-acao\/#primaryimage\"},\"image\":{\"@id\":\"https:\/\/portaltela.pt\/noticias\/2026\/02\/20\/carneiro-ptrr-e-plano-de-intencoes-devia-ser-de-acao\/#primaryimage\"},\"thumbnailUrl\":\"https:\/\/portaltela.pt\/s.01k8rhncp4jt1\/2026\/02\/CACHE_780X1200_ANALOG_WATERMARKED_46599795_4364701_19022026035245-1.jpg\",\"datePublished\":\"2026-02-20T22:31:00+00:00\",\"author\":{\"@id\":\"https:\/\/portaltela.pt\/#\/schema\/person\/c4278d4a6028830caff9ee44b42d32ed\"},\"breadcrumb\":{\"@id\":\"https:\/\/portaltela.pt\/noticias\/2026\/02\/20\/carneiro-ptrr-e-plano-de-intencoes-devia-ser-de-acao\/#breadcrumb\"},\"inLanguage\":\"pt-PT\",\"potentialAction\":[{\"@type\":\"ReadAction\",\"target\":[\"https:\/\/portaltela.pt\/noticias\/2026\/02\/20\/carneiro-ptrr-e-plano-de-intencoes-devia-ser-de-acao\/\"]}]},{\"@type\":\"ImageObject\",\"inLanguage\":\"pt-PT\",\"@id\":\"https:\/\/portaltela.pt\/noticias\/2026\/02\/20\/carneiro-ptrr-e-plano-de-intencoes-devia-ser-de-acao\/#primaryimage\",\"url\":\"https:\/\/portaltela.pt\/s.01k8rhncp4jt1\/2026\/02\/CACHE_780X1200_ANALOG_WATERMARKED_46599795_4364701_19022026035245-1.jpg\",\"contentUrl\":\"https:\/\/portaltela.pt\/s.01k8rhncp4jt1\/2026\/02\/CACHE_780X1200_ANALOG_WATERMARKED_46599795_4364701_19022026035245-1.jpg\",\"width\":796,\"height\":448,\"caption\":\"PTRR \u00e9 plano de inten\u00e7\u00f5es quando j\u00e1 deveria ser de a\u00e7\u00e3o \u2013 Carneiro\"},{\"@type\":\"BreadcrumbList\",\"@id\":\"https:\/\/portaltela.pt\/noticias\/2026\/02\/20\/carneiro-ptrr-e-plano-de-intencoes-devia-ser-de-acao\/#breadcrumb\",\"itemListElement\":[{\"@type\":\"ListItem\",\"position\":1,\"name\":\"In\u00edcio\",\"item\":\"https:\/\/portaltela.pt\/\"},{\"@type\":\"ListItem\",\"position\":2,\"name\":\"Carneiro: PTRR \u00e9 plano de inten\u00e7\u00f5es, devia ser de a\u00e7\u00e3o\"}]},{\"@type\":\"WebSite\",\"@id\":\"https:\/\/portaltela.pt\/#website\",\"url\":\"https:\/\/portaltela.pt\/\",\"name\":\"Portal Tela Portugal\",\"description\":\"\",\"potentialAction\":[{\"@type\":\"SearchAction\",\"target\":{\"@type\":\"EntryPoint\",\"urlTemplate\":\"https:\/\/portaltela.pt\/?s={search_term_string}\"},\"query-input\":{\"@type\":\"PropertyValueSpecification\",\"valueRequired\":true,\"valueName\":\"search_term_string\"}}],\"inLanguage\":\"pt-PT\"},{\"@type\":\"Person\",\"@id\":\"https:\/\/portaltela.pt\/#\/schema\/person\/c4278d4a6028830caff9ee44b42d32ed\",\"name\":\"Telinha\",\"image\":{\"@type\":\"ImageObject\",\"inLanguage\":\"pt-PT\",\"@id\":\"https:\/\/portaltela.pt\/s.01k8rhncp4jt1\/2025\/11\/talking-bot-125x125.png\",\"url\":\"https:\/\/portaltela.pt\/s.01k8rhncp4jt1\/2025\/11\/talking-bot-125x125.png\",\"contentUrl\":\"https:\/\/portaltela.pt\/s.01k8rhncp4jt1\/2025\/11\/talking-bot-125x125.png\",\"caption\":\"Telinha\"},\"sameAs\":[\"https:\/\/portaltela.pt\/\"],\"url\":\"https:\/\/portaltela.pt\/por\/367410592786\/\"}]}<\/script>\n<!-- \/ Yoast SEO plugin. -->","yoast_head_json":{"title":"Carneiro: PTRR \u00e9 plano de inten\u00e7\u00f5es, devia ser de a\u00e7\u00e3o - Portal Tela Portugal","robots":{"index":"index","follow":"follow","max-snippet":"max-snippet:-1","max-image-preview":"max-image-preview:large","max-video-preview":"max-video-preview:-1"},"og_locale":"pt_PT","og_type":"article","og_title":"Carneiro: PTRR \u00e9 plano de inten\u00e7\u00f5es, devia ser de a\u00e7\u00e3o - Portal Tela Portugal","og_description":"O jornalista Carneiro afirma que o PTRR \u00e9 um plano de inten\u00e7\u00f5es que j\u00e1 deveria ser de a\u00e7\u00e3o. A cr\u00edtica centra\u2011se na suposta falta de implementa\u00e7\u00e3o pr\u00e1tica do PTRR. A not\u00edcia enfatiza a diferen\u00e7a entre propostas e a\u00e7\u00f5es concretas. O conte\u00fado completo da mat\u00e9ria est\u00e1 dispon\u00edvel apenas para subscritores. Para ler, \u00e9 necess\u00e1rio entrar na conta (signin).","og_url":"https:\/\/portaltela.pt\/noticias\/2026\/02\/20\/carneiro-ptrr-e-plano-de-intencoes-devia-ser-de-acao\/","og_site_name":"Portal Tela Portugal","article_published_time":"2026-02-20T22:31:00+00:00","author":"Telinha","twitter_card":"summary_large_image","twitter_misc":{"Escrito por":"Telinha","Tempo estimado de leitura":"1 minuto"},"schema":{"@context":"https:\/\/schema.org","@graph":[{"@type":"Article","@id":"https:\/\/portaltela.pt\/noticias\/2026\/02\/20\/carneiro-ptrr-e-plano-de-intencoes-devia-ser-de-acao\/#article","isPartOf":{"@id":"https:\/\/portaltela.pt\/noticias\/2026\/02\/20\/carneiro-ptrr-e-plano-de-intencoes-devia-ser-de-acao\/"},"author":{"name":"Telinha","@id":"https:\/\/portaltela.pt\/#\/schema\/person\/c4278d4a6028830caff9ee44b42d32ed"},"headline":"Carneiro: PTRR \u00e9 plano de inten\u00e7\u00f5es, devia ser de a\u00e7\u00e3o","datePublished":"2026-02-20T22:31:00+00:00","mainEntityOfPage":{"@id":"https:\/\/portaltela.pt\/noticias\/2026\/02\/20\/carneiro-ptrr-e-plano-de-intencoes-devia-ser-de-acao\/"},"wordCount":149,"image":{"@id":"https:\/\/portaltela.pt\/noticias\/2026\/02\/20\/carneiro-ptrr-e-plano-de-intencoes-devia-ser-de-acao\/#primaryimage"},"thumbnailUrl":"https:\/\/portaltela.pt\/s.01k8rhncp4jt1\/2026\/02\/CACHE_780X1200_ANALOG_WATERMARKED_46599795_4364701_19022026035245-1.jpg","keywords":["a\u00e7\u00f5es internacionais","desenvolvimento territorial","governo","Planeamento Estrat\u00e9gico","pol\u00edtica","pol\u00edtica p\u00fablica"],"articleSection":["Not\u00edcias"],"inLanguage":"pt-PT"},{"@type":"WebPage","@id":"https:\/\/portaltela.pt\/noticias\/2026\/02\/20\/carneiro-ptrr-e-plano-de-intencoes-devia-ser-de-acao\/","url":"https:\/\/portaltela.pt\/noticias\/2026\/02\/20\/carneiro-ptrr-e-plano-de-intencoes-devia-ser-de-acao\/","name":"Carneiro: PTRR \u00e9 plano de inten\u00e7\u00f5es, devia ser de a\u00e7\u00e3o - Portal Tela Portugal","isPartOf":{"@id":"https:\/\/portaltela.pt\/#website"},"primaryImageOfPage":{"@id":"https:\/\/portaltela.pt\/noticias\/2026\/02\/20\/carneiro-ptrr-e-plano-de-intencoes-devia-ser-de-acao\/#primaryimage"},"image":{"@id":"https:\/\/portaltela.pt\/noticias\/2026\/02\/20\/carneiro-ptrr-e-plano-de-intencoes-devia-ser-de-acao\/#primaryimage"},"thumbnailUrl":"https:\/\/portaltela.pt\/s.01k8rhncp4jt1\/2026\/02\/CACHE_780X1200_ANALOG_WATERMARKED_46599795_4364701_19022026035245-1.jpg","datePublished":"2026-02-20T22:31:00+00:00","author":{"@id":"https:\/\/portaltela.pt\/#\/schema\/person\/c4278d4a6028830caff9ee44b42d32ed"},"breadcrumb":{"@id":"https:\/\/portaltela.pt\/noticias\/2026\/02\/20\/carneiro-ptrr-e-plano-de-intencoes-devia-ser-de-acao\/#breadcrumb"},"inLanguage":"pt-PT","potentialAction":[{"@type":"ReadAction","target":["https:\/\/portaltela.pt\/noticias\/2026\/02\/20\/carneiro-ptrr-e-plano-de-intencoes-devia-ser-de-acao\/"]}]},{"@type":"ImageObject","inLanguage":"pt-PT","@id":"https:\/\/portaltela.pt\/noticias\/2026\/02\/20\/carneiro-ptrr-e-plano-de-intencoes-devia-ser-de-acao\/#primaryimage","url":"https:\/\/portaltela.pt\/s.01k8rhncp4jt1\/2026\/02\/CACHE_780X1200_ANALOG_WATERMARKED_46599795_4364701_19022026035245-1.jpg","contentUrl":"https:\/\/portaltela.pt\/s.01k8rhncp4jt1\/2026\/02\/CACHE_780X1200_ANALOG_WATERMARKED_46599795_4364701_19022026035245-1.jpg","width":796,"height":448,"caption":"PTRR \u00e9 plano de inten\u00e7\u00f5es quando j\u00e1 deveria ser de a\u00e7\u00e3o \u2013 Carneiro"},{"@type":"BreadcrumbList","@id":"https:\/\/portaltela.pt\/noticias\/2026\/02\/20\/carneiro-ptrr-e-plano-de-intencoes-devia-ser-de-acao\/#breadcrumb","itemListElement":[{"@type":"ListItem","position":1,"name":"In\u00edcio","item":"https:\/\/portaltela.pt\/"},{"@type":"ListItem","position":2,"name":"Carneiro: PTRR \u00e9 plano de inten\u00e7\u00f5es, devia ser de a\u00e7\u00e3o"}]},{"@type":"WebSite","@id":"https:\/\/portaltela.pt\/#website","url":"https:\/\/portaltela.pt\/","name":"Portal Tela Portugal","description":"","potentialAction":[{"@type":"SearchAction","target":{"@type":"EntryPoint","urlTemplate":"https:\/\/portaltela.pt\/?s={search_term_string}"},"query-input":{"@type":"PropertyValueSpecification","valueRequired":true,"valueName":"search_term_string"}}],"inLanguage":"pt-PT"},{"@type":"Person","@id":"https:\/\/portaltela.pt\/#\/schema\/person\/c4278d4a6028830caff9ee44b42d32ed","name":"Telinha","image":{"@type":"ImageObject","inLanguage":"pt-PT","@id":"https:\/\/portaltela.pt\/s.01k8rhncp4jt1\/2025\/11\/talking-bot-125x125.png","url":"https:\/\/portaltela.pt\/s.01k8rhncp4jt1\/2025\/11\/talking-bot-125x125.png","contentUrl":"https:\/\/portaltela.pt\/s.01k8rhncp4jt1\/2025\/11\/talking-bot-125x125.png","caption":"Telinha"},"sameAs":["https:\/\/portaltela.pt\/"],"url":"https:\/\/portaltela.pt\/por\/367410592786\/"}]}},"_links":{"self":[{"href":"https:\/\/portaltela.pt\/api\/wp\/v2\/posts\/220200","targetHints":{"allow":["GET"]}}],"collection":[{"href":"https:\/\/portaltela.pt\/api\/wp\/v2\/posts"}],"about":[{"href":"https:\/\/portaltela.pt\/api\/wp\/v2\/types\/post"}],"author":[{"embeddable":true,"href":"https:\/\/portaltela.pt\/api\/wp\/v2\/users\/2"}],"replies":[{"embeddable":true,"href":"https:\/\/portaltela.pt\/api\/wp\/v2\/comments?post=220200"}],"version-history":[{"count":0,"href":"https:\/\/portaltela.pt\/api\/wp\/v2\/posts\/220200\/revisions"}],"wp:featuredmedia":[{"embeddable":true,"href":"https:\/\/portaltela.pt\/api\/wp\/v2\/media\/220201"}],"wp:attachment":[{"href":"https:\/\/portaltela.pt\/api\/wp\/v2\/media?parent=220200"}],"wp:term":[{"taxonomy":"category","embeddable":true,"href":"https:\/\/portaltela.pt\/api\/wp\/v2\/categories?post=220200"},{"taxonomy":"post_tag","embeddable":true,"href":"https:\/\/portaltela.pt\/api\/wp\/v2\/tags?post=220200"}],"curies":[{"name":"wp","href":"https:\/\/api.w.org\/{rel}","templated":true}]}}