{"id":220189,"date":"2026-02-20T22:30:00","date_gmt":"2026-02-21T01:30:00","guid":{"rendered":"https:\/\/portaltela.pt\/noticias\/2026\/02\/20\/psp-quer-afastar-124-detidos-de-guerras-de-claques-dos-estadios\/"},"modified":"2026-02-20T22:30:00","modified_gmt":"2026-02-21T01:30:00","slug":"psp-quer-afastar-124-detidos-de-guerras-de-claques-dos-estadios","status":"publish","type":"post","link":"https:\/\/portaltela.pt\/noticias\/2026\/02\/20\/psp-quer-afastar-124-detidos-de-guerras-de-claques-dos-estadios\/","title":{"rendered":"PSP quer afastar 124 detidos de guerras de claques dos est\u00e1dios"},"content":{"rendered":"<p>Quase dia 5, a PSP informou que 124 detidos foram registados junto ao Est\u00e1dio Jos\u00e9 Alvalade, antes do jogo de futsal entre Benfica e Sporting no pavilh\u00e3o Jo\u00e3o Rocha, em Lisboa. A interven\u00e7\u00e3o visou evitar desordem no recinto desportivo.<\/p>\n<p>Entre os detidos, 63 oferecem alega\u00e7\u00f5es ao Benfica e 61 ao Sporting. O grupo de Benfiquistas, cerca de 70 elementos, integrou o subgrupo Casual, apontado pela PSP como de monitoriza\u00e7\u00e3o dif\u00edcil.<\/p>\n<p>A PSP sublinha que os incidentes come\u00e7aram na \u00e1rea do centro comercial Alval\u00e1xia, com incendiamento de pirotecnia na escadaria e agress\u00f5es a adeptos com s\u00edmbolos do Sporting. O objetivo \u00e9 evitar novos epis\u00f3dios no acesso aos est\u00e1dios.<\/p>\n<h3>Medidas previstas pela PSP<\/h3>\n<p>A autoridade pede que haja medidas judiciais ou administrativas para impedir a entrada destes detidos nos recintos desportivos, de modo a prevenir agravamentos da situa\u00e7\u00e3o.<\/p>\n<p>A investiga\u00e7\u00e3o, segundo a PSP, continua para apurar responsabilidades e consolidar o per\u00edmetro de seguran\u00e7a em pr\u00f3ximos eventos entre os dois clubes.<\/p>\n","protected":false},"excerpt":{"rendered":"<ul>\n<li>A Pol\u00edcia de Seguran\u00e7a P\u00fablica (PSP) deteve 124 pessoas junto ao Est\u00e1dio Jos\u00e9 Alvalade na noite de quinta-feira, antes do jogo de futsal entre Benfica e Sporting no pavilh\u00e3o Jo\u00e3o Rocha.<\/li>\n<li>Os detidos incluem 63 ligados ao Benfica e 61 ao Sporting, a maioria pertencente ao grupo Casual que gerou desordem durante o encontro.<\/li>\n<li>Cerca de 70 adeptos benfiquistas do grupo Casual, considerado dif\u00edcil de monitorizar pela PSP, podem ficar impedidos de entrar nos recintos desportivos.<\/li>\n<li>Os incidentes incluem explos\u00f5es de pirotecnia na escadaria do Centro Comercial Alval\u00e1xia e agress\u00f5es a apoiantes que exibiam s\u00edmbolos do Sporting.<\/li>\n<li>A PSP defende medidas judiciais ou administrativas para impedir a entrada destes indiv\u00edduos nos est\u00e1dios, face ao risco identificado.<\/li>\n<\/ul>\n","protected":false},"author":2,"featured_media":220191,"comment_status":"closed","ping_status":"closed","sticky":false,"template":"","format":"standard","meta":{"footnotes":""},"categories":[1],"tags":[2533,1946,2083,32,3418,1652],"class_list":["post-220189","post","type-post","status-publish","format-standard","has-post-thumbnail","hentry","category-noticias","tag-adeptos","tag-benfica","tag-desordem-publica","tag-futebol","tag-policia-de-seguranca-publica","tag-sporting"],"yoast_head":"<!-- This site is optimized with the Yoast SEO plugin v27.2 - https:\/\/yoast.com\/product\/yoast-seo-wordpress\/ -->\n<title>PSP quer afastar 124 detidos de guerras de claques dos est\u00e1dios - Portal Tela Portugal<\/title>\n<meta name=\"robots\" content=\"index, follow, max-snippet:-1, max-image-preview:large, max-video-preview:-1\" \/>\n<meta property=\"og:locale\" content=\"pt_PT\" \/>\n<meta property=\"og:type\" content=\"article\" \/>\n<meta property=\"og:title\" content=\"PSP quer afastar 124 detidos de guerras de claques dos est\u00e1dios - Portal Tela Portugal\" \/>\n<meta property=\"og:description\" content=\"A Pol\u00edcia de Seguran\u00e7a P\u00fablica (PSP) deteve 124 pessoas junto ao Est\u00e1dio Jos\u00e9 Alvalade na noite de quinta-feira, antes do jogo de futsal entre Benfica e Sporting no pavilh\u00e3o Jo\u00e3o Rocha. Os detidos incluem 63 ligados ao Benfica e 61 ao Sporting, a maioria pertencente ao grupo Casual que gerou desordem durante o encontro. Cerca de 70 adeptos benfiquistas do grupo Casual, considerado dif\u00edcil de monitorizar pela PSP, podem ficar impedidos de entrar nos recintos desportivos. Os incidentes incluem explos\u00f5es de pirotecnia na escadaria do Centro Comercial Alval\u00e1xia e agress\u00f5es a apoiantes que exibiam s\u00edmbolos do Sporting. A PSP defende medidas judiciais ou administrativas para impedir a entrada destes indiv\u00edduos nos est\u00e1dios, face ao risco identificado.\" \/>\n<meta property=\"og:url\" content=\"https:\/\/portaltela.pt\/noticias\/2026\/02\/20\/psp-quer-afastar-124-detidos-de-guerras-de-claques-dos-estadios\/\" \/>\n<meta property=\"og:site_name\" content=\"Portal Tela Portugal\" \/>\n<meta property=\"article:published_time\" content=\"2026-02-21T01:30:00+00:00\" \/>\n<meta name=\"author\" content=\"Telinha\" \/>\n<meta name=\"twitter:card\" content=\"summary_large_image\" \/>\n<meta name=\"twitter:label1\" content=\"Escrito por\" \/>\n\t<meta name=\"twitter:data1\" content=\"Telinha\" \/>\n\t<meta name=\"twitter:label2\" content=\"Tempo estimado de leitura\" \/>\n\t<meta name=\"twitter:data2\" content=\"1 minuto\" \/>\n<script type=\"application\/ld+json\" class=\"yoast-schema-graph\">{\"@context\":\"https:\/\/schema.org\",\"@graph\":[{\"@type\":\"Article\",\"@id\":\"https:\/\/portaltela.pt\/noticias\/2026\/02\/20\/psp-quer-afastar-124-detidos-de-guerras-de-claques-dos-estadios\/#article\",\"isPartOf\":{\"@id\":\"https:\/\/portaltela.pt\/noticias\/2026\/02\/20\/psp-quer-afastar-124-detidos-de-guerras-de-claques-dos-estadios\/\"},\"author\":{\"name\":\"Telinha\",\"@id\":\"https:\/\/portaltela.pt\/#\/schema\/person\/c4278d4a6028830caff9ee44b42d32ed\"},\"headline\":\"PSP quer afastar 124 detidos de guerras de claques dos est\u00e1dios\",\"datePublished\":\"2026-02-21T01:30:00+00:00\",\"mainEntityOfPage\":{\"@id\":\"https:\/\/portaltela.pt\/noticias\/2026\/02\/20\/psp-quer-afastar-124-detidos-de-guerras-de-claques-dos-estadios\/\"},\"wordCount\":181,\"image\":{\"@id\":\"https:\/\/portaltela.pt\/noticias\/2026\/02\/20\/psp-quer-afastar-124-detidos-de-guerras-de-claques-dos-estadios\/#primaryimage\"},\"thumbnailUrl\":\"https:\/\/portaltela.pt\/s.01k8rhncp4jt1\/2026\/02\/img_1280x721uu2026-02-20-14-42-59-2267928.jpg\",\"keywords\":[\"adeptos\",\"Benfica\",\"desordem p\u00fablica\",\"futebol\",\"Pol\u00edcia de Seguran\u00e7a P\u00fablica\",\"Sporting\"],\"articleSection\":[\"Not\u00edcias\"],\"inLanguage\":\"pt-PT\"},{\"@type\":\"WebPage\",\"@id\":\"https:\/\/portaltela.pt\/noticias\/2026\/02\/20\/psp-quer-afastar-124-detidos-de-guerras-de-claques-dos-estadios\/\",\"url\":\"https:\/\/portaltela.pt\/noticias\/2026\/02\/20\/psp-quer-afastar-124-detidos-de-guerras-de-claques-dos-estadios\/\",\"name\":\"PSP quer afastar 124 detidos de guerras de claques dos est\u00e1dios - Portal Tela Portugal\",\"isPartOf\":{\"@id\":\"https:\/\/portaltela.pt\/#website\"},\"primaryImageOfPage\":{\"@id\":\"https:\/\/portaltela.pt\/noticias\/2026\/02\/20\/psp-quer-afastar-124-detidos-de-guerras-de-claques-dos-estadios\/#primaryimage\"},\"image\":{\"@id\":\"https:\/\/portaltela.pt\/noticias\/2026\/02\/20\/psp-quer-afastar-124-detidos-de-guerras-de-claques-dos-estadios\/#primaryimage\"},\"thumbnailUrl\":\"https:\/\/portaltela.pt\/s.01k8rhncp4jt1\/2026\/02\/img_1280x721uu2026-02-20-14-42-59-2267928.jpg\",\"datePublished\":\"2026-02-21T01:30:00+00:00\",\"author\":{\"@id\":\"https:\/\/portaltela.pt\/#\/schema\/person\/c4278d4a6028830caff9ee44b42d32ed\"},\"breadcrumb\":{\"@id\":\"https:\/\/portaltela.pt\/noticias\/2026\/02\/20\/psp-quer-afastar-124-detidos-de-guerras-de-claques-dos-estadios\/#breadcrumb\"},\"inLanguage\":\"pt-PT\",\"potentialAction\":[{\"@type\":\"ReadAction\",\"target\":[\"https:\/\/portaltela.pt\/noticias\/2026\/02\/20\/psp-quer-afastar-124-detidos-de-guerras-de-claques-dos-estadios\/\"]}]},{\"@type\":\"ImageObject\",\"inLanguage\":\"pt-PT\",\"@id\":\"https:\/\/portaltela.pt\/noticias\/2026\/02\/20\/psp-quer-afastar-124-detidos-de-guerras-de-claques-dos-estadios\/#primaryimage\",\"url\":\"https:\/\/portaltela.pt\/s.01k8rhncp4jt1\/2026\/02\/img_1280x721uu2026-02-20-14-42-59-2267928.jpg\",\"contentUrl\":\"https:\/\/portaltela.pt\/s.01k8rhncp4jt1\/2026\/02\/img_1280x721uu2026-02-20-14-42-59-2267928.jpg\",\"width\":796,\"height\":448,\"caption\":\"Material apreendido pela PSP aos adeptos detidos dos dois clubes\"},{\"@type\":\"BreadcrumbList\",\"@id\":\"https:\/\/portaltela.pt\/noticias\/2026\/02\/20\/psp-quer-afastar-124-detidos-de-guerras-de-claques-dos-estadios\/#breadcrumb\",\"itemListElement\":[{\"@type\":\"ListItem\",\"position\":1,\"name\":\"In\u00edcio\",\"item\":\"https:\/\/portaltela.pt\/\"},{\"@type\":\"ListItem\",\"position\":2,\"name\":\"PSP quer afastar 124 detidos de guerras de claques dos est\u00e1dios\"}]},{\"@type\":\"WebSite\",\"@id\":\"https:\/\/portaltela.pt\/#website\",\"url\":\"https:\/\/portaltela.pt\/\",\"name\":\"Portal Tela Portugal\",\"description\":\"\",\"potentialAction\":[{\"@type\":\"SearchAction\",\"target\":{\"@type\":\"EntryPoint\",\"urlTemplate\":\"https:\/\/portaltela.pt\/?s={search_term_string}\"},\"query-input\":{\"@type\":\"PropertyValueSpecification\",\"valueRequired\":true,\"valueName\":\"search_term_string\"}}],\"inLanguage\":\"pt-PT\"},{\"@type\":\"Person\",\"@id\":\"https:\/\/portaltela.pt\/#\/schema\/person\/c4278d4a6028830caff9ee44b42d32ed\",\"name\":\"Telinha\",\"image\":{\"@type\":\"ImageObject\",\"inLanguage\":\"pt-PT\",\"@id\":\"https:\/\/portaltela.pt\/s.01k8rhncp4jt1\/2025\/11\/talking-bot-125x125.png\",\"url\":\"https:\/\/portaltela.pt\/s.01k8rhncp4jt1\/2025\/11\/talking-bot-125x125.png\",\"contentUrl\":\"https:\/\/portaltela.pt\/s.01k8rhncp4jt1\/2025\/11\/talking-bot-125x125.png\",\"caption\":\"Telinha\"},\"sameAs\":[\"https:\/\/portaltela.pt\/\"],\"url\":\"https:\/\/portaltela.pt\/por\/367410592786\/\"}]}<\/script>\n<!-- \/ Yoast SEO plugin. -->","yoast_head_json":{"title":"PSP quer afastar 124 detidos de guerras de claques dos est\u00e1dios - Portal Tela Portugal","robots":{"index":"index","follow":"follow","max-snippet":"max-snippet:-1","max-image-preview":"max-image-preview:large","max-video-preview":"max-video-preview:-1"},"og_locale":"pt_PT","og_type":"article","og_title":"PSP quer afastar 124 detidos de guerras de claques dos est\u00e1dios - Portal Tela Portugal","og_description":"A Pol\u00edcia de Seguran\u00e7a P\u00fablica (PSP) deteve 124 pessoas junto ao Est\u00e1dio Jos\u00e9 Alvalade na noite de quinta-feira, antes do jogo de futsal entre Benfica e Sporting no pavilh\u00e3o Jo\u00e3o Rocha. Os detidos incluem 63 ligados ao Benfica e 61 ao Sporting, a maioria pertencente ao grupo Casual que gerou desordem durante o encontro. Cerca de 70 adeptos benfiquistas do grupo Casual, considerado dif\u00edcil de monitorizar pela PSP, podem ficar impedidos de entrar nos recintos desportivos. Os incidentes incluem explos\u00f5es de pirotecnia na escadaria do Centro Comercial Alval\u00e1xia e agress\u00f5es a apoiantes que exibiam s\u00edmbolos do Sporting. A PSP defende medidas judiciais ou administrativas para impedir a entrada destes indiv\u00edduos nos est\u00e1dios, face ao risco identificado.","og_url":"https:\/\/portaltela.pt\/noticias\/2026\/02\/20\/psp-quer-afastar-124-detidos-de-guerras-de-claques-dos-estadios\/","og_site_name":"Portal Tela Portugal","article_published_time":"2026-02-21T01:30:00+00:00","author":"Telinha","twitter_card":"summary_large_image","twitter_misc":{"Escrito por":"Telinha","Tempo estimado de leitura":"1 minuto"},"schema":{"@context":"https:\/\/schema.org","@graph":[{"@type":"Article","@id":"https:\/\/portaltela.pt\/noticias\/2026\/02\/20\/psp-quer-afastar-124-detidos-de-guerras-de-claques-dos-estadios\/#article","isPartOf":{"@id":"https:\/\/portaltela.pt\/noticias\/2026\/02\/20\/psp-quer-afastar-124-detidos-de-guerras-de-claques-dos-estadios\/"},"author":{"name":"Telinha","@id":"https:\/\/portaltela.pt\/#\/schema\/person\/c4278d4a6028830caff9ee44b42d32ed"},"headline":"PSP quer afastar 124 detidos de guerras de claques dos est\u00e1dios","datePublished":"2026-02-21T01:30:00+00:00","mainEntityOfPage":{"@id":"https:\/\/portaltela.pt\/noticias\/2026\/02\/20\/psp-quer-afastar-124-detidos-de-guerras-de-claques-dos-estadios\/"},"wordCount":181,"image":{"@id":"https:\/\/portaltela.pt\/noticias\/2026\/02\/20\/psp-quer-afastar-124-detidos-de-guerras-de-claques-dos-estadios\/#primaryimage"},"thumbnailUrl":"https:\/\/portaltela.pt\/s.01k8rhncp4jt1\/2026\/02\/img_1280x721uu2026-02-20-14-42-59-2267928.jpg","keywords":["adeptos","Benfica","desordem p\u00fablica","futebol","Pol\u00edcia de Seguran\u00e7a P\u00fablica","Sporting"],"articleSection":["Not\u00edcias"],"inLanguage":"pt-PT"},{"@type":"WebPage","@id":"https:\/\/portaltela.pt\/noticias\/2026\/02\/20\/psp-quer-afastar-124-detidos-de-guerras-de-claques-dos-estadios\/","url":"https:\/\/portaltela.pt\/noticias\/2026\/02\/20\/psp-quer-afastar-124-detidos-de-guerras-de-claques-dos-estadios\/","name":"PSP quer afastar 124 detidos de guerras de claques dos est\u00e1dios - Portal Tela Portugal","isPartOf":{"@id":"https:\/\/portaltela.pt\/#website"},"primaryImageOfPage":{"@id":"https:\/\/portaltela.pt\/noticias\/2026\/02\/20\/psp-quer-afastar-124-detidos-de-guerras-de-claques-dos-estadios\/#primaryimage"},"image":{"@id":"https:\/\/portaltela.pt\/noticias\/2026\/02\/20\/psp-quer-afastar-124-detidos-de-guerras-de-claques-dos-estadios\/#primaryimage"},"thumbnailUrl":"https:\/\/portaltela.pt\/s.01k8rhncp4jt1\/2026\/02\/img_1280x721uu2026-02-20-14-42-59-2267928.jpg","datePublished":"2026-02-21T01:30:00+00:00","author":{"@id":"https:\/\/portaltela.pt\/#\/schema\/person\/c4278d4a6028830caff9ee44b42d32ed"},"breadcrumb":{"@id":"https:\/\/portaltela.pt\/noticias\/2026\/02\/20\/psp-quer-afastar-124-detidos-de-guerras-de-claques-dos-estadios\/#breadcrumb"},"inLanguage":"pt-PT","potentialAction":[{"@type":"ReadAction","target":["https:\/\/portaltela.pt\/noticias\/2026\/02\/20\/psp-quer-afastar-124-detidos-de-guerras-de-claques-dos-estadios\/"]}]},{"@type":"ImageObject","inLanguage":"pt-PT","@id":"https:\/\/portaltela.pt\/noticias\/2026\/02\/20\/psp-quer-afastar-124-detidos-de-guerras-de-claques-dos-estadios\/#primaryimage","url":"https:\/\/portaltela.pt\/s.01k8rhncp4jt1\/2026\/02\/img_1280x721uu2026-02-20-14-42-59-2267928.jpg","contentUrl":"https:\/\/portaltela.pt\/s.01k8rhncp4jt1\/2026\/02\/img_1280x721uu2026-02-20-14-42-59-2267928.jpg","width":796,"height":448,"caption":"Material apreendido pela PSP aos adeptos detidos dos dois clubes"},{"@type":"BreadcrumbList","@id":"https:\/\/portaltela.pt\/noticias\/2026\/02\/20\/psp-quer-afastar-124-detidos-de-guerras-de-claques-dos-estadios\/#breadcrumb","itemListElement":[{"@type":"ListItem","position":1,"name":"In\u00edcio","item":"https:\/\/portaltela.pt\/"},{"@type":"ListItem","position":2,"name":"PSP quer afastar 124 detidos de guerras de claques dos est\u00e1dios"}]},{"@type":"WebSite","@id":"https:\/\/portaltela.pt\/#website","url":"https:\/\/portaltela.pt\/","name":"Portal Tela Portugal","description":"","potentialAction":[{"@type":"SearchAction","target":{"@type":"EntryPoint","urlTemplate":"https:\/\/portaltela.pt\/?s={search_term_string}"},"query-input":{"@type":"PropertyValueSpecification","valueRequired":true,"valueName":"search_term_string"}}],"inLanguage":"pt-PT"},{"@type":"Person","@id":"https:\/\/portaltela.pt\/#\/schema\/person\/c4278d4a6028830caff9ee44b42d32ed","name":"Telinha","image":{"@type":"ImageObject","inLanguage":"pt-PT","@id":"https:\/\/portaltela.pt\/s.01k8rhncp4jt1\/2025\/11\/talking-bot-125x125.png","url":"https:\/\/portaltela.pt\/s.01k8rhncp4jt1\/2025\/11\/talking-bot-125x125.png","contentUrl":"https:\/\/portaltela.pt\/s.01k8rhncp4jt1\/2025\/11\/talking-bot-125x125.png","caption":"Telinha"},"sameAs":["https:\/\/portaltela.pt\/"],"url":"https:\/\/portaltela.pt\/por\/367410592786\/"}]}},"_links":{"self":[{"href":"https:\/\/portaltela.pt\/api\/wp\/v2\/posts\/220189","targetHints":{"allow":["GET"]}}],"collection":[{"href":"https:\/\/portaltela.pt\/api\/wp\/v2\/posts"}],"about":[{"href":"https:\/\/portaltela.pt\/api\/wp\/v2\/types\/post"}],"author":[{"embeddable":true,"href":"https:\/\/portaltela.pt\/api\/wp\/v2\/users\/2"}],"replies":[{"embeddable":true,"href":"https:\/\/portaltela.pt\/api\/wp\/v2\/comments?post=220189"}],"version-history":[{"count":0,"href":"https:\/\/portaltela.pt\/api\/wp\/v2\/posts\/220189\/revisions"}],"wp:featuredmedia":[{"embeddable":true,"href":"https:\/\/portaltela.pt\/api\/wp\/v2\/media\/220191"}],"wp:attachment":[{"href":"https:\/\/portaltela.pt\/api\/wp\/v2\/media?parent=220189"}],"wp:term":[{"taxonomy":"category","embeddable":true,"href":"https:\/\/portaltela.pt\/api\/wp\/v2\/categories?post=220189"},{"taxonomy":"post_tag","embeddable":true,"href":"https:\/\/portaltela.pt\/api\/wp\/v2\/tags?post=220189"}],"curies":[{"name":"wp","href":"https:\/\/api.w.org\/{rel}","templated":true}]}}