{"id":220174,"date":"2026-02-20T22:30:00","date_gmt":"2026-02-21T01:30:00","guid":{"rendered":"https:\/\/portaltela.pt\/noticias\/2026\/02\/20\/tres-deputados-ameacam-deixar-o-psd-e-tornar-se-independentes\/"},"modified":"2026-02-20T22:30:00","modified_gmt":"2026-02-21T01:30:00","slug":"tres-deputados-ameacam-deixar-o-psd-e-tornar-se-independentes","status":"publish","type":"post","link":"https:\/\/portaltela.pt\/noticias\/politica\/2026\/02\/20\/tres-deputados-ameacam-deixar-o-psd-e-tornar-se-independentes\/","title":{"rendered":"Tr\u00eas deputados amea\u00e7am deixar o PSD e tornar-se independentes"},"content":{"rendered":"<p>Tr\u00eas deputados do PSD eleitos pela Madeira amea\u00e7am abandonar a bancada ap\u00f3s terem furado a disciplina partid\u00e1ria, votando a favor de novas regras para o subs\u00eddio social de mobilidade (SSM). A amea\u00e7a foi dirigida pelo l\u00edder do PSD regional, na sequ\u00eancia de incidentes na vota\u00e7\u00e3o sobre as mudan\u00e7as no SSM. O pa\u00eds debate as implica\u00e7\u00f5es da decis\u00e3o para a viabilidade das viagens entre regi\u00f5es.<\/p>\n<p>Miguel Albuquerque, presidente do Governo da Madeira e l\u00edder do PSD regional, descreveu a manobra como uma \u201camea\u00e7a s\u00e9ria\u201d \u00e0 unidade do partido. Em declara\u00e7\u00f5es feitas nesta sexta-feira, lamentou o epis\u00f3dio e afirmou que a situa\u00e7\u00e3o n\u00e3o pode repetir-se.Observou que a defesa da Madeira n\u00e3o pode ficar dependente de atos de quem n\u00e3o respeita a disciplina.<\/p>\n<p>A frente de deputados em causa inclui Paulo Moniz, Francisco Pimentel e Nuna Menezes, eleitos pelos A\u00e7ores, bem como Pedro Coelho, V\u00e2nia Jesus e Paulo Neves, eleitos pela Madeira. Todos votaram a favor de propostas de lei apresentadas pelos parlamentos regionais para dispensar a exig\u00eancia de situa\u00e7\u00e3o contributiva regularizada no acesso ao SSM para viagens a\u00e9reas.<\/p>\n<h3>Mudan\u00e7as ao subs\u00eddio de mobilidade<\/h3>\n<p>O grupo defendia que o SSM passe a autorizar viagens sem comprova\u00e7\u00e3o regular de contributividade, alterando condi\u00e7\u00f5es de acesso. A vota\u00e7\u00e3o ocorreu em contexto de debates sobre a distribui\u00e7\u00e3o de subs\u00eddios a residentes que circulam entre regi\u00f5es para cumprir compromissos laborais. A posi\u00e7\u00e3o dos deputados deixou em aberto a perspetiva de novas modera\u00e7\u00f5es ao regime vigente.<\/p>\n","protected":false},"excerpt":{"rendered":"<ul>\n<li>Tr\u00eas deputados do PSD eleitos pela Madeira amea\u00e7am abandonar a bancada ap\u00f3s terem votado a favor de altera\u00e7\u00f5es ao subs\u00eddio social de mobilidade, viabilizando novas regras para viagens a\u00e9reas.<\/li>\n<li>Os votos permitiram dispensar a exig\u00eancia de situa\u00e7\u00e3o contributiva regularizada para acesso ao subs\u00eddio.<\/li>\n<li>Os democratas sociais envolvidos s\u00e3o Pedro Coelho, V\u00e2nia Jesus e Paulo Neves (Madeira) e Paulo Moniz, Francisco Pimentel e Nuna Menezes (A\u00e7ores).<\/li>\n<li>O presidente do Governo da Madeira, Miguel Albuquerque, qualificou a amea\u00e7a de s\u00e9ria e disse que, se houver san\u00e7\u00f5es, os deputados passam a independentes.<\/li>\n<li>Albuquerque criticou a atua\u00e7\u00e3o da dire\u00e7\u00e3o do grupo parlamentar e do l\u00edder parlamentar do PSD, considerando o discurso da sess\u00e3o anterior arrogante e centralista.<\/li>\n<\/ul>\n","protected":false},"author":2,"featured_media":220182,"comment_status":"closed","ping_status":"closed","sticky":false,"template":"","format":"standard","meta":{"footnotes":""},"categories":[1,5],"tags":[822,859,2110,2832,3695,2575],"class_list":["post-220174","post","type-post","status-publish","format-standard","has-post-thumbnail","hentry","category-noticias","category-politica","tag-acores","tag-madeira","tag-mobilidade","tag-politica","tag-psd","tag-subsidio-social"],"yoast_head":"<!-- This site is optimized with the Yoast SEO plugin v27.2 - https:\/\/yoast.com\/product\/yoast-seo-wordpress\/ -->\n<title>Tr\u00eas deputados amea\u00e7am deixar o PSD e tornar-se independentes - Portal Tela Portugal<\/title>\n<meta name=\"robots\" content=\"index, follow, max-snippet:-1, max-image-preview:large, max-video-preview:-1\" \/>\n<meta property=\"og:locale\" content=\"pt_PT\" \/>\n<meta property=\"og:type\" content=\"article\" \/>\n<meta property=\"og:title\" content=\"Tr\u00eas deputados amea\u00e7am deixar o PSD e tornar-se independentes - Portal Tela Portugal\" \/>\n<meta property=\"og:description\" content=\"Tr\u00eas deputados do PSD eleitos pela Madeira amea\u00e7am abandonar a bancada ap\u00f3s terem votado a favor de altera\u00e7\u00f5es ao subs\u00eddio social de mobilidade, viabilizando novas regras para viagens a\u00e9reas. Os votos permitiram dispensar a exig\u00eancia de situa\u00e7\u00e3o contributiva regularizada para acesso ao subs\u00eddio. Os democratas sociais envolvidos s\u00e3o Pedro Coelho, V\u00e2nia Jesus e Paulo Neves (Madeira) e Paulo Moniz, Francisco Pimentel e Nuna Menezes (A\u00e7ores). O presidente do Governo da Madeira, Miguel Albuquerque, qualificou a amea\u00e7a de s\u00e9ria e disse que, se houver san\u00e7\u00f5es, os deputados passam a independentes. Albuquerque criticou a atua\u00e7\u00e3o da dire\u00e7\u00e3o do grupo parlamentar e do l\u00edder parlamentar do PSD, considerando o discurso da sess\u00e3o anterior arrogante e centralista.\" \/>\n<meta property=\"og:url\" content=\"https:\/\/portaltela.pt\/noticias\/2026\/02\/20\/tres-deputados-ameacam-deixar-o-psd-e-tornar-se-independentes\/\" \/>\n<meta property=\"og:site_name\" content=\"Portal Tela Portugal\" \/>\n<meta property=\"article:published_time\" content=\"2026-02-21T01:30:00+00:00\" \/>\n<meta name=\"author\" content=\"Telinha\" \/>\n<meta name=\"twitter:card\" content=\"summary_large_image\" \/>\n<meta name=\"twitter:label1\" content=\"Escrito por\" \/>\n\t<meta name=\"twitter:data1\" content=\"Telinha\" \/>\n\t<meta name=\"twitter:label2\" content=\"Tempo estimado de leitura\" \/>\n\t<meta name=\"twitter:data2\" content=\"1 minuto\" \/>\n<script type=\"application\/ld+json\" class=\"yoast-schema-graph\">{\"@context\":\"https:\/\/schema.org\",\"@graph\":[{\"@type\":\"Article\",\"@id\":\"https:\/\/portaltela.pt\/noticias\/2026\/02\/20\/tres-deputados-ameacam-deixar-o-psd-e-tornar-se-independentes\/#article\",\"isPartOf\":{\"@id\":\"https:\/\/portaltela.pt\/noticias\/2026\/02\/20\/tres-deputados-ameacam-deixar-o-psd-e-tornar-se-independentes\/\"},\"author\":{\"name\":\"Telinha\",\"@id\":\"https:\/\/portaltela.pt\/#\/schema\/person\/c4278d4a6028830caff9ee44b42d32ed\"},\"headline\":\"Tr\u00eas deputados amea\u00e7am deixar o PSD e tornar-se independentes\",\"datePublished\":\"2026-02-21T01:30:00+00:00\",\"mainEntityOfPage\":{\"@id\":\"https:\/\/portaltela.pt\/noticias\/2026\/02\/20\/tres-deputados-ameacam-deixar-o-psd-e-tornar-se-independentes\/\"},\"wordCount\":286,\"image\":{\"@id\":\"https:\/\/portaltela.pt\/noticias\/2026\/02\/20\/tres-deputados-ameacam-deixar-o-psd-e-tornar-se-independentes\/#primaryimage\"},\"thumbnailUrl\":\"https:\/\/portaltela.pt\/s.01k8rhncp4jt1\/2026\/02\/img_1500x1000uu2026-02-20-16-22-48-2267966.jpg\",\"keywords\":[\"A\u00e7ores\",\"Madeira\",\"mobilidade\",\"pol\u00edtica\",\"PSD\",\"Subs\u00eddio Social\"],\"articleSection\":[\"Not\u00edcias\",\"Pol\u00edtica\"],\"inLanguage\":\"pt-PT\"},{\"@type\":\"WebPage\",\"@id\":\"https:\/\/portaltela.pt\/noticias\/2026\/02\/20\/tres-deputados-ameacam-deixar-o-psd-e-tornar-se-independentes\/\",\"url\":\"https:\/\/portaltela.pt\/noticias\/2026\/02\/20\/tres-deputados-ameacam-deixar-o-psd-e-tornar-se-independentes\/\",\"name\":\"Tr\u00eas deputados amea\u00e7am deixar o PSD e tornar-se independentes - Portal Tela Portugal\",\"isPartOf\":{\"@id\":\"https:\/\/portaltela.pt\/#website\"},\"primaryImageOfPage\":{\"@id\":\"https:\/\/portaltela.pt\/noticias\/2026\/02\/20\/tres-deputados-ameacam-deixar-o-psd-e-tornar-se-independentes\/#primaryimage\"},\"image\":{\"@id\":\"https:\/\/portaltela.pt\/noticias\/2026\/02\/20\/tres-deputados-ameacam-deixar-o-psd-e-tornar-se-independentes\/#primaryimage\"},\"thumbnailUrl\":\"https:\/\/portaltela.pt\/s.01k8rhncp4jt1\/2026\/02\/img_1500x1000uu2026-02-20-16-22-48-2267966.jpg\",\"datePublished\":\"2026-02-21T01:30:00+00:00\",\"author\":{\"@id\":\"https:\/\/portaltela.pt\/#\/schema\/person\/c4278d4a6028830caff9ee44b42d32ed\"},\"breadcrumb\":{\"@id\":\"https:\/\/portaltela.pt\/noticias\/2026\/02\/20\/tres-deputados-ameacam-deixar-o-psd-e-tornar-se-independentes\/#breadcrumb\"},\"inLanguage\":\"pt-PT\",\"potentialAction\":[{\"@type\":\"ReadAction\",\"target\":[\"https:\/\/portaltela.pt\/noticias\/2026\/02\/20\/tres-deputados-ameacam-deixar-o-psd-e-tornar-se-independentes\/\"]}]},{\"@type\":\"ImageObject\",\"inLanguage\":\"pt-PT\",\"@id\":\"https:\/\/portaltela.pt\/noticias\/2026\/02\/20\/tres-deputados-ameacam-deixar-o-psd-e-tornar-se-independentes\/#primaryimage\",\"url\":\"https:\/\/portaltela.pt\/s.01k8rhncp4jt1\/2026\/02\/img_1500x1000uu2026-02-20-16-22-48-2267966.jpg\",\"contentUrl\":\"https:\/\/portaltela.pt\/s.01k8rhncp4jt1\/2026\/02\/img_1500x1000uu2026-02-20-16-22-48-2267966.jpg\",\"width\":796,\"height\":448,\"caption\":\"Deputados do PSD aplaudem em sess\u00e3o parlamentar, face a poss\u00edvel sa\u00edda de colegas para se tornarem independentes\"},{\"@type\":\"BreadcrumbList\",\"@id\":\"https:\/\/portaltela.pt\/noticias\/2026\/02\/20\/tres-deputados-ameacam-deixar-o-psd-e-tornar-se-independentes\/#breadcrumb\",\"itemListElement\":[{\"@type\":\"ListItem\",\"position\":1,\"name\":\"In\u00edcio\",\"item\":\"https:\/\/portaltela.pt\/\"},{\"@type\":\"ListItem\",\"position\":2,\"name\":\"Tr\u00eas deputados amea\u00e7am deixar o PSD e tornar-se independentes\"}]},{\"@type\":\"WebSite\",\"@id\":\"https:\/\/portaltela.pt\/#website\",\"url\":\"https:\/\/portaltela.pt\/\",\"name\":\"Portal Tela Portugal\",\"description\":\"\",\"potentialAction\":[{\"@type\":\"SearchAction\",\"target\":{\"@type\":\"EntryPoint\",\"urlTemplate\":\"https:\/\/portaltela.pt\/?s={search_term_string}\"},\"query-input\":{\"@type\":\"PropertyValueSpecification\",\"valueRequired\":true,\"valueName\":\"search_term_string\"}}],\"inLanguage\":\"pt-PT\"},{\"@type\":\"Person\",\"@id\":\"https:\/\/portaltela.pt\/#\/schema\/person\/c4278d4a6028830caff9ee44b42d32ed\",\"name\":\"Telinha\",\"image\":{\"@type\":\"ImageObject\",\"inLanguage\":\"pt-PT\",\"@id\":\"https:\/\/portaltela.pt\/s.01k8rhncp4jt1\/2025\/11\/talking-bot-125x125.png\",\"url\":\"https:\/\/portaltela.pt\/s.01k8rhncp4jt1\/2025\/11\/talking-bot-125x125.png\",\"contentUrl\":\"https:\/\/portaltela.pt\/s.01k8rhncp4jt1\/2025\/11\/talking-bot-125x125.png\",\"caption\":\"Telinha\"},\"sameAs\":[\"https:\/\/portaltela.pt\/\"],\"url\":\"https:\/\/portaltela.pt\/por\/367410592786\/\"}]}<\/script>\n<!-- \/ Yoast SEO plugin. -->","yoast_head_json":{"title":"Tr\u00eas deputados amea\u00e7am deixar o PSD e tornar-se independentes - Portal Tela Portugal","robots":{"index":"index","follow":"follow","max-snippet":"max-snippet:-1","max-image-preview":"max-image-preview:large","max-video-preview":"max-video-preview:-1"},"og_locale":"pt_PT","og_type":"article","og_title":"Tr\u00eas deputados amea\u00e7am deixar o PSD e tornar-se independentes - Portal Tela Portugal","og_description":"Tr\u00eas deputados do PSD eleitos pela Madeira amea\u00e7am abandonar a bancada ap\u00f3s terem votado a favor de altera\u00e7\u00f5es ao subs\u00eddio social de mobilidade, viabilizando novas regras para viagens a\u00e9reas. Os votos permitiram dispensar a exig\u00eancia de situa\u00e7\u00e3o contributiva regularizada para acesso ao subs\u00eddio. Os democratas sociais envolvidos s\u00e3o Pedro Coelho, V\u00e2nia Jesus e Paulo Neves (Madeira) e Paulo Moniz, Francisco Pimentel e Nuna Menezes (A\u00e7ores). O presidente do Governo da Madeira, Miguel Albuquerque, qualificou a amea\u00e7a de s\u00e9ria e disse que, se houver san\u00e7\u00f5es, os deputados passam a independentes. Albuquerque criticou a atua\u00e7\u00e3o da dire\u00e7\u00e3o do grupo parlamentar e do l\u00edder parlamentar do PSD, considerando o discurso da sess\u00e3o anterior arrogante e centralista.","og_url":"https:\/\/portaltela.pt\/noticias\/2026\/02\/20\/tres-deputados-ameacam-deixar-o-psd-e-tornar-se-independentes\/","og_site_name":"Portal Tela Portugal","article_published_time":"2026-02-21T01:30:00+00:00","author":"Telinha","twitter_card":"summary_large_image","twitter_misc":{"Escrito por":"Telinha","Tempo estimado de leitura":"1 minuto"},"schema":{"@context":"https:\/\/schema.org","@graph":[{"@type":"Article","@id":"https:\/\/portaltela.pt\/noticias\/2026\/02\/20\/tres-deputados-ameacam-deixar-o-psd-e-tornar-se-independentes\/#article","isPartOf":{"@id":"https:\/\/portaltela.pt\/noticias\/2026\/02\/20\/tres-deputados-ameacam-deixar-o-psd-e-tornar-se-independentes\/"},"author":{"name":"Telinha","@id":"https:\/\/portaltela.pt\/#\/schema\/person\/c4278d4a6028830caff9ee44b42d32ed"},"headline":"Tr\u00eas deputados amea\u00e7am deixar o PSD e tornar-se independentes","datePublished":"2026-02-21T01:30:00+00:00","mainEntityOfPage":{"@id":"https:\/\/portaltela.pt\/noticias\/2026\/02\/20\/tres-deputados-ameacam-deixar-o-psd-e-tornar-se-independentes\/"},"wordCount":286,"image":{"@id":"https:\/\/portaltela.pt\/noticias\/2026\/02\/20\/tres-deputados-ameacam-deixar-o-psd-e-tornar-se-independentes\/#primaryimage"},"thumbnailUrl":"https:\/\/portaltela.pt\/s.01k8rhncp4jt1\/2026\/02\/img_1500x1000uu2026-02-20-16-22-48-2267966.jpg","keywords":["A\u00e7ores","Madeira","mobilidade","pol\u00edtica","PSD","Subs\u00eddio Social"],"articleSection":["Not\u00edcias","Pol\u00edtica"],"inLanguage":"pt-PT"},{"@type":"WebPage","@id":"https:\/\/portaltela.pt\/noticias\/2026\/02\/20\/tres-deputados-ameacam-deixar-o-psd-e-tornar-se-independentes\/","url":"https:\/\/portaltela.pt\/noticias\/2026\/02\/20\/tres-deputados-ameacam-deixar-o-psd-e-tornar-se-independentes\/","name":"Tr\u00eas deputados amea\u00e7am deixar o PSD e tornar-se independentes - Portal Tela Portugal","isPartOf":{"@id":"https:\/\/portaltela.pt\/#website"},"primaryImageOfPage":{"@id":"https:\/\/portaltela.pt\/noticias\/2026\/02\/20\/tres-deputados-ameacam-deixar-o-psd-e-tornar-se-independentes\/#primaryimage"},"image":{"@id":"https:\/\/portaltela.pt\/noticias\/2026\/02\/20\/tres-deputados-ameacam-deixar-o-psd-e-tornar-se-independentes\/#primaryimage"},"thumbnailUrl":"https:\/\/portaltela.pt\/s.01k8rhncp4jt1\/2026\/02\/img_1500x1000uu2026-02-20-16-22-48-2267966.jpg","datePublished":"2026-02-21T01:30:00+00:00","author":{"@id":"https:\/\/portaltela.pt\/#\/schema\/person\/c4278d4a6028830caff9ee44b42d32ed"},"breadcrumb":{"@id":"https:\/\/portaltela.pt\/noticias\/2026\/02\/20\/tres-deputados-ameacam-deixar-o-psd-e-tornar-se-independentes\/#breadcrumb"},"inLanguage":"pt-PT","potentialAction":[{"@type":"ReadAction","target":["https:\/\/portaltela.pt\/noticias\/2026\/02\/20\/tres-deputados-ameacam-deixar-o-psd-e-tornar-se-independentes\/"]}]},{"@type":"ImageObject","inLanguage":"pt-PT","@id":"https:\/\/portaltela.pt\/noticias\/2026\/02\/20\/tres-deputados-ameacam-deixar-o-psd-e-tornar-se-independentes\/#primaryimage","url":"https:\/\/portaltela.pt\/s.01k8rhncp4jt1\/2026\/02\/img_1500x1000uu2026-02-20-16-22-48-2267966.jpg","contentUrl":"https:\/\/portaltela.pt\/s.01k8rhncp4jt1\/2026\/02\/img_1500x1000uu2026-02-20-16-22-48-2267966.jpg","width":796,"height":448,"caption":"Deputados do PSD aplaudem em sess\u00e3o parlamentar, face a poss\u00edvel sa\u00edda de colegas para se tornarem independentes"},{"@type":"BreadcrumbList","@id":"https:\/\/portaltela.pt\/noticias\/2026\/02\/20\/tres-deputados-ameacam-deixar-o-psd-e-tornar-se-independentes\/#breadcrumb","itemListElement":[{"@type":"ListItem","position":1,"name":"In\u00edcio","item":"https:\/\/portaltela.pt\/"},{"@type":"ListItem","position":2,"name":"Tr\u00eas deputados amea\u00e7am deixar o PSD e tornar-se independentes"}]},{"@type":"WebSite","@id":"https:\/\/portaltela.pt\/#website","url":"https:\/\/portaltela.pt\/","name":"Portal Tela Portugal","description":"","potentialAction":[{"@type":"SearchAction","target":{"@type":"EntryPoint","urlTemplate":"https:\/\/portaltela.pt\/?s={search_term_string}"},"query-input":{"@type":"PropertyValueSpecification","valueRequired":true,"valueName":"search_term_string"}}],"inLanguage":"pt-PT"},{"@type":"Person","@id":"https:\/\/portaltela.pt\/#\/schema\/person\/c4278d4a6028830caff9ee44b42d32ed","name":"Telinha","image":{"@type":"ImageObject","inLanguage":"pt-PT","@id":"https:\/\/portaltela.pt\/s.01k8rhncp4jt1\/2025\/11\/talking-bot-125x125.png","url":"https:\/\/portaltela.pt\/s.01k8rhncp4jt1\/2025\/11\/talking-bot-125x125.png","contentUrl":"https:\/\/portaltela.pt\/s.01k8rhncp4jt1\/2025\/11\/talking-bot-125x125.png","caption":"Telinha"},"sameAs":["https:\/\/portaltela.pt\/"],"url":"https:\/\/portaltela.pt\/por\/367410592786\/"}]}},"_links":{"self":[{"href":"https:\/\/portaltela.pt\/api\/wp\/v2\/posts\/220174","targetHints":{"allow":["GET"]}}],"collection":[{"href":"https:\/\/portaltela.pt\/api\/wp\/v2\/posts"}],"about":[{"href":"https:\/\/portaltela.pt\/api\/wp\/v2\/types\/post"}],"author":[{"embeddable":true,"href":"https:\/\/portaltela.pt\/api\/wp\/v2\/users\/2"}],"replies":[{"embeddable":true,"href":"https:\/\/portaltela.pt\/api\/wp\/v2\/comments?post=220174"}],"version-history":[{"count":0,"href":"https:\/\/portaltela.pt\/api\/wp\/v2\/posts\/220174\/revisions"}],"wp:featuredmedia":[{"embeddable":true,"href":"https:\/\/portaltela.pt\/api\/wp\/v2\/media\/220182"}],"wp:attachment":[{"href":"https:\/\/portaltela.pt\/api\/wp\/v2\/media?parent=220174"}],"wp:term":[{"taxonomy":"category","embeddable":true,"href":"https:\/\/portaltela.pt\/api\/wp\/v2\/categories?post=220174"},{"taxonomy":"post_tag","embeddable":true,"href":"https:\/\/portaltela.pt\/api\/wp\/v2\/tags?post=220174"}],"curies":[{"name":"wp","href":"https:\/\/api.w.org\/{rel}","templated":true}]}}