{"id":220152,"date":"2026-02-20T22:30:00","date_gmt":"2026-02-21T01:30:00","guid":{"rendered":"https:\/\/portaltela.pt\/noticias\/2026\/02\/20\/silencio-de-rui-costa-e-alvo-de-criticas-internas\/"},"modified":"2026-02-20T22:30:00","modified_gmt":"2026-02-21T01:30:00","slug":"silencio-de-rui-costa-e-alvo-de-criticas-internas","status":"publish","type":"post","link":"https:\/\/portaltela.pt\/desporto\/futebol\/2026\/02\/20\/silencio-de-rui-costa-e-alvo-de-criticas-internas\/","title":{"rendered":"Sil\u00eancio de Rui Costa \u00e9 alvo de cr\u00edticas internas"},"content":{"rendered":"<p>O Benfica e o seu presidente, Rui Costa, atravessam dias de tens\u00e3o interna. O sil\u00eancio de Costa no caso Prestianni \u00e9 apontado por alguns dirigentes como uma falha de comunica\u00e7\u00e3o institucional. A mesma leitura recai sobre a gest\u00e3o do caso envolvendo o assessor do clube e agentes do clube em epis\u00f3dios com jornalistas do CM\/CMTV.<\/p>\n<p>Segundo o Correio da Manh\u00e3, a cr\u00edtica interna foca-se na forma como o l\u00edder do clube tratou as quest\u00f5es em causa, incluindo alegadas agress\u00f5es associadas a membros do staff e a adeptos. A not\u00edcia aponta para uma perce\u00e7\u00e3o de falta de transpar\u00eancia na comunica\u00e7\u00e3o com a massa adepta e com os \u00f3rg\u00e3os de comunica\u00e7\u00e3o social.<\/p>\n<p>As desconfian\u00e7as refletem-se ainda na avalia\u00e7\u00e3o sobre a capacidade de Rui Costa para coordenar respostas p\u00fablicas, num momento marcado por turbul\u00eancia institucional. Em causa est\u00e3o a constru\u00e7\u00e3o de mensagens oficiais e a consist\u00eancia entre palavras e a\u00e7\u00f5es do clube.<\/p>\n","protected":false},"excerpt":{"rendered":"<ul>\n<li>O presidente do Benfica, Rui Costa, est\u00e1 a ser criticado internamente por se ter mantido em sil\u00eancio no caso Prestianni.<\/li>\n<li>As cr\u00edticas also surgem pela forma como geriu o caso de agress\u00f5es do assessor do clube e de adeptos a jornalistas do Correio da Manh\u00e3 (CM) e da CMTV.<\/li>\n<li>A contesta\u00e7\u00e3o interna foca-se na perce\u00e7\u00e3o de que Rui Costa n\u00e3o ter\u00e1 respondido de forma clara aos epis\u00f3dios.<\/li>\n<li>O tema tem vindo a gerar debate entre dirigentes do clube, segundo o Correio da Manh\u00e3.<\/li>\n<li>A situa\u00e7\u00e3o envolve diretamente o Benfica e o seu l\u00edder, com menos comunica\u00e7\u00e3o p\u00fablica sobre os casos em quest\u00e3o.<\/li>\n<\/ul>\n","protected":false},"author":2,"featured_media":220154,"comment_status":"closed","ping_status":"closed","sticky":false,"template":"","format":"standard","meta":{"footnotes":""},"categories":[21,24],"tags":[1946,5804,2415,2767,2139,5708],"class_list":["post-220152","post","type-post","status-publish","format-standard","has-post-thumbnail","hentry","category-desporto","category-futebol","tag-benfica","tag-comunicacao-institucional","tag-gestao","tag-organizacoes-desportivas","tag-rui-costa","tag-transparencia-publica"],"yoast_head":"<!-- This site is optimized with the Yoast SEO plugin v27.2 - https:\/\/yoast.com\/product\/yoast-seo-wordpress\/ -->\n<title>Sil\u00eancio de Rui Costa \u00e9 alvo de cr\u00edticas internas - Portal Tela Portugal<\/title>\n<meta name=\"robots\" content=\"index, follow, max-snippet:-1, max-image-preview:large, max-video-preview:-1\" \/>\n<meta property=\"og:locale\" content=\"pt_PT\" \/>\n<meta property=\"og:type\" content=\"article\" \/>\n<meta property=\"og:title\" content=\"Sil\u00eancio de Rui Costa \u00e9 alvo de cr\u00edticas internas - Portal Tela Portugal\" \/>\n<meta property=\"og:description\" content=\"O presidente do Benfica, Rui Costa, est\u00e1 a ser criticado internamente por se ter mantido em sil\u00eancio no caso Prestianni. As cr\u00edticas also surgem pela forma como geriu o caso de agress\u00f5es do assessor do clube e de adeptos a jornalistas do Correio da Manh\u00e3 (CM) e da CMTV. A contesta\u00e7\u00e3o interna foca-se na perce\u00e7\u00e3o de que Rui Costa n\u00e3o ter\u00e1 respondido de forma clara aos epis\u00f3dios. O tema tem vindo a gerar debate entre dirigentes do clube, segundo o Correio da Manh\u00e3. A situa\u00e7\u00e3o envolve diretamente o Benfica e o seu l\u00edder, com menos comunica\u00e7\u00e3o p\u00fablica sobre os casos em quest\u00e3o.\" \/>\n<meta property=\"og:url\" content=\"https:\/\/portaltela.pt\/noticias\/2026\/02\/20\/silencio-de-rui-costa-e-alvo-de-criticas-internas\/\" \/>\n<meta property=\"og:site_name\" content=\"Portal Tela Portugal\" \/>\n<meta property=\"article:published_time\" content=\"2026-02-21T01:30:00+00:00\" \/>\n<meta name=\"author\" content=\"Telinha\" \/>\n<meta name=\"twitter:card\" content=\"summary_large_image\" \/>\n<meta name=\"twitter:label1\" content=\"Escrito por\" \/>\n\t<meta name=\"twitter:data1\" content=\"Telinha\" \/>\n\t<meta name=\"twitter:label2\" content=\"Tempo estimado de leitura\" \/>\n\t<meta name=\"twitter:data2\" content=\"1 minuto\" \/>\n<script type=\"application\/ld+json\" class=\"yoast-schema-graph\">{\"@context\":\"https:\/\/schema.org\",\"@graph\":[{\"@type\":\"Article\",\"@id\":\"https:\/\/portaltela.pt\/noticias\/2026\/02\/20\/silencio-de-rui-costa-e-alvo-de-criticas-internas\/#article\",\"isPartOf\":{\"@id\":\"https:\/\/portaltela.pt\/noticias\/2026\/02\/20\/silencio-de-rui-costa-e-alvo-de-criticas-internas\/\"},\"author\":{\"name\":\"Telinha\",\"@id\":\"https:\/\/portaltela.pt\/#\/schema\/person\/c4278d4a6028830caff9ee44b42d32ed\"},\"headline\":\"Sil\u00eancio de Rui Costa \u00e9 alvo de cr\u00edticas internas\",\"datePublished\":\"2026-02-21T01:30:00+00:00\",\"mainEntityOfPage\":{\"@id\":\"https:\/\/portaltela.pt\/noticias\/2026\/02\/20\/silencio-de-rui-costa-e-alvo-de-criticas-internas\/\"},\"wordCount\":182,\"image\":{\"@id\":\"https:\/\/portaltela.pt\/noticias\/2026\/02\/20\/silencio-de-rui-costa-e-alvo-de-criticas-internas\/#primaryimage\"},\"thumbnailUrl\":\"https:\/\/portaltela.pt\/s.01k8rhncp4jt1\/2026\/02\/img_1500x1000uu2025-12-28-22-50-01-2256910.jpg\",\"keywords\":[\"Benfica\",\"comunica\u00e7\u00e3o institucional\",\"gest\u00e3o\",\"organiza\u00e7\u00f5es desportivas\",\"Rui Costa\",\"transpar\u00eancia p\u00fablica\"],\"articleSection\":[\"Desporto\",\"Futebol\"],\"inLanguage\":\"pt-PT\"},{\"@type\":\"WebPage\",\"@id\":\"https:\/\/portaltela.pt\/noticias\/2026\/02\/20\/silencio-de-rui-costa-e-alvo-de-criticas-internas\/\",\"url\":\"https:\/\/portaltela.pt\/noticias\/2026\/02\/20\/silencio-de-rui-costa-e-alvo-de-criticas-internas\/\",\"name\":\"Sil\u00eancio de Rui Costa \u00e9 alvo de cr\u00edticas internas - Portal Tela Portugal\",\"isPartOf\":{\"@id\":\"https:\/\/portaltela.pt\/#website\"},\"primaryImageOfPage\":{\"@id\":\"https:\/\/portaltela.pt\/noticias\/2026\/02\/20\/silencio-de-rui-costa-e-alvo-de-criticas-internas\/#primaryimage\"},\"image\":{\"@id\":\"https:\/\/portaltela.pt\/noticias\/2026\/02\/20\/silencio-de-rui-costa-e-alvo-de-criticas-internas\/#primaryimage\"},\"thumbnailUrl\":\"https:\/\/portaltela.pt\/s.01k8rhncp4jt1\/2026\/02\/img_1500x1000uu2025-12-28-22-50-01-2256910.jpg\",\"datePublished\":\"2026-02-21T01:30:00+00:00\",\"author\":{\"@id\":\"https:\/\/portaltela.pt\/#\/schema\/person\/c4278d4a6028830caff9ee44b42d32ed\"},\"breadcrumb\":{\"@id\":\"https:\/\/portaltela.pt\/noticias\/2026\/02\/20\/silencio-de-rui-costa-e-alvo-de-criticas-internas\/#breadcrumb\"},\"inLanguage\":\"pt-PT\",\"potentialAction\":[{\"@type\":\"ReadAction\",\"target\":[\"https:\/\/portaltela.pt\/noticias\/2026\/02\/20\/silencio-de-rui-costa-e-alvo-de-criticas-internas\/\"]}]},{\"@type\":\"ImageObject\",\"inLanguage\":\"pt-PT\",\"@id\":\"https:\/\/portaltela.pt\/noticias\/2026\/02\/20\/silencio-de-rui-costa-e-alvo-de-criticas-internas\/#primaryimage\",\"url\":\"https:\/\/portaltela.pt\/s.01k8rhncp4jt1\/2026\/02\/img_1500x1000uu2025-12-28-22-50-01-2256910.jpg\",\"contentUrl\":\"https:\/\/portaltela.pt\/s.01k8rhncp4jt1\/2026\/02\/img_1500x1000uu2025-12-28-22-50-01-2256910.jpg\",\"width\":796,\"height\":448,\"caption\":\"Rui Costa\"},{\"@type\":\"BreadcrumbList\",\"@id\":\"https:\/\/portaltela.pt\/noticias\/2026\/02\/20\/silencio-de-rui-costa-e-alvo-de-criticas-internas\/#breadcrumb\",\"itemListElement\":[{\"@type\":\"ListItem\",\"position\":1,\"name\":\"In\u00edcio\",\"item\":\"https:\/\/portaltela.pt\/\"},{\"@type\":\"ListItem\",\"position\":2,\"name\":\"Sil\u00eancio de Rui Costa \u00e9 alvo de cr\u00edticas internas\"}]},{\"@type\":\"WebSite\",\"@id\":\"https:\/\/portaltela.pt\/#website\",\"url\":\"https:\/\/portaltela.pt\/\",\"name\":\"Portal Tela Portugal\",\"description\":\"\",\"potentialAction\":[{\"@type\":\"SearchAction\",\"target\":{\"@type\":\"EntryPoint\",\"urlTemplate\":\"https:\/\/portaltela.pt\/?s={search_term_string}\"},\"query-input\":{\"@type\":\"PropertyValueSpecification\",\"valueRequired\":true,\"valueName\":\"search_term_string\"}}],\"inLanguage\":\"pt-PT\"},{\"@type\":\"Person\",\"@id\":\"https:\/\/portaltela.pt\/#\/schema\/person\/c4278d4a6028830caff9ee44b42d32ed\",\"name\":\"Telinha\",\"image\":{\"@type\":\"ImageObject\",\"inLanguage\":\"pt-PT\",\"@id\":\"https:\/\/portaltela.pt\/s.01k8rhncp4jt1\/2025\/11\/talking-bot-125x125.png\",\"url\":\"https:\/\/portaltela.pt\/s.01k8rhncp4jt1\/2025\/11\/talking-bot-125x125.png\",\"contentUrl\":\"https:\/\/portaltela.pt\/s.01k8rhncp4jt1\/2025\/11\/talking-bot-125x125.png\",\"caption\":\"Telinha\"},\"sameAs\":[\"https:\/\/portaltela.pt\/\"],\"url\":\"https:\/\/portaltela.pt\/por\/367410592786\/\"}]}<\/script>\n<!-- \/ Yoast SEO plugin. -->","yoast_head_json":{"title":"Sil\u00eancio de Rui Costa \u00e9 alvo de cr\u00edticas internas - Portal Tela Portugal","robots":{"index":"index","follow":"follow","max-snippet":"max-snippet:-1","max-image-preview":"max-image-preview:large","max-video-preview":"max-video-preview:-1"},"og_locale":"pt_PT","og_type":"article","og_title":"Sil\u00eancio de Rui Costa \u00e9 alvo de cr\u00edticas internas - Portal Tela Portugal","og_description":"O presidente do Benfica, Rui Costa, est\u00e1 a ser criticado internamente por se ter mantido em sil\u00eancio no caso Prestianni. As cr\u00edticas also surgem pela forma como geriu o caso de agress\u00f5es do assessor do clube e de adeptos a jornalistas do Correio da Manh\u00e3 (CM) e da CMTV. A contesta\u00e7\u00e3o interna foca-se na perce\u00e7\u00e3o de que Rui Costa n\u00e3o ter\u00e1 respondido de forma clara aos epis\u00f3dios. O tema tem vindo a gerar debate entre dirigentes do clube, segundo o Correio da Manh\u00e3. A situa\u00e7\u00e3o envolve diretamente o Benfica e o seu l\u00edder, com menos comunica\u00e7\u00e3o p\u00fablica sobre os casos em quest\u00e3o.","og_url":"https:\/\/portaltela.pt\/noticias\/2026\/02\/20\/silencio-de-rui-costa-e-alvo-de-criticas-internas\/","og_site_name":"Portal Tela Portugal","article_published_time":"2026-02-21T01:30:00+00:00","author":"Telinha","twitter_card":"summary_large_image","twitter_misc":{"Escrito por":"Telinha","Tempo estimado de leitura":"1 minuto"},"schema":{"@context":"https:\/\/schema.org","@graph":[{"@type":"Article","@id":"https:\/\/portaltela.pt\/noticias\/2026\/02\/20\/silencio-de-rui-costa-e-alvo-de-criticas-internas\/#article","isPartOf":{"@id":"https:\/\/portaltela.pt\/noticias\/2026\/02\/20\/silencio-de-rui-costa-e-alvo-de-criticas-internas\/"},"author":{"name":"Telinha","@id":"https:\/\/portaltela.pt\/#\/schema\/person\/c4278d4a6028830caff9ee44b42d32ed"},"headline":"Sil\u00eancio de Rui Costa \u00e9 alvo de cr\u00edticas internas","datePublished":"2026-02-21T01:30:00+00:00","mainEntityOfPage":{"@id":"https:\/\/portaltela.pt\/noticias\/2026\/02\/20\/silencio-de-rui-costa-e-alvo-de-criticas-internas\/"},"wordCount":182,"image":{"@id":"https:\/\/portaltela.pt\/noticias\/2026\/02\/20\/silencio-de-rui-costa-e-alvo-de-criticas-internas\/#primaryimage"},"thumbnailUrl":"https:\/\/portaltela.pt\/s.01k8rhncp4jt1\/2026\/02\/img_1500x1000uu2025-12-28-22-50-01-2256910.jpg","keywords":["Benfica","comunica\u00e7\u00e3o institucional","gest\u00e3o","organiza\u00e7\u00f5es desportivas","Rui Costa","transpar\u00eancia p\u00fablica"],"articleSection":["Desporto","Futebol"],"inLanguage":"pt-PT"},{"@type":"WebPage","@id":"https:\/\/portaltela.pt\/noticias\/2026\/02\/20\/silencio-de-rui-costa-e-alvo-de-criticas-internas\/","url":"https:\/\/portaltela.pt\/noticias\/2026\/02\/20\/silencio-de-rui-costa-e-alvo-de-criticas-internas\/","name":"Sil\u00eancio de Rui Costa \u00e9 alvo de cr\u00edticas internas - Portal Tela Portugal","isPartOf":{"@id":"https:\/\/portaltela.pt\/#website"},"primaryImageOfPage":{"@id":"https:\/\/portaltela.pt\/noticias\/2026\/02\/20\/silencio-de-rui-costa-e-alvo-de-criticas-internas\/#primaryimage"},"image":{"@id":"https:\/\/portaltela.pt\/noticias\/2026\/02\/20\/silencio-de-rui-costa-e-alvo-de-criticas-internas\/#primaryimage"},"thumbnailUrl":"https:\/\/portaltela.pt\/s.01k8rhncp4jt1\/2026\/02\/img_1500x1000uu2025-12-28-22-50-01-2256910.jpg","datePublished":"2026-02-21T01:30:00+00:00","author":{"@id":"https:\/\/portaltela.pt\/#\/schema\/person\/c4278d4a6028830caff9ee44b42d32ed"},"breadcrumb":{"@id":"https:\/\/portaltela.pt\/noticias\/2026\/02\/20\/silencio-de-rui-costa-e-alvo-de-criticas-internas\/#breadcrumb"},"inLanguage":"pt-PT","potentialAction":[{"@type":"ReadAction","target":["https:\/\/portaltela.pt\/noticias\/2026\/02\/20\/silencio-de-rui-costa-e-alvo-de-criticas-internas\/"]}]},{"@type":"ImageObject","inLanguage":"pt-PT","@id":"https:\/\/portaltela.pt\/noticias\/2026\/02\/20\/silencio-de-rui-costa-e-alvo-de-criticas-internas\/#primaryimage","url":"https:\/\/portaltela.pt\/s.01k8rhncp4jt1\/2026\/02\/img_1500x1000uu2025-12-28-22-50-01-2256910.jpg","contentUrl":"https:\/\/portaltela.pt\/s.01k8rhncp4jt1\/2026\/02\/img_1500x1000uu2025-12-28-22-50-01-2256910.jpg","width":796,"height":448,"caption":"Rui Costa"},{"@type":"BreadcrumbList","@id":"https:\/\/portaltela.pt\/noticias\/2026\/02\/20\/silencio-de-rui-costa-e-alvo-de-criticas-internas\/#breadcrumb","itemListElement":[{"@type":"ListItem","position":1,"name":"In\u00edcio","item":"https:\/\/portaltela.pt\/"},{"@type":"ListItem","position":2,"name":"Sil\u00eancio de Rui Costa \u00e9 alvo de cr\u00edticas internas"}]},{"@type":"WebSite","@id":"https:\/\/portaltela.pt\/#website","url":"https:\/\/portaltela.pt\/","name":"Portal Tela Portugal","description":"","potentialAction":[{"@type":"SearchAction","target":{"@type":"EntryPoint","urlTemplate":"https:\/\/portaltela.pt\/?s={search_term_string}"},"query-input":{"@type":"PropertyValueSpecification","valueRequired":true,"valueName":"search_term_string"}}],"inLanguage":"pt-PT"},{"@type":"Person","@id":"https:\/\/portaltela.pt\/#\/schema\/person\/c4278d4a6028830caff9ee44b42d32ed","name":"Telinha","image":{"@type":"ImageObject","inLanguage":"pt-PT","@id":"https:\/\/portaltela.pt\/s.01k8rhncp4jt1\/2025\/11\/talking-bot-125x125.png","url":"https:\/\/portaltela.pt\/s.01k8rhncp4jt1\/2025\/11\/talking-bot-125x125.png","contentUrl":"https:\/\/portaltela.pt\/s.01k8rhncp4jt1\/2025\/11\/talking-bot-125x125.png","caption":"Telinha"},"sameAs":["https:\/\/portaltela.pt\/"],"url":"https:\/\/portaltela.pt\/por\/367410592786\/"}]}},"_links":{"self":[{"href":"https:\/\/portaltela.pt\/api\/wp\/v2\/posts\/220152","targetHints":{"allow":["GET"]}}],"collection":[{"href":"https:\/\/portaltela.pt\/api\/wp\/v2\/posts"}],"about":[{"href":"https:\/\/portaltela.pt\/api\/wp\/v2\/types\/post"}],"author":[{"embeddable":true,"href":"https:\/\/portaltela.pt\/api\/wp\/v2\/users\/2"}],"replies":[{"embeddable":true,"href":"https:\/\/portaltela.pt\/api\/wp\/v2\/comments?post=220152"}],"version-history":[{"count":0,"href":"https:\/\/portaltela.pt\/api\/wp\/v2\/posts\/220152\/revisions"}],"wp:featuredmedia":[{"embeddable":true,"href":"https:\/\/portaltela.pt\/api\/wp\/v2\/media\/220154"}],"wp:attachment":[{"href":"https:\/\/portaltela.pt\/api\/wp\/v2\/media?parent=220152"}],"wp:term":[{"taxonomy":"category","embeddable":true,"href":"https:\/\/portaltela.pt\/api\/wp\/v2\/categories?post=220152"},{"taxonomy":"post_tag","embeddable":true,"href":"https:\/\/portaltela.pt\/api\/wp\/v2\/tags?post=220152"}],"curies":[{"name":"wp","href":"https:\/\/api.w.org\/{rel}","templated":true}]}}