{"id":220151,"date":"2026-02-20T22:30:00","date_gmt":"2026-02-21T01:30:00","guid":{"rendered":"https:\/\/portaltela.pt\/noticias\/2026\/02\/20\/pai-e-filho-vao-a-julgamento-por-homicidio-da-vitima-irmao-e-filho-dos-arguidos\/"},"modified":"2026-02-20T22:30:00","modified_gmt":"2026-02-21T01:30:00","slug":"pai-e-filho-vao-a-julgamento-por-homicidio-da-vitima-irmao-e-filho-dos-arguidos","status":"publish","type":"post","link":"https:\/\/portaltela.pt\/noticias\/2026\/02\/20\/pai-e-filho-vao-a-julgamento-por-homicidio-da-vitima-irmao-e-filho-dos-arguidos\/","title":{"rendered":"Pai e filho v\u00e3o a julgamento por homic\u00eddio da v\u00edtima, irm\u00e3o e filho dos arguidos"},"content":{"rendered":"<p>Um juiz de instru\u00e7\u00e3o criminal do tribunal de Moura decidiu levar a julgamento Sanches Cardas, de 68 anos, pelos crimes de homic\u00eddio. Cardas assumiu sozinho a responsabilidade do disparo que tirou a vida ao seu filho numa tarde de 10 de junho de 2025, em um acampamento na Amareleja.<\/p>\n<p>A v\u00edtima era filho de Cardas e irm\u00e3o de Orlando, tamb\u00e9m arguido no processo. Ambos permanecem detidos, com o pai na cadeia de Beja e o filho igualmente na regi\u00e3o prisional, conforme a decis\u00e3o de instru\u00e7\u00e3o.<\/p>\n<p>O tribunal entendeu n\u00e3o ver motivos para encetar suspens\u00e3o do processo a favor da defesa e manteve os arguidos em pris\u00e3o preventiva. O caso ainda est\u00e1 sujeito a desenvolvimento processual e coleta de provas.<\/p>\n<h3>Contornos do caso<\/h3>\n<p>As autoridades continuam a investiga\u00e7\u00e3o para esclarecer as circunst\u00e2ncias do disparo e as eventuais responsabilidades adicionais associadas ao incidente. As pr\u00f3ximas etapas incluem a audi\u00e7\u00e3o de testemunhas e a an\u00e1lise de per\u00edcias.<\/p>\n<h3>Situa\u00e7\u00e3o atual<\/h3>\n<p>N\u00e3o foram reveladas detalhes sobre motiva\u00e7\u00f5es, nem sobre poss\u00edveis acordos entre as partes. O calend\u00e1rio processual dever\u00e1 indicar as pr\u00f3ximas dilig\u00eancias e datas de julgamento.<\/p>\n","protected":false},"excerpt":{"rendered":"<ul>\n<li>O juiz de instru\u00e7\u00e3o criminal do tribunal de Moura decidiu levar a julgamento o homem de 68 anos, Sanches Cardas, pela morte a tiro do filho.<\/li>\n<li>A v\u00edtima foi morta a 10 de junho de 2025 num acampamento na Amareleja.<\/li>\n<li>Sanches Cardas assumiu sozinho a responsabilidade pelo homic\u00eddio.<\/li>\n<li>O arguido est\u00e1 em pris\u00e3o preventiva e vai a julgamento com o filho, Orlando, detido, na cadeia de Beja.<\/li>\n<li>Ambos os arguidos v\u00e3o a julgamento por homic\u00eddio, mantendo-se a deten\u00e7\u00e3o dos dois na cadeia de Beja.<\/li>\n<\/ul>\n","protected":false},"author":2,"featured_media":220153,"comment_status":"closed","ping_status":"closed","sticky":false,"template":"","format":"standard","meta":{"footnotes":""},"categories":[1],"tags":[124,943,1345,2396,4343,6208],"class_list":["post-220151","post","type-post","status-publish","format-standard","has-post-thumbnail","hentry","category-noticias","tag-arma-de-fogo","tag-beja","tag-homicidio","tag-moura","tag-prisoes","tag-tribunais"],"yoast_head":"<!-- This site is optimized with the Yoast SEO plugin v27.2 - https:\/\/yoast.com\/product\/yoast-seo-wordpress\/ -->\n<title>Pai e filho v\u00e3o a julgamento por homic\u00eddio da v\u00edtima, irm\u00e3o e filho dos arguidos - Portal Tela Portugal<\/title>\n<meta name=\"robots\" content=\"index, follow, max-snippet:-1, max-image-preview:large, max-video-preview:-1\" \/>\n<meta property=\"og:locale\" content=\"pt_PT\" \/>\n<meta property=\"og:type\" content=\"article\" \/>\n<meta property=\"og:title\" content=\"Pai e filho v\u00e3o a julgamento por homic\u00eddio da v\u00edtima, irm\u00e3o e filho dos arguidos - Portal Tela Portugal\" \/>\n<meta property=\"og:description\" content=\"O juiz de instru\u00e7\u00e3o criminal do tribunal de Moura decidiu levar a julgamento o homem de 68 anos, Sanches Cardas, pela morte a tiro do filho. A v\u00edtima foi morta a 10 de junho de 2025 num acampamento na Amareleja. Sanches Cardas assumiu sozinho a responsabilidade pelo homic\u00eddio. O arguido est\u00e1 em pris\u00e3o preventiva e vai a julgamento com o filho, Orlando, detido, na cadeia de Beja. Ambos os arguidos v\u00e3o a julgamento por homic\u00eddio, mantendo-se a deten\u00e7\u00e3o dos dois na cadeia de Beja.\" \/>\n<meta property=\"og:url\" content=\"https:\/\/portaltela.pt\/noticias\/2026\/02\/20\/pai-e-filho-vao-a-julgamento-por-homicidio-da-vitima-irmao-e-filho-dos-arguidos\/\" \/>\n<meta property=\"og:site_name\" content=\"Portal Tela Portugal\" \/>\n<meta property=\"article:published_time\" content=\"2026-02-21T01:30:00+00:00\" \/>\n<meta name=\"author\" content=\"Telinha\" \/>\n<meta name=\"twitter:card\" content=\"summary_large_image\" \/>\n<meta name=\"twitter:label1\" content=\"Escrito por\" \/>\n\t<meta name=\"twitter:data1\" content=\"Telinha\" \/>\n\t<meta name=\"twitter:label2\" content=\"Tempo estimado de leitura\" \/>\n\t<meta name=\"twitter:data2\" content=\"1 minuto\" \/>\n<script type=\"application\/ld+json\" class=\"yoast-schema-graph\">{\"@context\":\"https:\/\/schema.org\",\"@graph\":[{\"@type\":\"Article\",\"@id\":\"https:\/\/portaltela.pt\/noticias\/2026\/02\/20\/pai-e-filho-vao-a-julgamento-por-homicidio-da-vitima-irmao-e-filho-dos-arguidos\/#article\",\"isPartOf\":{\"@id\":\"https:\/\/portaltela.pt\/noticias\/2026\/02\/20\/pai-e-filho-vao-a-julgamento-por-homicidio-da-vitima-irmao-e-filho-dos-arguidos\/\"},\"author\":{\"name\":\"Telinha\",\"@id\":\"https:\/\/portaltela.pt\/#\/schema\/person\/c4278d4a6028830caff9ee44b42d32ed\"},\"headline\":\"Pai e filho v\u00e3o a julgamento por homic\u00eddio da v\u00edtima, irm\u00e3o e filho dos arguidos\",\"datePublished\":\"2026-02-21T01:30:00+00:00\",\"mainEntityOfPage\":{\"@id\":\"https:\/\/portaltela.pt\/noticias\/2026\/02\/20\/pai-e-filho-vao-a-julgamento-por-homicidio-da-vitima-irmao-e-filho-dos-arguidos\/\"},\"wordCount\":221,\"image\":{\"@id\":\"https:\/\/portaltela.pt\/noticias\/2026\/02\/20\/pai-e-filho-vao-a-julgamento-por-homicidio-da-vitima-irmao-e-filho-dos-arguidos\/#primaryimage\"},\"thumbnailUrl\":\"https:\/\/portaltela.pt\/s.01k8rhncp4jt1\/2026\/02\/img_1500x1000uu2025-06-10-14-41-29-2215393.jpg\",\"keywords\":[\"arma de fogo\",\"Beja\",\"homic\u00eddio\",\"Moura\",\"pris\u00f5es\",\"Tribunais\"],\"articleSection\":[\"Not\u00edcias\"],\"inLanguage\":\"pt-PT\"},{\"@type\":\"WebPage\",\"@id\":\"https:\/\/portaltela.pt\/noticias\/2026\/02\/20\/pai-e-filho-vao-a-julgamento-por-homicidio-da-vitima-irmao-e-filho-dos-arguidos\/\",\"url\":\"https:\/\/portaltela.pt\/noticias\/2026\/02\/20\/pai-e-filho-vao-a-julgamento-por-homicidio-da-vitima-irmao-e-filho-dos-arguidos\/\",\"name\":\"Pai e filho v\u00e3o a julgamento por homic\u00eddio da v\u00edtima, irm\u00e3o e filho dos arguidos - Portal Tela Portugal\",\"isPartOf\":{\"@id\":\"https:\/\/portaltela.pt\/#website\"},\"primaryImageOfPage\":{\"@id\":\"https:\/\/portaltela.pt\/noticias\/2026\/02\/20\/pai-e-filho-vao-a-julgamento-por-homicidio-da-vitima-irmao-e-filho-dos-arguidos\/#primaryimage\"},\"image\":{\"@id\":\"https:\/\/portaltela.pt\/noticias\/2026\/02\/20\/pai-e-filho-vao-a-julgamento-por-homicidio-da-vitima-irmao-e-filho-dos-arguidos\/#primaryimage\"},\"thumbnailUrl\":\"https:\/\/portaltela.pt\/s.01k8rhncp4jt1\/2026\/02\/img_1500x1000uu2025-06-10-14-41-29-2215393.jpg\",\"datePublished\":\"2026-02-21T01:30:00+00:00\",\"author\":{\"@id\":\"https:\/\/portaltela.pt\/#\/schema\/person\/c4278d4a6028830caff9ee44b42d32ed\"},\"breadcrumb\":{\"@id\":\"https:\/\/portaltela.pt\/noticias\/2026\/02\/20\/pai-e-filho-vao-a-julgamento-por-homicidio-da-vitima-irmao-e-filho-dos-arguidos\/#breadcrumb\"},\"inLanguage\":\"pt-PT\",\"potentialAction\":[{\"@type\":\"ReadAction\",\"target\":[\"https:\/\/portaltela.pt\/noticias\/2026\/02\/20\/pai-e-filho-vao-a-julgamento-por-homicidio-da-vitima-irmao-e-filho-dos-arguidos\/\"]}]},{\"@type\":\"ImageObject\",\"inLanguage\":\"pt-PT\",\"@id\":\"https:\/\/portaltela.pt\/noticias\/2026\/02\/20\/pai-e-filho-vao-a-julgamento-por-homicidio-da-vitima-irmao-e-filho-dos-arguidos\/#primaryimage\",\"url\":\"https:\/\/portaltela.pt\/s.01k8rhncp4jt1\/2026\/02\/img_1500x1000uu2025-06-10-14-41-29-2215393.jpg\",\"contentUrl\":\"https:\/\/portaltela.pt\/s.01k8rhncp4jt1\/2026\/02\/img_1500x1000uu2025-06-10-14-41-29-2215393.jpg\",\"width\":796,\"height\":448,\"caption\":\"Acampamento onde Sanches Cardas, e o filho, Orlando, mataram a tiro a v\u00edtima\"},{\"@type\":\"BreadcrumbList\",\"@id\":\"https:\/\/portaltela.pt\/noticias\/2026\/02\/20\/pai-e-filho-vao-a-julgamento-por-homicidio-da-vitima-irmao-e-filho-dos-arguidos\/#breadcrumb\",\"itemListElement\":[{\"@type\":\"ListItem\",\"position\":1,\"name\":\"In\u00edcio\",\"item\":\"https:\/\/portaltela.pt\/\"},{\"@type\":\"ListItem\",\"position\":2,\"name\":\"Pai e filho v\u00e3o a julgamento por homic\u00eddio da v\u00edtima, irm\u00e3o e filho dos arguidos\"}]},{\"@type\":\"WebSite\",\"@id\":\"https:\/\/portaltela.pt\/#website\",\"url\":\"https:\/\/portaltela.pt\/\",\"name\":\"Portal Tela Portugal\",\"description\":\"\",\"potentialAction\":[{\"@type\":\"SearchAction\",\"target\":{\"@type\":\"EntryPoint\",\"urlTemplate\":\"https:\/\/portaltela.pt\/?s={search_term_string}\"},\"query-input\":{\"@type\":\"PropertyValueSpecification\",\"valueRequired\":true,\"valueName\":\"search_term_string\"}}],\"inLanguage\":\"pt-PT\"},{\"@type\":\"Person\",\"@id\":\"https:\/\/portaltela.pt\/#\/schema\/person\/c4278d4a6028830caff9ee44b42d32ed\",\"name\":\"Telinha\",\"image\":{\"@type\":\"ImageObject\",\"inLanguage\":\"pt-PT\",\"@id\":\"https:\/\/portaltela.pt\/s.01k8rhncp4jt1\/2025\/11\/talking-bot-125x125.png\",\"url\":\"https:\/\/portaltela.pt\/s.01k8rhncp4jt1\/2025\/11\/talking-bot-125x125.png\",\"contentUrl\":\"https:\/\/portaltela.pt\/s.01k8rhncp4jt1\/2025\/11\/talking-bot-125x125.png\",\"caption\":\"Telinha\"},\"sameAs\":[\"https:\/\/portaltela.pt\/\"],\"url\":\"https:\/\/portaltela.pt\/por\/367410592786\/\"}]}<\/script>\n<!-- \/ Yoast SEO plugin. -->","yoast_head_json":{"title":"Pai e filho v\u00e3o a julgamento por homic\u00eddio da v\u00edtima, irm\u00e3o e filho dos arguidos - Portal Tela Portugal","robots":{"index":"index","follow":"follow","max-snippet":"max-snippet:-1","max-image-preview":"max-image-preview:large","max-video-preview":"max-video-preview:-1"},"og_locale":"pt_PT","og_type":"article","og_title":"Pai e filho v\u00e3o a julgamento por homic\u00eddio da v\u00edtima, irm\u00e3o e filho dos arguidos - Portal Tela Portugal","og_description":"O juiz de instru\u00e7\u00e3o criminal do tribunal de Moura decidiu levar a julgamento o homem de 68 anos, Sanches Cardas, pela morte a tiro do filho. A v\u00edtima foi morta a 10 de junho de 2025 num acampamento na Amareleja. Sanches Cardas assumiu sozinho a responsabilidade pelo homic\u00eddio. O arguido est\u00e1 em pris\u00e3o preventiva e vai a julgamento com o filho, Orlando, detido, na cadeia de Beja. Ambos os arguidos v\u00e3o a julgamento por homic\u00eddio, mantendo-se a deten\u00e7\u00e3o dos dois na cadeia de Beja.","og_url":"https:\/\/portaltela.pt\/noticias\/2026\/02\/20\/pai-e-filho-vao-a-julgamento-por-homicidio-da-vitima-irmao-e-filho-dos-arguidos\/","og_site_name":"Portal Tela Portugal","article_published_time":"2026-02-21T01:30:00+00:00","author":"Telinha","twitter_card":"summary_large_image","twitter_misc":{"Escrito por":"Telinha","Tempo estimado de leitura":"1 minuto"},"schema":{"@context":"https:\/\/schema.org","@graph":[{"@type":"Article","@id":"https:\/\/portaltela.pt\/noticias\/2026\/02\/20\/pai-e-filho-vao-a-julgamento-por-homicidio-da-vitima-irmao-e-filho-dos-arguidos\/#article","isPartOf":{"@id":"https:\/\/portaltela.pt\/noticias\/2026\/02\/20\/pai-e-filho-vao-a-julgamento-por-homicidio-da-vitima-irmao-e-filho-dos-arguidos\/"},"author":{"name":"Telinha","@id":"https:\/\/portaltela.pt\/#\/schema\/person\/c4278d4a6028830caff9ee44b42d32ed"},"headline":"Pai e filho v\u00e3o a julgamento por homic\u00eddio da v\u00edtima, irm\u00e3o e filho dos arguidos","datePublished":"2026-02-21T01:30:00+00:00","mainEntityOfPage":{"@id":"https:\/\/portaltela.pt\/noticias\/2026\/02\/20\/pai-e-filho-vao-a-julgamento-por-homicidio-da-vitima-irmao-e-filho-dos-arguidos\/"},"wordCount":221,"image":{"@id":"https:\/\/portaltela.pt\/noticias\/2026\/02\/20\/pai-e-filho-vao-a-julgamento-por-homicidio-da-vitima-irmao-e-filho-dos-arguidos\/#primaryimage"},"thumbnailUrl":"https:\/\/portaltela.pt\/s.01k8rhncp4jt1\/2026\/02\/img_1500x1000uu2025-06-10-14-41-29-2215393.jpg","keywords":["arma de fogo","Beja","homic\u00eddio","Moura","pris\u00f5es","Tribunais"],"articleSection":["Not\u00edcias"],"inLanguage":"pt-PT"},{"@type":"WebPage","@id":"https:\/\/portaltela.pt\/noticias\/2026\/02\/20\/pai-e-filho-vao-a-julgamento-por-homicidio-da-vitima-irmao-e-filho-dos-arguidos\/","url":"https:\/\/portaltela.pt\/noticias\/2026\/02\/20\/pai-e-filho-vao-a-julgamento-por-homicidio-da-vitima-irmao-e-filho-dos-arguidos\/","name":"Pai e filho v\u00e3o a julgamento por homic\u00eddio da v\u00edtima, irm\u00e3o e filho dos arguidos - Portal Tela Portugal","isPartOf":{"@id":"https:\/\/portaltela.pt\/#website"},"primaryImageOfPage":{"@id":"https:\/\/portaltela.pt\/noticias\/2026\/02\/20\/pai-e-filho-vao-a-julgamento-por-homicidio-da-vitima-irmao-e-filho-dos-arguidos\/#primaryimage"},"image":{"@id":"https:\/\/portaltela.pt\/noticias\/2026\/02\/20\/pai-e-filho-vao-a-julgamento-por-homicidio-da-vitima-irmao-e-filho-dos-arguidos\/#primaryimage"},"thumbnailUrl":"https:\/\/portaltela.pt\/s.01k8rhncp4jt1\/2026\/02\/img_1500x1000uu2025-06-10-14-41-29-2215393.jpg","datePublished":"2026-02-21T01:30:00+00:00","author":{"@id":"https:\/\/portaltela.pt\/#\/schema\/person\/c4278d4a6028830caff9ee44b42d32ed"},"breadcrumb":{"@id":"https:\/\/portaltela.pt\/noticias\/2026\/02\/20\/pai-e-filho-vao-a-julgamento-por-homicidio-da-vitima-irmao-e-filho-dos-arguidos\/#breadcrumb"},"inLanguage":"pt-PT","potentialAction":[{"@type":"ReadAction","target":["https:\/\/portaltela.pt\/noticias\/2026\/02\/20\/pai-e-filho-vao-a-julgamento-por-homicidio-da-vitima-irmao-e-filho-dos-arguidos\/"]}]},{"@type":"ImageObject","inLanguage":"pt-PT","@id":"https:\/\/portaltela.pt\/noticias\/2026\/02\/20\/pai-e-filho-vao-a-julgamento-por-homicidio-da-vitima-irmao-e-filho-dos-arguidos\/#primaryimage","url":"https:\/\/portaltela.pt\/s.01k8rhncp4jt1\/2026\/02\/img_1500x1000uu2025-06-10-14-41-29-2215393.jpg","contentUrl":"https:\/\/portaltela.pt\/s.01k8rhncp4jt1\/2026\/02\/img_1500x1000uu2025-06-10-14-41-29-2215393.jpg","width":796,"height":448,"caption":"Acampamento onde Sanches Cardas, e o filho, Orlando, mataram a tiro a v\u00edtima"},{"@type":"BreadcrumbList","@id":"https:\/\/portaltela.pt\/noticias\/2026\/02\/20\/pai-e-filho-vao-a-julgamento-por-homicidio-da-vitima-irmao-e-filho-dos-arguidos\/#breadcrumb","itemListElement":[{"@type":"ListItem","position":1,"name":"In\u00edcio","item":"https:\/\/portaltela.pt\/"},{"@type":"ListItem","position":2,"name":"Pai e filho v\u00e3o a julgamento por homic\u00eddio da v\u00edtima, irm\u00e3o e filho dos arguidos"}]},{"@type":"WebSite","@id":"https:\/\/portaltela.pt\/#website","url":"https:\/\/portaltela.pt\/","name":"Portal Tela Portugal","description":"","potentialAction":[{"@type":"SearchAction","target":{"@type":"EntryPoint","urlTemplate":"https:\/\/portaltela.pt\/?s={search_term_string}"},"query-input":{"@type":"PropertyValueSpecification","valueRequired":true,"valueName":"search_term_string"}}],"inLanguage":"pt-PT"},{"@type":"Person","@id":"https:\/\/portaltela.pt\/#\/schema\/person\/c4278d4a6028830caff9ee44b42d32ed","name":"Telinha","image":{"@type":"ImageObject","inLanguage":"pt-PT","@id":"https:\/\/portaltela.pt\/s.01k8rhncp4jt1\/2025\/11\/talking-bot-125x125.png","url":"https:\/\/portaltela.pt\/s.01k8rhncp4jt1\/2025\/11\/talking-bot-125x125.png","contentUrl":"https:\/\/portaltela.pt\/s.01k8rhncp4jt1\/2025\/11\/talking-bot-125x125.png","caption":"Telinha"},"sameAs":["https:\/\/portaltela.pt\/"],"url":"https:\/\/portaltela.pt\/por\/367410592786\/"}]}},"_links":{"self":[{"href":"https:\/\/portaltela.pt\/api\/wp\/v2\/posts\/220151","targetHints":{"allow":["GET"]}}],"collection":[{"href":"https:\/\/portaltela.pt\/api\/wp\/v2\/posts"}],"about":[{"href":"https:\/\/portaltela.pt\/api\/wp\/v2\/types\/post"}],"author":[{"embeddable":true,"href":"https:\/\/portaltela.pt\/api\/wp\/v2\/users\/2"}],"replies":[{"embeddable":true,"href":"https:\/\/portaltela.pt\/api\/wp\/v2\/comments?post=220151"}],"version-history":[{"count":0,"href":"https:\/\/portaltela.pt\/api\/wp\/v2\/posts\/220151\/revisions"}],"wp:featuredmedia":[{"embeddable":true,"href":"https:\/\/portaltela.pt\/api\/wp\/v2\/media\/220153"}],"wp:attachment":[{"href":"https:\/\/portaltela.pt\/api\/wp\/v2\/media?parent=220151"}],"wp:term":[{"taxonomy":"category","embeddable":true,"href":"https:\/\/portaltela.pt\/api\/wp\/v2\/categories?post=220151"},{"taxonomy":"post_tag","embeddable":true,"href":"https:\/\/portaltela.pt\/api\/wp\/v2\/tags?post=220151"}],"curies":[{"name":"wp","href":"https:\/\/api.w.org\/{rel}","templated":true}]}}