{"id":220097,"date":"2026-02-20T20:31:00","date_gmt":"2026-02-20T23:31:00","guid":{"rendered":"https:\/\/portaltela.pt\/noticias\/2026\/02\/20\/manuel-queiroz-afirma-que-o-fc-porto-pode-nao-ter-metido-nisto\/"},"modified":"2026-02-20T20:31:00","modified_gmt":"2026-02-20T23:31:00","slug":"manuel-queiroz-afirma-que-o-fc-porto-pode-nao-ter-metido-nisto","status":"publish","type":"post","link":"https:\/\/portaltela.pt\/desporto\/futebol\/2026\/02\/20\/manuel-queiroz-afirma-que-o-fc-porto-pode-nao-ter-metido-nisto\/","title":{"rendered":"Manuel Queiroz afirma que o FC Porto pode n\u00e3o ter metido nisto"},"content":{"rendered":"<p>O FC Porto revelou d\u00favidas sobre o procedimento adotado pela Liga e pela Federa\u00e7\u00e3o Portuguesa de Futebol (FPF) no caso Prestianni. Manuel Queiroz, antigo treinador do clube, sugeriu que o Porto poder\u00e1 n\u00e3o ter contribu\u00eddo para a situa\u00e7\u00e3o, sem afirmar envolvimento direto. A posi\u00e7\u00e3o foi comunicada pela dire\u00e7\u00e3o do clube, que solicita esclarecimentos.<\/p>\n<p>Queiroz sublinhou que h\u00e1 uma quest\u00e3o de fundo por esclarecer, relacionada com a forma como o caso est\u00e1 a ser conduzido pelas entidades reguladoras. O antigo t\u00e9cnico pediu uma investiga\u00e7\u00e3o transparente e isenta para apurar todos os aspetos.<\/p>\n<p>O FC Porto pediu explica\u00e7\u00f5es oficiais \u00e0s entidades competentes, apontando poss\u00edveis inconsist\u00eancias no processo. A prioridade do clube \u00e9 confirmar que todos os passos legais foram cumpridos e que n\u00e3o houve irregularidades.<\/p>\n<h3>Impasse e pol\u00e9mica no futebol portugu\u00eas<\/h3>\n<p>O caso Prestianni tem gerado v\u00e1rias leituras sobre a conduta do FC Porto e das entidades reguladoras, com diferentes interpreta\u00e7\u00f5es p\u00fablicas. Manuel Queiroz refor\u00e7ou a necessidade de uma an\u00e1lise rigorosa e imparcial para chegar \u00e0 verdade.<\/p>\n<p>A posi\u00e7\u00e3o do Porto \u00e9 defender a integridade do futebol e assegurar que as decis\u00f5es se baseiem em crit\u00e9rios justos e transparentes. O clube continua a pedir esclarecimentos para que se possa apurar a verdade com rigor.<\/p>\n<p>O FC Porto mant\u00e9m a expectativa de que toda a verdade seja revelada e que a justi\u00e7a seja aplicada de forma c\u00e9lere e adequada, sem prejulgamentos ou penaliza\u00e7\u00f5es sem provas.<\/p>\n","protected":false},"excerpt":{"rendered":"<ul>\n<li>Manuel Queiroz afirma que o FC Porto poder\u00e1 n\u00e3o ter sido envolvido no caso Prestianni, questionando a sua participa\u00e7\u00e3o.<\/li>\n<li>O antigo treinador destaca a necessidade de esclarecer a forma como o caso est\u00e1 a ser tratado pelas entidades reguladoras.<\/li>\n<li>O FC Porto dirigiu quest\u00f5es \u00e0 Liga e \u00e0 Federa\u00e7\u00e3o Portuguesa de Futebol sobre o procedimento adotado no caso Prestianni.<\/li>\n<li>O clube quer confirmar que os processos foram seguidos corretamente e que n\u00e3o houve irregularidades.<\/li>\n<li>O caso tem gerado pol\u00e9mica em Portugal, com pedidos de an\u00e1lise rigorosa e imparcial para apurar a verdade.<\/li>\n<\/ul>\n","protected":false},"author":2,"featured_media":220099,"comment_status":"closed","ping_status":"closed","sticky":false,"template":"","format":"standard","meta":{"footnotes":""},"categories":[21,24],"tags":[1788,2028,32,215,803,332],"class_list":["post-220097","post","type-post","status-publish","format-standard","has-post-thumbnail","hentry","category-desporto","category-futebol","tag-a-liga","tag-fc-porto","tag-futebol","tag-investigacao","tag-justica","tag-transparencia"],"yoast_head":"<!-- This site is optimized with the Yoast SEO plugin v27.2 - https:\/\/yoast.com\/product\/yoast-seo-wordpress\/ -->\n<title>Manuel Queiroz afirma que o FC Porto pode n\u00e3o ter metido nisto - Portal Tela Portugal<\/title>\n<meta name=\"robots\" content=\"index, follow, max-snippet:-1, max-image-preview:large, max-video-preview:-1\" \/>\n<meta property=\"og:locale\" content=\"pt_PT\" \/>\n<meta property=\"og:type\" content=\"article\" \/>\n<meta property=\"og:title\" content=\"Manuel Queiroz afirma que o FC Porto pode n\u00e3o ter metido nisto - Portal Tela Portugal\" \/>\n<meta property=\"og:description\" content=\"Manuel Queiroz afirma que o FC Porto poder\u00e1 n\u00e3o ter sido envolvido no caso Prestianni, questionando a sua participa\u00e7\u00e3o. O antigo treinador destaca a necessidade de esclarecer a forma como o caso est\u00e1 a ser tratado pelas entidades reguladoras. O FC Porto dirigiu quest\u00f5es \u00e0 Liga e \u00e0 Federa\u00e7\u00e3o Portuguesa de Futebol sobre o procedimento adotado no caso Prestianni. O clube quer confirmar que os processos foram seguidos corretamente e que n\u00e3o houve irregularidades. O caso tem gerado pol\u00e9mica em Portugal, com pedidos de an\u00e1lise rigorosa e imparcial para apurar a verdade.\" \/>\n<meta property=\"og:url\" content=\"https:\/\/portaltela.pt\/noticias\/2026\/02\/20\/manuel-queiroz-afirma-que-o-fc-porto-pode-nao-ter-metido-nisto\/\" \/>\n<meta property=\"og:site_name\" content=\"Portal Tela Portugal\" \/>\n<meta property=\"article:published_time\" content=\"2026-02-20T23:31:00+00:00\" \/>\n<meta name=\"author\" content=\"Telinha\" \/>\n<meta name=\"twitter:card\" content=\"summary_large_image\" \/>\n<meta name=\"twitter:label1\" content=\"Escrito por\" \/>\n\t<meta name=\"twitter:data1\" content=\"Telinha\" \/>\n\t<meta name=\"twitter:label2\" content=\"Tempo estimado de leitura\" \/>\n\t<meta name=\"twitter:data2\" content=\"1 minuto\" \/>\n<script type=\"application\/ld+json\" class=\"yoast-schema-graph\">{\"@context\":\"https:\/\/schema.org\",\"@graph\":[{\"@type\":\"Article\",\"@id\":\"https:\/\/portaltela.pt\/noticias\/2026\/02\/20\/manuel-queiroz-afirma-que-o-fc-porto-pode-nao-ter-metido-nisto\/#article\",\"isPartOf\":{\"@id\":\"https:\/\/portaltela.pt\/noticias\/2026\/02\/20\/manuel-queiroz-afirma-que-o-fc-porto-pode-nao-ter-metido-nisto\/\"},\"author\":{\"name\":\"Telinha\",\"@id\":\"https:\/\/portaltela.pt\/#\/schema\/person\/c4278d4a6028830caff9ee44b42d32ed\"},\"headline\":\"Manuel Queiroz afirma que o FC Porto pode n\u00e3o ter metido nisto\",\"datePublished\":\"2026-02-20T23:31:00+00:00\",\"mainEntityOfPage\":{\"@id\":\"https:\/\/portaltela.pt\/noticias\/2026\/02\/20\/manuel-queiroz-afirma-que-o-fc-porto-pode-nao-ter-metido-nisto\/\"},\"wordCount\":270,\"image\":{\"@id\":\"https:\/\/portaltela.pt\/noticias\/2026\/02\/20\/manuel-queiroz-afirma-que-o-fc-porto-pode-nao-ter-metido-nisto\/#primaryimage\"},\"thumbnailUrl\":\"https:\/\/portaltela.pt\/s.01k8rhncp4jt1\/2026\/02\/img_1280x722uu2026-02-20-23-31-44-2268100.jpg\",\"keywords\":[\"A Liga\",\"FC Porto\",\"futebol\",\"investiga\u00e7\u00e3o\",\"justi\u00e7a\",\"transpar\u00eancia\"],\"articleSection\":[\"Desporto\",\"Futebol\"],\"inLanguage\":\"pt-PT\"},{\"@type\":\"WebPage\",\"@id\":\"https:\/\/portaltela.pt\/noticias\/2026\/02\/20\/manuel-queiroz-afirma-que-o-fc-porto-pode-nao-ter-metido-nisto\/\",\"url\":\"https:\/\/portaltela.pt\/noticias\/2026\/02\/20\/manuel-queiroz-afirma-que-o-fc-porto-pode-nao-ter-metido-nisto\/\",\"name\":\"Manuel Queiroz afirma que o FC Porto pode n\u00e3o ter metido nisto - Portal Tela Portugal\",\"isPartOf\":{\"@id\":\"https:\/\/portaltela.pt\/#website\"},\"primaryImageOfPage\":{\"@id\":\"https:\/\/portaltela.pt\/noticias\/2026\/02\/20\/manuel-queiroz-afirma-que-o-fc-porto-pode-nao-ter-metido-nisto\/#primaryimage\"},\"image\":{\"@id\":\"https:\/\/portaltela.pt\/noticias\/2026\/02\/20\/manuel-queiroz-afirma-que-o-fc-porto-pode-nao-ter-metido-nisto\/#primaryimage\"},\"thumbnailUrl\":\"https:\/\/portaltela.pt\/s.01k8rhncp4jt1\/2026\/02\/img_1280x722uu2026-02-20-23-31-44-2268100.jpg\",\"datePublished\":\"2026-02-20T23:31:00+00:00\",\"author\":{\"@id\":\"https:\/\/portaltela.pt\/#\/schema\/person\/c4278d4a6028830caff9ee44b42d32ed\"},\"breadcrumb\":{\"@id\":\"https:\/\/portaltela.pt\/noticias\/2026\/02\/20\/manuel-queiroz-afirma-que-o-fc-porto-pode-nao-ter-metido-nisto\/#breadcrumb\"},\"inLanguage\":\"pt-PT\",\"potentialAction\":[{\"@type\":\"ReadAction\",\"target\":[\"https:\/\/portaltela.pt\/noticias\/2026\/02\/20\/manuel-queiroz-afirma-que-o-fc-porto-pode-nao-ter-metido-nisto\/\"]}]},{\"@type\":\"ImageObject\",\"inLanguage\":\"pt-PT\",\"@id\":\"https:\/\/portaltela.pt\/noticias\/2026\/02\/20\/manuel-queiroz-afirma-que-o-fc-porto-pode-nao-ter-metido-nisto\/#primaryimage\",\"url\":\"https:\/\/portaltela.pt\/s.01k8rhncp4jt1\/2026\/02\/img_1280x722uu2026-02-20-23-31-44-2268100.jpg\",\"contentUrl\":\"https:\/\/portaltela.pt\/s.01k8rhncp4jt1\/2026\/02\/img_1280x722uu2026-02-20-23-31-44-2268100.jpg\",\"width\":796,\"height\":448,\"caption\":\"Photo\"},{\"@type\":\"BreadcrumbList\",\"@id\":\"https:\/\/portaltela.pt\/noticias\/2026\/02\/20\/manuel-queiroz-afirma-que-o-fc-porto-pode-nao-ter-metido-nisto\/#breadcrumb\",\"itemListElement\":[{\"@type\":\"ListItem\",\"position\":1,\"name\":\"In\u00edcio\",\"item\":\"https:\/\/portaltela.pt\/\"},{\"@type\":\"ListItem\",\"position\":2,\"name\":\"Manuel Queiroz afirma que o FC Porto pode n\u00e3o ter metido nisto\"}]},{\"@type\":\"WebSite\",\"@id\":\"https:\/\/portaltela.pt\/#website\",\"url\":\"https:\/\/portaltela.pt\/\",\"name\":\"Portal Tela Portugal\",\"description\":\"\",\"potentialAction\":[{\"@type\":\"SearchAction\",\"target\":{\"@type\":\"EntryPoint\",\"urlTemplate\":\"https:\/\/portaltela.pt\/?s={search_term_string}\"},\"query-input\":{\"@type\":\"PropertyValueSpecification\",\"valueRequired\":true,\"valueName\":\"search_term_string\"}}],\"inLanguage\":\"pt-PT\"},{\"@type\":\"Person\",\"@id\":\"https:\/\/portaltela.pt\/#\/schema\/person\/c4278d4a6028830caff9ee44b42d32ed\",\"name\":\"Telinha\",\"image\":{\"@type\":\"ImageObject\",\"inLanguage\":\"pt-PT\",\"@id\":\"https:\/\/portaltela.pt\/s.01k8rhncp4jt1\/2025\/11\/talking-bot-125x125.png\",\"url\":\"https:\/\/portaltela.pt\/s.01k8rhncp4jt1\/2025\/11\/talking-bot-125x125.png\",\"contentUrl\":\"https:\/\/portaltela.pt\/s.01k8rhncp4jt1\/2025\/11\/talking-bot-125x125.png\",\"caption\":\"Telinha\"},\"sameAs\":[\"https:\/\/portaltela.pt\/\"],\"url\":\"https:\/\/portaltela.pt\/por\/367410592786\/\"}]}<\/script>\n<!-- \/ Yoast SEO plugin. -->","yoast_head_json":{"title":"Manuel Queiroz afirma que o FC Porto pode n\u00e3o ter metido nisto - Portal Tela Portugal","robots":{"index":"index","follow":"follow","max-snippet":"max-snippet:-1","max-image-preview":"max-image-preview:large","max-video-preview":"max-video-preview:-1"},"og_locale":"pt_PT","og_type":"article","og_title":"Manuel Queiroz afirma que o FC Porto pode n\u00e3o ter metido nisto - Portal Tela Portugal","og_description":"Manuel Queiroz afirma que o FC Porto poder\u00e1 n\u00e3o ter sido envolvido no caso Prestianni, questionando a sua participa\u00e7\u00e3o. O antigo treinador destaca a necessidade de esclarecer a forma como o caso est\u00e1 a ser tratado pelas entidades reguladoras. O FC Porto dirigiu quest\u00f5es \u00e0 Liga e \u00e0 Federa\u00e7\u00e3o Portuguesa de Futebol sobre o procedimento adotado no caso Prestianni. O clube quer confirmar que os processos foram seguidos corretamente e que n\u00e3o houve irregularidades. O caso tem gerado pol\u00e9mica em Portugal, com pedidos de an\u00e1lise rigorosa e imparcial para apurar a verdade.","og_url":"https:\/\/portaltela.pt\/noticias\/2026\/02\/20\/manuel-queiroz-afirma-que-o-fc-porto-pode-nao-ter-metido-nisto\/","og_site_name":"Portal Tela Portugal","article_published_time":"2026-02-20T23:31:00+00:00","author":"Telinha","twitter_card":"summary_large_image","twitter_misc":{"Escrito por":"Telinha","Tempo estimado de leitura":"1 minuto"},"schema":{"@context":"https:\/\/schema.org","@graph":[{"@type":"Article","@id":"https:\/\/portaltela.pt\/noticias\/2026\/02\/20\/manuel-queiroz-afirma-que-o-fc-porto-pode-nao-ter-metido-nisto\/#article","isPartOf":{"@id":"https:\/\/portaltela.pt\/noticias\/2026\/02\/20\/manuel-queiroz-afirma-que-o-fc-porto-pode-nao-ter-metido-nisto\/"},"author":{"name":"Telinha","@id":"https:\/\/portaltela.pt\/#\/schema\/person\/c4278d4a6028830caff9ee44b42d32ed"},"headline":"Manuel Queiroz afirma que o FC Porto pode n\u00e3o ter metido nisto","datePublished":"2026-02-20T23:31:00+00:00","mainEntityOfPage":{"@id":"https:\/\/portaltela.pt\/noticias\/2026\/02\/20\/manuel-queiroz-afirma-que-o-fc-porto-pode-nao-ter-metido-nisto\/"},"wordCount":270,"image":{"@id":"https:\/\/portaltela.pt\/noticias\/2026\/02\/20\/manuel-queiroz-afirma-que-o-fc-porto-pode-nao-ter-metido-nisto\/#primaryimage"},"thumbnailUrl":"https:\/\/portaltela.pt\/s.01k8rhncp4jt1\/2026\/02\/img_1280x722uu2026-02-20-23-31-44-2268100.jpg","keywords":["A Liga","FC Porto","futebol","investiga\u00e7\u00e3o","justi\u00e7a","transpar\u00eancia"],"articleSection":["Desporto","Futebol"],"inLanguage":"pt-PT"},{"@type":"WebPage","@id":"https:\/\/portaltela.pt\/noticias\/2026\/02\/20\/manuel-queiroz-afirma-que-o-fc-porto-pode-nao-ter-metido-nisto\/","url":"https:\/\/portaltela.pt\/noticias\/2026\/02\/20\/manuel-queiroz-afirma-que-o-fc-porto-pode-nao-ter-metido-nisto\/","name":"Manuel Queiroz afirma que o FC Porto pode n\u00e3o ter metido nisto - Portal Tela Portugal","isPartOf":{"@id":"https:\/\/portaltela.pt\/#website"},"primaryImageOfPage":{"@id":"https:\/\/portaltela.pt\/noticias\/2026\/02\/20\/manuel-queiroz-afirma-que-o-fc-porto-pode-nao-ter-metido-nisto\/#primaryimage"},"image":{"@id":"https:\/\/portaltela.pt\/noticias\/2026\/02\/20\/manuel-queiroz-afirma-que-o-fc-porto-pode-nao-ter-metido-nisto\/#primaryimage"},"thumbnailUrl":"https:\/\/portaltela.pt\/s.01k8rhncp4jt1\/2026\/02\/img_1280x722uu2026-02-20-23-31-44-2268100.jpg","datePublished":"2026-02-20T23:31:00+00:00","author":{"@id":"https:\/\/portaltela.pt\/#\/schema\/person\/c4278d4a6028830caff9ee44b42d32ed"},"breadcrumb":{"@id":"https:\/\/portaltela.pt\/noticias\/2026\/02\/20\/manuel-queiroz-afirma-que-o-fc-porto-pode-nao-ter-metido-nisto\/#breadcrumb"},"inLanguage":"pt-PT","potentialAction":[{"@type":"ReadAction","target":["https:\/\/portaltela.pt\/noticias\/2026\/02\/20\/manuel-queiroz-afirma-que-o-fc-porto-pode-nao-ter-metido-nisto\/"]}]},{"@type":"ImageObject","inLanguage":"pt-PT","@id":"https:\/\/portaltela.pt\/noticias\/2026\/02\/20\/manuel-queiroz-afirma-que-o-fc-porto-pode-nao-ter-metido-nisto\/#primaryimage","url":"https:\/\/portaltela.pt\/s.01k8rhncp4jt1\/2026\/02\/img_1280x722uu2026-02-20-23-31-44-2268100.jpg","contentUrl":"https:\/\/portaltela.pt\/s.01k8rhncp4jt1\/2026\/02\/img_1280x722uu2026-02-20-23-31-44-2268100.jpg","width":796,"height":448,"caption":"Photo"},{"@type":"BreadcrumbList","@id":"https:\/\/portaltela.pt\/noticias\/2026\/02\/20\/manuel-queiroz-afirma-que-o-fc-porto-pode-nao-ter-metido-nisto\/#breadcrumb","itemListElement":[{"@type":"ListItem","position":1,"name":"In\u00edcio","item":"https:\/\/portaltela.pt\/"},{"@type":"ListItem","position":2,"name":"Manuel Queiroz afirma que o FC Porto pode n\u00e3o ter metido nisto"}]},{"@type":"WebSite","@id":"https:\/\/portaltela.pt\/#website","url":"https:\/\/portaltela.pt\/","name":"Portal Tela Portugal","description":"","potentialAction":[{"@type":"SearchAction","target":{"@type":"EntryPoint","urlTemplate":"https:\/\/portaltela.pt\/?s={search_term_string}"},"query-input":{"@type":"PropertyValueSpecification","valueRequired":true,"valueName":"search_term_string"}}],"inLanguage":"pt-PT"},{"@type":"Person","@id":"https:\/\/portaltela.pt\/#\/schema\/person\/c4278d4a6028830caff9ee44b42d32ed","name":"Telinha","image":{"@type":"ImageObject","inLanguage":"pt-PT","@id":"https:\/\/portaltela.pt\/s.01k8rhncp4jt1\/2025\/11\/talking-bot-125x125.png","url":"https:\/\/portaltela.pt\/s.01k8rhncp4jt1\/2025\/11\/talking-bot-125x125.png","contentUrl":"https:\/\/portaltela.pt\/s.01k8rhncp4jt1\/2025\/11\/talking-bot-125x125.png","caption":"Telinha"},"sameAs":["https:\/\/portaltela.pt\/"],"url":"https:\/\/portaltela.pt\/por\/367410592786\/"}]}},"_links":{"self":[{"href":"https:\/\/portaltela.pt\/api\/wp\/v2\/posts\/220097","targetHints":{"allow":["GET"]}}],"collection":[{"href":"https:\/\/portaltela.pt\/api\/wp\/v2\/posts"}],"about":[{"href":"https:\/\/portaltela.pt\/api\/wp\/v2\/types\/post"}],"author":[{"embeddable":true,"href":"https:\/\/portaltela.pt\/api\/wp\/v2\/users\/2"}],"replies":[{"embeddable":true,"href":"https:\/\/portaltela.pt\/api\/wp\/v2\/comments?post=220097"}],"version-history":[{"count":0,"href":"https:\/\/portaltela.pt\/api\/wp\/v2\/posts\/220097\/revisions"}],"wp:featuredmedia":[{"embeddable":true,"href":"https:\/\/portaltela.pt\/api\/wp\/v2\/media\/220099"}],"wp:attachment":[{"href":"https:\/\/portaltela.pt\/api\/wp\/v2\/media?parent=220097"}],"wp:term":[{"taxonomy":"category","embeddable":true,"href":"https:\/\/portaltela.pt\/api\/wp\/v2\/categories?post=220097"},{"taxonomy":"post_tag","embeddable":true,"href":"https:\/\/portaltela.pt\/api\/wp\/v2\/tags?post=220097"}],"curies":[{"name":"wp","href":"https:\/\/api.w.org\/{rel}","templated":true}]}}