{"id":220069,"date":"2026-02-20T19:46:31","date_gmt":"2026-02-20T22:46:31","guid":{"rendered":"https:\/\/portaltela.pt\/noticias\/2026\/02\/20\/jaime-faria-eliminado-nos-quartos-de-final-no-rio-de-janeiro\/"},"modified":"2026-02-20T19:46:31","modified_gmt":"2026-02-20T22:46:31","slug":"jaime-faria-eliminado-nos-quartos-de-final-no-rio-de-janeiro","status":"publish","type":"post","link":"https:\/\/portaltela.pt\/desporto\/2026\/02\/20\/jaime-faria-eliminado-nos-quartos-de-final-no-rio-de-janeiro\/","title":{"rendered":"Jaime Faria eliminado nos quartos de final no Rio de Janeiro"},"content":{"rendered":"<p>O tenista portugu\u00eas Jaime Faria foi eliminado nos quartos de final do torneio do Rio de Janeiro, Brasil, ao perder frente ao argentino Tomas Etcheverry em dois sets. A partida, disputada em terra batida, terminou 7-6 (7-4), 6-4, com dura\u00e7\u00e3o de 2h05.<\/p>\n<p>Faria, 22 anos e n\u00famero 147 do ranking, entrou no quadro principal como lucky loser ap\u00f3s falhar a qualifica\u00e7\u00e3o frente ao brasileiro Igor Marcondes, 348.\u00ba. No Open do Rio, o portugu\u00eas j\u00e1 tinha vencido Sebastian Baez na estreia e, nos oitavos, Damir Dzumhur.<\/p>\n<p>Na ronda de qualifica\u00e7\u00e3o, o jogador luso foi eliminado por Marcondes, que ficou em posi\u00e7\u00e3o de qualifica\u00e7\u00e3o para o quadro principal. O percurso no Brasil incluiu duas vit\u00f3rias anteriores, frente a Baez e Dzumhur, que o creditaram aos quartos.<\/p>\n<h3>Desempenho no Rio e contexto<\/h3>\n<p>O duelo com Etcheverry ocorreu em terra batida, um tipo de piso que favorece o estilo de jogo do advers\u00e1rio argentino. Baez, 32.\u00ba do mundo, \u00e9 bicampe\u00e3o do torneio, enquanto Dzumhur est\u00e1 entre os nomes de peso que Faria eliminou no caminho aos quartos.<\/p>\n","protected":false},"excerpt":{"rendered":"<ul>\n<li>Jaime Faria foi eliminado nos quartos de final do torneio do Rio de Janeiro ao perder com Tomas Etcheverry em dois sets: 7-6 (7-4), 6-4.<\/li>\n<li>A partida, disputada em terra batida, teve dura\u00e7\u00e3o de duas horas e cinco minutos.<\/li>\n<li>O portugu\u00eas, 147.\u00ba mundial, entrou no quadro principal como lucky loser depois de ter ca\u00eddo na qualifying frente a Igor Marcondes.<\/li>\n<li>No quadro principal, Faria come\u00e7ou com vit\u00f3ria sobre Sebastian Baez e, nos oitavos de final, derrotou Damir Dzumhur.<\/li>\n<li>O torneio decorre no Rio de Janeiro, Brasil.<\/li>\n<\/ul>\n","protected":false},"author":2,"featured_media":220071,"comment_status":"closed","ping_status":"closed","sticky":false,"template":"","format":"standard","meta":{"footnotes":""},"categories":[21],"tags":[2547,6040,3370,94],"class_list":["post-220069","post","type-post","status-publish","format-standard","has-post-thumbnail","hentry","category-desporto","tag-brasil","tag-damir-dzumhur","tag-jaime-faria","tag-tenis"],"yoast_head":"<!-- This site is optimized with the Yoast SEO plugin v27.2 - https:\/\/yoast.com\/product\/yoast-seo-wordpress\/ -->\n<title>Jaime Faria eliminado nos quartos de final no Rio de Janeiro - Portal Tela Portugal<\/title>\n<meta name=\"robots\" content=\"index, follow, max-snippet:-1, max-image-preview:large, max-video-preview:-1\" \/>\n<meta property=\"og:locale\" content=\"pt_PT\" \/>\n<meta property=\"og:type\" content=\"article\" \/>\n<meta property=\"og:title\" content=\"Jaime Faria eliminado nos quartos de final no Rio de Janeiro - Portal Tela Portugal\" \/>\n<meta property=\"og:description\" content=\"Jaime Faria foi eliminado nos quartos de final do torneio do Rio de Janeiro ao perder com Tomas Etcheverry em dois sets: 7-6 (7-4), 6-4. A partida, disputada em terra batida, teve dura\u00e7\u00e3o de duas horas e cinco minutos. O portugu\u00eas, 147.\u00ba mundial, entrou no quadro principal como lucky loser depois de ter ca\u00eddo na qualifying frente a Igor Marcondes. No quadro principal, Faria come\u00e7ou com vit\u00f3ria sobre Sebastian Baez e, nos oitavos de final, derrotou Damir Dzumhur. O torneio decorre no Rio de Janeiro, Brasil.\" \/>\n<meta property=\"og:url\" content=\"https:\/\/portaltela.pt\/noticias\/2026\/02\/20\/jaime-faria-eliminado-nos-quartos-de-final-no-rio-de-janeiro\/\" \/>\n<meta property=\"og:site_name\" content=\"Portal Tela Portugal\" \/>\n<meta property=\"article:published_time\" content=\"2026-02-20T22:46:31+00:00\" \/>\n<meta name=\"author\" content=\"Telinha\" \/>\n<meta name=\"twitter:card\" content=\"summary_large_image\" \/>\n<meta name=\"twitter:label1\" content=\"Escrito por\" \/>\n\t<meta name=\"twitter:data1\" content=\"Telinha\" \/>\n\t<meta name=\"twitter:label2\" content=\"Tempo estimado de leitura\" \/>\n\t<meta name=\"twitter:data2\" content=\"1 minuto\" \/>\n<script type=\"application\/ld+json\" class=\"yoast-schema-graph\">{\"@context\":\"https:\/\/schema.org\",\"@graph\":[{\"@type\":\"Article\",\"@id\":\"https:\/\/portaltela.pt\/noticias\/2026\/02\/20\/jaime-faria-eliminado-nos-quartos-de-final-no-rio-de-janeiro\/#article\",\"isPartOf\":{\"@id\":\"https:\/\/portaltela.pt\/noticias\/2026\/02\/20\/jaime-faria-eliminado-nos-quartos-de-final-no-rio-de-janeiro\/\"},\"author\":{\"name\":\"Telinha\",\"@id\":\"https:\/\/portaltela.pt\/#\/schema\/person\/c4278d4a6028830caff9ee44b42d32ed\"},\"headline\":\"Jaime Faria eliminado nos quartos de final no Rio de Janeiro\",\"datePublished\":\"2026-02-20T22:46:31+00:00\",\"mainEntityOfPage\":{\"@id\":\"https:\/\/portaltela.pt\/noticias\/2026\/02\/20\/jaime-faria-eliminado-nos-quartos-de-final-no-rio-de-janeiro\/\"},\"wordCount\":191,\"image\":{\"@id\":\"https:\/\/portaltela.pt\/noticias\/2026\/02\/20\/jaime-faria-eliminado-nos-quartos-de-final-no-rio-de-janeiro\/#primaryimage\"},\"thumbnailUrl\":\"https:\/\/portaltela.pt\/s.01k8rhncp4jt1\/2026\/02\/img_920x518uu2026-01-22-10-05-00-2416504.jpg\",\"keywords\":[\"Brasil\",\"Damir Dzumhur\",\"Jaime Faria\",\"t\u00eanis\"],\"articleSection\":[\"Desporto\"],\"inLanguage\":\"pt-PT\"},{\"@type\":\"WebPage\",\"@id\":\"https:\/\/portaltela.pt\/noticias\/2026\/02\/20\/jaime-faria-eliminado-nos-quartos-de-final-no-rio-de-janeiro\/\",\"url\":\"https:\/\/portaltela.pt\/noticias\/2026\/02\/20\/jaime-faria-eliminado-nos-quartos-de-final-no-rio-de-janeiro\/\",\"name\":\"Jaime Faria eliminado nos quartos de final no Rio de Janeiro - Portal Tela Portugal\",\"isPartOf\":{\"@id\":\"https:\/\/portaltela.pt\/#website\"},\"primaryImageOfPage\":{\"@id\":\"https:\/\/portaltela.pt\/noticias\/2026\/02\/20\/jaime-faria-eliminado-nos-quartos-de-final-no-rio-de-janeiro\/#primaryimage\"},\"image\":{\"@id\":\"https:\/\/portaltela.pt\/noticias\/2026\/02\/20\/jaime-faria-eliminado-nos-quartos-de-final-no-rio-de-janeiro\/#primaryimage\"},\"thumbnailUrl\":\"https:\/\/portaltela.pt\/s.01k8rhncp4jt1\/2026\/02\/img_920x518uu2026-01-22-10-05-00-2416504.jpg\",\"datePublished\":\"2026-02-20T22:46:31+00:00\",\"author\":{\"@id\":\"https:\/\/portaltela.pt\/#\/schema\/person\/c4278d4a6028830caff9ee44b42d32ed\"},\"breadcrumb\":{\"@id\":\"https:\/\/portaltela.pt\/noticias\/2026\/02\/20\/jaime-faria-eliminado-nos-quartos-de-final-no-rio-de-janeiro\/#breadcrumb\"},\"inLanguage\":\"pt-PT\",\"potentialAction\":[{\"@type\":\"ReadAction\",\"target\":[\"https:\/\/portaltela.pt\/noticias\/2026\/02\/20\/jaime-faria-eliminado-nos-quartos-de-final-no-rio-de-janeiro\/\"]}]},{\"@type\":\"ImageObject\",\"inLanguage\":\"pt-PT\",\"@id\":\"https:\/\/portaltela.pt\/noticias\/2026\/02\/20\/jaime-faria-eliminado-nos-quartos-de-final-no-rio-de-janeiro\/#primaryimage\",\"url\":\"https:\/\/portaltela.pt\/s.01k8rhncp4jt1\/2026\/02\/img_920x518uu2026-01-22-10-05-00-2416504.jpg\",\"contentUrl\":\"https:\/\/portaltela.pt\/s.01k8rhncp4jt1\/2026\/02\/img_920x518uu2026-01-22-10-05-00-2416504.jpg\",\"width\":796,\"height\":448,\"caption\":\"Jaime Faria\"},{\"@type\":\"BreadcrumbList\",\"@id\":\"https:\/\/portaltela.pt\/noticias\/2026\/02\/20\/jaime-faria-eliminado-nos-quartos-de-final-no-rio-de-janeiro\/#breadcrumb\",\"itemListElement\":[{\"@type\":\"ListItem\",\"position\":1,\"name\":\"In\u00edcio\",\"item\":\"https:\/\/portaltela.pt\/\"},{\"@type\":\"ListItem\",\"position\":2,\"name\":\"Jaime Faria eliminado nos quartos de final no Rio de Janeiro\"}]},{\"@type\":\"WebSite\",\"@id\":\"https:\/\/portaltela.pt\/#website\",\"url\":\"https:\/\/portaltela.pt\/\",\"name\":\"Portal Tela Portugal\",\"description\":\"\",\"potentialAction\":[{\"@type\":\"SearchAction\",\"target\":{\"@type\":\"EntryPoint\",\"urlTemplate\":\"https:\/\/portaltela.pt\/?s={search_term_string}\"},\"query-input\":{\"@type\":\"PropertyValueSpecification\",\"valueRequired\":true,\"valueName\":\"search_term_string\"}}],\"inLanguage\":\"pt-PT\"},{\"@type\":\"Person\",\"@id\":\"https:\/\/portaltela.pt\/#\/schema\/person\/c4278d4a6028830caff9ee44b42d32ed\",\"name\":\"Telinha\",\"image\":{\"@type\":\"ImageObject\",\"inLanguage\":\"pt-PT\",\"@id\":\"https:\/\/portaltela.pt\/s.01k8rhncp4jt1\/2025\/11\/talking-bot-125x125.png\",\"url\":\"https:\/\/portaltela.pt\/s.01k8rhncp4jt1\/2025\/11\/talking-bot-125x125.png\",\"contentUrl\":\"https:\/\/portaltela.pt\/s.01k8rhncp4jt1\/2025\/11\/talking-bot-125x125.png\",\"caption\":\"Telinha\"},\"sameAs\":[\"https:\/\/portaltela.pt\/\"],\"url\":\"https:\/\/portaltela.pt\/por\/367410592786\/\"}]}<\/script>\n<!-- \/ Yoast SEO plugin. -->","yoast_head_json":{"title":"Jaime Faria eliminado nos quartos de final no Rio de Janeiro - Portal Tela Portugal","robots":{"index":"index","follow":"follow","max-snippet":"max-snippet:-1","max-image-preview":"max-image-preview:large","max-video-preview":"max-video-preview:-1"},"og_locale":"pt_PT","og_type":"article","og_title":"Jaime Faria eliminado nos quartos de final no Rio de Janeiro - Portal Tela Portugal","og_description":"Jaime Faria foi eliminado nos quartos de final do torneio do Rio de Janeiro ao perder com Tomas Etcheverry em dois sets: 7-6 (7-4), 6-4. A partida, disputada em terra batida, teve dura\u00e7\u00e3o de duas horas e cinco minutos. O portugu\u00eas, 147.\u00ba mundial, entrou no quadro principal como lucky loser depois de ter ca\u00eddo na qualifying frente a Igor Marcondes. No quadro principal, Faria come\u00e7ou com vit\u00f3ria sobre Sebastian Baez e, nos oitavos de final, derrotou Damir Dzumhur. O torneio decorre no Rio de Janeiro, Brasil.","og_url":"https:\/\/portaltela.pt\/noticias\/2026\/02\/20\/jaime-faria-eliminado-nos-quartos-de-final-no-rio-de-janeiro\/","og_site_name":"Portal Tela Portugal","article_published_time":"2026-02-20T22:46:31+00:00","author":"Telinha","twitter_card":"summary_large_image","twitter_misc":{"Escrito por":"Telinha","Tempo estimado de leitura":"1 minuto"},"schema":{"@context":"https:\/\/schema.org","@graph":[{"@type":"Article","@id":"https:\/\/portaltela.pt\/noticias\/2026\/02\/20\/jaime-faria-eliminado-nos-quartos-de-final-no-rio-de-janeiro\/#article","isPartOf":{"@id":"https:\/\/portaltela.pt\/noticias\/2026\/02\/20\/jaime-faria-eliminado-nos-quartos-de-final-no-rio-de-janeiro\/"},"author":{"name":"Telinha","@id":"https:\/\/portaltela.pt\/#\/schema\/person\/c4278d4a6028830caff9ee44b42d32ed"},"headline":"Jaime Faria eliminado nos quartos de final no Rio de Janeiro","datePublished":"2026-02-20T22:46:31+00:00","mainEntityOfPage":{"@id":"https:\/\/portaltela.pt\/noticias\/2026\/02\/20\/jaime-faria-eliminado-nos-quartos-de-final-no-rio-de-janeiro\/"},"wordCount":191,"image":{"@id":"https:\/\/portaltela.pt\/noticias\/2026\/02\/20\/jaime-faria-eliminado-nos-quartos-de-final-no-rio-de-janeiro\/#primaryimage"},"thumbnailUrl":"https:\/\/portaltela.pt\/s.01k8rhncp4jt1\/2026\/02\/img_920x518uu2026-01-22-10-05-00-2416504.jpg","keywords":["Brasil","Damir Dzumhur","Jaime Faria","t\u00eanis"],"articleSection":["Desporto"],"inLanguage":"pt-PT"},{"@type":"WebPage","@id":"https:\/\/portaltela.pt\/noticias\/2026\/02\/20\/jaime-faria-eliminado-nos-quartos-de-final-no-rio-de-janeiro\/","url":"https:\/\/portaltela.pt\/noticias\/2026\/02\/20\/jaime-faria-eliminado-nos-quartos-de-final-no-rio-de-janeiro\/","name":"Jaime Faria eliminado nos quartos de final no Rio de Janeiro - Portal Tela Portugal","isPartOf":{"@id":"https:\/\/portaltela.pt\/#website"},"primaryImageOfPage":{"@id":"https:\/\/portaltela.pt\/noticias\/2026\/02\/20\/jaime-faria-eliminado-nos-quartos-de-final-no-rio-de-janeiro\/#primaryimage"},"image":{"@id":"https:\/\/portaltela.pt\/noticias\/2026\/02\/20\/jaime-faria-eliminado-nos-quartos-de-final-no-rio-de-janeiro\/#primaryimage"},"thumbnailUrl":"https:\/\/portaltela.pt\/s.01k8rhncp4jt1\/2026\/02\/img_920x518uu2026-01-22-10-05-00-2416504.jpg","datePublished":"2026-02-20T22:46:31+00:00","author":{"@id":"https:\/\/portaltela.pt\/#\/schema\/person\/c4278d4a6028830caff9ee44b42d32ed"},"breadcrumb":{"@id":"https:\/\/portaltela.pt\/noticias\/2026\/02\/20\/jaime-faria-eliminado-nos-quartos-de-final-no-rio-de-janeiro\/#breadcrumb"},"inLanguage":"pt-PT","potentialAction":[{"@type":"ReadAction","target":["https:\/\/portaltela.pt\/noticias\/2026\/02\/20\/jaime-faria-eliminado-nos-quartos-de-final-no-rio-de-janeiro\/"]}]},{"@type":"ImageObject","inLanguage":"pt-PT","@id":"https:\/\/portaltela.pt\/noticias\/2026\/02\/20\/jaime-faria-eliminado-nos-quartos-de-final-no-rio-de-janeiro\/#primaryimage","url":"https:\/\/portaltela.pt\/s.01k8rhncp4jt1\/2026\/02\/img_920x518uu2026-01-22-10-05-00-2416504.jpg","contentUrl":"https:\/\/portaltela.pt\/s.01k8rhncp4jt1\/2026\/02\/img_920x518uu2026-01-22-10-05-00-2416504.jpg","width":796,"height":448,"caption":"Jaime Faria"},{"@type":"BreadcrumbList","@id":"https:\/\/portaltela.pt\/noticias\/2026\/02\/20\/jaime-faria-eliminado-nos-quartos-de-final-no-rio-de-janeiro\/#breadcrumb","itemListElement":[{"@type":"ListItem","position":1,"name":"In\u00edcio","item":"https:\/\/portaltela.pt\/"},{"@type":"ListItem","position":2,"name":"Jaime Faria eliminado nos quartos de final no Rio de Janeiro"}]},{"@type":"WebSite","@id":"https:\/\/portaltela.pt\/#website","url":"https:\/\/portaltela.pt\/","name":"Portal Tela Portugal","description":"","potentialAction":[{"@type":"SearchAction","target":{"@type":"EntryPoint","urlTemplate":"https:\/\/portaltela.pt\/?s={search_term_string}"},"query-input":{"@type":"PropertyValueSpecification","valueRequired":true,"valueName":"search_term_string"}}],"inLanguage":"pt-PT"},{"@type":"Person","@id":"https:\/\/portaltela.pt\/#\/schema\/person\/c4278d4a6028830caff9ee44b42d32ed","name":"Telinha","image":{"@type":"ImageObject","inLanguage":"pt-PT","@id":"https:\/\/portaltela.pt\/s.01k8rhncp4jt1\/2025\/11\/talking-bot-125x125.png","url":"https:\/\/portaltela.pt\/s.01k8rhncp4jt1\/2025\/11\/talking-bot-125x125.png","contentUrl":"https:\/\/portaltela.pt\/s.01k8rhncp4jt1\/2025\/11\/talking-bot-125x125.png","caption":"Telinha"},"sameAs":["https:\/\/portaltela.pt\/"],"url":"https:\/\/portaltela.pt\/por\/367410592786\/"}]}},"_links":{"self":[{"href":"https:\/\/portaltela.pt\/api\/wp\/v2\/posts\/220069","targetHints":{"allow":["GET"]}}],"collection":[{"href":"https:\/\/portaltela.pt\/api\/wp\/v2\/posts"}],"about":[{"href":"https:\/\/portaltela.pt\/api\/wp\/v2\/types\/post"}],"author":[{"embeddable":true,"href":"https:\/\/portaltela.pt\/api\/wp\/v2\/users\/2"}],"replies":[{"embeddable":true,"href":"https:\/\/portaltela.pt\/api\/wp\/v2\/comments?post=220069"}],"version-history":[{"count":0,"href":"https:\/\/portaltela.pt\/api\/wp\/v2\/posts\/220069\/revisions"}],"wp:featuredmedia":[{"embeddable":true,"href":"https:\/\/portaltela.pt\/api\/wp\/v2\/media\/220071"}],"wp:attachment":[{"href":"https:\/\/portaltela.pt\/api\/wp\/v2\/media?parent=220069"}],"wp:term":[{"taxonomy":"category","embeddable":true,"href":"https:\/\/portaltela.pt\/api\/wp\/v2\/categories?post=220069"},{"taxonomy":"post_tag","embeddable":true,"href":"https:\/\/portaltela.pt\/api\/wp\/v2\/tags?post=220069"}],"curies":[{"name":"wp","href":"https:\/\/api.w.org\/{rel}","templated":true}]}}