{"id":220068,"date":"2026-02-20T19:53:34","date_gmt":"2026-02-20T22:53:34","guid":{"rendered":"https:\/\/portaltela.pt\/noticias\/2026\/02\/20\/andre-silva-admite-ter-tocado-na-bola-duas-vezes-no-penalti\/"},"modified":"2026-02-20T19:53:34","modified_gmt":"2026-02-20T22:53:34","slug":"andre-silva-admite-ter-tocado-na-bola-duas-vezes-no-penalti","status":"publish","type":"post","link":"https:\/\/portaltela.pt\/desporto\/futebol\/2026\/02\/20\/andre-silva-admite-ter-tocado-na-bola-duas-vezes-no-penalti\/","title":{"rendered":"Andr\u00e9 Silva admite ter tocado na bola duas vezes no pen\u00e1lti"},"content":{"rendered":"<p>O Elche perdeu 1-2 com o Athletic Bilbao, em Bilbau, na jornada da La Liga, numa tarde em que Andr\u00e9 Silva voltou aos golos pela equipa espanhola. A derrota mant\u00e9m o conjunto ilicitano na 16.\u00aa posi\u00e7\u00e3o, a um ponto da zona de despromo\u00e7\u00e3o (25\/24) ap\u00f3s a derrota. O jogo decorreu no est\u00e1dio San Mam\u00e9s.<\/p>\n<p>O avan\u00e7ado portugu\u00eas abriu o marcador aos 68 minutos, na transforma\u00e7\u00e3o de um pen\u00e1lti que teve de ser repetido. O \u00e1rbitro invalidou o lance original devido a um duplo toque na bola, e Andr\u00e9 Silva n\u00e3o tremeu, convertendo a segunda tentativa e chegando assim aos seis golos na \u00e9poca pelo Elche.<\/p>\n<p>No entanto, o Athletic deu a volta ao marcador e garantiu o triunfo com golos de Oihan Sancet e I\u00f1aki Williams. O Elche permanece com s\u00e9rie de oito jogos sem vencer, aumentando a press\u00e3o em rela\u00e7\u00e3o aos lugares de manuten\u00e7\u00e3o.<\/p>\n<p>Sobre o lance do pen\u00e1lti, o jogador explicou que percebeu o segundo toque na bola e lembrou-se de situa\u00e7\u00f5es semelhantes no passado, associadas a mudan\u00e7as de regra que permitiram a repeti\u00e7\u00e3o da cobran\u00e7a. O foco da equipa passa agora por terminar a sequ\u00eancia sem vit\u00f3rias o mais rapidamente poss\u00edvel.<\/p>\n","protected":false},"excerpt":{"rendered":"<ul>\n<li>O Elche perdeu por 1-2 frente ao Athletic Bilbao, em Bilbau, mantendo a travessia sem vencer na La Liga.<\/li>\n<li>Andr\u00e9 Silva marcou aos 68 minutos a partir de pen\u00e1lti, numa jogada com hist\u00f3ria de duplo toque na bola.<\/li>\n<li>O lance foi repetido devido ao duplo toque; na segunda tentativa, o golo contou e o jogador soma j\u00e1 seis tentos na \u00e9poca.<\/li>\n<li>O Elche n\u00e3o vence desde 21 de dezembro e segue no 16.\u00ba lugar, a um ponto da zona de despromo\u00e7\u00e3o.<\/li>\n<li>O avan\u00e7ado portugu\u00eas justificou o lance ao explicar que reconheceu o duplo toque e que a regra mudou, permitindo repetir a tentativa.<\/li>\n<\/ul>\n","protected":false},"author":2,"featured_media":220070,"comment_status":"closed","ping_status":"closed","sticky":false,"template":"","format":"standard","meta":{"footnotes":""},"categories":[21,24],"tags":[2588,152,3503,32,1789,3509],"class_list":["post-220068","post","type-post","status-publish","format-standard","has-post-thumbnail","hentry","category-desporto","category-futebol","tag-athletic-bilbao","tag-desporto","tag-elche","tag-futebol","tag-la-liga","tag-penaltis"],"yoast_head":"<!-- This site is optimized with the Yoast SEO plugin v27.2 - https:\/\/yoast.com\/product\/yoast-seo-wordpress\/ -->\n<title>Andr\u00e9 Silva admite ter tocado na bola duas vezes no pen\u00e1lti - Portal Tela Portugal<\/title>\n<meta name=\"robots\" content=\"index, follow, max-snippet:-1, max-image-preview:large, max-video-preview:-1\" \/>\n<meta property=\"og:locale\" content=\"pt_PT\" \/>\n<meta property=\"og:type\" content=\"article\" \/>\n<meta property=\"og:title\" content=\"Andr\u00e9 Silva admite ter tocado na bola duas vezes no pen\u00e1lti - Portal Tela Portugal\" \/>\n<meta property=\"og:description\" content=\"O Elche perdeu por 1-2 frente ao Athletic Bilbao, em Bilbau, mantendo a travessia sem vencer na La Liga. Andr\u00e9 Silva marcou aos 68 minutos a partir de pen\u00e1lti, numa jogada com hist\u00f3ria de duplo toque na bola. O lance foi repetido devido ao duplo toque; na segunda tentativa, o golo contou e o jogador soma j\u00e1 seis tentos na \u00e9poca. O Elche n\u00e3o vence desde 21 de dezembro e segue no 16.\u00ba lugar, a um ponto da zona de despromo\u00e7\u00e3o. O avan\u00e7ado portugu\u00eas justificou o lance ao explicar que reconheceu o duplo toque e que a regra mudou, permitindo repetir a tentativa.\" \/>\n<meta property=\"og:url\" content=\"https:\/\/portaltela.pt\/noticias\/2026\/02\/20\/andre-silva-admite-ter-tocado-na-bola-duas-vezes-no-penalti\/\" \/>\n<meta property=\"og:site_name\" content=\"Portal Tela Portugal\" \/>\n<meta property=\"article:published_time\" content=\"2026-02-20T22:53:34+00:00\" \/>\n<meta name=\"author\" content=\"Telinha\" \/>\n<meta name=\"twitter:card\" content=\"summary_large_image\" \/>\n<meta name=\"twitter:label1\" content=\"Escrito por\" \/>\n\t<meta name=\"twitter:data1\" content=\"Telinha\" \/>\n\t<meta name=\"twitter:label2\" content=\"Tempo estimado de leitura\" \/>\n\t<meta name=\"twitter:data2\" content=\"1 minuto\" \/>\n<script type=\"application\/ld+json\" class=\"yoast-schema-graph\">{\"@context\":\"https:\/\/schema.org\",\"@graph\":[{\"@type\":\"Article\",\"@id\":\"https:\/\/portaltela.pt\/noticias\/2026\/02\/20\/andre-silva-admite-ter-tocado-na-bola-duas-vezes-no-penalti\/#article\",\"isPartOf\":{\"@id\":\"https:\/\/portaltela.pt\/noticias\/2026\/02\/20\/andre-silva-admite-ter-tocado-na-bola-duas-vezes-no-penalti\/\"},\"author\":{\"name\":\"Telinha\",\"@id\":\"https:\/\/portaltela.pt\/#\/schema\/person\/c4278d4a6028830caff9ee44b42d32ed\"},\"headline\":\"Andr\u00e9 Silva admite ter tocado na bola duas vezes no pen\u00e1lti\",\"datePublished\":\"2026-02-20T22:53:34+00:00\",\"mainEntityOfPage\":{\"@id\":\"https:\/\/portaltela.pt\/noticias\/2026\/02\/20\/andre-silva-admite-ter-tocado-na-bola-duas-vezes-no-penalti\/\"},\"wordCount\":227,\"image\":{\"@id\":\"https:\/\/portaltela.pt\/noticias\/2026\/02\/20\/andre-silva-admite-ter-tocado-na-bola-duas-vezes-no-penalti\/#primaryimage\"},\"thumbnailUrl\":\"https:\/\/portaltela.pt\/s.01k8rhncp4jt1\/2026\/02\/img_920x518uu2026-02-08-00-40-22-2420232-1.jpg\",\"keywords\":[\"Athletic Bilbao\",\"desporto\",\"Elche\",\"futebol\",\"La Liga\",\"pen\u00e1ltis\"],\"articleSection\":[\"Desporto\",\"Futebol\"],\"inLanguage\":\"pt-PT\"},{\"@type\":\"WebPage\",\"@id\":\"https:\/\/portaltela.pt\/noticias\/2026\/02\/20\/andre-silva-admite-ter-tocado-na-bola-duas-vezes-no-penalti\/\",\"url\":\"https:\/\/portaltela.pt\/noticias\/2026\/02\/20\/andre-silva-admite-ter-tocado-na-bola-duas-vezes-no-penalti\/\",\"name\":\"Andr\u00e9 Silva admite ter tocado na bola duas vezes no pen\u00e1lti - Portal Tela Portugal\",\"isPartOf\":{\"@id\":\"https:\/\/portaltela.pt\/#website\"},\"primaryImageOfPage\":{\"@id\":\"https:\/\/portaltela.pt\/noticias\/2026\/02\/20\/andre-silva-admite-ter-tocado-na-bola-duas-vezes-no-penalti\/#primaryimage\"},\"image\":{\"@id\":\"https:\/\/portaltela.pt\/noticias\/2026\/02\/20\/andre-silva-admite-ter-tocado-na-bola-duas-vezes-no-penalti\/#primaryimage\"},\"thumbnailUrl\":\"https:\/\/portaltela.pt\/s.01k8rhncp4jt1\/2026\/02\/img_920x518uu2026-02-08-00-40-22-2420232-1.jpg\",\"datePublished\":\"2026-02-20T22:53:34+00:00\",\"author\":{\"@id\":\"https:\/\/portaltela.pt\/#\/schema\/person\/c4278d4a6028830caff9ee44b42d32ed\"},\"breadcrumb\":{\"@id\":\"https:\/\/portaltela.pt\/noticias\/2026\/02\/20\/andre-silva-admite-ter-tocado-na-bola-duas-vezes-no-penalti\/#breadcrumb\"},\"inLanguage\":\"pt-PT\",\"potentialAction\":[{\"@type\":\"ReadAction\",\"target\":[\"https:\/\/portaltela.pt\/noticias\/2026\/02\/20\/andre-silva-admite-ter-tocado-na-bola-duas-vezes-no-penalti\/\"]}]},{\"@type\":\"ImageObject\",\"inLanguage\":\"pt-PT\",\"@id\":\"https:\/\/portaltela.pt\/noticias\/2026\/02\/20\/andre-silva-admite-ter-tocado-na-bola-duas-vezes-no-penalti\/#primaryimage\",\"url\":\"https:\/\/portaltela.pt\/s.01k8rhncp4jt1\/2026\/02\/img_920x518uu2026-02-08-00-40-22-2420232-1.jpg\",\"contentUrl\":\"https:\/\/portaltela.pt\/s.01k8rhncp4jt1\/2026\/02\/img_920x518uu2026-02-08-00-40-22-2420232-1.jpg\",\"width\":796,\"height\":448,\"caption\":\"Andr\u00e9 Silva regressou aos golos com a camisola do Elche\"},{\"@type\":\"BreadcrumbList\",\"@id\":\"https:\/\/portaltela.pt\/noticias\/2026\/02\/20\/andre-silva-admite-ter-tocado-na-bola-duas-vezes-no-penalti\/#breadcrumb\",\"itemListElement\":[{\"@type\":\"ListItem\",\"position\":1,\"name\":\"In\u00edcio\",\"item\":\"https:\/\/portaltela.pt\/\"},{\"@type\":\"ListItem\",\"position\":2,\"name\":\"Andr\u00e9 Silva admite ter tocado na bola duas vezes no pen\u00e1lti\"}]},{\"@type\":\"WebSite\",\"@id\":\"https:\/\/portaltela.pt\/#website\",\"url\":\"https:\/\/portaltela.pt\/\",\"name\":\"Portal Tela Portugal\",\"description\":\"\",\"potentialAction\":[{\"@type\":\"SearchAction\",\"target\":{\"@type\":\"EntryPoint\",\"urlTemplate\":\"https:\/\/portaltela.pt\/?s={search_term_string}\"},\"query-input\":{\"@type\":\"PropertyValueSpecification\",\"valueRequired\":true,\"valueName\":\"search_term_string\"}}],\"inLanguage\":\"pt-PT\"},{\"@type\":\"Person\",\"@id\":\"https:\/\/portaltela.pt\/#\/schema\/person\/c4278d4a6028830caff9ee44b42d32ed\",\"name\":\"Telinha\",\"image\":{\"@type\":\"ImageObject\",\"inLanguage\":\"pt-PT\",\"@id\":\"https:\/\/portaltela.pt\/s.01k8rhncp4jt1\/2025\/11\/talking-bot-125x125.png\",\"url\":\"https:\/\/portaltela.pt\/s.01k8rhncp4jt1\/2025\/11\/talking-bot-125x125.png\",\"contentUrl\":\"https:\/\/portaltela.pt\/s.01k8rhncp4jt1\/2025\/11\/talking-bot-125x125.png\",\"caption\":\"Telinha\"},\"sameAs\":[\"https:\/\/portaltela.pt\/\"],\"url\":\"https:\/\/portaltela.pt\/por\/367410592786\/\"}]}<\/script>\n<!-- \/ Yoast SEO plugin. -->","yoast_head_json":{"title":"Andr\u00e9 Silva admite ter tocado na bola duas vezes no pen\u00e1lti - Portal Tela Portugal","robots":{"index":"index","follow":"follow","max-snippet":"max-snippet:-1","max-image-preview":"max-image-preview:large","max-video-preview":"max-video-preview:-1"},"og_locale":"pt_PT","og_type":"article","og_title":"Andr\u00e9 Silva admite ter tocado na bola duas vezes no pen\u00e1lti - Portal Tela Portugal","og_description":"O Elche perdeu por 1-2 frente ao Athletic Bilbao, em Bilbau, mantendo a travessia sem vencer na La Liga. Andr\u00e9 Silva marcou aos 68 minutos a partir de pen\u00e1lti, numa jogada com hist\u00f3ria de duplo toque na bola. O lance foi repetido devido ao duplo toque; na segunda tentativa, o golo contou e o jogador soma j\u00e1 seis tentos na \u00e9poca. O Elche n\u00e3o vence desde 21 de dezembro e segue no 16.\u00ba lugar, a um ponto da zona de despromo\u00e7\u00e3o. O avan\u00e7ado portugu\u00eas justificou o lance ao explicar que reconheceu o duplo toque e que a regra mudou, permitindo repetir a tentativa.","og_url":"https:\/\/portaltela.pt\/noticias\/2026\/02\/20\/andre-silva-admite-ter-tocado-na-bola-duas-vezes-no-penalti\/","og_site_name":"Portal Tela Portugal","article_published_time":"2026-02-20T22:53:34+00:00","author":"Telinha","twitter_card":"summary_large_image","twitter_misc":{"Escrito por":"Telinha","Tempo estimado de leitura":"1 minuto"},"schema":{"@context":"https:\/\/schema.org","@graph":[{"@type":"Article","@id":"https:\/\/portaltela.pt\/noticias\/2026\/02\/20\/andre-silva-admite-ter-tocado-na-bola-duas-vezes-no-penalti\/#article","isPartOf":{"@id":"https:\/\/portaltela.pt\/noticias\/2026\/02\/20\/andre-silva-admite-ter-tocado-na-bola-duas-vezes-no-penalti\/"},"author":{"name":"Telinha","@id":"https:\/\/portaltela.pt\/#\/schema\/person\/c4278d4a6028830caff9ee44b42d32ed"},"headline":"Andr\u00e9 Silva admite ter tocado na bola duas vezes no pen\u00e1lti","datePublished":"2026-02-20T22:53:34+00:00","mainEntityOfPage":{"@id":"https:\/\/portaltela.pt\/noticias\/2026\/02\/20\/andre-silva-admite-ter-tocado-na-bola-duas-vezes-no-penalti\/"},"wordCount":227,"image":{"@id":"https:\/\/portaltela.pt\/noticias\/2026\/02\/20\/andre-silva-admite-ter-tocado-na-bola-duas-vezes-no-penalti\/#primaryimage"},"thumbnailUrl":"https:\/\/portaltela.pt\/s.01k8rhncp4jt1\/2026\/02\/img_920x518uu2026-02-08-00-40-22-2420232-1.jpg","keywords":["Athletic Bilbao","desporto","Elche","futebol","La Liga","pen\u00e1ltis"],"articleSection":["Desporto","Futebol"],"inLanguage":"pt-PT"},{"@type":"WebPage","@id":"https:\/\/portaltela.pt\/noticias\/2026\/02\/20\/andre-silva-admite-ter-tocado-na-bola-duas-vezes-no-penalti\/","url":"https:\/\/portaltela.pt\/noticias\/2026\/02\/20\/andre-silva-admite-ter-tocado-na-bola-duas-vezes-no-penalti\/","name":"Andr\u00e9 Silva admite ter tocado na bola duas vezes no pen\u00e1lti - Portal Tela Portugal","isPartOf":{"@id":"https:\/\/portaltela.pt\/#website"},"primaryImageOfPage":{"@id":"https:\/\/portaltela.pt\/noticias\/2026\/02\/20\/andre-silva-admite-ter-tocado-na-bola-duas-vezes-no-penalti\/#primaryimage"},"image":{"@id":"https:\/\/portaltela.pt\/noticias\/2026\/02\/20\/andre-silva-admite-ter-tocado-na-bola-duas-vezes-no-penalti\/#primaryimage"},"thumbnailUrl":"https:\/\/portaltela.pt\/s.01k8rhncp4jt1\/2026\/02\/img_920x518uu2026-02-08-00-40-22-2420232-1.jpg","datePublished":"2026-02-20T22:53:34+00:00","author":{"@id":"https:\/\/portaltela.pt\/#\/schema\/person\/c4278d4a6028830caff9ee44b42d32ed"},"breadcrumb":{"@id":"https:\/\/portaltela.pt\/noticias\/2026\/02\/20\/andre-silva-admite-ter-tocado-na-bola-duas-vezes-no-penalti\/#breadcrumb"},"inLanguage":"pt-PT","potentialAction":[{"@type":"ReadAction","target":["https:\/\/portaltela.pt\/noticias\/2026\/02\/20\/andre-silva-admite-ter-tocado-na-bola-duas-vezes-no-penalti\/"]}]},{"@type":"ImageObject","inLanguage":"pt-PT","@id":"https:\/\/portaltela.pt\/noticias\/2026\/02\/20\/andre-silva-admite-ter-tocado-na-bola-duas-vezes-no-penalti\/#primaryimage","url":"https:\/\/portaltela.pt\/s.01k8rhncp4jt1\/2026\/02\/img_920x518uu2026-02-08-00-40-22-2420232-1.jpg","contentUrl":"https:\/\/portaltela.pt\/s.01k8rhncp4jt1\/2026\/02\/img_920x518uu2026-02-08-00-40-22-2420232-1.jpg","width":796,"height":448,"caption":"Andr\u00e9 Silva regressou aos golos com a camisola do Elche"},{"@type":"BreadcrumbList","@id":"https:\/\/portaltela.pt\/noticias\/2026\/02\/20\/andre-silva-admite-ter-tocado-na-bola-duas-vezes-no-penalti\/#breadcrumb","itemListElement":[{"@type":"ListItem","position":1,"name":"In\u00edcio","item":"https:\/\/portaltela.pt\/"},{"@type":"ListItem","position":2,"name":"Andr\u00e9 Silva admite ter tocado na bola duas vezes no pen\u00e1lti"}]},{"@type":"WebSite","@id":"https:\/\/portaltela.pt\/#website","url":"https:\/\/portaltela.pt\/","name":"Portal Tela Portugal","description":"","potentialAction":[{"@type":"SearchAction","target":{"@type":"EntryPoint","urlTemplate":"https:\/\/portaltela.pt\/?s={search_term_string}"},"query-input":{"@type":"PropertyValueSpecification","valueRequired":true,"valueName":"search_term_string"}}],"inLanguage":"pt-PT"},{"@type":"Person","@id":"https:\/\/portaltela.pt\/#\/schema\/person\/c4278d4a6028830caff9ee44b42d32ed","name":"Telinha","image":{"@type":"ImageObject","inLanguage":"pt-PT","@id":"https:\/\/portaltela.pt\/s.01k8rhncp4jt1\/2025\/11\/talking-bot-125x125.png","url":"https:\/\/portaltela.pt\/s.01k8rhncp4jt1\/2025\/11\/talking-bot-125x125.png","contentUrl":"https:\/\/portaltela.pt\/s.01k8rhncp4jt1\/2025\/11\/talking-bot-125x125.png","caption":"Telinha"},"sameAs":["https:\/\/portaltela.pt\/"],"url":"https:\/\/portaltela.pt\/por\/367410592786\/"}]}},"_links":{"self":[{"href":"https:\/\/portaltela.pt\/api\/wp\/v2\/posts\/220068","targetHints":{"allow":["GET"]}}],"collection":[{"href":"https:\/\/portaltela.pt\/api\/wp\/v2\/posts"}],"about":[{"href":"https:\/\/portaltela.pt\/api\/wp\/v2\/types\/post"}],"author":[{"embeddable":true,"href":"https:\/\/portaltela.pt\/api\/wp\/v2\/users\/2"}],"replies":[{"embeddable":true,"href":"https:\/\/portaltela.pt\/api\/wp\/v2\/comments?post=220068"}],"version-history":[{"count":0,"href":"https:\/\/portaltela.pt\/api\/wp\/v2\/posts\/220068\/revisions"}],"wp:featuredmedia":[{"embeddable":true,"href":"https:\/\/portaltela.pt\/api\/wp\/v2\/media\/220070"}],"wp:attachment":[{"href":"https:\/\/portaltela.pt\/api\/wp\/v2\/media?parent=220068"}],"wp:term":[{"taxonomy":"category","embeddable":true,"href":"https:\/\/portaltela.pt\/api\/wp\/v2\/categories?post=220068"},{"taxonomy":"post_tag","embeddable":true,"href":"https:\/\/portaltela.pt\/api\/wp\/v2\/tags?post=220068"}],"curies":[{"name":"wp","href":"https:\/\/api.w.org\/{rel}","templated":true}]}}