{"id":220033,"date":"2026-02-20T19:17:00","date_gmt":"2026-02-20T22:17:00","guid":{"rendered":"https:\/\/portaltela.pt\/noticias\/2026\/02\/20\/tutela-promete-avaliacao-para-doentes-em-lista-de-espera-de-cirurgia-cardiaca\/"},"modified":"2026-02-20T19:17:00","modified_gmt":"2026-02-20T22:17:00","slug":"tutela-promete-avaliacao-para-doentes-em-lista-de-espera-de-cirurgia-cardiaca","status":"publish","type":"post","link":"https:\/\/portaltela.pt\/noticias\/2026\/02\/20\/tutela-promete-avaliacao-para-doentes-em-lista-de-espera-de-cirurgia-cardiaca\/","title":{"rendered":"Tutela promete avalia\u00e7\u00e3o para doentes em lista de espera de cirurgia card\u00edaca"},"content":{"rendered":"<p>Numa resposta enviada \u00e0 ag\u00eancia Lusa, o gabinete da ministra Ana Paula Martins informou que j\u00e1 foi solicitada \u00e0 Dire\u00e7\u00e3o-Executiva do SNS uma avalia\u00e7\u00e3o urgente da situa\u00e7\u00e3o dos doentes em lista de espera para cirurgia card\u00edaca, com apresenta\u00e7\u00e3o de solu\u00e7\u00f5es em articula\u00e7\u00e3o com as unidades de sa\u00fade do SNS.<\/p>\n<p>A informa\u00e7\u00e3o surge na sequ\u00eancia de pedidos de esclarecimento sobre a pol\u00e9mica envolvendo os centros de refer\u00eancia para cirurgia card\u00edaca do Norte. O objetivo \u00e9 obter um diagn\u00f3stico rigoroso e a\u00e7\u00f5es efetivas para reduzir prazos e proteger a equidade de acesso aos cuidados.<\/p>\n<p>Na v\u00e9spera, Andr\u00e9 Luz, diretor de servi\u00e7o de Cardiologia da ULS Santo Ant\u00f3nio, indicou \u00e0 RTP que 10 doentes morreram nos \u00faltimos tr\u00eas anos devido a uma lista de espera elevada nesta unidade.<\/p>\n<p>A Ordem dos M\u00e9dicos afirmou que, se confirmados, os factos representam uma grave falha na resposta assistencial, colocando em causa princ\u00edpios de equidade, qualidade e seguran\u00e7a dos cuidados.<\/p>\n<p>O Minist\u00e9rio da Sa\u00fade reiterou \u00e0 Lusa que est\u00e1 a analisar a situa\u00e7\u00e3o com prioridade e j\u00e1 pediu esclarecimentos a todas as entidades competentes para apurar os factos com rigor.<\/p>\n<p>O gabinete de Ana Paula Martins explicou que, quando h\u00e1 listas acima do Tempo M\u00e1ximo de Resposta Garantido, cabe \u00e0s entidades competentes avaliar solu\u00e7\u00f5es apoiadas em boas pr\u00e1ticas cl\u00ednicas, envolvendo a DGS, a DE-SNS e o pr\u00f3prio Minist\u00e9rio.<\/p>\n<p>A pol\u00e9mica ganhou contornos ap\u00f3s o Di\u00e1rio de Not\u00edcias ter referido que quatro hospitais do Norte com servi\u00e7os de cardiologia subscreveram uma carta \u00e0 ministra da Sa\u00fade, alertando para listas de espera de pacientes que necessitam de cirurgia ou de implanta\u00e7\u00e3o de v\u00e1lvula a\u00f3rtica.<\/p>\n<p>Os servi\u00e7os subscritores incluem a ULS Santo Ant\u00f3nio, o T\u00e2mega e Sousa, a ULS de Tr\u00e1s-os-Montes e Alto Douro e o Hospital de Matosinhos. A ULS Santo Ant\u00f3nio pretende, em conjunto com as outras unidades, promover uma reflex\u00e3o sobre a rede de centros de refer\u00eancia.<\/p>\n<p>O servi\u00e7o de cardiologia da ULS T\u00e2mega e Sousa informou \u00e0 Lusa que n\u00e3o pretende criar um centro de refer\u00eancia, mas subscreveu a carta para a discuss\u00e3o global, enquanto a ULSTMAD admitiu ambi\u00e7\u00e3o de realizar interven\u00e7\u00f5es percut\u00e2neas, sem p\u00f4r em causa os centros existentes.<\/p>\n<p>Atualmente, pacientes precisam de interven\u00e7\u00f5es serem encaminhados para os centros de refer\u00eancia do Porto, Vila Nova de Gaia\/Espinho e Braga, onde foi criada recentemente uma estrutura de refer\u00eancia a operar a 20% da capacidade.<\/p>\n<p>O Minist\u00e9rio da Sa\u00fade confirmou ter recebido o e-mail das quatro ULS, referindo que as listas de espera e alguns casos fatais foram mencionados pelos m\u00e9dicos. O E-mail foi recebido ap\u00f3s a not\u00edcia p\u00fablica sobre o tema.<\/p>\n<p>Rea\u00e7\u00f5es j\u00e1 chegaram de outras ULS do Norte, incluindo S\u00e3o Jo\u00e3o e Gaia\/Espinho, com alertas sobre impactos na organiza\u00e7\u00e3o dos recursos. O baston\u00e1rio da Ordem dos M\u00e9dicos comentou que a situa\u00e7\u00e3o envolve uma equa\u00e7\u00e3o complexa de gest\u00e3o de recursos humanos entre centros existentes e novos.<\/p>\n","protected":false},"excerpt":{"rendered":"<ul>\n<li>A tutela prometeu uma avalia\u00e7\u00e3o urgente da situa\u00e7\u00e3o dos doentes em lista de espera para cirurgia card\u00edaca e solicitou \u00e0 Dire\u00e7\u00e3o-Executiva do Servi\u00e7o Nacional de Sa\u00fade solu\u00e7\u00f5es em articula\u00e7\u00e3o com as unidades de sa\u00fade.<\/li>\n<li>Andr\u00e9 Luz, da ULS Santo Ant\u00f3nio, disse que 10 doentes morreram nos \u00faltimos tr\u00eas anos devido a uma lista de espera excessiva nesta unidade.<\/li>\n<li>A Ordem dos M\u00e9dicos considera estes factos uma falha grave na resposta assistencial e pediu esclarecimentos com car\u00e1ter de urgente ao Departamento Executivo do SNS e ao Minist\u00e9rio da Sa\u00fade.<\/li>\n<li>O Minist\u00e9rio da Sa\u00fade afirmou que a situa\u00e7\u00e3o est\u00e1 a ser analisada com prioridade e que foram solicitados esclarecimentos a todas as entidades competentes para apuramento rigoroso dos factos.<\/li>\n<li>A pol\u00e9mica resultou de uma carta subscrita por quatro unidades de cardiologia do Norte, que alertam para listas de espera; as unidades envolvidas s\u00e3o a ULS Santo Ant\u00f3nio, a ULS do T\u00e2mega e Sousa, a ULS de Tr\u00e1s-os-Montes e Alto Douro e a ULS de Matosinhos (Pedro Hispano).<\/li>\n<\/ul>\n","protected":false},"author":2,"featured_media":220042,"comment_status":"closed","ping_status":"closed","sticky":false,"template":"","format":"standard","meta":{"footnotes":""},"categories":[1],"tags":[2197,5160,2765,698,172,1775],"class_list":["post-220033","post","type-post","status-publish","format-standard","has-post-thumbnail","hentry","category-noticias","tag-cardiologia","tag-centros-de-saude","tag-norte","tag-ordem-dos-medicos","tag-saude","tag-sns"],"yoast_head":"<!-- This site is optimized with the Yoast SEO plugin v27.2 - https:\/\/yoast.com\/product\/yoast-seo-wordpress\/ -->\n<title>Tutela promete avalia\u00e7\u00e3o para doentes em lista de espera de cirurgia card\u00edaca - Portal Tela Portugal<\/title>\n<meta name=\"robots\" content=\"index, follow, max-snippet:-1, max-image-preview:large, max-video-preview:-1\" \/>\n<meta property=\"og:locale\" content=\"pt_PT\" \/>\n<meta property=\"og:type\" content=\"article\" \/>\n<meta property=\"og:title\" content=\"Tutela promete avalia\u00e7\u00e3o para doentes em lista de espera de cirurgia card\u00edaca - Portal Tela Portugal\" \/>\n<meta property=\"og:description\" content=\"A tutela prometeu uma avalia\u00e7\u00e3o urgente da situa\u00e7\u00e3o dos doentes em lista de espera para cirurgia card\u00edaca e solicitou \u00e0 Dire\u00e7\u00e3o-Executiva do Servi\u00e7o Nacional de Sa\u00fade solu\u00e7\u00f5es em articula\u00e7\u00e3o com as unidades de sa\u00fade. Andr\u00e9 Luz, da ULS Santo Ant\u00f3nio, disse que 10 doentes morreram nos \u00faltimos tr\u00eas anos devido a uma lista de espera excessiva nesta unidade. A Ordem dos M\u00e9dicos considera estes factos uma falha grave na resposta assistencial e pediu esclarecimentos com car\u00e1ter de urgente ao Departamento Executivo do SNS e ao Minist\u00e9rio da Sa\u00fade. O Minist\u00e9rio da Sa\u00fade afirmou que a situa\u00e7\u00e3o est\u00e1 a ser analisada com prioridade e que foram solicitados esclarecimentos a todas as entidades competentes para apuramento rigoroso dos factos. A pol\u00e9mica resultou de uma carta subscrita por quatro unidades de cardiologia do Norte, que alertam para listas de espera; as unidades envolvidas s\u00e3o a ULS Santo Ant\u00f3nio, a ULS do T\u00e2mega e Sousa, a ULS de Tr\u00e1s-os-Montes e Alto Douro e a ULS de Matosinhos (Pedro Hispano).\" \/>\n<meta property=\"og:url\" content=\"https:\/\/portaltela.pt\/noticias\/2026\/02\/20\/tutela-promete-avaliacao-para-doentes-em-lista-de-espera-de-cirurgia-cardiaca\/\" \/>\n<meta property=\"og:site_name\" content=\"Portal Tela Portugal\" \/>\n<meta property=\"article:published_time\" content=\"2026-02-20T22:17:00+00:00\" \/>\n<meta name=\"author\" content=\"Telinha\" \/>\n<meta name=\"twitter:card\" content=\"summary_large_image\" \/>\n<meta name=\"twitter:label1\" content=\"Escrito por\" \/>\n\t<meta name=\"twitter:data1\" content=\"Telinha\" \/>\n\t<meta name=\"twitter:label2\" content=\"Tempo estimado de leitura\" \/>\n\t<meta name=\"twitter:data2\" content=\"3 minutos\" \/>\n<script type=\"application\/ld+json\" class=\"yoast-schema-graph\">{\"@context\":\"https:\/\/schema.org\",\"@graph\":[{\"@type\":\"Article\",\"@id\":\"https:\/\/portaltela.pt\/noticias\/2026\/02\/20\/tutela-promete-avaliacao-para-doentes-em-lista-de-espera-de-cirurgia-cardiaca\/#article\",\"isPartOf\":{\"@id\":\"https:\/\/portaltela.pt\/noticias\/2026\/02\/20\/tutela-promete-avaliacao-para-doentes-em-lista-de-espera-de-cirurgia-cardiaca\/\"},\"author\":{\"name\":\"Telinha\",\"@id\":\"https:\/\/portaltela.pt\/#\/schema\/person\/c4278d4a6028830caff9ee44b42d32ed\"},\"headline\":\"Tutela promete avalia\u00e7\u00e3o para doentes em lista de espera de cirurgia card\u00edaca\",\"datePublished\":\"2026-02-20T22:17:00+00:00\",\"mainEntityOfPage\":{\"@id\":\"https:\/\/portaltela.pt\/noticias\/2026\/02\/20\/tutela-promete-avaliacao-para-doentes-em-lista-de-espera-de-cirurgia-cardiaca\/\"},\"wordCount\":552,\"image\":{\"@id\":\"https:\/\/portaltela.pt\/noticias\/2026\/02\/20\/tutela-promete-avaliacao-para-doentes-em-lista-de-espera-de-cirurgia-cardiaca\/#primaryimage\"},\"thumbnailUrl\":\"https:\/\/portaltela.pt\/s.01k8rhncp4jt1\/2026\/02\/image-1535.jpg\",\"keywords\":[\"cardiologia\",\"centros de sa\u00fade\",\"Norte\",\"Ordem dos M\u00e9dicos\",\"sa\u00fade\",\"SNS\"],\"articleSection\":[\"Not\u00edcias\"],\"inLanguage\":\"pt-PT\"},{\"@type\":\"WebPage\",\"@id\":\"https:\/\/portaltela.pt\/noticias\/2026\/02\/20\/tutela-promete-avaliacao-para-doentes-em-lista-de-espera-de-cirurgia-cardiaca\/\",\"url\":\"https:\/\/portaltela.pt\/noticias\/2026\/02\/20\/tutela-promete-avaliacao-para-doentes-em-lista-de-espera-de-cirurgia-cardiaca\/\",\"name\":\"Tutela promete avalia\u00e7\u00e3o para doentes em lista de espera de cirurgia card\u00edaca - Portal Tela Portugal\",\"isPartOf\":{\"@id\":\"https:\/\/portaltela.pt\/#website\"},\"primaryImageOfPage\":{\"@id\":\"https:\/\/portaltela.pt\/noticias\/2026\/02\/20\/tutela-promete-avaliacao-para-doentes-em-lista-de-espera-de-cirurgia-cardiaca\/#primaryimage\"},\"image\":{\"@id\":\"https:\/\/portaltela.pt\/noticias\/2026\/02\/20\/tutela-promete-avaliacao-para-doentes-em-lista-de-espera-de-cirurgia-cardiaca\/#primaryimage\"},\"thumbnailUrl\":\"https:\/\/portaltela.pt\/s.01k8rhncp4jt1\/2026\/02\/image-1535.jpg\",\"datePublished\":\"2026-02-20T22:17:00+00:00\",\"author\":{\"@id\":\"https:\/\/portaltela.pt\/#\/schema\/person\/c4278d4a6028830caff9ee44b42d32ed\"},\"breadcrumb\":{\"@id\":\"https:\/\/portaltela.pt\/noticias\/2026\/02\/20\/tutela-promete-avaliacao-para-doentes-em-lista-de-espera-de-cirurgia-cardiaca\/#breadcrumb\"},\"inLanguage\":\"pt-PT\",\"potentialAction\":[{\"@type\":\"ReadAction\",\"target\":[\"https:\/\/portaltela.pt\/noticias\/2026\/02\/20\/tutela-promete-avaliacao-para-doentes-em-lista-de-espera-de-cirurgia-cardiaca\/\"]}]},{\"@type\":\"ImageObject\",\"inLanguage\":\"pt-PT\",\"@id\":\"https:\/\/portaltela.pt\/noticias\/2026\/02\/20\/tutela-promete-avaliacao-para-doentes-em-lista-de-espera-de-cirurgia-cardiaca\/#primaryimage\",\"url\":\"https:\/\/portaltela.pt\/s.01k8rhncp4jt1\/2026\/02\/image-1535.jpg\",\"contentUrl\":\"https:\/\/portaltela.pt\/s.01k8rhncp4jt1\/2026\/02\/image-1535.jpg\",\"width\":796,\"height\":448,\"caption\":\"A ministra da Sa\u00fade, Ana Paula Martins\"},{\"@type\":\"BreadcrumbList\",\"@id\":\"https:\/\/portaltela.pt\/noticias\/2026\/02\/20\/tutela-promete-avaliacao-para-doentes-em-lista-de-espera-de-cirurgia-cardiaca\/#breadcrumb\",\"itemListElement\":[{\"@type\":\"ListItem\",\"position\":1,\"name\":\"In\u00edcio\",\"item\":\"https:\/\/portaltela.pt\/\"},{\"@type\":\"ListItem\",\"position\":2,\"name\":\"Tutela promete avalia\u00e7\u00e3o para doentes em lista de espera de cirurgia card\u00edaca\"}]},{\"@type\":\"WebSite\",\"@id\":\"https:\/\/portaltela.pt\/#website\",\"url\":\"https:\/\/portaltela.pt\/\",\"name\":\"Portal Tela Portugal\",\"description\":\"\",\"potentialAction\":[{\"@type\":\"SearchAction\",\"target\":{\"@type\":\"EntryPoint\",\"urlTemplate\":\"https:\/\/portaltela.pt\/?s={search_term_string}\"},\"query-input\":{\"@type\":\"PropertyValueSpecification\",\"valueRequired\":true,\"valueName\":\"search_term_string\"}}],\"inLanguage\":\"pt-PT\"},{\"@type\":\"Person\",\"@id\":\"https:\/\/portaltela.pt\/#\/schema\/person\/c4278d4a6028830caff9ee44b42d32ed\",\"name\":\"Telinha\",\"image\":{\"@type\":\"ImageObject\",\"inLanguage\":\"pt-PT\",\"@id\":\"https:\/\/portaltela.pt\/s.01k8rhncp4jt1\/2025\/11\/talking-bot-125x125.png\",\"url\":\"https:\/\/portaltela.pt\/s.01k8rhncp4jt1\/2025\/11\/talking-bot-125x125.png\",\"contentUrl\":\"https:\/\/portaltela.pt\/s.01k8rhncp4jt1\/2025\/11\/talking-bot-125x125.png\",\"caption\":\"Telinha\"},\"sameAs\":[\"https:\/\/portaltela.pt\/\"],\"url\":\"https:\/\/portaltela.pt\/por\/367410592786\/\"}]}<\/script>\n<!-- \/ Yoast SEO plugin. -->","yoast_head_json":{"title":"Tutela promete avalia\u00e7\u00e3o para doentes em lista de espera de cirurgia card\u00edaca - Portal Tela Portugal","robots":{"index":"index","follow":"follow","max-snippet":"max-snippet:-1","max-image-preview":"max-image-preview:large","max-video-preview":"max-video-preview:-1"},"og_locale":"pt_PT","og_type":"article","og_title":"Tutela promete avalia\u00e7\u00e3o para doentes em lista de espera de cirurgia card\u00edaca - Portal Tela Portugal","og_description":"A tutela prometeu uma avalia\u00e7\u00e3o urgente da situa\u00e7\u00e3o dos doentes em lista de espera para cirurgia card\u00edaca e solicitou \u00e0 Dire\u00e7\u00e3o-Executiva do Servi\u00e7o Nacional de Sa\u00fade solu\u00e7\u00f5es em articula\u00e7\u00e3o com as unidades de sa\u00fade. Andr\u00e9 Luz, da ULS Santo Ant\u00f3nio, disse que 10 doentes morreram nos \u00faltimos tr\u00eas anos devido a uma lista de espera excessiva nesta unidade. A Ordem dos M\u00e9dicos considera estes factos uma falha grave na resposta assistencial e pediu esclarecimentos com car\u00e1ter de urgente ao Departamento Executivo do SNS e ao Minist\u00e9rio da Sa\u00fade. O Minist\u00e9rio da Sa\u00fade afirmou que a situa\u00e7\u00e3o est\u00e1 a ser analisada com prioridade e que foram solicitados esclarecimentos a todas as entidades competentes para apuramento rigoroso dos factos. A pol\u00e9mica resultou de uma carta subscrita por quatro unidades de cardiologia do Norte, que alertam para listas de espera; as unidades envolvidas s\u00e3o a ULS Santo Ant\u00f3nio, a ULS do T\u00e2mega e Sousa, a ULS de Tr\u00e1s-os-Montes e Alto Douro e a ULS de Matosinhos (Pedro Hispano).","og_url":"https:\/\/portaltela.pt\/noticias\/2026\/02\/20\/tutela-promete-avaliacao-para-doentes-em-lista-de-espera-de-cirurgia-cardiaca\/","og_site_name":"Portal Tela Portugal","article_published_time":"2026-02-20T22:17:00+00:00","author":"Telinha","twitter_card":"summary_large_image","twitter_misc":{"Escrito por":"Telinha","Tempo estimado de leitura":"3 minutos"},"schema":{"@context":"https:\/\/schema.org","@graph":[{"@type":"Article","@id":"https:\/\/portaltela.pt\/noticias\/2026\/02\/20\/tutela-promete-avaliacao-para-doentes-em-lista-de-espera-de-cirurgia-cardiaca\/#article","isPartOf":{"@id":"https:\/\/portaltela.pt\/noticias\/2026\/02\/20\/tutela-promete-avaliacao-para-doentes-em-lista-de-espera-de-cirurgia-cardiaca\/"},"author":{"name":"Telinha","@id":"https:\/\/portaltela.pt\/#\/schema\/person\/c4278d4a6028830caff9ee44b42d32ed"},"headline":"Tutela promete avalia\u00e7\u00e3o para doentes em lista de espera de cirurgia card\u00edaca","datePublished":"2026-02-20T22:17:00+00:00","mainEntityOfPage":{"@id":"https:\/\/portaltela.pt\/noticias\/2026\/02\/20\/tutela-promete-avaliacao-para-doentes-em-lista-de-espera-de-cirurgia-cardiaca\/"},"wordCount":552,"image":{"@id":"https:\/\/portaltela.pt\/noticias\/2026\/02\/20\/tutela-promete-avaliacao-para-doentes-em-lista-de-espera-de-cirurgia-cardiaca\/#primaryimage"},"thumbnailUrl":"https:\/\/portaltela.pt\/s.01k8rhncp4jt1\/2026\/02\/image-1535.jpg","keywords":["cardiologia","centros de sa\u00fade","Norte","Ordem dos M\u00e9dicos","sa\u00fade","SNS"],"articleSection":["Not\u00edcias"],"inLanguage":"pt-PT"},{"@type":"WebPage","@id":"https:\/\/portaltela.pt\/noticias\/2026\/02\/20\/tutela-promete-avaliacao-para-doentes-em-lista-de-espera-de-cirurgia-cardiaca\/","url":"https:\/\/portaltela.pt\/noticias\/2026\/02\/20\/tutela-promete-avaliacao-para-doentes-em-lista-de-espera-de-cirurgia-cardiaca\/","name":"Tutela promete avalia\u00e7\u00e3o para doentes em lista de espera de cirurgia card\u00edaca - Portal Tela Portugal","isPartOf":{"@id":"https:\/\/portaltela.pt\/#website"},"primaryImageOfPage":{"@id":"https:\/\/portaltela.pt\/noticias\/2026\/02\/20\/tutela-promete-avaliacao-para-doentes-em-lista-de-espera-de-cirurgia-cardiaca\/#primaryimage"},"image":{"@id":"https:\/\/portaltela.pt\/noticias\/2026\/02\/20\/tutela-promete-avaliacao-para-doentes-em-lista-de-espera-de-cirurgia-cardiaca\/#primaryimage"},"thumbnailUrl":"https:\/\/portaltela.pt\/s.01k8rhncp4jt1\/2026\/02\/image-1535.jpg","datePublished":"2026-02-20T22:17:00+00:00","author":{"@id":"https:\/\/portaltela.pt\/#\/schema\/person\/c4278d4a6028830caff9ee44b42d32ed"},"breadcrumb":{"@id":"https:\/\/portaltela.pt\/noticias\/2026\/02\/20\/tutela-promete-avaliacao-para-doentes-em-lista-de-espera-de-cirurgia-cardiaca\/#breadcrumb"},"inLanguage":"pt-PT","potentialAction":[{"@type":"ReadAction","target":["https:\/\/portaltela.pt\/noticias\/2026\/02\/20\/tutela-promete-avaliacao-para-doentes-em-lista-de-espera-de-cirurgia-cardiaca\/"]}]},{"@type":"ImageObject","inLanguage":"pt-PT","@id":"https:\/\/portaltela.pt\/noticias\/2026\/02\/20\/tutela-promete-avaliacao-para-doentes-em-lista-de-espera-de-cirurgia-cardiaca\/#primaryimage","url":"https:\/\/portaltela.pt\/s.01k8rhncp4jt1\/2026\/02\/image-1535.jpg","contentUrl":"https:\/\/portaltela.pt\/s.01k8rhncp4jt1\/2026\/02\/image-1535.jpg","width":796,"height":448,"caption":"A ministra da Sa\u00fade, Ana Paula Martins"},{"@type":"BreadcrumbList","@id":"https:\/\/portaltela.pt\/noticias\/2026\/02\/20\/tutela-promete-avaliacao-para-doentes-em-lista-de-espera-de-cirurgia-cardiaca\/#breadcrumb","itemListElement":[{"@type":"ListItem","position":1,"name":"In\u00edcio","item":"https:\/\/portaltela.pt\/"},{"@type":"ListItem","position":2,"name":"Tutela promete avalia\u00e7\u00e3o para doentes em lista de espera de cirurgia card\u00edaca"}]},{"@type":"WebSite","@id":"https:\/\/portaltela.pt\/#website","url":"https:\/\/portaltela.pt\/","name":"Portal Tela Portugal","description":"","potentialAction":[{"@type":"SearchAction","target":{"@type":"EntryPoint","urlTemplate":"https:\/\/portaltela.pt\/?s={search_term_string}"},"query-input":{"@type":"PropertyValueSpecification","valueRequired":true,"valueName":"search_term_string"}}],"inLanguage":"pt-PT"},{"@type":"Person","@id":"https:\/\/portaltela.pt\/#\/schema\/person\/c4278d4a6028830caff9ee44b42d32ed","name":"Telinha","image":{"@type":"ImageObject","inLanguage":"pt-PT","@id":"https:\/\/portaltela.pt\/s.01k8rhncp4jt1\/2025\/11\/talking-bot-125x125.png","url":"https:\/\/portaltela.pt\/s.01k8rhncp4jt1\/2025\/11\/talking-bot-125x125.png","contentUrl":"https:\/\/portaltela.pt\/s.01k8rhncp4jt1\/2025\/11\/talking-bot-125x125.png","caption":"Telinha"},"sameAs":["https:\/\/portaltela.pt\/"],"url":"https:\/\/portaltela.pt\/por\/367410592786\/"}]}},"_links":{"self":[{"href":"https:\/\/portaltela.pt\/api\/wp\/v2\/posts\/220033","targetHints":{"allow":["GET"]}}],"collection":[{"href":"https:\/\/portaltela.pt\/api\/wp\/v2\/posts"}],"about":[{"href":"https:\/\/portaltela.pt\/api\/wp\/v2\/types\/post"}],"author":[{"embeddable":true,"href":"https:\/\/portaltela.pt\/api\/wp\/v2\/users\/2"}],"replies":[{"embeddable":true,"href":"https:\/\/portaltela.pt\/api\/wp\/v2\/comments?post=220033"}],"version-history":[{"count":0,"href":"https:\/\/portaltela.pt\/api\/wp\/v2\/posts\/220033\/revisions"}],"wp:featuredmedia":[{"embeddable":true,"href":"https:\/\/portaltela.pt\/api\/wp\/v2\/media\/220042"}],"wp:attachment":[{"href":"https:\/\/portaltela.pt\/api\/wp\/v2\/media?parent=220033"}],"wp:term":[{"taxonomy":"category","embeddable":true,"href":"https:\/\/portaltela.pt\/api\/wp\/v2\/categories?post=220033"},{"taxonomy":"post_tag","embeddable":true,"href":"https:\/\/portaltela.pt\/api\/wp\/v2\/tags?post=220033"}],"curies":[{"name":"wp","href":"https:\/\/api.w.org\/{rel}","templated":true}]}}