{"id":220029,"date":"2026-02-20T19:16:00","date_gmt":"2026-02-20T22:16:00","guid":{"rendered":"https:\/\/portaltela.pt\/noticias\/2026\/02\/20\/pedro-sousa-comenta-criticas-de-kompany-mourinho-responde-com-firmeza\/"},"modified":"2026-02-20T19:16:00","modified_gmt":"2026-02-20T22:16:00","slug":"pedro-sousa-comenta-criticas-de-kompany-mourinho-responde-com-firmeza","status":"publish","type":"post","link":"https:\/\/portaltela.pt\/desporto\/futebol\/2026\/02\/20\/pedro-sousa-comenta-criticas-de-kompany-mourinho-responde-com-firmeza\/","title":{"rendered":"Pedro Sousa comenta cr\u00edticas de Kompany; Mourinho responde com firmeza"},"content":{"rendered":"<p>O alegado insulto racial dirigido por Prestianni a Vin\u00edcius J\u00fanior ganhou repercuss\u00e3o mundial, com v\u00e1rias figuras do futebol a reagir. O tema tem sido discutido em v\u00e1rias ligas e entidades desportivas, gerando condena\u00e7\u00f5es e pedidos de responsabiliza\u00e7\u00e3o.<\/p>\n<p>Kompany, treinador do Bayern Munique, criticou as declara\u00e7\u00f5es de Jos\u00e9 Mourinho ap\u00f3s o encontro entre Benfica e Real Madrid. A discuss\u00e3o ganhou contornos pol\u00edticos e sociais, com adeptos e especialistas a analisar o tom e as consequ\u00eancias para o futebol europeu.<\/p>\n<p>Pedro Sousa, diretor-executivo da CM R\u00e1dio, afirmou ao Record na Hora que o Benfica dever\u00e1 responder com classe. Segundo o dirigente, o epis\u00f3dio est\u00e1 a afetar a imagem institucional do clube, que tenta manter o foco no desempenho desportivo e na organiza\u00e7\u00e3o interna.<\/p>\n<h3>Rea\u00e7\u00e3o de Kompany e impacto institucional<\/h3>\n<p>Kompany sustenta que coment\u00e1rios p\u00fablicos podem ampliar a controv\u00e9rsia e exigir clareza por parte de entidades envolvidas. A situa\u00e7\u00e3o envolve ainda o clube Benfica e poss\u00edveis consequ\u00eancias para a imagem do futebol portugu\u00eas a n\u00edvel internacional.<\/p>\n<p>A posi\u00e7\u00e3o do Benfica tem sido de cautela, com o clube a evitar ataques pessoais e a privilegiar investiga\u00e7\u00f5es internas e comunica\u00e7\u00f5es oficiais. O caso mant\u00e9m-se sob escrut\u00ednio medi\u00e1tico e desportivo, sem desfecho divulgado at\u00e9 ao momento.<\/p>\n","protected":false},"excerpt":{"rendered":"<ul>\n<li>O alegado insulto racista de Prestianni a Vin\u00edcius J\u00fanior ganhou aten\u00e7\u00e3o internacional, com repercuss\u00f5es no mundo do futebol.<\/li>\n<li>O treinador do Bayern de Munique, Vincent Kompany, criticou as declara\u00e7\u00f5es de Jos\u00e9 Mourinho logo ap\u00f3s o jogo Benfica contra Real Madrid.<\/li>\n<li>O diretor-executivo da CM R\u00e1dio, Pedro Sousa, afirmou ao Record na Hora que o Benfica ser\u00e1 contestado com \u201cclasse\u201d.<\/li>\n<li>Sousa tamb\u00e9m disse que o epis\u00f3dio est\u00e1 a afetar a imagem institucional do Benfica.<\/li>\n<li>O tema continua a gerar discuss\u00e3o entre figuras do futebol e envolve a resposta p\u00fablica do clube.<\/li>\n<\/ul>\n","protected":false},"author":2,"featured_media":220035,"comment_status":"closed","ping_status":"closed","sticky":false,"template":"","format":"standard","meta":{"footnotes":""},"categories":[21,24],"tags":[1946,32,2138,3627,6032,2347],"class_list":["post-220029","post","type-post","status-publish","format-standard","has-post-thumbnail","hentry","category-desporto","category-futebol","tag-benfica","tag-futebol","tag-jose-mourinho","tag-kompany","tag-racismo","tag-repercussoes-internacionais"],"yoast_head":"<!-- This site is optimized with the Yoast SEO plugin v27.2 - https:\/\/yoast.com\/product\/yoast-seo-wordpress\/ -->\n<title>Pedro Sousa comenta cr\u00edticas de Kompany; Mourinho responde com firmeza - Portal Tela Portugal<\/title>\n<meta name=\"robots\" content=\"index, follow, max-snippet:-1, max-image-preview:large, max-video-preview:-1\" \/>\n<meta property=\"og:locale\" content=\"pt_PT\" \/>\n<meta property=\"og:type\" content=\"article\" \/>\n<meta property=\"og:title\" content=\"Pedro Sousa comenta cr\u00edticas de Kompany; Mourinho responde com firmeza - Portal Tela Portugal\" \/>\n<meta property=\"og:description\" content=\"O alegado insulto racista de Prestianni a Vin\u00edcius J\u00fanior ganhou aten\u00e7\u00e3o internacional, com repercuss\u00f5es no mundo do futebol. O treinador do Bayern de Munique, Vincent Kompany, criticou as declara\u00e7\u00f5es de Jos\u00e9 Mourinho logo ap\u00f3s o jogo Benfica contra Real Madrid. O diretor-executivo da CM R\u00e1dio, Pedro Sousa, afirmou ao Record na Hora que o Benfica ser\u00e1 contestado com \u201cclasse\u201d. Sousa tamb\u00e9m disse que o epis\u00f3dio est\u00e1 a afetar a imagem institucional do Benfica. O tema continua a gerar discuss\u00e3o entre figuras do futebol e envolve a resposta p\u00fablica do clube.\" \/>\n<meta property=\"og:url\" content=\"https:\/\/portaltela.pt\/noticias\/2026\/02\/20\/pedro-sousa-comenta-criticas-de-kompany-mourinho-responde-com-firmeza\/\" \/>\n<meta property=\"og:site_name\" content=\"Portal Tela Portugal\" \/>\n<meta property=\"article:published_time\" content=\"2026-02-20T22:16:00+00:00\" \/>\n<meta name=\"author\" content=\"Telinha\" \/>\n<meta name=\"twitter:card\" content=\"summary_large_image\" \/>\n<meta name=\"twitter:label1\" content=\"Escrito por\" \/>\n\t<meta name=\"twitter:data1\" content=\"Telinha\" \/>\n\t<meta name=\"twitter:label2\" content=\"Tempo estimado de leitura\" \/>\n\t<meta name=\"twitter:data2\" content=\"1 minuto\" \/>\n<script type=\"application\/ld+json\" class=\"yoast-schema-graph\">{\"@context\":\"https:\/\/schema.org\",\"@graph\":[{\"@type\":\"Article\",\"@id\":\"https:\/\/portaltela.pt\/noticias\/2026\/02\/20\/pedro-sousa-comenta-criticas-de-kompany-mourinho-responde-com-firmeza\/#article\",\"isPartOf\":{\"@id\":\"https:\/\/portaltela.pt\/noticias\/2026\/02\/20\/pedro-sousa-comenta-criticas-de-kompany-mourinho-responde-com-firmeza\/\"},\"author\":{\"name\":\"Telinha\",\"@id\":\"https:\/\/portaltela.pt\/#\/schema\/person\/c4278d4a6028830caff9ee44b42d32ed\"},\"headline\":\"Pedro Sousa comenta cr\u00edticas de Kompany; Mourinho responde com firmeza\",\"datePublished\":\"2026-02-20T22:16:00+00:00\",\"mainEntityOfPage\":{\"@id\":\"https:\/\/portaltela.pt\/noticias\/2026\/02\/20\/pedro-sousa-comenta-criticas-de-kompany-mourinho-responde-com-firmeza\/\"},\"wordCount\":241,\"image\":{\"@id\":\"https:\/\/portaltela.pt\/noticias\/2026\/02\/20\/pedro-sousa-comenta-criticas-de-kompany-mourinho-responde-com-firmeza\/#primaryimage\"},\"thumbnailUrl\":\"https:\/\/portaltela.pt\/s.01k8rhncp4jt1\/2026\/02\/img_1200x721uu2026-02-20-21-44-12-2422803.jpg\",\"keywords\":[\"Benfica\",\"futebol\",\"Jos\u00e9 Mourinho\",\"Kompany\",\"racismo\",\"Repercuss\u00f5es internacionais\"],\"articleSection\":[\"Desporto\",\"Futebol\"],\"inLanguage\":\"pt-PT\"},{\"@type\":\"WebPage\",\"@id\":\"https:\/\/portaltela.pt\/noticias\/2026\/02\/20\/pedro-sousa-comenta-criticas-de-kompany-mourinho-responde-com-firmeza\/\",\"url\":\"https:\/\/portaltela.pt\/noticias\/2026\/02\/20\/pedro-sousa-comenta-criticas-de-kompany-mourinho-responde-com-firmeza\/\",\"name\":\"Pedro Sousa comenta cr\u00edticas de Kompany; Mourinho responde com firmeza - Portal Tela Portugal\",\"isPartOf\":{\"@id\":\"https:\/\/portaltela.pt\/#website\"},\"primaryImageOfPage\":{\"@id\":\"https:\/\/portaltela.pt\/noticias\/2026\/02\/20\/pedro-sousa-comenta-criticas-de-kompany-mourinho-responde-com-firmeza\/#primaryimage\"},\"image\":{\"@id\":\"https:\/\/portaltela.pt\/noticias\/2026\/02\/20\/pedro-sousa-comenta-criticas-de-kompany-mourinho-responde-com-firmeza\/#primaryimage\"},\"thumbnailUrl\":\"https:\/\/portaltela.pt\/s.01k8rhncp4jt1\/2026\/02\/img_1200x721uu2026-02-20-21-44-12-2422803.jpg\",\"datePublished\":\"2026-02-20T22:16:00+00:00\",\"author\":{\"@id\":\"https:\/\/portaltela.pt\/#\/schema\/person\/c4278d4a6028830caff9ee44b42d32ed\"},\"breadcrumb\":{\"@id\":\"https:\/\/portaltela.pt\/noticias\/2026\/02\/20\/pedro-sousa-comenta-criticas-de-kompany-mourinho-responde-com-firmeza\/#breadcrumb\"},\"inLanguage\":\"pt-PT\",\"potentialAction\":[{\"@type\":\"ReadAction\",\"target\":[\"https:\/\/portaltela.pt\/noticias\/2026\/02\/20\/pedro-sousa-comenta-criticas-de-kompany-mourinho-responde-com-firmeza\/\"]}]},{\"@type\":\"ImageObject\",\"inLanguage\":\"pt-PT\",\"@id\":\"https:\/\/portaltela.pt\/noticias\/2026\/02\/20\/pedro-sousa-comenta-criticas-de-kompany-mourinho-responde-com-firmeza\/#primaryimage\",\"url\":\"https:\/\/portaltela.pt\/s.01k8rhncp4jt1\/2026\/02\/img_1200x721uu2026-02-20-21-44-12-2422803.jpg\",\"contentUrl\":\"https:\/\/portaltela.pt\/s.01k8rhncp4jt1\/2026\/02\/img_1200x721uu2026-02-20-21-44-12-2422803.jpg\",\"width\":796,\"height\":448,\"caption\":\"Photo\"},{\"@type\":\"BreadcrumbList\",\"@id\":\"https:\/\/portaltela.pt\/noticias\/2026\/02\/20\/pedro-sousa-comenta-criticas-de-kompany-mourinho-responde-com-firmeza\/#breadcrumb\",\"itemListElement\":[{\"@type\":\"ListItem\",\"position\":1,\"name\":\"In\u00edcio\",\"item\":\"https:\/\/portaltela.pt\/\"},{\"@type\":\"ListItem\",\"position\":2,\"name\":\"Pedro Sousa comenta cr\u00edticas de Kompany; Mourinho responde com firmeza\"}]},{\"@type\":\"WebSite\",\"@id\":\"https:\/\/portaltela.pt\/#website\",\"url\":\"https:\/\/portaltela.pt\/\",\"name\":\"Portal Tela Portugal\",\"description\":\"\",\"potentialAction\":[{\"@type\":\"SearchAction\",\"target\":{\"@type\":\"EntryPoint\",\"urlTemplate\":\"https:\/\/portaltela.pt\/?s={search_term_string}\"},\"query-input\":{\"@type\":\"PropertyValueSpecification\",\"valueRequired\":true,\"valueName\":\"search_term_string\"}}],\"inLanguage\":\"pt-PT\"},{\"@type\":\"Person\",\"@id\":\"https:\/\/portaltela.pt\/#\/schema\/person\/c4278d4a6028830caff9ee44b42d32ed\",\"name\":\"Telinha\",\"image\":{\"@type\":\"ImageObject\",\"inLanguage\":\"pt-PT\",\"@id\":\"https:\/\/portaltela.pt\/s.01k8rhncp4jt1\/2025\/11\/talking-bot-125x125.png\",\"url\":\"https:\/\/portaltela.pt\/s.01k8rhncp4jt1\/2025\/11\/talking-bot-125x125.png\",\"contentUrl\":\"https:\/\/portaltela.pt\/s.01k8rhncp4jt1\/2025\/11\/talking-bot-125x125.png\",\"caption\":\"Telinha\"},\"sameAs\":[\"https:\/\/portaltela.pt\/\"],\"url\":\"https:\/\/portaltela.pt\/por\/367410592786\/\"}]}<\/script>\n<!-- \/ Yoast SEO plugin. -->","yoast_head_json":{"title":"Pedro Sousa comenta cr\u00edticas de Kompany; Mourinho responde com firmeza - Portal Tela Portugal","robots":{"index":"index","follow":"follow","max-snippet":"max-snippet:-1","max-image-preview":"max-image-preview:large","max-video-preview":"max-video-preview:-1"},"og_locale":"pt_PT","og_type":"article","og_title":"Pedro Sousa comenta cr\u00edticas de Kompany; Mourinho responde com firmeza - Portal Tela Portugal","og_description":"O alegado insulto racista de Prestianni a Vin\u00edcius J\u00fanior ganhou aten\u00e7\u00e3o internacional, com repercuss\u00f5es no mundo do futebol. O treinador do Bayern de Munique, Vincent Kompany, criticou as declara\u00e7\u00f5es de Jos\u00e9 Mourinho logo ap\u00f3s o jogo Benfica contra Real Madrid. O diretor-executivo da CM R\u00e1dio, Pedro Sousa, afirmou ao Record na Hora que o Benfica ser\u00e1 contestado com \u201cclasse\u201d. Sousa tamb\u00e9m disse que o epis\u00f3dio est\u00e1 a afetar a imagem institucional do Benfica. O tema continua a gerar discuss\u00e3o entre figuras do futebol e envolve a resposta p\u00fablica do clube.","og_url":"https:\/\/portaltela.pt\/noticias\/2026\/02\/20\/pedro-sousa-comenta-criticas-de-kompany-mourinho-responde-com-firmeza\/","og_site_name":"Portal Tela Portugal","article_published_time":"2026-02-20T22:16:00+00:00","author":"Telinha","twitter_card":"summary_large_image","twitter_misc":{"Escrito por":"Telinha","Tempo estimado de leitura":"1 minuto"},"schema":{"@context":"https:\/\/schema.org","@graph":[{"@type":"Article","@id":"https:\/\/portaltela.pt\/noticias\/2026\/02\/20\/pedro-sousa-comenta-criticas-de-kompany-mourinho-responde-com-firmeza\/#article","isPartOf":{"@id":"https:\/\/portaltela.pt\/noticias\/2026\/02\/20\/pedro-sousa-comenta-criticas-de-kompany-mourinho-responde-com-firmeza\/"},"author":{"name":"Telinha","@id":"https:\/\/portaltela.pt\/#\/schema\/person\/c4278d4a6028830caff9ee44b42d32ed"},"headline":"Pedro Sousa comenta cr\u00edticas de Kompany; Mourinho responde com firmeza","datePublished":"2026-02-20T22:16:00+00:00","mainEntityOfPage":{"@id":"https:\/\/portaltela.pt\/noticias\/2026\/02\/20\/pedro-sousa-comenta-criticas-de-kompany-mourinho-responde-com-firmeza\/"},"wordCount":241,"image":{"@id":"https:\/\/portaltela.pt\/noticias\/2026\/02\/20\/pedro-sousa-comenta-criticas-de-kompany-mourinho-responde-com-firmeza\/#primaryimage"},"thumbnailUrl":"https:\/\/portaltela.pt\/s.01k8rhncp4jt1\/2026\/02\/img_1200x721uu2026-02-20-21-44-12-2422803.jpg","keywords":["Benfica","futebol","Jos\u00e9 Mourinho","Kompany","racismo","Repercuss\u00f5es internacionais"],"articleSection":["Desporto","Futebol"],"inLanguage":"pt-PT"},{"@type":"WebPage","@id":"https:\/\/portaltela.pt\/noticias\/2026\/02\/20\/pedro-sousa-comenta-criticas-de-kompany-mourinho-responde-com-firmeza\/","url":"https:\/\/portaltela.pt\/noticias\/2026\/02\/20\/pedro-sousa-comenta-criticas-de-kompany-mourinho-responde-com-firmeza\/","name":"Pedro Sousa comenta cr\u00edticas de Kompany; Mourinho responde com firmeza - Portal Tela Portugal","isPartOf":{"@id":"https:\/\/portaltela.pt\/#website"},"primaryImageOfPage":{"@id":"https:\/\/portaltela.pt\/noticias\/2026\/02\/20\/pedro-sousa-comenta-criticas-de-kompany-mourinho-responde-com-firmeza\/#primaryimage"},"image":{"@id":"https:\/\/portaltela.pt\/noticias\/2026\/02\/20\/pedro-sousa-comenta-criticas-de-kompany-mourinho-responde-com-firmeza\/#primaryimage"},"thumbnailUrl":"https:\/\/portaltela.pt\/s.01k8rhncp4jt1\/2026\/02\/img_1200x721uu2026-02-20-21-44-12-2422803.jpg","datePublished":"2026-02-20T22:16:00+00:00","author":{"@id":"https:\/\/portaltela.pt\/#\/schema\/person\/c4278d4a6028830caff9ee44b42d32ed"},"breadcrumb":{"@id":"https:\/\/portaltela.pt\/noticias\/2026\/02\/20\/pedro-sousa-comenta-criticas-de-kompany-mourinho-responde-com-firmeza\/#breadcrumb"},"inLanguage":"pt-PT","potentialAction":[{"@type":"ReadAction","target":["https:\/\/portaltela.pt\/noticias\/2026\/02\/20\/pedro-sousa-comenta-criticas-de-kompany-mourinho-responde-com-firmeza\/"]}]},{"@type":"ImageObject","inLanguage":"pt-PT","@id":"https:\/\/portaltela.pt\/noticias\/2026\/02\/20\/pedro-sousa-comenta-criticas-de-kompany-mourinho-responde-com-firmeza\/#primaryimage","url":"https:\/\/portaltela.pt\/s.01k8rhncp4jt1\/2026\/02\/img_1200x721uu2026-02-20-21-44-12-2422803.jpg","contentUrl":"https:\/\/portaltela.pt\/s.01k8rhncp4jt1\/2026\/02\/img_1200x721uu2026-02-20-21-44-12-2422803.jpg","width":796,"height":448,"caption":"Photo"},{"@type":"BreadcrumbList","@id":"https:\/\/portaltela.pt\/noticias\/2026\/02\/20\/pedro-sousa-comenta-criticas-de-kompany-mourinho-responde-com-firmeza\/#breadcrumb","itemListElement":[{"@type":"ListItem","position":1,"name":"In\u00edcio","item":"https:\/\/portaltela.pt\/"},{"@type":"ListItem","position":2,"name":"Pedro Sousa comenta cr\u00edticas de Kompany; Mourinho responde com firmeza"}]},{"@type":"WebSite","@id":"https:\/\/portaltela.pt\/#website","url":"https:\/\/portaltela.pt\/","name":"Portal Tela Portugal","description":"","potentialAction":[{"@type":"SearchAction","target":{"@type":"EntryPoint","urlTemplate":"https:\/\/portaltela.pt\/?s={search_term_string}"},"query-input":{"@type":"PropertyValueSpecification","valueRequired":true,"valueName":"search_term_string"}}],"inLanguage":"pt-PT"},{"@type":"Person","@id":"https:\/\/portaltela.pt\/#\/schema\/person\/c4278d4a6028830caff9ee44b42d32ed","name":"Telinha","image":{"@type":"ImageObject","inLanguage":"pt-PT","@id":"https:\/\/portaltela.pt\/s.01k8rhncp4jt1\/2025\/11\/talking-bot-125x125.png","url":"https:\/\/portaltela.pt\/s.01k8rhncp4jt1\/2025\/11\/talking-bot-125x125.png","contentUrl":"https:\/\/portaltela.pt\/s.01k8rhncp4jt1\/2025\/11\/talking-bot-125x125.png","caption":"Telinha"},"sameAs":["https:\/\/portaltela.pt\/"],"url":"https:\/\/portaltela.pt\/por\/367410592786\/"}]}},"_links":{"self":[{"href":"https:\/\/portaltela.pt\/api\/wp\/v2\/posts\/220029","targetHints":{"allow":["GET"]}}],"collection":[{"href":"https:\/\/portaltela.pt\/api\/wp\/v2\/posts"}],"about":[{"href":"https:\/\/portaltela.pt\/api\/wp\/v2\/types\/post"}],"author":[{"embeddable":true,"href":"https:\/\/portaltela.pt\/api\/wp\/v2\/users\/2"}],"replies":[{"embeddable":true,"href":"https:\/\/portaltela.pt\/api\/wp\/v2\/comments?post=220029"}],"version-history":[{"count":0,"href":"https:\/\/portaltela.pt\/api\/wp\/v2\/posts\/220029\/revisions"}],"wp:featuredmedia":[{"embeddable":true,"href":"https:\/\/portaltela.pt\/api\/wp\/v2\/media\/220035"}],"wp:attachment":[{"href":"https:\/\/portaltela.pt\/api\/wp\/v2\/media?parent=220029"}],"wp:term":[{"taxonomy":"category","embeddable":true,"href":"https:\/\/portaltela.pt\/api\/wp\/v2\/categories?post=220029"},{"taxonomy":"post_tag","embeddable":true,"href":"https:\/\/portaltela.pt\/api\/wp\/v2\/tags?post=220029"}],"curies":[{"name":"wp","href":"https:\/\/api.w.org\/{rel}","templated":true}]}}