{"id":220016,"date":"2026-02-20T19:11:00","date_gmt":"2026-02-20T22:11:00","guid":{"rendered":"https:\/\/portaltela.pt\/noticias\/2026\/02\/20\/bombeiros-de-constancia-chegam-a-acordo-com-uls-medio-tejo-apos-10-anos-de-litigio\/"},"modified":"2026-02-20T19:11:00","modified_gmt":"2026-02-20T22:11:00","slug":"bombeiros-de-constancia-chegam-a-acordo-com-uls-medio-tejo-apos-10-anos-de-litigio","status":"publish","type":"post","link":"https:\/\/portaltela.pt\/noticias\/2026\/02\/20\/bombeiros-de-constancia-chegam-a-acordo-com-uls-medio-tejo-apos-10-anos-de-litigio\/","title":{"rendered":"Bombeiros de Const\u00e2ncia chegam a acordo com ULS M\u00e9dio Tejo ap\u00f3s 10 anos de lit\u00edgio"},"content":{"rendered":"<p>A Associa\u00e7\u00e3o Humanit\u00e1ria dos Bombeiros Volunt\u00e1rios de Const\u00e2ncia (AHBVC) chegou a um acordo judicial com a ULS M\u00e9dio Tejo, encerrando quase uma d\u00e9cada de disputas. O acordo evita o risco de insolv\u00eancia e abre caminho para estabilizar as finan\u00e7as.<\/p>\n<p>Segundo Adelino Gomes, presidente da dire\u00e7\u00e3o, o processo, que durou 10 anos, teve custos significativos e permitir\u00e1 regularizar pagamentos devidos pelo antigo Centro Hospitalar do M\u00e9dio Tejo (CHMT), hoje ULS, incluindo valores retidos em cau\u00e7\u00e3o. Os encargos mensais foram eliminados.<\/p>\n<p>A solu\u00e7\u00e3o trouxe al\u00edvio imediato \u00e0s contas da corpora\u00e7\u00e3o, segundo o l\u00edder da corpora\u00e7\u00e3o. O acordo tamb\u00e9m permitiu normalizar opera\u00e7\u00f5es, assegurar o pagamento de fornecedores e manter servi\u00e7os de transporte de doentes e socorro \u00e0 popula\u00e7\u00e3o.<\/p>\n<h3>Contexto do diferendo<\/h3>\n<p>A disputa remonta a 2014, quando a corpora\u00e7\u00e3o denunciou d\u00edvidas relacionadas ao transporte de doentes e chegou a ter ambul\u00e2ncias sem combust\u00edvel. Em 2019, o caso foi para tribunal, e em 2024 ocorreram penhoras que amea\u00e7aram a continuidade operacional.<\/p>\n<p>Durante o per\u00edodo, a corpora\u00e7\u00e3o manteve o servi\u00e7o de socorro com o apoio de fornecedores e da autarquia, apesar de atrasos salariais e dificuldades de gest\u00e3o financeira. A dire\u00e7\u00e3o indica que o acordo resolveu pend\u00eancias, com pagamentos diretos \u00e0 Caixa Geral de Dep\u00f3sitos e afastou a associa\u00e7\u00e3o de uma lista de restri\u00e7\u00f5es banc\u00e1rias.<\/p>\n<h3>Repercuss\u00f5es e perspetivas futuras<\/h3>\n<p>O presidente do Conselho de Administra\u00e7\u00e3o da ULS M\u00e9dio Tejo, Casimiro Ramos, classificou o acordo como um momento hist\u00f3rico para a regi\u00e3o, fruto do di\u00e1logo e da responsabilidade institucional. A parceria entre a ULS e os bombeiros passa a ser vista como estrat\u00e9gica para cuidados e transporte de doentes.<\/p>\n<p>Adelino Gomes destacou que a uni\u00e3o dos bombeiros, o apoio da C\u00e2mara Municipal e a colabora\u00e7\u00e3o de fornecedores foram determinantes para superar as dificuldades. A corpora\u00e7\u00e3o pretende relan\u00e7ar o seu ciclo de atua\u00e7\u00e3o com foco na continuidade do servi\u00e7o \u00e0 popula\u00e7\u00e3o.<\/p>\n","protected":false},"excerpt":{"rendered":"<ul>\n<li>Bombeiros Volunt\u00e1rios de Const\u00e2ncia fecharam um acordo judicial com a Unidade Local de Sa\u00fade (ULS) M\u00e9dio Tejo, encerrando um diferendo de cerca de dez anos.<\/li>\n<li>O acordo regularizou pagamentos devidos pelo antigo Centro Hospitalar do M\u00e9dio Tejo e eliminou encargos mensais, aliviando a tesouraria da associa\u00e7\u00e3o.<\/li>\n<li>A solu\u00e7\u00e3o afastou o risco de insolv\u00eancia, permitindo retomar investimentos, assegurar pagamento a fornecedores e manter servi\u00e7os de socorro e transporte de doentes.<\/li>\n<li>O processo envolveu penhoras a tr\u00eas presidentes anteriores e uma a\u00e7\u00e3o da ULS reclamando dois milh\u00f5es de euros por supostos incumprimentos, com o acordo resolvendo pend\u00eancias.<\/li>\n<li>O presidente da ULS M\u00e9dio Tejo, Casimiro Ramos, qualificou o acordo como momento hist\u00f3rico para a regi\u00e3o, destacou o di\u00e1logo entre as partes e a parceria estrat\u00e9gica na presta\u00e7\u00e3o de cuidados.<\/li>\n<\/ul>\n","protected":false},"author":2,"featured_media":220021,"comment_status":"closed","ping_status":"closed","sticky":false,"template":"","format":"standard","meta":{"footnotes":""},"categories":[1],"tags":[971,5449,4021,2584,2415,192],"class_list":["post-220016","post","type-post","status-publish","format-standard","has-post-thumbnail","hentry","category-noticias","tag-bombeiros","tag-camara-municipal","tag-constancia","tag-financas","tag-gestao","tag-transporte"],"yoast_head":"<!-- This site is optimized with the Yoast SEO plugin v27.2 - https:\/\/yoast.com\/product\/yoast-seo-wordpress\/ -->\n<title>Bombeiros de Const\u00e2ncia chegam a acordo com ULS M\u00e9dio Tejo ap\u00f3s 10 anos de lit\u00edgio - Portal Tela Portugal<\/title>\n<meta name=\"robots\" content=\"index, follow, max-snippet:-1, max-image-preview:large, max-video-preview:-1\" \/>\n<meta property=\"og:locale\" content=\"pt_PT\" \/>\n<meta property=\"og:type\" content=\"article\" \/>\n<meta property=\"og:title\" content=\"Bombeiros de Const\u00e2ncia chegam a acordo com ULS M\u00e9dio Tejo ap\u00f3s 10 anos de lit\u00edgio - Portal Tela Portugal\" \/>\n<meta property=\"og:description\" content=\"Bombeiros Volunt\u00e1rios de Const\u00e2ncia fecharam um acordo judicial com a Unidade Local de Sa\u00fade (ULS) M\u00e9dio Tejo, encerrando um diferendo de cerca de dez anos. O acordo regularizou pagamentos devidos pelo antigo Centro Hospitalar do M\u00e9dio Tejo e eliminou encargos mensais, aliviando a tesouraria da associa\u00e7\u00e3o. A solu\u00e7\u00e3o afastou o risco de insolv\u00eancia, permitindo retomar investimentos, assegurar pagamento a fornecedores e manter servi\u00e7os de socorro e transporte de doentes. O processo envolveu penhoras a tr\u00eas presidentes anteriores e uma a\u00e7\u00e3o da ULS reclamando dois milh\u00f5es de euros por supostos incumprimentos, com o acordo resolvendo pend\u00eancias. O presidente da ULS M\u00e9dio Tejo, Casimiro Ramos, qualificou o acordo como momento hist\u00f3rico para a regi\u00e3o, destacou o di\u00e1logo entre as partes e a parceria estrat\u00e9gica na presta\u00e7\u00e3o de cuidados.\" \/>\n<meta property=\"og:url\" content=\"https:\/\/portaltela.pt\/noticias\/2026\/02\/20\/bombeiros-de-constancia-chegam-a-acordo-com-uls-medio-tejo-apos-10-anos-de-litigio\/\" \/>\n<meta property=\"og:site_name\" content=\"Portal Tela Portugal\" \/>\n<meta property=\"article:published_time\" content=\"2026-02-20T22:11:00+00:00\" \/>\n<meta name=\"author\" content=\"Telinha\" \/>\n<meta name=\"twitter:card\" content=\"summary_large_image\" \/>\n<meta name=\"twitter:label1\" content=\"Escrito por\" \/>\n\t<meta name=\"twitter:data1\" content=\"Telinha\" \/>\n\t<meta name=\"twitter:label2\" content=\"Tempo estimado de leitura\" \/>\n\t<meta name=\"twitter:data2\" content=\"2 minutos\" \/>\n<script type=\"application\/ld+json\" class=\"yoast-schema-graph\">{\"@context\":\"https:\/\/schema.org\",\"@graph\":[{\"@type\":\"Article\",\"@id\":\"https:\/\/portaltela.pt\/noticias\/2026\/02\/20\/bombeiros-de-constancia-chegam-a-acordo-com-uls-medio-tejo-apos-10-anos-de-litigio\/#article\",\"isPartOf\":{\"@id\":\"https:\/\/portaltela.pt\/noticias\/2026\/02\/20\/bombeiros-de-constancia-chegam-a-acordo-com-uls-medio-tejo-apos-10-anos-de-litigio\/\"},\"author\":{\"name\":\"Telinha\",\"@id\":\"https:\/\/portaltela.pt\/#\/schema\/person\/c4278d4a6028830caff9ee44b42d32ed\"},\"headline\":\"Bombeiros de Const\u00e2ncia chegam a acordo com ULS M\u00e9dio Tejo ap\u00f3s 10 anos de lit\u00edgio\",\"datePublished\":\"2026-02-20T22:11:00+00:00\",\"mainEntityOfPage\":{\"@id\":\"https:\/\/portaltela.pt\/noticias\/2026\/02\/20\/bombeiros-de-constancia-chegam-a-acordo-com-uls-medio-tejo-apos-10-anos-de-litigio\/\"},\"wordCount\":365,\"image\":{\"@id\":\"https:\/\/portaltela.pt\/noticias\/2026\/02\/20\/bombeiros-de-constancia-chegam-a-acordo-com-uls-medio-tejo-apos-10-anos-de-litigio\/#primaryimage\"},\"thumbnailUrl\":\"https:\/\/portaltela.pt\/s.01k8rhncp4jt1\/2026\/02\/img_1500x1000uu2022-09-29-15-18-00-1188683-8.jpg\",\"keywords\":[\"bombeiros\",\"C\u00e2mara Municipal\",\"Const\u00e2ncia\",\"finan\u00e7as\",\"gest\u00e3o\",\"transporte\"],\"articleSection\":[\"Not\u00edcias\"],\"inLanguage\":\"pt-PT\"},{\"@type\":\"WebPage\",\"@id\":\"https:\/\/portaltela.pt\/noticias\/2026\/02\/20\/bombeiros-de-constancia-chegam-a-acordo-com-uls-medio-tejo-apos-10-anos-de-litigio\/\",\"url\":\"https:\/\/portaltela.pt\/noticias\/2026\/02\/20\/bombeiros-de-constancia-chegam-a-acordo-com-uls-medio-tejo-apos-10-anos-de-litigio\/\",\"name\":\"Bombeiros de Const\u00e2ncia chegam a acordo com ULS M\u00e9dio Tejo ap\u00f3s 10 anos de lit\u00edgio - Portal Tela Portugal\",\"isPartOf\":{\"@id\":\"https:\/\/portaltela.pt\/#website\"},\"primaryImageOfPage\":{\"@id\":\"https:\/\/portaltela.pt\/noticias\/2026\/02\/20\/bombeiros-de-constancia-chegam-a-acordo-com-uls-medio-tejo-apos-10-anos-de-litigio\/#primaryimage\"},\"image\":{\"@id\":\"https:\/\/portaltela.pt\/noticias\/2026\/02\/20\/bombeiros-de-constancia-chegam-a-acordo-com-uls-medio-tejo-apos-10-anos-de-litigio\/#primaryimage\"},\"thumbnailUrl\":\"https:\/\/portaltela.pt\/s.01k8rhncp4jt1\/2026\/02\/img_1500x1000uu2022-09-29-15-18-00-1188683-8.jpg\",\"datePublished\":\"2026-02-20T22:11:00+00:00\",\"author\":{\"@id\":\"https:\/\/portaltela.pt\/#\/schema\/person\/c4278d4a6028830caff9ee44b42d32ed\"},\"breadcrumb\":{\"@id\":\"https:\/\/portaltela.pt\/noticias\/2026\/02\/20\/bombeiros-de-constancia-chegam-a-acordo-com-uls-medio-tejo-apos-10-anos-de-litigio\/#breadcrumb\"},\"inLanguage\":\"pt-PT\",\"potentialAction\":[{\"@type\":\"ReadAction\",\"target\":[\"https:\/\/portaltela.pt\/noticias\/2026\/02\/20\/bombeiros-de-constancia-chegam-a-acordo-com-uls-medio-tejo-apos-10-anos-de-litigio\/\"]}]},{\"@type\":\"ImageObject\",\"inLanguage\":\"pt-PT\",\"@id\":\"https:\/\/portaltela.pt\/noticias\/2026\/02\/20\/bombeiros-de-constancia-chegam-a-acordo-com-uls-medio-tejo-apos-10-anos-de-litigio\/#primaryimage\",\"url\":\"https:\/\/portaltela.pt\/s.01k8rhncp4jt1\/2026\/02\/img_1500x1000uu2022-09-29-15-18-00-1188683-8.jpg\",\"contentUrl\":\"https:\/\/portaltela.pt\/s.01k8rhncp4jt1\/2026\/02\/img_1500x1000uu2022-09-29-15-18-00-1188683-8.jpg\",\"width\":796,\"height\":448,\"caption\":\"Bombeiros\"},{\"@type\":\"BreadcrumbList\",\"@id\":\"https:\/\/portaltela.pt\/noticias\/2026\/02\/20\/bombeiros-de-constancia-chegam-a-acordo-com-uls-medio-tejo-apos-10-anos-de-litigio\/#breadcrumb\",\"itemListElement\":[{\"@type\":\"ListItem\",\"position\":1,\"name\":\"In\u00edcio\",\"item\":\"https:\/\/portaltela.pt\/\"},{\"@type\":\"ListItem\",\"position\":2,\"name\":\"Bombeiros de Const\u00e2ncia chegam a acordo com ULS M\u00e9dio Tejo ap\u00f3s 10 anos de lit\u00edgio\"}]},{\"@type\":\"WebSite\",\"@id\":\"https:\/\/portaltela.pt\/#website\",\"url\":\"https:\/\/portaltela.pt\/\",\"name\":\"Portal Tela Portugal\",\"description\":\"\",\"potentialAction\":[{\"@type\":\"SearchAction\",\"target\":{\"@type\":\"EntryPoint\",\"urlTemplate\":\"https:\/\/portaltela.pt\/?s={search_term_string}\"},\"query-input\":{\"@type\":\"PropertyValueSpecification\",\"valueRequired\":true,\"valueName\":\"search_term_string\"}}],\"inLanguage\":\"pt-PT\"},{\"@type\":\"Person\",\"@id\":\"https:\/\/portaltela.pt\/#\/schema\/person\/c4278d4a6028830caff9ee44b42d32ed\",\"name\":\"Telinha\",\"image\":{\"@type\":\"ImageObject\",\"inLanguage\":\"pt-PT\",\"@id\":\"https:\/\/portaltela.pt\/s.01k8rhncp4jt1\/2025\/11\/talking-bot-125x125.png\",\"url\":\"https:\/\/portaltela.pt\/s.01k8rhncp4jt1\/2025\/11\/talking-bot-125x125.png\",\"contentUrl\":\"https:\/\/portaltela.pt\/s.01k8rhncp4jt1\/2025\/11\/talking-bot-125x125.png\",\"caption\":\"Telinha\"},\"sameAs\":[\"https:\/\/portaltela.pt\/\"],\"url\":\"https:\/\/portaltela.pt\/por\/367410592786\/\"}]}<\/script>\n<!-- \/ Yoast SEO plugin. -->","yoast_head_json":{"title":"Bombeiros de Const\u00e2ncia chegam a acordo com ULS M\u00e9dio Tejo ap\u00f3s 10 anos de lit\u00edgio - Portal Tela Portugal","robots":{"index":"index","follow":"follow","max-snippet":"max-snippet:-1","max-image-preview":"max-image-preview:large","max-video-preview":"max-video-preview:-1"},"og_locale":"pt_PT","og_type":"article","og_title":"Bombeiros de Const\u00e2ncia chegam a acordo com ULS M\u00e9dio Tejo ap\u00f3s 10 anos de lit\u00edgio - Portal Tela Portugal","og_description":"Bombeiros Volunt\u00e1rios de Const\u00e2ncia fecharam um acordo judicial com a Unidade Local de Sa\u00fade (ULS) M\u00e9dio Tejo, encerrando um diferendo de cerca de dez anos. O acordo regularizou pagamentos devidos pelo antigo Centro Hospitalar do M\u00e9dio Tejo e eliminou encargos mensais, aliviando a tesouraria da associa\u00e7\u00e3o. A solu\u00e7\u00e3o afastou o risco de insolv\u00eancia, permitindo retomar investimentos, assegurar pagamento a fornecedores e manter servi\u00e7os de socorro e transporte de doentes. O processo envolveu penhoras a tr\u00eas presidentes anteriores e uma a\u00e7\u00e3o da ULS reclamando dois milh\u00f5es de euros por supostos incumprimentos, com o acordo resolvendo pend\u00eancias. O presidente da ULS M\u00e9dio Tejo, Casimiro Ramos, qualificou o acordo como momento hist\u00f3rico para a regi\u00e3o, destacou o di\u00e1logo entre as partes e a parceria estrat\u00e9gica na presta\u00e7\u00e3o de cuidados.","og_url":"https:\/\/portaltela.pt\/noticias\/2026\/02\/20\/bombeiros-de-constancia-chegam-a-acordo-com-uls-medio-tejo-apos-10-anos-de-litigio\/","og_site_name":"Portal Tela Portugal","article_published_time":"2026-02-20T22:11:00+00:00","author":"Telinha","twitter_card":"summary_large_image","twitter_misc":{"Escrito por":"Telinha","Tempo estimado de leitura":"2 minutos"},"schema":{"@context":"https:\/\/schema.org","@graph":[{"@type":"Article","@id":"https:\/\/portaltela.pt\/noticias\/2026\/02\/20\/bombeiros-de-constancia-chegam-a-acordo-com-uls-medio-tejo-apos-10-anos-de-litigio\/#article","isPartOf":{"@id":"https:\/\/portaltela.pt\/noticias\/2026\/02\/20\/bombeiros-de-constancia-chegam-a-acordo-com-uls-medio-tejo-apos-10-anos-de-litigio\/"},"author":{"name":"Telinha","@id":"https:\/\/portaltela.pt\/#\/schema\/person\/c4278d4a6028830caff9ee44b42d32ed"},"headline":"Bombeiros de Const\u00e2ncia chegam a acordo com ULS M\u00e9dio Tejo ap\u00f3s 10 anos de lit\u00edgio","datePublished":"2026-02-20T22:11:00+00:00","mainEntityOfPage":{"@id":"https:\/\/portaltela.pt\/noticias\/2026\/02\/20\/bombeiros-de-constancia-chegam-a-acordo-com-uls-medio-tejo-apos-10-anos-de-litigio\/"},"wordCount":365,"image":{"@id":"https:\/\/portaltela.pt\/noticias\/2026\/02\/20\/bombeiros-de-constancia-chegam-a-acordo-com-uls-medio-tejo-apos-10-anos-de-litigio\/#primaryimage"},"thumbnailUrl":"https:\/\/portaltela.pt\/s.01k8rhncp4jt1\/2026\/02\/img_1500x1000uu2022-09-29-15-18-00-1188683-8.jpg","keywords":["bombeiros","C\u00e2mara Municipal","Const\u00e2ncia","finan\u00e7as","gest\u00e3o","transporte"],"articleSection":["Not\u00edcias"],"inLanguage":"pt-PT"},{"@type":"WebPage","@id":"https:\/\/portaltela.pt\/noticias\/2026\/02\/20\/bombeiros-de-constancia-chegam-a-acordo-com-uls-medio-tejo-apos-10-anos-de-litigio\/","url":"https:\/\/portaltela.pt\/noticias\/2026\/02\/20\/bombeiros-de-constancia-chegam-a-acordo-com-uls-medio-tejo-apos-10-anos-de-litigio\/","name":"Bombeiros de Const\u00e2ncia chegam a acordo com ULS M\u00e9dio Tejo ap\u00f3s 10 anos de lit\u00edgio - Portal Tela Portugal","isPartOf":{"@id":"https:\/\/portaltela.pt\/#website"},"primaryImageOfPage":{"@id":"https:\/\/portaltela.pt\/noticias\/2026\/02\/20\/bombeiros-de-constancia-chegam-a-acordo-com-uls-medio-tejo-apos-10-anos-de-litigio\/#primaryimage"},"image":{"@id":"https:\/\/portaltela.pt\/noticias\/2026\/02\/20\/bombeiros-de-constancia-chegam-a-acordo-com-uls-medio-tejo-apos-10-anos-de-litigio\/#primaryimage"},"thumbnailUrl":"https:\/\/portaltela.pt\/s.01k8rhncp4jt1\/2026\/02\/img_1500x1000uu2022-09-29-15-18-00-1188683-8.jpg","datePublished":"2026-02-20T22:11:00+00:00","author":{"@id":"https:\/\/portaltela.pt\/#\/schema\/person\/c4278d4a6028830caff9ee44b42d32ed"},"breadcrumb":{"@id":"https:\/\/portaltela.pt\/noticias\/2026\/02\/20\/bombeiros-de-constancia-chegam-a-acordo-com-uls-medio-tejo-apos-10-anos-de-litigio\/#breadcrumb"},"inLanguage":"pt-PT","potentialAction":[{"@type":"ReadAction","target":["https:\/\/portaltela.pt\/noticias\/2026\/02\/20\/bombeiros-de-constancia-chegam-a-acordo-com-uls-medio-tejo-apos-10-anos-de-litigio\/"]}]},{"@type":"ImageObject","inLanguage":"pt-PT","@id":"https:\/\/portaltela.pt\/noticias\/2026\/02\/20\/bombeiros-de-constancia-chegam-a-acordo-com-uls-medio-tejo-apos-10-anos-de-litigio\/#primaryimage","url":"https:\/\/portaltela.pt\/s.01k8rhncp4jt1\/2026\/02\/img_1500x1000uu2022-09-29-15-18-00-1188683-8.jpg","contentUrl":"https:\/\/portaltela.pt\/s.01k8rhncp4jt1\/2026\/02\/img_1500x1000uu2022-09-29-15-18-00-1188683-8.jpg","width":796,"height":448,"caption":"Bombeiros"},{"@type":"BreadcrumbList","@id":"https:\/\/portaltela.pt\/noticias\/2026\/02\/20\/bombeiros-de-constancia-chegam-a-acordo-com-uls-medio-tejo-apos-10-anos-de-litigio\/#breadcrumb","itemListElement":[{"@type":"ListItem","position":1,"name":"In\u00edcio","item":"https:\/\/portaltela.pt\/"},{"@type":"ListItem","position":2,"name":"Bombeiros de Const\u00e2ncia chegam a acordo com ULS M\u00e9dio Tejo ap\u00f3s 10 anos de lit\u00edgio"}]},{"@type":"WebSite","@id":"https:\/\/portaltela.pt\/#website","url":"https:\/\/portaltela.pt\/","name":"Portal Tela Portugal","description":"","potentialAction":[{"@type":"SearchAction","target":{"@type":"EntryPoint","urlTemplate":"https:\/\/portaltela.pt\/?s={search_term_string}"},"query-input":{"@type":"PropertyValueSpecification","valueRequired":true,"valueName":"search_term_string"}}],"inLanguage":"pt-PT"},{"@type":"Person","@id":"https:\/\/portaltela.pt\/#\/schema\/person\/c4278d4a6028830caff9ee44b42d32ed","name":"Telinha","image":{"@type":"ImageObject","inLanguage":"pt-PT","@id":"https:\/\/portaltela.pt\/s.01k8rhncp4jt1\/2025\/11\/talking-bot-125x125.png","url":"https:\/\/portaltela.pt\/s.01k8rhncp4jt1\/2025\/11\/talking-bot-125x125.png","contentUrl":"https:\/\/portaltela.pt\/s.01k8rhncp4jt1\/2025\/11\/talking-bot-125x125.png","caption":"Telinha"},"sameAs":["https:\/\/portaltela.pt\/"],"url":"https:\/\/portaltela.pt\/por\/367410592786\/"}]}},"_links":{"self":[{"href":"https:\/\/portaltela.pt\/api\/wp\/v2\/posts\/220016","targetHints":{"allow":["GET"]}}],"collection":[{"href":"https:\/\/portaltela.pt\/api\/wp\/v2\/posts"}],"about":[{"href":"https:\/\/portaltela.pt\/api\/wp\/v2\/types\/post"}],"author":[{"embeddable":true,"href":"https:\/\/portaltela.pt\/api\/wp\/v2\/users\/2"}],"replies":[{"embeddable":true,"href":"https:\/\/portaltela.pt\/api\/wp\/v2\/comments?post=220016"}],"version-history":[{"count":0,"href":"https:\/\/portaltela.pt\/api\/wp\/v2\/posts\/220016\/revisions"}],"wp:featuredmedia":[{"embeddable":true,"href":"https:\/\/portaltela.pt\/api\/wp\/v2\/media\/220021"}],"wp:attachment":[{"href":"https:\/\/portaltela.pt\/api\/wp\/v2\/media?parent=220016"}],"wp:term":[{"taxonomy":"category","embeddable":true,"href":"https:\/\/portaltela.pt\/api\/wp\/v2\/categories?post=220016"},{"taxonomy":"post_tag","embeddable":true,"href":"https:\/\/portaltela.pt\/api\/wp\/v2\/tags?post=220016"}],"curies":[{"name":"wp","href":"https:\/\/api.w.org\/{rel}","templated":true}]}}