{"id":220012,"date":"2026-02-20T19:06:00","date_gmt":"2026-02-20T22:06:00","guid":{"rendered":"https:\/\/portaltela.pt\/noticias\/2026\/02\/20\/identificados-suspeitos-de-insultar-jornalista-durante-o-benfica-real-madrid\/"},"modified":"2026-02-20T19:06:00","modified_gmt":"2026-02-20T22:06:00","slug":"identificados-suspeitos-de-insultar-jornalista-durante-o-benfica-real-madrid","status":"publish","type":"post","link":"https:\/\/portaltela.pt\/noticias\/2026\/02\/20\/identificados-suspeitos-de-insultar-jornalista-durante-o-benfica-real-madrid\/","title":{"rendered":"Identificados suspeitos de insultar jornalista durante o Benfica-Real Madrid"},"content":{"rendered":"<p>Ontem, a PSP informou ter identificado dois suspeitos de atos de press\u00e3o e coa\u00e7\u00e3o contra um jornalista da CMTV, durante a cobertura em direto do jogo Benfica vs Real Madrid, da primeira m\u00e3o do play-off da Liga dos Campe\u00f5es. O incidente ocorreu ap\u00f3s o final da partida, num espa\u00e7o p\u00fablico onde o jornalista tentava movimentar-se.<\/p>\n<p>Segundo a PSP, foram proferidos improp\u00e9rios a curta dist\u00e2ncia com o objetivo de coa\u00e7\u00e3o moral e f\u00edsica, impedindo o jornalista de exercer as suas fun\u00e7\u00f5es. A for\u00e7a policial adianta que j\u00e1 foi apresentada uma participa\u00e7\u00e3o criminal junto do Minist\u00e9rio P\u00fablico.<\/p>\n<p>As identifica\u00e7\u00f5es foram feitas atrav\u00e9s da an\u00e1lise de imagens emitidas pelo canal de televis\u00e3o. A PSP indicou que v\u00e3o prosseguir dilig\u00eancias para apurar mais provas e levar os respons\u00e1veis a cumprir a justi\u00e7a.<\/p>\n<h3>Sindicato dos Jornalistas condena agress\u00f5es<\/h3>\n<p>O Sindicato dos Jornalistas (SJ) divulgou uma nota na quinta-feira a condenar agress\u00f5es de adeptos e de um funcion\u00e1rio do Benfica a jornalistas da CMTV, classificando os factos como intoler\u00e1veis e um ataque \u00e0 liberdade de imprensa.<\/p>\n<p>O SJ informou que o jornalista Gustavo Louren\u00e7o, da CMTV e NOW, foi atingido por uma chapada \u00e0 m\u00e3o que segurava o microfone, num espa\u00e7o p\u00fablico, enquanto se faziam perguntas a membros da equipa de futebol do Benfica. Tamb\u00e9m relatou ataques verbais contra Pedro Neves de Sousa.<\/p>\n<p>A entidade lembra que assessores de imprensa n\u00e3o t\u00eam direito de impedir jornalistas de colocar perguntas em espa\u00e7o p\u00fablico. O SJ acrescenta que jornalistas devem ter liberdade para exercer o seu trabalho, enquanto jogadores podem recusar declara\u00e7\u00f5es.<\/p>\n<p>O sindicato cita ainda declara\u00e7\u00f5es de um assessor de imprensa do clube durante um treino, que teriam expressado a inten\u00e7\u00e3o de repeti\u00e7\u00e3o de atitudes; o SJ descreve esse comportamento como grave.<\/p>\n","protected":false},"excerpt":{"rendered":"<ul>\n<li>A PSP identificou dois suspeitos de press\u00e3o e coa\u00e7\u00e3o contra um jornalista da CMTV em direto, ap\u00f3s o Benfica-Real Madrid, na primeira m\u00e3o do play-off da Liga dos Campe\u00f5es.<\/li>\n<li>O jornalista foi impedido de se movimentar e de prosseguir a emiss\u00e3o em direto, com improp\u00e9rios proferidos a curta dist\u00e2ncia para criar um clima de hostilidade.<\/li>\n<li>A PSP apresentou uma participa\u00e7\u00e3o criminal ao Minist\u00e9rio P\u00fablico e identificou os suspeitos atrav\u00e9s de imagens do canal de televis\u00e3o.<\/li>\n<li>V\u00e3o continuar as dilig\u00eancias processuais para apurar mais provas e levar \u00e0 Justi\u00e7a os respons\u00e1veis.<\/li>\n<li>O Sindicato dos Jornalistas condenou as agress\u00f5es e ataques verbais, lembrando que assessorias de imprensa n\u00e3o podem impedir jornalistas de colocar perguntas; critica declara\u00e7\u00f5es de um assessor do Benfica e o corte de rela\u00e7\u00f5es com a Medialivre.<\/li>\n<\/ul>\n","protected":false},"author":2,"featured_media":220019,"comment_status":"closed","ping_status":"closed","sticky":false,"template":"","format":"standard","meta":{"footnotes":""},"categories":[1],"tags":[1946,1542,5707,3512,3418,2714],"class_list":["post-220012","post","type-post","status-publish","format-standard","has-post-thumbnail","hentry","category-noticias","tag-benfica","tag-coacao","tag-jornalistas","tag-liberdade-de-imprensa","tag-policia-de-seguranca-publica","tag-real-madrid"],"yoast_head":"<!-- This site is optimized with the Yoast SEO plugin v27.2 - https:\/\/yoast.com\/product\/yoast-seo-wordpress\/ -->\n<title>Identificados suspeitos de insultar jornalista durante o Benfica-Real Madrid - Portal Tela Portugal<\/title>\n<meta name=\"robots\" content=\"index, follow, max-snippet:-1, max-image-preview:large, max-video-preview:-1\" \/>\n<meta property=\"og:locale\" content=\"pt_PT\" \/>\n<meta property=\"og:type\" content=\"article\" \/>\n<meta property=\"og:title\" content=\"Identificados suspeitos de insultar jornalista durante o Benfica-Real Madrid - Portal Tela Portugal\" \/>\n<meta property=\"og:description\" content=\"A PSP identificou dois suspeitos de press\u00e3o e coa\u00e7\u00e3o contra um jornalista da CMTV em direto, ap\u00f3s o Benfica-Real Madrid, na primeira m\u00e3o do play-off da Liga dos Campe\u00f5es. O jornalista foi impedido de se movimentar e de prosseguir a emiss\u00e3o em direto, com improp\u00e9rios proferidos a curta dist\u00e2ncia para criar um clima de hostilidade. A PSP apresentou uma participa\u00e7\u00e3o criminal ao Minist\u00e9rio P\u00fablico e identificou os suspeitos atrav\u00e9s de imagens do canal de televis\u00e3o. V\u00e3o continuar as dilig\u00eancias processuais para apurar mais provas e levar \u00e0 Justi\u00e7a os respons\u00e1veis. O Sindicato dos Jornalistas condenou as agress\u00f5es e ataques verbais, lembrando que assessorias de imprensa n\u00e3o podem impedir jornalistas de colocar perguntas; critica declara\u00e7\u00f5es de um assessor do Benfica e o corte de rela\u00e7\u00f5es com a Medialivre.\" \/>\n<meta property=\"og:url\" content=\"https:\/\/portaltela.pt\/noticias\/2026\/02\/20\/identificados-suspeitos-de-insultar-jornalista-durante-o-benfica-real-madrid\/\" \/>\n<meta property=\"og:site_name\" content=\"Portal Tela Portugal\" \/>\n<meta property=\"article:published_time\" content=\"2026-02-20T22:06:00+00:00\" \/>\n<meta name=\"author\" content=\"Telinha\" \/>\n<meta name=\"twitter:card\" content=\"summary_large_image\" \/>\n<meta name=\"twitter:label1\" content=\"Escrito por\" \/>\n\t<meta name=\"twitter:data1\" content=\"Telinha\" \/>\n\t<meta name=\"twitter:label2\" content=\"Tempo estimado de leitura\" \/>\n\t<meta name=\"twitter:data2\" content=\"2 minutos\" \/>\n<script type=\"application\/ld+json\" class=\"yoast-schema-graph\">{\"@context\":\"https:\/\/schema.org\",\"@graph\":[{\"@type\":\"Article\",\"@id\":\"https:\/\/portaltela.pt\/noticias\/2026\/02\/20\/identificados-suspeitos-de-insultar-jornalista-durante-o-benfica-real-madrid\/#article\",\"isPartOf\":{\"@id\":\"https:\/\/portaltela.pt\/noticias\/2026\/02\/20\/identificados-suspeitos-de-insultar-jornalista-durante-o-benfica-real-madrid\/\"},\"author\":{\"name\":\"Telinha\",\"@id\":\"https:\/\/portaltela.pt\/#\/schema\/person\/c4278d4a6028830caff9ee44b42d32ed\"},\"headline\":\"Identificados suspeitos de insultar jornalista durante o Benfica-Real Madrid\",\"datePublished\":\"2026-02-20T22:06:00+00:00\",\"mainEntityOfPage\":{\"@id\":\"https:\/\/portaltela.pt\/noticias\/2026\/02\/20\/identificados-suspeitos-de-insultar-jornalista-durante-o-benfica-real-madrid\/\"},\"wordCount\":333,\"image\":{\"@id\":\"https:\/\/portaltela.pt\/noticias\/2026\/02\/20\/identificados-suspeitos-de-insultar-jornalista-durante-o-benfica-real-madrid\/#primaryimage\"},\"thumbnailUrl\":\"https:\/\/portaltela.pt\/s.01k8rhncp4jt1\/2026\/02\/b6648b44-710d-465f-9527-1f8a57bba75f_1200x675.jpg\",\"keywords\":[\"Benfica\",\"coa\u00e7\u00e3o\",\"jornalistas\",\"liberdade de imprensa\",\"Pol\u00edcia de Seguran\u00e7a P\u00fablica\",\"Real Madrid\"],\"articleSection\":[\"Not\u00edcias\"],\"inLanguage\":\"pt-PT\"},{\"@type\":\"WebPage\",\"@id\":\"https:\/\/portaltela.pt\/noticias\/2026\/02\/20\/identificados-suspeitos-de-insultar-jornalista-durante-o-benfica-real-madrid\/\",\"url\":\"https:\/\/portaltela.pt\/noticias\/2026\/02\/20\/identificados-suspeitos-de-insultar-jornalista-durante-o-benfica-real-madrid\/\",\"name\":\"Identificados suspeitos de insultar jornalista durante o Benfica-Real Madrid - Portal Tela Portugal\",\"isPartOf\":{\"@id\":\"https:\/\/portaltela.pt\/#website\"},\"primaryImageOfPage\":{\"@id\":\"https:\/\/portaltela.pt\/noticias\/2026\/02\/20\/identificados-suspeitos-de-insultar-jornalista-durante-o-benfica-real-madrid\/#primaryimage\"},\"image\":{\"@id\":\"https:\/\/portaltela.pt\/noticias\/2026\/02\/20\/identificados-suspeitos-de-insultar-jornalista-durante-o-benfica-real-madrid\/#primaryimage\"},\"thumbnailUrl\":\"https:\/\/portaltela.pt\/s.01k8rhncp4jt1\/2026\/02\/b6648b44-710d-465f-9527-1f8a57bba75f_1200x675.jpg\",\"datePublished\":\"2026-02-20T22:06:00+00:00\",\"author\":{\"@id\":\"https:\/\/portaltela.pt\/#\/schema\/person\/c4278d4a6028830caff9ee44b42d32ed\"},\"breadcrumb\":{\"@id\":\"https:\/\/portaltela.pt\/noticias\/2026\/02\/20\/identificados-suspeitos-de-insultar-jornalista-durante-o-benfica-real-madrid\/#breadcrumb\"},\"inLanguage\":\"pt-PT\",\"potentialAction\":[{\"@type\":\"ReadAction\",\"target\":[\"https:\/\/portaltela.pt\/noticias\/2026\/02\/20\/identificados-suspeitos-de-insultar-jornalista-durante-o-benfica-real-madrid\/\"]}]},{\"@type\":\"ImageObject\",\"inLanguage\":\"pt-PT\",\"@id\":\"https:\/\/portaltela.pt\/noticias\/2026\/02\/20\/identificados-suspeitos-de-insultar-jornalista-durante-o-benfica-real-madrid\/#primaryimage\",\"url\":\"https:\/\/portaltela.pt\/s.01k8rhncp4jt1\/2026\/02\/b6648b44-710d-465f-9527-1f8a57bba75f_1200x675.jpg\",\"contentUrl\":\"https:\/\/portaltela.pt\/s.01k8rhncp4jt1\/2026\/02\/b6648b44-710d-465f-9527-1f8a57bba75f_1200x675.jpg\",\"width\":796,\"height\":448,\"caption\":\"Foto: Filipe Amorim\/AFP\"},{\"@type\":\"BreadcrumbList\",\"@id\":\"https:\/\/portaltela.pt\/noticias\/2026\/02\/20\/identificados-suspeitos-de-insultar-jornalista-durante-o-benfica-real-madrid\/#breadcrumb\",\"itemListElement\":[{\"@type\":\"ListItem\",\"position\":1,\"name\":\"In\u00edcio\",\"item\":\"https:\/\/portaltela.pt\/\"},{\"@type\":\"ListItem\",\"position\":2,\"name\":\"Identificados suspeitos de insultar jornalista durante o Benfica-Real Madrid\"}]},{\"@type\":\"WebSite\",\"@id\":\"https:\/\/portaltela.pt\/#website\",\"url\":\"https:\/\/portaltela.pt\/\",\"name\":\"Portal Tela Portugal\",\"description\":\"\",\"potentialAction\":[{\"@type\":\"SearchAction\",\"target\":{\"@type\":\"EntryPoint\",\"urlTemplate\":\"https:\/\/portaltela.pt\/?s={search_term_string}\"},\"query-input\":{\"@type\":\"PropertyValueSpecification\",\"valueRequired\":true,\"valueName\":\"search_term_string\"}}],\"inLanguage\":\"pt-PT\"},{\"@type\":\"Person\",\"@id\":\"https:\/\/portaltela.pt\/#\/schema\/person\/c4278d4a6028830caff9ee44b42d32ed\",\"name\":\"Telinha\",\"image\":{\"@type\":\"ImageObject\",\"inLanguage\":\"pt-PT\",\"@id\":\"https:\/\/portaltela.pt\/s.01k8rhncp4jt1\/2025\/11\/talking-bot-125x125.png\",\"url\":\"https:\/\/portaltela.pt\/s.01k8rhncp4jt1\/2025\/11\/talking-bot-125x125.png\",\"contentUrl\":\"https:\/\/portaltela.pt\/s.01k8rhncp4jt1\/2025\/11\/talking-bot-125x125.png\",\"caption\":\"Telinha\"},\"sameAs\":[\"https:\/\/portaltela.pt\/\"],\"url\":\"https:\/\/portaltela.pt\/por\/367410592786\/\"}]}<\/script>\n<!-- \/ Yoast SEO plugin. -->","yoast_head_json":{"title":"Identificados suspeitos de insultar jornalista durante o Benfica-Real Madrid - Portal Tela Portugal","robots":{"index":"index","follow":"follow","max-snippet":"max-snippet:-1","max-image-preview":"max-image-preview:large","max-video-preview":"max-video-preview:-1"},"og_locale":"pt_PT","og_type":"article","og_title":"Identificados suspeitos de insultar jornalista durante o Benfica-Real Madrid - Portal Tela Portugal","og_description":"A PSP identificou dois suspeitos de press\u00e3o e coa\u00e7\u00e3o contra um jornalista da CMTV em direto, ap\u00f3s o Benfica-Real Madrid, na primeira m\u00e3o do play-off da Liga dos Campe\u00f5es. O jornalista foi impedido de se movimentar e de prosseguir a emiss\u00e3o em direto, com improp\u00e9rios proferidos a curta dist\u00e2ncia para criar um clima de hostilidade. A PSP apresentou uma participa\u00e7\u00e3o criminal ao Minist\u00e9rio P\u00fablico e identificou os suspeitos atrav\u00e9s de imagens do canal de televis\u00e3o. V\u00e3o continuar as dilig\u00eancias processuais para apurar mais provas e levar \u00e0 Justi\u00e7a os respons\u00e1veis. O Sindicato dos Jornalistas condenou as agress\u00f5es e ataques verbais, lembrando que assessorias de imprensa n\u00e3o podem impedir jornalistas de colocar perguntas; critica declara\u00e7\u00f5es de um assessor do Benfica e o corte de rela\u00e7\u00f5es com a Medialivre.","og_url":"https:\/\/portaltela.pt\/noticias\/2026\/02\/20\/identificados-suspeitos-de-insultar-jornalista-durante-o-benfica-real-madrid\/","og_site_name":"Portal Tela Portugal","article_published_time":"2026-02-20T22:06:00+00:00","author":"Telinha","twitter_card":"summary_large_image","twitter_misc":{"Escrito por":"Telinha","Tempo estimado de leitura":"2 minutos"},"schema":{"@context":"https:\/\/schema.org","@graph":[{"@type":"Article","@id":"https:\/\/portaltela.pt\/noticias\/2026\/02\/20\/identificados-suspeitos-de-insultar-jornalista-durante-o-benfica-real-madrid\/#article","isPartOf":{"@id":"https:\/\/portaltela.pt\/noticias\/2026\/02\/20\/identificados-suspeitos-de-insultar-jornalista-durante-o-benfica-real-madrid\/"},"author":{"name":"Telinha","@id":"https:\/\/portaltela.pt\/#\/schema\/person\/c4278d4a6028830caff9ee44b42d32ed"},"headline":"Identificados suspeitos de insultar jornalista durante o Benfica-Real Madrid","datePublished":"2026-02-20T22:06:00+00:00","mainEntityOfPage":{"@id":"https:\/\/portaltela.pt\/noticias\/2026\/02\/20\/identificados-suspeitos-de-insultar-jornalista-durante-o-benfica-real-madrid\/"},"wordCount":333,"image":{"@id":"https:\/\/portaltela.pt\/noticias\/2026\/02\/20\/identificados-suspeitos-de-insultar-jornalista-durante-o-benfica-real-madrid\/#primaryimage"},"thumbnailUrl":"https:\/\/portaltela.pt\/s.01k8rhncp4jt1\/2026\/02\/b6648b44-710d-465f-9527-1f8a57bba75f_1200x675.jpg","keywords":["Benfica","coa\u00e7\u00e3o","jornalistas","liberdade de imprensa","Pol\u00edcia de Seguran\u00e7a P\u00fablica","Real Madrid"],"articleSection":["Not\u00edcias"],"inLanguage":"pt-PT"},{"@type":"WebPage","@id":"https:\/\/portaltela.pt\/noticias\/2026\/02\/20\/identificados-suspeitos-de-insultar-jornalista-durante-o-benfica-real-madrid\/","url":"https:\/\/portaltela.pt\/noticias\/2026\/02\/20\/identificados-suspeitos-de-insultar-jornalista-durante-o-benfica-real-madrid\/","name":"Identificados suspeitos de insultar jornalista durante o Benfica-Real Madrid - Portal Tela Portugal","isPartOf":{"@id":"https:\/\/portaltela.pt\/#website"},"primaryImageOfPage":{"@id":"https:\/\/portaltela.pt\/noticias\/2026\/02\/20\/identificados-suspeitos-de-insultar-jornalista-durante-o-benfica-real-madrid\/#primaryimage"},"image":{"@id":"https:\/\/portaltela.pt\/noticias\/2026\/02\/20\/identificados-suspeitos-de-insultar-jornalista-durante-o-benfica-real-madrid\/#primaryimage"},"thumbnailUrl":"https:\/\/portaltela.pt\/s.01k8rhncp4jt1\/2026\/02\/b6648b44-710d-465f-9527-1f8a57bba75f_1200x675.jpg","datePublished":"2026-02-20T22:06:00+00:00","author":{"@id":"https:\/\/portaltela.pt\/#\/schema\/person\/c4278d4a6028830caff9ee44b42d32ed"},"breadcrumb":{"@id":"https:\/\/portaltela.pt\/noticias\/2026\/02\/20\/identificados-suspeitos-de-insultar-jornalista-durante-o-benfica-real-madrid\/#breadcrumb"},"inLanguage":"pt-PT","potentialAction":[{"@type":"ReadAction","target":["https:\/\/portaltela.pt\/noticias\/2026\/02\/20\/identificados-suspeitos-de-insultar-jornalista-durante-o-benfica-real-madrid\/"]}]},{"@type":"ImageObject","inLanguage":"pt-PT","@id":"https:\/\/portaltela.pt\/noticias\/2026\/02\/20\/identificados-suspeitos-de-insultar-jornalista-durante-o-benfica-real-madrid\/#primaryimage","url":"https:\/\/portaltela.pt\/s.01k8rhncp4jt1\/2026\/02\/b6648b44-710d-465f-9527-1f8a57bba75f_1200x675.jpg","contentUrl":"https:\/\/portaltela.pt\/s.01k8rhncp4jt1\/2026\/02\/b6648b44-710d-465f-9527-1f8a57bba75f_1200x675.jpg","width":796,"height":448,"caption":"Foto: Filipe Amorim\/AFP"},{"@type":"BreadcrumbList","@id":"https:\/\/portaltela.pt\/noticias\/2026\/02\/20\/identificados-suspeitos-de-insultar-jornalista-durante-o-benfica-real-madrid\/#breadcrumb","itemListElement":[{"@type":"ListItem","position":1,"name":"In\u00edcio","item":"https:\/\/portaltela.pt\/"},{"@type":"ListItem","position":2,"name":"Identificados suspeitos de insultar jornalista durante o Benfica-Real Madrid"}]},{"@type":"WebSite","@id":"https:\/\/portaltela.pt\/#website","url":"https:\/\/portaltela.pt\/","name":"Portal Tela Portugal","description":"","potentialAction":[{"@type":"SearchAction","target":{"@type":"EntryPoint","urlTemplate":"https:\/\/portaltela.pt\/?s={search_term_string}"},"query-input":{"@type":"PropertyValueSpecification","valueRequired":true,"valueName":"search_term_string"}}],"inLanguage":"pt-PT"},{"@type":"Person","@id":"https:\/\/portaltela.pt\/#\/schema\/person\/c4278d4a6028830caff9ee44b42d32ed","name":"Telinha","image":{"@type":"ImageObject","inLanguage":"pt-PT","@id":"https:\/\/portaltela.pt\/s.01k8rhncp4jt1\/2025\/11\/talking-bot-125x125.png","url":"https:\/\/portaltela.pt\/s.01k8rhncp4jt1\/2025\/11\/talking-bot-125x125.png","contentUrl":"https:\/\/portaltela.pt\/s.01k8rhncp4jt1\/2025\/11\/talking-bot-125x125.png","caption":"Telinha"},"sameAs":["https:\/\/portaltela.pt\/"],"url":"https:\/\/portaltela.pt\/por\/367410592786\/"}]}},"_links":{"self":[{"href":"https:\/\/portaltela.pt\/api\/wp\/v2\/posts\/220012","targetHints":{"allow":["GET"]}}],"collection":[{"href":"https:\/\/portaltela.pt\/api\/wp\/v2\/posts"}],"about":[{"href":"https:\/\/portaltela.pt\/api\/wp\/v2\/types\/post"}],"author":[{"embeddable":true,"href":"https:\/\/portaltela.pt\/api\/wp\/v2\/users\/2"}],"replies":[{"embeddable":true,"href":"https:\/\/portaltela.pt\/api\/wp\/v2\/comments?post=220012"}],"version-history":[{"count":0,"href":"https:\/\/portaltela.pt\/api\/wp\/v2\/posts\/220012\/revisions"}],"wp:featuredmedia":[{"embeddable":true,"href":"https:\/\/portaltela.pt\/api\/wp\/v2\/media\/220019"}],"wp:attachment":[{"href":"https:\/\/portaltela.pt\/api\/wp\/v2\/media?parent=220012"}],"wp:term":[{"taxonomy":"category","embeddable":true,"href":"https:\/\/portaltela.pt\/api\/wp\/v2\/categories?post=220012"},{"taxonomy":"post_tag","embeddable":true,"href":"https:\/\/portaltela.pt\/api\/wp\/v2\/tags?post=220012"}],"curies":[{"name":"wp","href":"https:\/\/api.w.org\/{rel}","templated":true}]}}