{"id":219992,"date":"2026-02-20T18:42:22","date_gmt":"2026-02-20T21:42:22","guid":{"rendered":"https:\/\/portaltela.pt\/noticias\/2026\/02\/20\/elvas-perde-investidor-principal-apos-24-meses-de-boicote-ambiental\/"},"modified":"2026-02-20T18:42:22","modified_gmt":"2026-02-20T21:42:22","slug":"elvas-perde-investidor-principal-apos-24-meses-de-boicote-ambiental","status":"publish","type":"post","link":"https:\/\/portaltela.pt\/desporto\/futebol\/2026\/02\/20\/elvas-perde-investidor-principal-apos-24-meses-de-boicote-ambiental\/","title":{"rendered":"Elvas perde investidor principal ap\u00f3s 24 meses de boicote ambiental"},"content":{"rendered":"<p>O Grupo Lozyo, detentor de 95% do capital da SAD de Elvas, suspendeu os investimentos no clube do Campeonato de Portugal. A decis\u00e3o surge ap\u00f3s meses de boicote ambiental, obstrucionismo contabil\u00edstico e campanhas de desinforma\u00e7\u00e3o, segundo a pr\u00f3pria empresa.<\/p>\n<p>A su\u00ed\u00e7a explica que o Elvas n\u00e3o est\u00e1 em crise, mas n\u00e3o foi poss\u00edvel manter o investimento sem documentos para certificar as contas. O grupo aponta recusa em fornecer comprovativos essenciais para a valida\u00e7\u00e3o com o Revisor Oficial de Contas.<\/p>\n<p>Segundo a nota, o investimento total ascende a 4,8 milh\u00f5es de euros, incluindo a substitui\u00e7\u00e3o integral do relvado, desenvolvimento de ativos desportivos e cria\u00e7\u00e3o de postos de trabalho. A empresa sustenta que manteve padr\u00f5es de transpar\u00eancia internacional.<\/p>\n<p>Al\u00e9m do aspeto cont\u00e1bil, a Lozyo cita irregularidades estruturais e ambientais associadas ao projeto da academia de futebol internacional. Revela que surgiram il\u00edcitos graves e omiss\u00f5es que inviabilizam o avan\u00e7o da iniciativa.<\/p>\n<p>A dire\u00e7\u00e3o sustenta ainda que a quantidade de informa\u00e7\u00f5es solicitadas pelos representantes locais n\u00e3o foi disponibilizada. Por essa raz\u00e3o, acusa a gest\u00e3o local de obstru\u00e7\u00e3o cont\u00e1bil e de falta de seguran\u00e7a jur\u00eddica para prosseguir com o projeto.<\/p>\n<p>Num desfecho que tamb\u00e9m envolve a lideran\u00e7a do clube, o presidente do conselho da SAD decidiu abandonar o cargo. A empresa afirma que o movimento tem por base a necessidade de proteger a integridade documental e o cumprimento de pol\u00edticas de compliance internacionais.<\/p>\n","protected":false},"excerpt":{"rendered":"<ul>\n<li>O grupo Lozyo, detentor de 95% do capital da SAD do Elvas, suspendeu os investimentos ap\u00f3s 24 meses de boicote ambiental, obstrucionismo contabil\u00edstico e campanhas de desinforma\u00e7\u00e3o.<\/li>\n<li>A empresa diz que a forma\u00e7\u00e3o do Alentejo n\u00e3o est\u00e1 em crise, mas n\u00e3o houve fornecimento dos documentos necess\u00e1rios para a certifica\u00e7\u00e3o das contas pelo Revisor Oficial de Contas.<\/li>\n<li>O investimento de 4.8 milh\u00f5es de euros incluiu substitui\u00e7\u00e3o integral do relvado, desenvolvimento de ativos desportivos e cria\u00e7\u00e3o de empregos, mas foi travado pela recusa de documenta\u00e7\u00e3o.<\/li>\n<li>Surgem tamb\u00e9m irregularidades na \u00e1rea da academia de futebol internacional prevista, com falta de colabora\u00e7\u00e3o e seguran\u00e7a jur\u00eddica, tornando imposs\u00edvel prosseguir com o projeto.<\/li>\n<li>O presidente do conselho da SAD demitiu-se; o investidor estrangeiro \u00e9 visto como alvo de instrumentaliza\u00e7\u00e3o por parte de suspeitos locais para criar um inimigo externo.<\/li>\n<\/ul>\n","protected":false},"author":2,"featured_media":219993,"comment_status":"closed","ping_status":"closed","sticky":false,"template":"","format":"standard","meta":{"footnotes":""},"categories":[21,24],"tags":[3100,1089,316,4014,5708],"class_list":["post-219992","post","type-post","status-publish","format-standard","has-post-thumbnail","hentry","category-desporto","category-futebol","tag-ambiental","tag-elvas","tag-investimento","tag-sad","tag-transparencia-publica"],"yoast_head":"<!-- This site is optimized with the Yoast SEO plugin v27.2 - https:\/\/yoast.com\/product\/yoast-seo-wordpress\/ -->\n<title>Elvas perde investidor principal ap\u00f3s 24 meses de boicote ambiental - Portal Tela Portugal<\/title>\n<meta name=\"robots\" content=\"index, follow, max-snippet:-1, max-image-preview:large, max-video-preview:-1\" \/>\n<meta property=\"og:locale\" content=\"pt_PT\" \/>\n<meta property=\"og:type\" content=\"article\" \/>\n<meta property=\"og:title\" content=\"Elvas perde investidor principal ap\u00f3s 24 meses de boicote ambiental - Portal Tela Portugal\" \/>\n<meta property=\"og:description\" content=\"O grupo Lozyo, detentor de 95% do capital da SAD do Elvas, suspendeu os investimentos ap\u00f3s 24 meses de boicote ambiental, obstrucionismo contabil\u00edstico e campanhas de desinforma\u00e7\u00e3o. A empresa diz que a forma\u00e7\u00e3o do Alentejo n\u00e3o est\u00e1 em crise, mas n\u00e3o houve fornecimento dos documentos necess\u00e1rios para a certifica\u00e7\u00e3o das contas pelo Revisor Oficial de Contas. O investimento de 4.8 milh\u00f5es de euros incluiu substitui\u00e7\u00e3o integral do relvado, desenvolvimento de ativos desportivos e cria\u00e7\u00e3o de empregos, mas foi travado pela recusa de documenta\u00e7\u00e3o. Surgem tamb\u00e9m irregularidades na \u00e1rea da academia de futebol internacional prevista, com falta de colabora\u00e7\u00e3o e seguran\u00e7a jur\u00eddica, tornando imposs\u00edvel prosseguir com o projeto. O presidente do conselho da SAD demitiu-se; o investidor estrangeiro \u00e9 visto como alvo de instrumentaliza\u00e7\u00e3o por parte de suspeitos locais para criar um inimigo externo.\" \/>\n<meta property=\"og:url\" content=\"https:\/\/portaltela.pt\/noticias\/2026\/02\/20\/elvas-perde-investidor-principal-apos-24-meses-de-boicote-ambiental\/\" \/>\n<meta property=\"og:site_name\" content=\"Portal Tela Portugal\" \/>\n<meta property=\"article:published_time\" content=\"2026-02-20T21:42:22+00:00\" \/>\n<meta name=\"author\" content=\"Telinha\" \/>\n<meta name=\"twitter:card\" content=\"summary_large_image\" \/>\n<meta name=\"twitter:label1\" content=\"Escrito por\" \/>\n\t<meta name=\"twitter:data1\" content=\"Telinha\" \/>\n\t<meta name=\"twitter:label2\" content=\"Tempo estimado de leitura\" \/>\n\t<meta name=\"twitter:data2\" content=\"1 minuto\" \/>\n<script type=\"application\/ld+json\" class=\"yoast-schema-graph\">{\"@context\":\"https:\/\/schema.org\",\"@graph\":[{\"@type\":\"Article\",\"@id\":\"https:\/\/portaltela.pt\/noticias\/2026\/02\/20\/elvas-perde-investidor-principal-apos-24-meses-de-boicote-ambiental\/#article\",\"isPartOf\":{\"@id\":\"https:\/\/portaltela.pt\/noticias\/2026\/02\/20\/elvas-perde-investidor-principal-apos-24-meses-de-boicote-ambiental\/\"},\"author\":{\"name\":\"Telinha\",\"@id\":\"https:\/\/portaltela.pt\/#\/schema\/person\/c4278d4a6028830caff9ee44b42d32ed\"},\"headline\":\"Elvas perde investidor principal ap\u00f3s 24 meses de boicote ambiental\",\"datePublished\":\"2026-02-20T21:42:22+00:00\",\"mainEntityOfPage\":{\"@id\":\"https:\/\/portaltela.pt\/noticias\/2026\/02\/20\/elvas-perde-investidor-principal-apos-24-meses-de-boicote-ambiental\/\"},\"wordCount\":268,\"image\":{\"@id\":\"https:\/\/portaltela.pt\/noticias\/2026\/02\/20\/elvas-perde-investidor-principal-apos-24-meses-de-boicote-ambiental\/#primaryimage\"},\"thumbnailUrl\":\"https:\/\/portaltela.pt\/s.01k8rhncp4jt1\/2026\/02\/img_1200x721uu2026-02-20-21-42-15-2422801.jpg\",\"keywords\":[\"ambiental\",\"Elvas\",\"investimento\",\"SAD\",\"transpar\u00eancia p\u00fablica\"],\"articleSection\":[\"Desporto\",\"Futebol\"],\"inLanguage\":\"pt-PT\"},{\"@type\":\"WebPage\",\"@id\":\"https:\/\/portaltela.pt\/noticias\/2026\/02\/20\/elvas-perde-investidor-principal-apos-24-meses-de-boicote-ambiental\/\",\"url\":\"https:\/\/portaltela.pt\/noticias\/2026\/02\/20\/elvas-perde-investidor-principal-apos-24-meses-de-boicote-ambiental\/\",\"name\":\"Elvas perde investidor principal ap\u00f3s 24 meses de boicote ambiental - Portal Tela Portugal\",\"isPartOf\":{\"@id\":\"https:\/\/portaltela.pt\/#website\"},\"primaryImageOfPage\":{\"@id\":\"https:\/\/portaltela.pt\/noticias\/2026\/02\/20\/elvas-perde-investidor-principal-apos-24-meses-de-boicote-ambiental\/#primaryimage\"},\"image\":{\"@id\":\"https:\/\/portaltela.pt\/noticias\/2026\/02\/20\/elvas-perde-investidor-principal-apos-24-meses-de-boicote-ambiental\/#primaryimage\"},\"thumbnailUrl\":\"https:\/\/portaltela.pt\/s.01k8rhncp4jt1\/2026\/02\/img_1200x721uu2026-02-20-21-42-15-2422801.jpg\",\"datePublished\":\"2026-02-20T21:42:22+00:00\",\"author\":{\"@id\":\"https:\/\/portaltela.pt\/#\/schema\/person\/c4278d4a6028830caff9ee44b42d32ed\"},\"breadcrumb\":{\"@id\":\"https:\/\/portaltela.pt\/noticias\/2026\/02\/20\/elvas-perde-investidor-principal-apos-24-meses-de-boicote-ambiental\/#breadcrumb\"},\"inLanguage\":\"pt-PT\",\"potentialAction\":[{\"@type\":\"ReadAction\",\"target\":[\"https:\/\/portaltela.pt\/noticias\/2026\/02\/20\/elvas-perde-investidor-principal-apos-24-meses-de-boicote-ambiental\/\"]}]},{\"@type\":\"ImageObject\",\"inLanguage\":\"pt-PT\",\"@id\":\"https:\/\/portaltela.pt\/noticias\/2026\/02\/20\/elvas-perde-investidor-principal-apos-24-meses-de-boicote-ambiental\/#primaryimage\",\"url\":\"https:\/\/portaltela.pt\/s.01k8rhncp4jt1\/2026\/02\/img_1200x721uu2026-02-20-21-42-15-2422801.jpg\",\"contentUrl\":\"https:\/\/portaltela.pt\/s.01k8rhncp4jt1\/2026\/02\/img_1200x721uu2026-02-20-21-42-15-2422801.jpg\",\"width\":796,\"height\":448,\"caption\":\"Est\u00e1dio Domingos Carrilho Patalino\"},{\"@type\":\"BreadcrumbList\",\"@id\":\"https:\/\/portaltela.pt\/noticias\/2026\/02\/20\/elvas-perde-investidor-principal-apos-24-meses-de-boicote-ambiental\/#breadcrumb\",\"itemListElement\":[{\"@type\":\"ListItem\",\"position\":1,\"name\":\"In\u00edcio\",\"item\":\"https:\/\/portaltela.pt\/\"},{\"@type\":\"ListItem\",\"position\":2,\"name\":\"Elvas perde investidor principal ap\u00f3s 24 meses de boicote ambiental\"}]},{\"@type\":\"WebSite\",\"@id\":\"https:\/\/portaltela.pt\/#website\",\"url\":\"https:\/\/portaltela.pt\/\",\"name\":\"Portal Tela Portugal\",\"description\":\"\",\"potentialAction\":[{\"@type\":\"SearchAction\",\"target\":{\"@type\":\"EntryPoint\",\"urlTemplate\":\"https:\/\/portaltela.pt\/?s={search_term_string}\"},\"query-input\":{\"@type\":\"PropertyValueSpecification\",\"valueRequired\":true,\"valueName\":\"search_term_string\"}}],\"inLanguage\":\"pt-PT\"},{\"@type\":\"Person\",\"@id\":\"https:\/\/portaltela.pt\/#\/schema\/person\/c4278d4a6028830caff9ee44b42d32ed\",\"name\":\"Telinha\",\"image\":{\"@type\":\"ImageObject\",\"inLanguage\":\"pt-PT\",\"@id\":\"https:\/\/portaltela.pt\/s.01k8rhncp4jt1\/2025\/11\/talking-bot-125x125.png\",\"url\":\"https:\/\/portaltela.pt\/s.01k8rhncp4jt1\/2025\/11\/talking-bot-125x125.png\",\"contentUrl\":\"https:\/\/portaltela.pt\/s.01k8rhncp4jt1\/2025\/11\/talking-bot-125x125.png\",\"caption\":\"Telinha\"},\"sameAs\":[\"https:\/\/portaltela.pt\/\"],\"url\":\"https:\/\/portaltela.pt\/por\/367410592786\/\"}]}<\/script>\n<!-- \/ Yoast SEO plugin. -->","yoast_head_json":{"title":"Elvas perde investidor principal ap\u00f3s 24 meses de boicote ambiental - Portal Tela Portugal","robots":{"index":"index","follow":"follow","max-snippet":"max-snippet:-1","max-image-preview":"max-image-preview:large","max-video-preview":"max-video-preview:-1"},"og_locale":"pt_PT","og_type":"article","og_title":"Elvas perde investidor principal ap\u00f3s 24 meses de boicote ambiental - Portal Tela Portugal","og_description":"O grupo Lozyo, detentor de 95% do capital da SAD do Elvas, suspendeu os investimentos ap\u00f3s 24 meses de boicote ambiental, obstrucionismo contabil\u00edstico e campanhas de desinforma\u00e7\u00e3o. A empresa diz que a forma\u00e7\u00e3o do Alentejo n\u00e3o est\u00e1 em crise, mas n\u00e3o houve fornecimento dos documentos necess\u00e1rios para a certifica\u00e7\u00e3o das contas pelo Revisor Oficial de Contas. O investimento de 4.8 milh\u00f5es de euros incluiu substitui\u00e7\u00e3o integral do relvado, desenvolvimento de ativos desportivos e cria\u00e7\u00e3o de empregos, mas foi travado pela recusa de documenta\u00e7\u00e3o. Surgem tamb\u00e9m irregularidades na \u00e1rea da academia de futebol internacional prevista, com falta de colabora\u00e7\u00e3o e seguran\u00e7a jur\u00eddica, tornando imposs\u00edvel prosseguir com o projeto. O presidente do conselho da SAD demitiu-se; o investidor estrangeiro \u00e9 visto como alvo de instrumentaliza\u00e7\u00e3o por parte de suspeitos locais para criar um inimigo externo.","og_url":"https:\/\/portaltela.pt\/noticias\/2026\/02\/20\/elvas-perde-investidor-principal-apos-24-meses-de-boicote-ambiental\/","og_site_name":"Portal Tela Portugal","article_published_time":"2026-02-20T21:42:22+00:00","author":"Telinha","twitter_card":"summary_large_image","twitter_misc":{"Escrito por":"Telinha","Tempo estimado de leitura":"1 minuto"},"schema":{"@context":"https:\/\/schema.org","@graph":[{"@type":"Article","@id":"https:\/\/portaltela.pt\/noticias\/2026\/02\/20\/elvas-perde-investidor-principal-apos-24-meses-de-boicote-ambiental\/#article","isPartOf":{"@id":"https:\/\/portaltela.pt\/noticias\/2026\/02\/20\/elvas-perde-investidor-principal-apos-24-meses-de-boicote-ambiental\/"},"author":{"name":"Telinha","@id":"https:\/\/portaltela.pt\/#\/schema\/person\/c4278d4a6028830caff9ee44b42d32ed"},"headline":"Elvas perde investidor principal ap\u00f3s 24 meses de boicote ambiental","datePublished":"2026-02-20T21:42:22+00:00","mainEntityOfPage":{"@id":"https:\/\/portaltela.pt\/noticias\/2026\/02\/20\/elvas-perde-investidor-principal-apos-24-meses-de-boicote-ambiental\/"},"wordCount":268,"image":{"@id":"https:\/\/portaltela.pt\/noticias\/2026\/02\/20\/elvas-perde-investidor-principal-apos-24-meses-de-boicote-ambiental\/#primaryimage"},"thumbnailUrl":"https:\/\/portaltela.pt\/s.01k8rhncp4jt1\/2026\/02\/img_1200x721uu2026-02-20-21-42-15-2422801.jpg","keywords":["ambiental","Elvas","investimento","SAD","transpar\u00eancia p\u00fablica"],"articleSection":["Desporto","Futebol"],"inLanguage":"pt-PT"},{"@type":"WebPage","@id":"https:\/\/portaltela.pt\/noticias\/2026\/02\/20\/elvas-perde-investidor-principal-apos-24-meses-de-boicote-ambiental\/","url":"https:\/\/portaltela.pt\/noticias\/2026\/02\/20\/elvas-perde-investidor-principal-apos-24-meses-de-boicote-ambiental\/","name":"Elvas perde investidor principal ap\u00f3s 24 meses de boicote ambiental - Portal Tela Portugal","isPartOf":{"@id":"https:\/\/portaltela.pt\/#website"},"primaryImageOfPage":{"@id":"https:\/\/portaltela.pt\/noticias\/2026\/02\/20\/elvas-perde-investidor-principal-apos-24-meses-de-boicote-ambiental\/#primaryimage"},"image":{"@id":"https:\/\/portaltela.pt\/noticias\/2026\/02\/20\/elvas-perde-investidor-principal-apos-24-meses-de-boicote-ambiental\/#primaryimage"},"thumbnailUrl":"https:\/\/portaltela.pt\/s.01k8rhncp4jt1\/2026\/02\/img_1200x721uu2026-02-20-21-42-15-2422801.jpg","datePublished":"2026-02-20T21:42:22+00:00","author":{"@id":"https:\/\/portaltela.pt\/#\/schema\/person\/c4278d4a6028830caff9ee44b42d32ed"},"breadcrumb":{"@id":"https:\/\/portaltela.pt\/noticias\/2026\/02\/20\/elvas-perde-investidor-principal-apos-24-meses-de-boicote-ambiental\/#breadcrumb"},"inLanguage":"pt-PT","potentialAction":[{"@type":"ReadAction","target":["https:\/\/portaltela.pt\/noticias\/2026\/02\/20\/elvas-perde-investidor-principal-apos-24-meses-de-boicote-ambiental\/"]}]},{"@type":"ImageObject","inLanguage":"pt-PT","@id":"https:\/\/portaltela.pt\/noticias\/2026\/02\/20\/elvas-perde-investidor-principal-apos-24-meses-de-boicote-ambiental\/#primaryimage","url":"https:\/\/portaltela.pt\/s.01k8rhncp4jt1\/2026\/02\/img_1200x721uu2026-02-20-21-42-15-2422801.jpg","contentUrl":"https:\/\/portaltela.pt\/s.01k8rhncp4jt1\/2026\/02\/img_1200x721uu2026-02-20-21-42-15-2422801.jpg","width":796,"height":448,"caption":"Est\u00e1dio Domingos Carrilho Patalino"},{"@type":"BreadcrumbList","@id":"https:\/\/portaltela.pt\/noticias\/2026\/02\/20\/elvas-perde-investidor-principal-apos-24-meses-de-boicote-ambiental\/#breadcrumb","itemListElement":[{"@type":"ListItem","position":1,"name":"In\u00edcio","item":"https:\/\/portaltela.pt\/"},{"@type":"ListItem","position":2,"name":"Elvas perde investidor principal ap\u00f3s 24 meses de boicote ambiental"}]},{"@type":"WebSite","@id":"https:\/\/portaltela.pt\/#website","url":"https:\/\/portaltela.pt\/","name":"Portal Tela Portugal","description":"","potentialAction":[{"@type":"SearchAction","target":{"@type":"EntryPoint","urlTemplate":"https:\/\/portaltela.pt\/?s={search_term_string}"},"query-input":{"@type":"PropertyValueSpecification","valueRequired":true,"valueName":"search_term_string"}}],"inLanguage":"pt-PT"},{"@type":"Person","@id":"https:\/\/portaltela.pt\/#\/schema\/person\/c4278d4a6028830caff9ee44b42d32ed","name":"Telinha","image":{"@type":"ImageObject","inLanguage":"pt-PT","@id":"https:\/\/portaltela.pt\/s.01k8rhncp4jt1\/2025\/11\/talking-bot-125x125.png","url":"https:\/\/portaltela.pt\/s.01k8rhncp4jt1\/2025\/11\/talking-bot-125x125.png","contentUrl":"https:\/\/portaltela.pt\/s.01k8rhncp4jt1\/2025\/11\/talking-bot-125x125.png","caption":"Telinha"},"sameAs":["https:\/\/portaltela.pt\/"],"url":"https:\/\/portaltela.pt\/por\/367410592786\/"}]}},"_links":{"self":[{"href":"https:\/\/portaltela.pt\/api\/wp\/v2\/posts\/219992","targetHints":{"allow":["GET"]}}],"collection":[{"href":"https:\/\/portaltela.pt\/api\/wp\/v2\/posts"}],"about":[{"href":"https:\/\/portaltela.pt\/api\/wp\/v2\/types\/post"}],"author":[{"embeddable":true,"href":"https:\/\/portaltela.pt\/api\/wp\/v2\/users\/2"}],"replies":[{"embeddable":true,"href":"https:\/\/portaltela.pt\/api\/wp\/v2\/comments?post=219992"}],"version-history":[{"count":0,"href":"https:\/\/portaltela.pt\/api\/wp\/v2\/posts\/219992\/revisions"}],"wp:featuredmedia":[{"embeddable":true,"href":"https:\/\/portaltela.pt\/api\/wp\/v2\/media\/219993"}],"wp:attachment":[{"href":"https:\/\/portaltela.pt\/api\/wp\/v2\/media?parent=219992"}],"wp:term":[{"taxonomy":"category","embeddable":true,"href":"https:\/\/portaltela.pt\/api\/wp\/v2\/categories?post=219992"},{"taxonomy":"post_tag","embeddable":true,"href":"https:\/\/portaltela.pt\/api\/wp\/v2\/tags?post=219992"}],"curies":[{"name":"wp","href":"https:\/\/api.w.org\/{rel}","templated":true}]}}