{"id":219962,"date":"2026-02-20T18:27:00","date_gmt":"2026-02-20T21:27:00","guid":{"rendered":"https:\/\/portaltela.pt\/noticias\/2026\/02\/20\/familias-desalojadas-pela-depressao-kristin-vivem-em-paviloes-improvisados\/"},"modified":"2026-02-20T18:27:00","modified_gmt":"2026-02-20T21:27:00","slug":"familias-desalojadas-pela-depressao-kristin-vivem-em-paviloes-improvisados","status":"publish","type":"post","link":"https:\/\/portaltela.pt\/noticias\/2026\/02\/20\/familias-desalojadas-pela-depressao-kristin-vivem-em-paviloes-improvisados\/","title":{"rendered":"Fam\u00edlias desalojadas pela depress\u00e3o Kristin vivem em pavil\u00f5es improvisados"},"content":{"rendered":"<p>Fam\u00edlias desalojadas pela depress\u00e3o Kristin continuam a viver em pavilh\u00f5es improvisados, longe de solu\u00e7\u00f5es r\u00e1pidas. A situa\u00e7\u00e3o foi apresentada na segunda parte do programa Doa a Quem Doer, emitido a 20 de fevereiro pela CMTV.<\/p>\n<p>Os relatos destacam que, meses depois do temporal, as fam\u00edlias ainda dependem de abrigos prec\u00e1rios, sem perspetivas imediatas de realojamento. A incerteza persiste quanto a apoios de alojamento ou reconstru\u00e7\u00e3o.<\/p>\n<h3>Desalojos em Figueir\u00f3 dos Vinhos e d\u00favidas sobre apoios governamentais<\/h3>\n<p>Em Figueir\u00f3 dos Vinhos, moradores dizem n\u00e3o saber se ir\u00e3o beneficiar de apoios oficiais para reparar danos causados pelo mau tempo. As informa\u00e7\u00f5es oficiais sobre candidaturas, prazos e crit\u00e9rios permanecem pouco claras para as fam\u00edlias afetadas.<\/p>\n<p>Alguns residentes relatam dificuldades adicionais, como acesso a servi\u00e7os b\u00e1sicos e condi\u00e7\u00f5es de sa\u00fade. A cobertura do assunto pela imprensa tem sido insuficiente para esclarecer a linha de apoio dispon\u00edvel.<\/p>\n<h3>Comerciantes relatam cen\u00e1rio de terror na Marinha Grande<\/h3>\n<p>Em Marinha Grande, comerciantes descrevem um ambiente de medo ap\u00f3s a passagem da depress\u00e3o Kristin. Os relatos apontam para danos materiais, interrup\u00e7\u00f5es na atividade econ\u00f3mica e necessidade de apoio a neg\u00f3cios locais afetados.<\/p>\n<p>As autoridades locais ainda n\u00e3o divulgaram n\u00fameros oficiais de danos globais ou de reabilita\u00e7\u00e3o. O foco mantido pelas institui\u00e7\u00f5es p\u00fablicas tem sido a avalia\u00e7\u00e3o de impactos e a coordena\u00e7\u00e3o de respostas emergenciais.<\/p>\n","protected":false},"excerpt":{"rendered":"<ul>\n<li>Fam\u00edlias desalojadas pela depress\u00e3o Kristin ainda vivem em pavilh\u00f5es improvisados.<\/li>\n<li>A not\u00edcia \u00e9 parte da segunda parte do programa Doa a Quem Doer, emitido a 20 de fevereiro pela CMTV.<\/li>\n<li>Em Figueir\u00f3 dos Vinhos, as fam\u00edlias n\u00e3o sabem se v\u00e3o receber apoios do Governo para suportar os danos do mau tempo.<\/li>\n<li>Comerciantes na Marinha Grande descrevem um cen\u00e1rio de terror ap\u00f3s a passagem da depress\u00e3o Kristin.<\/li>\n<li>A reportagem n\u00e3o detalha valores ou n\u00fameros espec\u00edficos de apoios.<\/li>\n<\/ul>\n","protected":false},"author":2,"featured_media":219966,"comment_status":"closed","ping_status":"closed","sticky":false,"template":"","format":"standard","meta":{"footnotes":""},"categories":[1],"tags":[3094,1211,3004,2636,6063,4643],"class_list":["post-219962","post","type-post","status-publish","format-standard","has-post-thumbnail","hentry","category-noticias","tag-abrigos","tag-apoio-social","tag-desalojados","tag-desalojamento","tag-desastres","tag-marinha-grande"],"yoast_head":"<!-- This site is optimized with the Yoast SEO plugin v27.2 - https:\/\/yoast.com\/product\/yoast-seo-wordpress\/ -->\n<title>Fam\u00edlias desalojadas pela depress\u00e3o Kristin vivem em pavil\u00f5es improvisados - Portal Tela Portugal<\/title>\n<meta name=\"robots\" content=\"index, follow, max-snippet:-1, max-image-preview:large, max-video-preview:-1\" \/>\n<meta property=\"og:locale\" content=\"pt_PT\" \/>\n<meta property=\"og:type\" content=\"article\" \/>\n<meta property=\"og:title\" content=\"Fam\u00edlias desalojadas pela depress\u00e3o Kristin vivem em pavil\u00f5es improvisados - Portal Tela Portugal\" \/>\n<meta property=\"og:description\" content=\"Fam\u00edlias desalojadas pela depress\u00e3o Kristin ainda vivem em pavilh\u00f5es improvisados. A not\u00edcia \u00e9 parte da segunda parte do programa Doa a Quem Doer, emitido a 20 de fevereiro pela CMTV. Em Figueir\u00f3 dos Vinhos, as fam\u00edlias n\u00e3o sabem se v\u00e3o receber apoios do Governo para suportar os danos do mau tempo. Comerciantes na Marinha Grande descrevem um cen\u00e1rio de terror ap\u00f3s a passagem da depress\u00e3o Kristin. A reportagem n\u00e3o detalha valores ou n\u00fameros espec\u00edficos de apoios.\" \/>\n<meta property=\"og:url\" content=\"https:\/\/portaltela.pt\/noticias\/2026\/02\/20\/familias-desalojadas-pela-depressao-kristin-vivem-em-paviloes-improvisados\/\" \/>\n<meta property=\"og:site_name\" content=\"Portal Tela Portugal\" \/>\n<meta property=\"article:published_time\" content=\"2026-02-20T21:27:00+00:00\" \/>\n<meta name=\"author\" content=\"Telinha\" \/>\n<meta name=\"twitter:card\" content=\"summary_large_image\" \/>\n<meta name=\"twitter:label1\" content=\"Escrito por\" \/>\n\t<meta name=\"twitter:data1\" content=\"Telinha\" \/>\n\t<meta name=\"twitter:label2\" content=\"Tempo estimado de leitura\" \/>\n\t<meta name=\"twitter:data2\" content=\"1 minuto\" \/>\n<script type=\"application\/ld+json\" class=\"yoast-schema-graph\">{\"@context\":\"https:\/\/schema.org\",\"@graph\":[{\"@type\":\"Article\",\"@id\":\"https:\/\/portaltela.pt\/noticias\/2026\/02\/20\/familias-desalojadas-pela-depressao-kristin-vivem-em-paviloes-improvisados\/#article\",\"isPartOf\":{\"@id\":\"https:\/\/portaltela.pt\/noticias\/2026\/02\/20\/familias-desalojadas-pela-depressao-kristin-vivem-em-paviloes-improvisados\/\"},\"author\":{\"name\":\"Telinha\",\"@id\":\"https:\/\/portaltela.pt\/#\/schema\/person\/c4278d4a6028830caff9ee44b42d32ed\"},\"headline\":\"Fam\u00edlias desalojadas pela depress\u00e3o Kristin vivem em pavil\u00f5es improvisados\",\"datePublished\":\"2026-02-20T21:27:00+00:00\",\"mainEntityOfPage\":{\"@id\":\"https:\/\/portaltela.pt\/noticias\/2026\/02\/20\/familias-desalojadas-pela-depressao-kristin-vivem-em-paviloes-improvisados\/\"},\"wordCount\":258,\"image\":{\"@id\":\"https:\/\/portaltela.pt\/noticias\/2026\/02\/20\/familias-desalojadas-pela-depressao-kristin-vivem-em-paviloes-improvisados\/#primaryimage\"},\"thumbnailUrl\":\"https:\/\/portaltela.pt\/s.01k8rhncp4jt1\/2026\/02\/img_1280x722uu2026-02-20-19-19-17-2268020.jpg\",\"keywords\":[\"abrigos\",\"Apoio Social\",\"desalojados\",\"desalojamento\",\"desastres\",\"Marinha Grande\"],\"articleSection\":[\"Not\u00edcias\"],\"inLanguage\":\"pt-PT\"},{\"@type\":\"WebPage\",\"@id\":\"https:\/\/portaltela.pt\/noticias\/2026\/02\/20\/familias-desalojadas-pela-depressao-kristin-vivem-em-paviloes-improvisados\/\",\"url\":\"https:\/\/portaltela.pt\/noticias\/2026\/02\/20\/familias-desalojadas-pela-depressao-kristin-vivem-em-paviloes-improvisados\/\",\"name\":\"Fam\u00edlias desalojadas pela depress\u00e3o Kristin vivem em pavil\u00f5es improvisados - Portal Tela Portugal\",\"isPartOf\":{\"@id\":\"https:\/\/portaltela.pt\/#website\"},\"primaryImageOfPage\":{\"@id\":\"https:\/\/portaltela.pt\/noticias\/2026\/02\/20\/familias-desalojadas-pela-depressao-kristin-vivem-em-paviloes-improvisados\/#primaryimage\"},\"image\":{\"@id\":\"https:\/\/portaltela.pt\/noticias\/2026\/02\/20\/familias-desalojadas-pela-depressao-kristin-vivem-em-paviloes-improvisados\/#primaryimage\"},\"thumbnailUrl\":\"https:\/\/portaltela.pt\/s.01k8rhncp4jt1\/2026\/02\/img_1280x722uu2026-02-20-19-19-17-2268020.jpg\",\"datePublished\":\"2026-02-20T21:27:00+00:00\",\"author\":{\"@id\":\"https:\/\/portaltela.pt\/#\/schema\/person\/c4278d4a6028830caff9ee44b42d32ed\"},\"breadcrumb\":{\"@id\":\"https:\/\/portaltela.pt\/noticias\/2026\/02\/20\/familias-desalojadas-pela-depressao-kristin-vivem-em-paviloes-improvisados\/#breadcrumb\"},\"inLanguage\":\"pt-PT\",\"potentialAction\":[{\"@type\":\"ReadAction\",\"target\":[\"https:\/\/portaltela.pt\/noticias\/2026\/02\/20\/familias-desalojadas-pela-depressao-kristin-vivem-em-paviloes-improvisados\/\"]}]},{\"@type\":\"ImageObject\",\"inLanguage\":\"pt-PT\",\"@id\":\"https:\/\/portaltela.pt\/noticias\/2026\/02\/20\/familias-desalojadas-pela-depressao-kristin-vivem-em-paviloes-improvisados\/#primaryimage\",\"url\":\"https:\/\/portaltela.pt\/s.01k8rhncp4jt1\/2026\/02\/img_1280x722uu2026-02-20-19-19-17-2268020.jpg\",\"contentUrl\":\"https:\/\/portaltela.pt\/s.01k8rhncp4jt1\/2026\/02\/img_1280x722uu2026-02-20-19-19-17-2268020.jpg\",\"width\":796,\"height\":448,\"caption\":\"Fam\u00edlias que ficaram desalojadas com a passagem da depress\u00e3o Kristin ainda vivem em pavilh\u00f5es improvisados\"},{\"@type\":\"BreadcrumbList\",\"@id\":\"https:\/\/portaltela.pt\/noticias\/2026\/02\/20\/familias-desalojadas-pela-depressao-kristin-vivem-em-paviloes-improvisados\/#breadcrumb\",\"itemListElement\":[{\"@type\":\"ListItem\",\"position\":1,\"name\":\"In\u00edcio\",\"item\":\"https:\/\/portaltela.pt\/\"},{\"@type\":\"ListItem\",\"position\":2,\"name\":\"Fam\u00edlias desalojadas pela depress\u00e3o Kristin vivem em pavil\u00f5es improvisados\"}]},{\"@type\":\"WebSite\",\"@id\":\"https:\/\/portaltela.pt\/#website\",\"url\":\"https:\/\/portaltela.pt\/\",\"name\":\"Portal Tela Portugal\",\"description\":\"\",\"potentialAction\":[{\"@type\":\"SearchAction\",\"target\":{\"@type\":\"EntryPoint\",\"urlTemplate\":\"https:\/\/portaltela.pt\/?s={search_term_string}\"},\"query-input\":{\"@type\":\"PropertyValueSpecification\",\"valueRequired\":true,\"valueName\":\"search_term_string\"}}],\"inLanguage\":\"pt-PT\"},{\"@type\":\"Person\",\"@id\":\"https:\/\/portaltela.pt\/#\/schema\/person\/c4278d4a6028830caff9ee44b42d32ed\",\"name\":\"Telinha\",\"image\":{\"@type\":\"ImageObject\",\"inLanguage\":\"pt-PT\",\"@id\":\"https:\/\/portaltela.pt\/s.01k8rhncp4jt1\/2025\/11\/talking-bot-125x125.png\",\"url\":\"https:\/\/portaltela.pt\/s.01k8rhncp4jt1\/2025\/11\/talking-bot-125x125.png\",\"contentUrl\":\"https:\/\/portaltela.pt\/s.01k8rhncp4jt1\/2025\/11\/talking-bot-125x125.png\",\"caption\":\"Telinha\"},\"sameAs\":[\"https:\/\/portaltela.pt\/\"],\"url\":\"https:\/\/portaltela.pt\/por\/367410592786\/\"}]}<\/script>\n<!-- \/ Yoast SEO plugin. -->","yoast_head_json":{"title":"Fam\u00edlias desalojadas pela depress\u00e3o Kristin vivem em pavil\u00f5es improvisados - Portal Tela Portugal","robots":{"index":"index","follow":"follow","max-snippet":"max-snippet:-1","max-image-preview":"max-image-preview:large","max-video-preview":"max-video-preview:-1"},"og_locale":"pt_PT","og_type":"article","og_title":"Fam\u00edlias desalojadas pela depress\u00e3o Kristin vivem em pavil\u00f5es improvisados - Portal Tela Portugal","og_description":"Fam\u00edlias desalojadas pela depress\u00e3o Kristin ainda vivem em pavilh\u00f5es improvisados. A not\u00edcia \u00e9 parte da segunda parte do programa Doa a Quem Doer, emitido a 20 de fevereiro pela CMTV. Em Figueir\u00f3 dos Vinhos, as fam\u00edlias n\u00e3o sabem se v\u00e3o receber apoios do Governo para suportar os danos do mau tempo. Comerciantes na Marinha Grande descrevem um cen\u00e1rio de terror ap\u00f3s a passagem da depress\u00e3o Kristin. A reportagem n\u00e3o detalha valores ou n\u00fameros espec\u00edficos de apoios.","og_url":"https:\/\/portaltela.pt\/noticias\/2026\/02\/20\/familias-desalojadas-pela-depressao-kristin-vivem-em-paviloes-improvisados\/","og_site_name":"Portal Tela Portugal","article_published_time":"2026-02-20T21:27:00+00:00","author":"Telinha","twitter_card":"summary_large_image","twitter_misc":{"Escrito por":"Telinha","Tempo estimado de leitura":"1 minuto"},"schema":{"@context":"https:\/\/schema.org","@graph":[{"@type":"Article","@id":"https:\/\/portaltela.pt\/noticias\/2026\/02\/20\/familias-desalojadas-pela-depressao-kristin-vivem-em-paviloes-improvisados\/#article","isPartOf":{"@id":"https:\/\/portaltela.pt\/noticias\/2026\/02\/20\/familias-desalojadas-pela-depressao-kristin-vivem-em-paviloes-improvisados\/"},"author":{"name":"Telinha","@id":"https:\/\/portaltela.pt\/#\/schema\/person\/c4278d4a6028830caff9ee44b42d32ed"},"headline":"Fam\u00edlias desalojadas pela depress\u00e3o Kristin vivem em pavil\u00f5es improvisados","datePublished":"2026-02-20T21:27:00+00:00","mainEntityOfPage":{"@id":"https:\/\/portaltela.pt\/noticias\/2026\/02\/20\/familias-desalojadas-pela-depressao-kristin-vivem-em-paviloes-improvisados\/"},"wordCount":258,"image":{"@id":"https:\/\/portaltela.pt\/noticias\/2026\/02\/20\/familias-desalojadas-pela-depressao-kristin-vivem-em-paviloes-improvisados\/#primaryimage"},"thumbnailUrl":"https:\/\/portaltela.pt\/s.01k8rhncp4jt1\/2026\/02\/img_1280x722uu2026-02-20-19-19-17-2268020.jpg","keywords":["abrigos","Apoio Social","desalojados","desalojamento","desastres","Marinha Grande"],"articleSection":["Not\u00edcias"],"inLanguage":"pt-PT"},{"@type":"WebPage","@id":"https:\/\/portaltela.pt\/noticias\/2026\/02\/20\/familias-desalojadas-pela-depressao-kristin-vivem-em-paviloes-improvisados\/","url":"https:\/\/portaltela.pt\/noticias\/2026\/02\/20\/familias-desalojadas-pela-depressao-kristin-vivem-em-paviloes-improvisados\/","name":"Fam\u00edlias desalojadas pela depress\u00e3o Kristin vivem em pavil\u00f5es improvisados - Portal Tela Portugal","isPartOf":{"@id":"https:\/\/portaltela.pt\/#website"},"primaryImageOfPage":{"@id":"https:\/\/portaltela.pt\/noticias\/2026\/02\/20\/familias-desalojadas-pela-depressao-kristin-vivem-em-paviloes-improvisados\/#primaryimage"},"image":{"@id":"https:\/\/portaltela.pt\/noticias\/2026\/02\/20\/familias-desalojadas-pela-depressao-kristin-vivem-em-paviloes-improvisados\/#primaryimage"},"thumbnailUrl":"https:\/\/portaltela.pt\/s.01k8rhncp4jt1\/2026\/02\/img_1280x722uu2026-02-20-19-19-17-2268020.jpg","datePublished":"2026-02-20T21:27:00+00:00","author":{"@id":"https:\/\/portaltela.pt\/#\/schema\/person\/c4278d4a6028830caff9ee44b42d32ed"},"breadcrumb":{"@id":"https:\/\/portaltela.pt\/noticias\/2026\/02\/20\/familias-desalojadas-pela-depressao-kristin-vivem-em-paviloes-improvisados\/#breadcrumb"},"inLanguage":"pt-PT","potentialAction":[{"@type":"ReadAction","target":["https:\/\/portaltela.pt\/noticias\/2026\/02\/20\/familias-desalojadas-pela-depressao-kristin-vivem-em-paviloes-improvisados\/"]}]},{"@type":"ImageObject","inLanguage":"pt-PT","@id":"https:\/\/portaltela.pt\/noticias\/2026\/02\/20\/familias-desalojadas-pela-depressao-kristin-vivem-em-paviloes-improvisados\/#primaryimage","url":"https:\/\/portaltela.pt\/s.01k8rhncp4jt1\/2026\/02\/img_1280x722uu2026-02-20-19-19-17-2268020.jpg","contentUrl":"https:\/\/portaltela.pt\/s.01k8rhncp4jt1\/2026\/02\/img_1280x722uu2026-02-20-19-19-17-2268020.jpg","width":796,"height":448,"caption":"Fam\u00edlias que ficaram desalojadas com a passagem da depress\u00e3o Kristin ainda vivem em pavilh\u00f5es improvisados"},{"@type":"BreadcrumbList","@id":"https:\/\/portaltela.pt\/noticias\/2026\/02\/20\/familias-desalojadas-pela-depressao-kristin-vivem-em-paviloes-improvisados\/#breadcrumb","itemListElement":[{"@type":"ListItem","position":1,"name":"In\u00edcio","item":"https:\/\/portaltela.pt\/"},{"@type":"ListItem","position":2,"name":"Fam\u00edlias desalojadas pela depress\u00e3o Kristin vivem em pavil\u00f5es improvisados"}]},{"@type":"WebSite","@id":"https:\/\/portaltela.pt\/#website","url":"https:\/\/portaltela.pt\/","name":"Portal Tela Portugal","description":"","potentialAction":[{"@type":"SearchAction","target":{"@type":"EntryPoint","urlTemplate":"https:\/\/portaltela.pt\/?s={search_term_string}"},"query-input":{"@type":"PropertyValueSpecification","valueRequired":true,"valueName":"search_term_string"}}],"inLanguage":"pt-PT"},{"@type":"Person","@id":"https:\/\/portaltela.pt\/#\/schema\/person\/c4278d4a6028830caff9ee44b42d32ed","name":"Telinha","image":{"@type":"ImageObject","inLanguage":"pt-PT","@id":"https:\/\/portaltela.pt\/s.01k8rhncp4jt1\/2025\/11\/talking-bot-125x125.png","url":"https:\/\/portaltela.pt\/s.01k8rhncp4jt1\/2025\/11\/talking-bot-125x125.png","contentUrl":"https:\/\/portaltela.pt\/s.01k8rhncp4jt1\/2025\/11\/talking-bot-125x125.png","caption":"Telinha"},"sameAs":["https:\/\/portaltela.pt\/"],"url":"https:\/\/portaltela.pt\/por\/367410592786\/"}]}},"_links":{"self":[{"href":"https:\/\/portaltela.pt\/api\/wp\/v2\/posts\/219962","targetHints":{"allow":["GET"]}}],"collection":[{"href":"https:\/\/portaltela.pt\/api\/wp\/v2\/posts"}],"about":[{"href":"https:\/\/portaltela.pt\/api\/wp\/v2\/types\/post"}],"author":[{"embeddable":true,"href":"https:\/\/portaltela.pt\/api\/wp\/v2\/users\/2"}],"replies":[{"embeddable":true,"href":"https:\/\/portaltela.pt\/api\/wp\/v2\/comments?post=219962"}],"version-history":[{"count":0,"href":"https:\/\/portaltela.pt\/api\/wp\/v2\/posts\/219962\/revisions"}],"wp:featuredmedia":[{"embeddable":true,"href":"https:\/\/portaltela.pt\/api\/wp\/v2\/media\/219966"}],"wp:attachment":[{"href":"https:\/\/portaltela.pt\/api\/wp\/v2\/media?parent=219962"}],"wp:term":[{"taxonomy":"category","embeddable":true,"href":"https:\/\/portaltela.pt\/api\/wp\/v2\/categories?post=219962"},{"taxonomy":"post_tag","embeddable":true,"href":"https:\/\/portaltela.pt\/api\/wp\/v2\/tags?post=219962"}],"curies":[{"name":"wp","href":"https:\/\/api.w.org\/{rel}","templated":true}]}}