{"id":219944,"date":"2026-02-20T17:55:00","date_gmt":"2026-02-20T20:55:00","guid":{"rendered":"https:\/\/portaltela.pt\/noticias\/2026\/02\/20\/ii-liga-recorre-ao-tad-para-suspender-corte-na-reparticao-de-verbas-da-uefa\/"},"modified":"2026-02-20T17:55:00","modified_gmt":"2026-02-20T20:55:00","slug":"ii-liga-recorre-ao-tad-para-suspender-corte-na-reparticao-de-verbas-da-uefa","status":"publish","type":"post","link":"https:\/\/portaltela.pt\/desporto\/futebol\/2026\/02\/20\/ii-liga-recorre-ao-tad-para-suspender-corte-na-reparticao-de-verbas-da-uefa\/","title":{"rendered":"II Liga recorre ao TAD para suspender corte na reparti\u00e7\u00e3o de verbas da UEFA"},"content":{"rendered":"<p>O que aconteceu: tr\u00eas clubes da II Liga apresentaram uma provid\u00eancia cautelar no Tribunal Arbitral do Desporto (TAD) contra a Liga Portuguesa de Futebol Profissional (LPFP). O objetivo \u00e9 suspender os efeitos da decis\u00e3o da \u00faltima Assembleia Geral da Liga, que travou a revalida\u00e7\u00e3o da distribui\u00e7\u00e3o do mecanismo de solidariedade da UEFA.<\/p>\n<p>Quem est\u00e1 envolvido: os clubes da II Liga que moveram a a\u00e7\u00e3o, a LPFP e, indiretamente, a UEFA, que define o mecanismo de solidariedade utilizado. A provid\u00eancia visa contrariar a posi\u00e7\u00e3o tomada pela AG recente da Liga.<\/p>\n<p>Quando e onde aconteceu: a a\u00e7\u00e3o foi apresentada na sexta-feira, no \u00e2mbito do TAD, em Portugal. O processo surge na sequ\u00eancia do chumbo da proposta de distribui\u00e7\u00e3o do mecanismo de solidariedade pelos clubes dos dois escal\u00f5es profissionais.<\/p>\n<p>Para qu\u00ea: a a\u00e7\u00e3o pretende impedir efeitos da decis\u00e3o que travou a reparti\u00e7\u00e3o de verbas do mecanismo de solidariedade da UEFA, procurando manter a aprova\u00e7\u00e3o da distribui\u00e7\u00e3o at\u00e9 a resolu\u00e7\u00e3o do m\u00e9rito no TAD.<\/p>\n<h3>Medidas no tribunal<\/h3>\n<p>Os autos indicam que o recurso visa estabilizar financiamento para os or\u00e7amentos dos clubes da II Liga para a temporada 2025-26, enquanto se aguarda a decis\u00e3o final. A LPFP ainda n\u00e3o comentou publicamente o teor da provid\u00eancia cautelar. Fontes ligadas aos clubes refletem a necessidade de asegurar fluxos financeiros. A UEFA j\u00e1 tinha aprovado, em termos gerais, o mecanismo de solidariedade entre clubes.<\/p>\n","protected":false},"excerpt":{"rendered":"<ul>\n<li>Tr\u00eas clubes da II Liga apresentaram uma provid\u00eancia cautelar no Tribunal Arbitral do Desporto (TAD) contra a Liga Portuguesa de Futebol Profissional (LPFP).<\/li>\n<li>A medida visa suspender a decis\u00e3o que travou a revalida\u00e7\u00e3o da distribui\u00e7\u00e3o do mecanismo de solidariedade da UEFA pelos clubes dos dois escal\u00f5es profissionais.<\/li>\n<li>A provid\u00eancia decorre do chumbo, pela \u00faltima Assembleia Geral da Liga, da proposta de distribui\u00e7\u00e3o das verbas de solidariedade da UEFA.<\/li>\n<li>Os clubes querem contestar os efeitos da decis\u00e3o da AG junto do TAD, mantendo em especifico a reparti\u00e7\u00e3o de verbas prevista pelo mecanismo.<\/li>\n<li>A a\u00e7\u00e3o surge no contexto da gest\u00e3o or\u00e7amental para a \u00e9poca desportiva 2025-26, apontando para impactos na distribui\u00e7\u00e3o financeira entre clubes.<\/li>\n<\/ul>\n","protected":false},"author":2,"featured_media":219947,"comment_status":"closed","ping_status":"closed","sticky":false,"template":"","format":"standard","meta":{"footnotes":""},"categories":[21,24],"tags":[3577,152,32,1539,6208,6170],"class_list":["post-219944","post","type-post","status-publish","format-standard","has-post-thumbnail","hentry","category-desporto","category-futebol","tag-champions-league","tag-desporto","tag-futebol","tag-ii-liga","tag-tribunais","tag-tribunal-administrativo-e-fiscal"],"yoast_head":"<!-- This site is optimized with the Yoast SEO plugin v27.2 - https:\/\/yoast.com\/product\/yoast-seo-wordpress\/ -->\n<title>II Liga recorre ao TAD para suspender corte na reparti\u00e7\u00e3o de verbas da UEFA - Portal Tela Portugal<\/title>\n<meta name=\"robots\" content=\"index, follow, max-snippet:-1, max-image-preview:large, max-video-preview:-1\" \/>\n<meta property=\"og:locale\" content=\"pt_PT\" \/>\n<meta property=\"og:type\" content=\"article\" \/>\n<meta property=\"og:title\" content=\"II Liga recorre ao TAD para suspender corte na reparti\u00e7\u00e3o de verbas da UEFA - Portal Tela Portugal\" \/>\n<meta property=\"og:description\" content=\"Tr\u00eas clubes da II Liga apresentaram uma provid\u00eancia cautelar no Tribunal Arbitral do Desporto (TAD) contra a Liga Portuguesa de Futebol Profissional (LPFP). A medida visa suspender a decis\u00e3o que travou a revalida\u00e7\u00e3o da distribui\u00e7\u00e3o do mecanismo de solidariedade da UEFA pelos clubes dos dois escal\u00f5es profissionais. A provid\u00eancia decorre do chumbo, pela \u00faltima Assembleia Geral da Liga, da proposta de distribui\u00e7\u00e3o das verbas de solidariedade da UEFA. Os clubes querem contestar os efeitos da decis\u00e3o da AG junto do TAD, mantendo em especifico a reparti\u00e7\u00e3o de verbas prevista pelo mecanismo. A a\u00e7\u00e3o surge no contexto da gest\u00e3o or\u00e7amental para a \u00e9poca desportiva 2025-26, apontando para impactos na distribui\u00e7\u00e3o financeira entre clubes.\" \/>\n<meta property=\"og:url\" content=\"https:\/\/portaltela.pt\/noticias\/2026\/02\/20\/ii-liga-recorre-ao-tad-para-suspender-corte-na-reparticao-de-verbas-da-uefa\/\" \/>\n<meta property=\"og:site_name\" content=\"Portal Tela Portugal\" \/>\n<meta property=\"article:published_time\" content=\"2026-02-20T20:55:00+00:00\" \/>\n<meta name=\"author\" content=\"Telinha\" \/>\n<meta name=\"twitter:card\" content=\"summary_large_image\" \/>\n<meta name=\"twitter:label1\" content=\"Escrito por\" \/>\n\t<meta name=\"twitter:data1\" content=\"Telinha\" \/>\n\t<meta name=\"twitter:label2\" content=\"Tempo estimado de leitura\" \/>\n\t<meta name=\"twitter:data2\" content=\"1 minuto\" \/>\n<script type=\"application\/ld+json\" class=\"yoast-schema-graph\">{\"@context\":\"https:\/\/schema.org\",\"@graph\":[{\"@type\":\"Article\",\"@id\":\"https:\/\/portaltela.pt\/noticias\/2026\/02\/20\/ii-liga-recorre-ao-tad-para-suspender-corte-na-reparticao-de-verbas-da-uefa\/#article\",\"isPartOf\":{\"@id\":\"https:\/\/portaltela.pt\/noticias\/2026\/02\/20\/ii-liga-recorre-ao-tad-para-suspender-corte-na-reparticao-de-verbas-da-uefa\/\"},\"author\":{\"name\":\"Telinha\",\"@id\":\"https:\/\/portaltela.pt\/#\/schema\/person\/c4278d4a6028830caff9ee44b42d32ed\"},\"headline\":\"II Liga recorre ao TAD para suspender corte na reparti\u00e7\u00e3o de verbas da UEFA\",\"datePublished\":\"2026-02-20T20:55:00+00:00\",\"mainEntityOfPage\":{\"@id\":\"https:\/\/portaltela.pt\/noticias\/2026\/02\/20\/ii-liga-recorre-ao-tad-para-suspender-corte-na-reparticao-de-verbas-da-uefa\/\"},\"wordCount\":263,\"image\":{\"@id\":\"https:\/\/portaltela.pt\/noticias\/2026\/02\/20\/ii-liga-recorre-ao-tad-para-suspender-corte-na-reparticao-de-verbas-da-uefa\/#primaryimage\"},\"thumbnailUrl\":\"https:\/\/portaltela.pt\/s.01k8rhncp4jt1\/2026\/02\/2068732.jpg\",\"keywords\":[\"Champions League\",\"desporto\",\"futebol\",\"II Liga\",\"Tribunais\",\"Tribunal Administrativo e Fiscal\"],\"articleSection\":[\"Desporto\",\"Futebol\"],\"inLanguage\":\"pt-PT\"},{\"@type\":\"WebPage\",\"@id\":\"https:\/\/portaltela.pt\/noticias\/2026\/02\/20\/ii-liga-recorre-ao-tad-para-suspender-corte-na-reparticao-de-verbas-da-uefa\/\",\"url\":\"https:\/\/portaltela.pt\/noticias\/2026\/02\/20\/ii-liga-recorre-ao-tad-para-suspender-corte-na-reparticao-de-verbas-da-uefa\/\",\"name\":\"II Liga recorre ao TAD para suspender corte na reparti\u00e7\u00e3o de verbas da UEFA - Portal Tela Portugal\",\"isPartOf\":{\"@id\":\"https:\/\/portaltela.pt\/#website\"},\"primaryImageOfPage\":{\"@id\":\"https:\/\/portaltela.pt\/noticias\/2026\/02\/20\/ii-liga-recorre-ao-tad-para-suspender-corte-na-reparticao-de-verbas-da-uefa\/#primaryimage\"},\"image\":{\"@id\":\"https:\/\/portaltela.pt\/noticias\/2026\/02\/20\/ii-liga-recorre-ao-tad-para-suspender-corte-na-reparticao-de-verbas-da-uefa\/#primaryimage\"},\"thumbnailUrl\":\"https:\/\/portaltela.pt\/s.01k8rhncp4jt1\/2026\/02\/2068732.jpg\",\"datePublished\":\"2026-02-20T20:55:00+00:00\",\"author\":{\"@id\":\"https:\/\/portaltela.pt\/#\/schema\/person\/c4278d4a6028830caff9ee44b42d32ed\"},\"breadcrumb\":{\"@id\":\"https:\/\/portaltela.pt\/noticias\/2026\/02\/20\/ii-liga-recorre-ao-tad-para-suspender-corte-na-reparticao-de-verbas-da-uefa\/#breadcrumb\"},\"inLanguage\":\"pt-PT\",\"potentialAction\":[{\"@type\":\"ReadAction\",\"target\":[\"https:\/\/portaltela.pt\/noticias\/2026\/02\/20\/ii-liga-recorre-ao-tad-para-suspender-corte-na-reparticao-de-verbas-da-uefa\/\"]}]},{\"@type\":\"ImageObject\",\"inLanguage\":\"pt-PT\",\"@id\":\"https:\/\/portaltela.pt\/noticias\/2026\/02\/20\/ii-liga-recorre-ao-tad-para-suspender-corte-na-reparticao-de-verbas-da-uefa\/#primaryimage\",\"url\":\"https:\/\/portaltela.pt\/s.01k8rhncp4jt1\/2026\/02\/2068732.jpg\",\"contentUrl\":\"https:\/\/portaltela.pt\/s.01k8rhncp4jt1\/2026\/02\/2068732.jpg\",\"width\":796,\"height\":448,\"caption\":\"Clubes da II Liga sofreram um duro rev\u00e9s na gest\u00e3o dos or\u00e7amentos para 2025-26\"},{\"@type\":\"BreadcrumbList\",\"@id\":\"https:\/\/portaltela.pt\/noticias\/2026\/02\/20\/ii-liga-recorre-ao-tad-para-suspender-corte-na-reparticao-de-verbas-da-uefa\/#breadcrumb\",\"itemListElement\":[{\"@type\":\"ListItem\",\"position\":1,\"name\":\"In\u00edcio\",\"item\":\"https:\/\/portaltela.pt\/\"},{\"@type\":\"ListItem\",\"position\":2,\"name\":\"II Liga recorre ao TAD para suspender corte na reparti\u00e7\u00e3o de verbas da UEFA\"}]},{\"@type\":\"WebSite\",\"@id\":\"https:\/\/portaltela.pt\/#website\",\"url\":\"https:\/\/portaltela.pt\/\",\"name\":\"Portal Tela Portugal\",\"description\":\"\",\"potentialAction\":[{\"@type\":\"SearchAction\",\"target\":{\"@type\":\"EntryPoint\",\"urlTemplate\":\"https:\/\/portaltela.pt\/?s={search_term_string}\"},\"query-input\":{\"@type\":\"PropertyValueSpecification\",\"valueRequired\":true,\"valueName\":\"search_term_string\"}}],\"inLanguage\":\"pt-PT\"},{\"@type\":\"Person\",\"@id\":\"https:\/\/portaltela.pt\/#\/schema\/person\/c4278d4a6028830caff9ee44b42d32ed\",\"name\":\"Telinha\",\"image\":{\"@type\":\"ImageObject\",\"inLanguage\":\"pt-PT\",\"@id\":\"https:\/\/portaltela.pt\/s.01k8rhncp4jt1\/2025\/11\/talking-bot-125x125.png\",\"url\":\"https:\/\/portaltela.pt\/s.01k8rhncp4jt1\/2025\/11\/talking-bot-125x125.png\",\"contentUrl\":\"https:\/\/portaltela.pt\/s.01k8rhncp4jt1\/2025\/11\/talking-bot-125x125.png\",\"caption\":\"Telinha\"},\"sameAs\":[\"https:\/\/portaltela.pt\/\"],\"url\":\"https:\/\/portaltela.pt\/por\/367410592786\/\"}]}<\/script>\n<!-- \/ Yoast SEO plugin. -->","yoast_head_json":{"title":"II Liga recorre ao TAD para suspender corte na reparti\u00e7\u00e3o de verbas da UEFA - Portal Tela Portugal","robots":{"index":"index","follow":"follow","max-snippet":"max-snippet:-1","max-image-preview":"max-image-preview:large","max-video-preview":"max-video-preview:-1"},"og_locale":"pt_PT","og_type":"article","og_title":"II Liga recorre ao TAD para suspender corte na reparti\u00e7\u00e3o de verbas da UEFA - Portal Tela Portugal","og_description":"Tr\u00eas clubes da II Liga apresentaram uma provid\u00eancia cautelar no Tribunal Arbitral do Desporto (TAD) contra a Liga Portuguesa de Futebol Profissional (LPFP). A medida visa suspender a decis\u00e3o que travou a revalida\u00e7\u00e3o da distribui\u00e7\u00e3o do mecanismo de solidariedade da UEFA pelos clubes dos dois escal\u00f5es profissionais. A provid\u00eancia decorre do chumbo, pela \u00faltima Assembleia Geral da Liga, da proposta de distribui\u00e7\u00e3o das verbas de solidariedade da UEFA. Os clubes querem contestar os efeitos da decis\u00e3o da AG junto do TAD, mantendo em especifico a reparti\u00e7\u00e3o de verbas prevista pelo mecanismo. A a\u00e7\u00e3o surge no contexto da gest\u00e3o or\u00e7amental para a \u00e9poca desportiva 2025-26, apontando para impactos na distribui\u00e7\u00e3o financeira entre clubes.","og_url":"https:\/\/portaltela.pt\/noticias\/2026\/02\/20\/ii-liga-recorre-ao-tad-para-suspender-corte-na-reparticao-de-verbas-da-uefa\/","og_site_name":"Portal Tela Portugal","article_published_time":"2026-02-20T20:55:00+00:00","author":"Telinha","twitter_card":"summary_large_image","twitter_misc":{"Escrito por":"Telinha","Tempo estimado de leitura":"1 minuto"},"schema":{"@context":"https:\/\/schema.org","@graph":[{"@type":"Article","@id":"https:\/\/portaltela.pt\/noticias\/2026\/02\/20\/ii-liga-recorre-ao-tad-para-suspender-corte-na-reparticao-de-verbas-da-uefa\/#article","isPartOf":{"@id":"https:\/\/portaltela.pt\/noticias\/2026\/02\/20\/ii-liga-recorre-ao-tad-para-suspender-corte-na-reparticao-de-verbas-da-uefa\/"},"author":{"name":"Telinha","@id":"https:\/\/portaltela.pt\/#\/schema\/person\/c4278d4a6028830caff9ee44b42d32ed"},"headline":"II Liga recorre ao TAD para suspender corte na reparti\u00e7\u00e3o de verbas da UEFA","datePublished":"2026-02-20T20:55:00+00:00","mainEntityOfPage":{"@id":"https:\/\/portaltela.pt\/noticias\/2026\/02\/20\/ii-liga-recorre-ao-tad-para-suspender-corte-na-reparticao-de-verbas-da-uefa\/"},"wordCount":263,"image":{"@id":"https:\/\/portaltela.pt\/noticias\/2026\/02\/20\/ii-liga-recorre-ao-tad-para-suspender-corte-na-reparticao-de-verbas-da-uefa\/#primaryimage"},"thumbnailUrl":"https:\/\/portaltela.pt\/s.01k8rhncp4jt1\/2026\/02\/2068732.jpg","keywords":["Champions League","desporto","futebol","II Liga","Tribunais","Tribunal Administrativo e Fiscal"],"articleSection":["Desporto","Futebol"],"inLanguage":"pt-PT"},{"@type":"WebPage","@id":"https:\/\/portaltela.pt\/noticias\/2026\/02\/20\/ii-liga-recorre-ao-tad-para-suspender-corte-na-reparticao-de-verbas-da-uefa\/","url":"https:\/\/portaltela.pt\/noticias\/2026\/02\/20\/ii-liga-recorre-ao-tad-para-suspender-corte-na-reparticao-de-verbas-da-uefa\/","name":"II Liga recorre ao TAD para suspender corte na reparti\u00e7\u00e3o de verbas da UEFA - Portal Tela Portugal","isPartOf":{"@id":"https:\/\/portaltela.pt\/#website"},"primaryImageOfPage":{"@id":"https:\/\/portaltela.pt\/noticias\/2026\/02\/20\/ii-liga-recorre-ao-tad-para-suspender-corte-na-reparticao-de-verbas-da-uefa\/#primaryimage"},"image":{"@id":"https:\/\/portaltela.pt\/noticias\/2026\/02\/20\/ii-liga-recorre-ao-tad-para-suspender-corte-na-reparticao-de-verbas-da-uefa\/#primaryimage"},"thumbnailUrl":"https:\/\/portaltela.pt\/s.01k8rhncp4jt1\/2026\/02\/2068732.jpg","datePublished":"2026-02-20T20:55:00+00:00","author":{"@id":"https:\/\/portaltela.pt\/#\/schema\/person\/c4278d4a6028830caff9ee44b42d32ed"},"breadcrumb":{"@id":"https:\/\/portaltela.pt\/noticias\/2026\/02\/20\/ii-liga-recorre-ao-tad-para-suspender-corte-na-reparticao-de-verbas-da-uefa\/#breadcrumb"},"inLanguage":"pt-PT","potentialAction":[{"@type":"ReadAction","target":["https:\/\/portaltela.pt\/noticias\/2026\/02\/20\/ii-liga-recorre-ao-tad-para-suspender-corte-na-reparticao-de-verbas-da-uefa\/"]}]},{"@type":"ImageObject","inLanguage":"pt-PT","@id":"https:\/\/portaltela.pt\/noticias\/2026\/02\/20\/ii-liga-recorre-ao-tad-para-suspender-corte-na-reparticao-de-verbas-da-uefa\/#primaryimage","url":"https:\/\/portaltela.pt\/s.01k8rhncp4jt1\/2026\/02\/2068732.jpg","contentUrl":"https:\/\/portaltela.pt\/s.01k8rhncp4jt1\/2026\/02\/2068732.jpg","width":796,"height":448,"caption":"Clubes da II Liga sofreram um duro rev\u00e9s na gest\u00e3o dos or\u00e7amentos para 2025-26"},{"@type":"BreadcrumbList","@id":"https:\/\/portaltela.pt\/noticias\/2026\/02\/20\/ii-liga-recorre-ao-tad-para-suspender-corte-na-reparticao-de-verbas-da-uefa\/#breadcrumb","itemListElement":[{"@type":"ListItem","position":1,"name":"In\u00edcio","item":"https:\/\/portaltela.pt\/"},{"@type":"ListItem","position":2,"name":"II Liga recorre ao TAD para suspender corte na reparti\u00e7\u00e3o de verbas da UEFA"}]},{"@type":"WebSite","@id":"https:\/\/portaltela.pt\/#website","url":"https:\/\/portaltela.pt\/","name":"Portal Tela Portugal","description":"","potentialAction":[{"@type":"SearchAction","target":{"@type":"EntryPoint","urlTemplate":"https:\/\/portaltela.pt\/?s={search_term_string}"},"query-input":{"@type":"PropertyValueSpecification","valueRequired":true,"valueName":"search_term_string"}}],"inLanguage":"pt-PT"},{"@type":"Person","@id":"https:\/\/portaltela.pt\/#\/schema\/person\/c4278d4a6028830caff9ee44b42d32ed","name":"Telinha","image":{"@type":"ImageObject","inLanguage":"pt-PT","@id":"https:\/\/portaltela.pt\/s.01k8rhncp4jt1\/2025\/11\/talking-bot-125x125.png","url":"https:\/\/portaltela.pt\/s.01k8rhncp4jt1\/2025\/11\/talking-bot-125x125.png","contentUrl":"https:\/\/portaltela.pt\/s.01k8rhncp4jt1\/2025\/11\/talking-bot-125x125.png","caption":"Telinha"},"sameAs":["https:\/\/portaltela.pt\/"],"url":"https:\/\/portaltela.pt\/por\/367410592786\/"}]}},"_links":{"self":[{"href":"https:\/\/portaltela.pt\/api\/wp\/v2\/posts\/219944","targetHints":{"allow":["GET"]}}],"collection":[{"href":"https:\/\/portaltela.pt\/api\/wp\/v2\/posts"}],"about":[{"href":"https:\/\/portaltela.pt\/api\/wp\/v2\/types\/post"}],"author":[{"embeddable":true,"href":"https:\/\/portaltela.pt\/api\/wp\/v2\/users\/2"}],"replies":[{"embeddable":true,"href":"https:\/\/portaltela.pt\/api\/wp\/v2\/comments?post=219944"}],"version-history":[{"count":0,"href":"https:\/\/portaltela.pt\/api\/wp\/v2\/posts\/219944\/revisions"}],"wp:featuredmedia":[{"embeddable":true,"href":"https:\/\/portaltela.pt\/api\/wp\/v2\/media\/219947"}],"wp:attachment":[{"href":"https:\/\/portaltela.pt\/api\/wp\/v2\/media?parent=219944"}],"wp:term":[{"taxonomy":"category","embeddable":true,"href":"https:\/\/portaltela.pt\/api\/wp\/v2\/categories?post=219944"},{"taxonomy":"post_tag","embeddable":true,"href":"https:\/\/portaltela.pt\/api\/wp\/v2\/tags?post=219944"}],"curies":[{"name":"wp","href":"https:\/\/api.w.org\/{rel}","templated":true}]}}