{"id":219926,"date":"2026-02-20T17:47:25","date_gmt":"2026-02-20T20:47:25","guid":{"rendered":"https:\/\/portaltela.pt\/noticias\/2026\/02\/20\/advogado-afirma-que-fernando-madureira-nao-violou-medida-de-coacao\/"},"modified":"2026-02-20T17:47:25","modified_gmt":"2026-02-20T20:47:25","slug":"advogado-afirma-que-fernando-madureira-nao-violou-medida-de-coacao","status":"publish","type":"post","link":"https:\/\/portaltela.pt\/noticias\/2026\/02\/20\/advogado-afirma-que-fernando-madureira-nao-violou-medida-de-coacao\/","title":{"rendered":"Advogado afirma que Fernando Madureira n\u00e3o violou medida de coa\u00e7\u00e3o"},"content":{"rendered":"<p>O FC Porto apresentou um requerimento ao Tribunal do Porto em que afirma que Fernando Madureira, conhecido como Macaco, violou medidas de coa\u00e7\u00e3o ao aparecer na Loja Azul, no Est\u00e1dio do Drag\u00e3o. A den\u00fancia baseia-se na proibi\u00e7\u00e3o de acesso a recintos desportivos e eventos ligados ao FC Porto.<\/p>\n<p>Madureira foi condenado por v\u00e1rios crimes relacionados com agress\u00f5es, amea\u00e7as e coa\u00e7\u00e3o, no \u00e2mbito de desacatos na Assembleia Geral do clube em 13 de novembro de 2023. O ex-l\u00edder dos Super Drag\u00f5es estava sujeito a pris\u00e3o prevent\u0629, mas foi libertado a 6 de fevereiro ap\u00f3s cumprir o limite m\u00e1ximo de priva\u00e7\u00e3o de liberdade sem a condena\u00e7\u00e3o transitada em julgado.<\/p>\n<p>Gon\u00e7alo Cerejeira Namora, representante de Madureira, contesta a den\u00fancia, afirmando que n\u00e3o houve viola\u00e7\u00e3o de coa\u00e7\u00e3o. O advogado acusa o FC Porto de recorrer ao videovigil\u00e2ncia de forma inadequada, sugerindo uma vigil\u00e2ncia fora da legalidade e alimentando controv\u00e9rsia p\u00fablica.<\/p>\n<p>Namora critica ainda o impacto medi\u00e1tico do requerimento, afirmando que o caso tem natureza sensacionalista. O respons\u00e1vel legal de Madureira garante que a sua cliente tem plena tranquilidade relativamente \u00e0 situa\u00e7\u00e3o.<\/p>\n","protected":false},"excerpt":{"rendered":"<ul>\n<li>Gon\u00e7alo Cerejeira Namora afirma que Fernando Madureira n\u00e3o violou nenhuma medida de coa\u00e7\u00e3o, reagindo ao requerimento do FC Porto sobre a sua presen\u00e7a na Loja Azul.<\/li>\n<li>O FC Porto alegou viola\u00e7\u00e3o das medidas ao considerar que o ex-l\u00edder dos Super Drag\u00f5es esteve em recintos desportivos, incluindo o Est\u00e1dio do Drag\u00e3o.<\/li>\n<li>Madureira encontrava-se em pris\u00e3o preventiva e foi libertado a 6 de fevereiro, por ter atingido o limite m\u00e1ximo da priva\u00e7\u00e3o de liberdade sem que a condena\u00e7\u00e3o tenha transitado em julgado.<\/li>\n<li>Namora critica o uso de videovigil\u00e2ncia pelo FC Porto, qualificando a monitoriza\u00e7\u00e3o como pr\u00e1tica persecut\u00f3ria e fora da legalidade.<\/li>\n<li>O processo est\u00e1 relacionado com crimes de ofensa \u00e0 integridade f\u00edsica, amea\u00e7a e coa\u00e7\u00e3o resultantes de desacatos ocorridos na Assembleia Geral do FC Porto em 13 de novembro de 2023.<\/li>\n<\/ul>\n","protected":false},"author":2,"featured_media":219931,"comment_status":"closed","ping_status":"closed","sticky":false,"template":"","format":"standard","meta":{"footnotes":""},"categories":[1],"tags":[2937,1542,3527,2028,982,2234],"class_list":["post-219926","post","type-post","status-publish","format-standard","has-post-thumbnail","hentry","category-noticias","tag-assembleia-geral","tag-coacao","tag-desacatos","tag-fc-porto","tag-porto","tag-videovigilancia"],"yoast_head":"<!-- This site is optimized with the Yoast SEO plugin v27.2 - https:\/\/yoast.com\/product\/yoast-seo-wordpress\/ -->\n<title>Advogado afirma que Fernando Madureira n\u00e3o violou medida de coa\u00e7\u00e3o - Portal Tela Portugal<\/title>\n<meta name=\"robots\" content=\"index, follow, max-snippet:-1, max-image-preview:large, max-video-preview:-1\" \/>\n<meta property=\"og:locale\" content=\"pt_PT\" \/>\n<meta property=\"og:type\" content=\"article\" \/>\n<meta property=\"og:title\" content=\"Advogado afirma que Fernando Madureira n\u00e3o violou medida de coa\u00e7\u00e3o - Portal Tela Portugal\" \/>\n<meta property=\"og:description\" content=\"Gon\u00e7alo Cerejeira Namora afirma que Fernando Madureira n\u00e3o violou nenhuma medida de coa\u00e7\u00e3o, reagindo ao requerimento do FC Porto sobre a sua presen\u00e7a na Loja Azul. O FC Porto alegou viola\u00e7\u00e3o das medidas ao considerar que o ex-l\u00edder dos Super Drag\u00f5es esteve em recintos desportivos, incluindo o Est\u00e1dio do Drag\u00e3o. Madureira encontrava-se em pris\u00e3o preventiva e foi libertado a 6 de fevereiro, por ter atingido o limite m\u00e1ximo da priva\u00e7\u00e3o de liberdade sem que a condena\u00e7\u00e3o tenha transitado em julgado. Namora critica o uso de videovigil\u00e2ncia pelo FC Porto, qualificando a monitoriza\u00e7\u00e3o como pr\u00e1tica persecut\u00f3ria e fora da legalidade. O processo est\u00e1 relacionado com crimes de ofensa \u00e0 integridade f\u00edsica, amea\u00e7a e coa\u00e7\u00e3o resultantes de desacatos ocorridos na Assembleia Geral do FC Porto em 13 de novembro de 2023.\" \/>\n<meta property=\"og:url\" content=\"https:\/\/portaltela.pt\/noticias\/2026\/02\/20\/advogado-afirma-que-fernando-madureira-nao-violou-medida-de-coacao\/\" \/>\n<meta property=\"og:site_name\" content=\"Portal Tela Portugal\" \/>\n<meta property=\"article:published_time\" content=\"2026-02-20T20:47:25+00:00\" \/>\n<meta name=\"author\" content=\"Telinha\" \/>\n<meta name=\"twitter:card\" content=\"summary_large_image\" \/>\n<meta name=\"twitter:label1\" content=\"Escrito por\" \/>\n\t<meta name=\"twitter:data1\" content=\"Telinha\" \/>\n\t<meta name=\"twitter:label2\" content=\"Tempo estimado de leitura\" \/>\n\t<meta name=\"twitter:data2\" content=\"1 minuto\" \/>\n<script type=\"application\/ld+json\" class=\"yoast-schema-graph\">{\"@context\":\"https:\/\/schema.org\",\"@graph\":[{\"@type\":\"Article\",\"@id\":\"https:\/\/portaltela.pt\/noticias\/2026\/02\/20\/advogado-afirma-que-fernando-madureira-nao-violou-medida-de-coacao\/#article\",\"isPartOf\":{\"@id\":\"https:\/\/portaltela.pt\/noticias\/2026\/02\/20\/advogado-afirma-que-fernando-madureira-nao-violou-medida-de-coacao\/\"},\"author\":{\"name\":\"Telinha\",\"@id\":\"https:\/\/portaltela.pt\/#\/schema\/person\/c4278d4a6028830caff9ee44b42d32ed\"},\"headline\":\"Advogado afirma que Fernando Madureira n\u00e3o violou medida de coa\u00e7\u00e3o\",\"datePublished\":\"2026-02-20T20:47:25+00:00\",\"mainEntityOfPage\":{\"@id\":\"https:\/\/portaltela.pt\/noticias\/2026\/02\/20\/advogado-afirma-que-fernando-madureira-nao-violou-medida-de-coacao\/\"},\"wordCount\":213,\"image\":{\"@id\":\"https:\/\/portaltela.pt\/noticias\/2026\/02\/20\/advogado-afirma-que-fernando-madureira-nao-violou-medida-de-coacao\/#primaryimage\"},\"thumbnailUrl\":\"https:\/\/portaltela.pt\/s.01k8rhncp4jt1\/2026\/02\/img_920x518uu2026-02-20-20-41-27-2422787.jpg\",\"keywords\":[\"Assembleia Geral\",\"coa\u00e7\u00e3o\",\"desacatos\",\"FC Porto\",\"Porto\",\"videovigil\u00e2ncia\"],\"articleSection\":[\"Not\u00edcias\"],\"inLanguage\":\"pt-PT\"},{\"@type\":\"WebPage\",\"@id\":\"https:\/\/portaltela.pt\/noticias\/2026\/02\/20\/advogado-afirma-que-fernando-madureira-nao-violou-medida-de-coacao\/\",\"url\":\"https:\/\/portaltela.pt\/noticias\/2026\/02\/20\/advogado-afirma-que-fernando-madureira-nao-violou-medida-de-coacao\/\",\"name\":\"Advogado afirma que Fernando Madureira n\u00e3o violou medida de coa\u00e7\u00e3o - Portal Tela Portugal\",\"isPartOf\":{\"@id\":\"https:\/\/portaltela.pt\/#website\"},\"primaryImageOfPage\":{\"@id\":\"https:\/\/portaltela.pt\/noticias\/2026\/02\/20\/advogado-afirma-que-fernando-madureira-nao-violou-medida-de-coacao\/#primaryimage\"},\"image\":{\"@id\":\"https:\/\/portaltela.pt\/noticias\/2026\/02\/20\/advogado-afirma-que-fernando-madureira-nao-violou-medida-de-coacao\/#primaryimage\"},\"thumbnailUrl\":\"https:\/\/portaltela.pt\/s.01k8rhncp4jt1\/2026\/02\/img_920x518uu2026-02-20-20-41-27-2422787.jpg\",\"datePublished\":\"2026-02-20T20:47:25+00:00\",\"author\":{\"@id\":\"https:\/\/portaltela.pt\/#\/schema\/person\/c4278d4a6028830caff9ee44b42d32ed\"},\"breadcrumb\":{\"@id\":\"https:\/\/portaltela.pt\/noticias\/2026\/02\/20\/advogado-afirma-que-fernando-madureira-nao-violou-medida-de-coacao\/#breadcrumb\"},\"inLanguage\":\"pt-PT\",\"potentialAction\":[{\"@type\":\"ReadAction\",\"target\":[\"https:\/\/portaltela.pt\/noticias\/2026\/02\/20\/advogado-afirma-que-fernando-madureira-nao-violou-medida-de-coacao\/\"]}]},{\"@type\":\"ImageObject\",\"inLanguage\":\"pt-PT\",\"@id\":\"https:\/\/portaltela.pt\/noticias\/2026\/02\/20\/advogado-afirma-que-fernando-madureira-nao-violou-medida-de-coacao\/#primaryimage\",\"url\":\"https:\/\/portaltela.pt\/s.01k8rhncp4jt1\/2026\/02\/img_920x518uu2026-02-20-20-41-27-2422787.jpg\",\"contentUrl\":\"https:\/\/portaltela.pt\/s.01k8rhncp4jt1\/2026\/02\/img_920x518uu2026-02-20-20-41-27-2422787.jpg\",\"width\":796,\"height\":448,\"caption\":\"Fernando Madureira\"},{\"@type\":\"BreadcrumbList\",\"@id\":\"https:\/\/portaltela.pt\/noticias\/2026\/02\/20\/advogado-afirma-que-fernando-madureira-nao-violou-medida-de-coacao\/#breadcrumb\",\"itemListElement\":[{\"@type\":\"ListItem\",\"position\":1,\"name\":\"In\u00edcio\",\"item\":\"https:\/\/portaltela.pt\/\"},{\"@type\":\"ListItem\",\"position\":2,\"name\":\"Advogado afirma que Fernando Madureira n\u00e3o violou medida de coa\u00e7\u00e3o\"}]},{\"@type\":\"WebSite\",\"@id\":\"https:\/\/portaltela.pt\/#website\",\"url\":\"https:\/\/portaltela.pt\/\",\"name\":\"Portal Tela Portugal\",\"description\":\"\",\"potentialAction\":[{\"@type\":\"SearchAction\",\"target\":{\"@type\":\"EntryPoint\",\"urlTemplate\":\"https:\/\/portaltela.pt\/?s={search_term_string}\"},\"query-input\":{\"@type\":\"PropertyValueSpecification\",\"valueRequired\":true,\"valueName\":\"search_term_string\"}}],\"inLanguage\":\"pt-PT\"},{\"@type\":\"Person\",\"@id\":\"https:\/\/portaltela.pt\/#\/schema\/person\/c4278d4a6028830caff9ee44b42d32ed\",\"name\":\"Telinha\",\"image\":{\"@type\":\"ImageObject\",\"inLanguage\":\"pt-PT\",\"@id\":\"https:\/\/portaltela.pt\/s.01k8rhncp4jt1\/2025\/11\/talking-bot-125x125.png\",\"url\":\"https:\/\/portaltela.pt\/s.01k8rhncp4jt1\/2025\/11\/talking-bot-125x125.png\",\"contentUrl\":\"https:\/\/portaltela.pt\/s.01k8rhncp4jt1\/2025\/11\/talking-bot-125x125.png\",\"caption\":\"Telinha\"},\"sameAs\":[\"https:\/\/portaltela.pt\/\"],\"url\":\"https:\/\/portaltela.pt\/por\/367410592786\/\"}]}<\/script>\n<!-- \/ Yoast SEO plugin. -->","yoast_head_json":{"title":"Advogado afirma que Fernando Madureira n\u00e3o violou medida de coa\u00e7\u00e3o - Portal Tela Portugal","robots":{"index":"index","follow":"follow","max-snippet":"max-snippet:-1","max-image-preview":"max-image-preview:large","max-video-preview":"max-video-preview:-1"},"og_locale":"pt_PT","og_type":"article","og_title":"Advogado afirma que Fernando Madureira n\u00e3o violou medida de coa\u00e7\u00e3o - Portal Tela Portugal","og_description":"Gon\u00e7alo Cerejeira Namora afirma que Fernando Madureira n\u00e3o violou nenhuma medida de coa\u00e7\u00e3o, reagindo ao requerimento do FC Porto sobre a sua presen\u00e7a na Loja Azul. O FC Porto alegou viola\u00e7\u00e3o das medidas ao considerar que o ex-l\u00edder dos Super Drag\u00f5es esteve em recintos desportivos, incluindo o Est\u00e1dio do Drag\u00e3o. Madureira encontrava-se em pris\u00e3o preventiva e foi libertado a 6 de fevereiro, por ter atingido o limite m\u00e1ximo da priva\u00e7\u00e3o de liberdade sem que a condena\u00e7\u00e3o tenha transitado em julgado. Namora critica o uso de videovigil\u00e2ncia pelo FC Porto, qualificando a monitoriza\u00e7\u00e3o como pr\u00e1tica persecut\u00f3ria e fora da legalidade. O processo est\u00e1 relacionado com crimes de ofensa \u00e0 integridade f\u00edsica, amea\u00e7a e coa\u00e7\u00e3o resultantes de desacatos ocorridos na Assembleia Geral do FC Porto em 13 de novembro de 2023.","og_url":"https:\/\/portaltela.pt\/noticias\/2026\/02\/20\/advogado-afirma-que-fernando-madureira-nao-violou-medida-de-coacao\/","og_site_name":"Portal Tela Portugal","article_published_time":"2026-02-20T20:47:25+00:00","author":"Telinha","twitter_card":"summary_large_image","twitter_misc":{"Escrito por":"Telinha","Tempo estimado de leitura":"1 minuto"},"schema":{"@context":"https:\/\/schema.org","@graph":[{"@type":"Article","@id":"https:\/\/portaltela.pt\/noticias\/2026\/02\/20\/advogado-afirma-que-fernando-madureira-nao-violou-medida-de-coacao\/#article","isPartOf":{"@id":"https:\/\/portaltela.pt\/noticias\/2026\/02\/20\/advogado-afirma-que-fernando-madureira-nao-violou-medida-de-coacao\/"},"author":{"name":"Telinha","@id":"https:\/\/portaltela.pt\/#\/schema\/person\/c4278d4a6028830caff9ee44b42d32ed"},"headline":"Advogado afirma que Fernando Madureira n\u00e3o violou medida de coa\u00e7\u00e3o","datePublished":"2026-02-20T20:47:25+00:00","mainEntityOfPage":{"@id":"https:\/\/portaltela.pt\/noticias\/2026\/02\/20\/advogado-afirma-que-fernando-madureira-nao-violou-medida-de-coacao\/"},"wordCount":213,"image":{"@id":"https:\/\/portaltela.pt\/noticias\/2026\/02\/20\/advogado-afirma-que-fernando-madureira-nao-violou-medida-de-coacao\/#primaryimage"},"thumbnailUrl":"https:\/\/portaltela.pt\/s.01k8rhncp4jt1\/2026\/02\/img_920x518uu2026-02-20-20-41-27-2422787.jpg","keywords":["Assembleia Geral","coa\u00e7\u00e3o","desacatos","FC Porto","Porto","videovigil\u00e2ncia"],"articleSection":["Not\u00edcias"],"inLanguage":"pt-PT"},{"@type":"WebPage","@id":"https:\/\/portaltela.pt\/noticias\/2026\/02\/20\/advogado-afirma-que-fernando-madureira-nao-violou-medida-de-coacao\/","url":"https:\/\/portaltela.pt\/noticias\/2026\/02\/20\/advogado-afirma-que-fernando-madureira-nao-violou-medida-de-coacao\/","name":"Advogado afirma que Fernando Madureira n\u00e3o violou medida de coa\u00e7\u00e3o - Portal Tela Portugal","isPartOf":{"@id":"https:\/\/portaltela.pt\/#website"},"primaryImageOfPage":{"@id":"https:\/\/portaltela.pt\/noticias\/2026\/02\/20\/advogado-afirma-que-fernando-madureira-nao-violou-medida-de-coacao\/#primaryimage"},"image":{"@id":"https:\/\/portaltela.pt\/noticias\/2026\/02\/20\/advogado-afirma-que-fernando-madureira-nao-violou-medida-de-coacao\/#primaryimage"},"thumbnailUrl":"https:\/\/portaltela.pt\/s.01k8rhncp4jt1\/2026\/02\/img_920x518uu2026-02-20-20-41-27-2422787.jpg","datePublished":"2026-02-20T20:47:25+00:00","author":{"@id":"https:\/\/portaltela.pt\/#\/schema\/person\/c4278d4a6028830caff9ee44b42d32ed"},"breadcrumb":{"@id":"https:\/\/portaltela.pt\/noticias\/2026\/02\/20\/advogado-afirma-que-fernando-madureira-nao-violou-medida-de-coacao\/#breadcrumb"},"inLanguage":"pt-PT","potentialAction":[{"@type":"ReadAction","target":["https:\/\/portaltela.pt\/noticias\/2026\/02\/20\/advogado-afirma-que-fernando-madureira-nao-violou-medida-de-coacao\/"]}]},{"@type":"ImageObject","inLanguage":"pt-PT","@id":"https:\/\/portaltela.pt\/noticias\/2026\/02\/20\/advogado-afirma-que-fernando-madureira-nao-violou-medida-de-coacao\/#primaryimage","url":"https:\/\/portaltela.pt\/s.01k8rhncp4jt1\/2026\/02\/img_920x518uu2026-02-20-20-41-27-2422787.jpg","contentUrl":"https:\/\/portaltela.pt\/s.01k8rhncp4jt1\/2026\/02\/img_920x518uu2026-02-20-20-41-27-2422787.jpg","width":796,"height":448,"caption":"Fernando Madureira"},{"@type":"BreadcrumbList","@id":"https:\/\/portaltela.pt\/noticias\/2026\/02\/20\/advogado-afirma-que-fernando-madureira-nao-violou-medida-de-coacao\/#breadcrumb","itemListElement":[{"@type":"ListItem","position":1,"name":"In\u00edcio","item":"https:\/\/portaltela.pt\/"},{"@type":"ListItem","position":2,"name":"Advogado afirma que Fernando Madureira n\u00e3o violou medida de coa\u00e7\u00e3o"}]},{"@type":"WebSite","@id":"https:\/\/portaltela.pt\/#website","url":"https:\/\/portaltela.pt\/","name":"Portal Tela Portugal","description":"","potentialAction":[{"@type":"SearchAction","target":{"@type":"EntryPoint","urlTemplate":"https:\/\/portaltela.pt\/?s={search_term_string}"},"query-input":{"@type":"PropertyValueSpecification","valueRequired":true,"valueName":"search_term_string"}}],"inLanguage":"pt-PT"},{"@type":"Person","@id":"https:\/\/portaltela.pt\/#\/schema\/person\/c4278d4a6028830caff9ee44b42d32ed","name":"Telinha","image":{"@type":"ImageObject","inLanguage":"pt-PT","@id":"https:\/\/portaltela.pt\/s.01k8rhncp4jt1\/2025\/11\/talking-bot-125x125.png","url":"https:\/\/portaltela.pt\/s.01k8rhncp4jt1\/2025\/11\/talking-bot-125x125.png","contentUrl":"https:\/\/portaltela.pt\/s.01k8rhncp4jt1\/2025\/11\/talking-bot-125x125.png","caption":"Telinha"},"sameAs":["https:\/\/portaltela.pt\/"],"url":"https:\/\/portaltela.pt\/por\/367410592786\/"}]}},"_links":{"self":[{"href":"https:\/\/portaltela.pt\/api\/wp\/v2\/posts\/219926","targetHints":{"allow":["GET"]}}],"collection":[{"href":"https:\/\/portaltela.pt\/api\/wp\/v2\/posts"}],"about":[{"href":"https:\/\/portaltela.pt\/api\/wp\/v2\/types\/post"}],"author":[{"embeddable":true,"href":"https:\/\/portaltela.pt\/api\/wp\/v2\/users\/2"}],"replies":[{"embeddable":true,"href":"https:\/\/portaltela.pt\/api\/wp\/v2\/comments?post=219926"}],"version-history":[{"count":0,"href":"https:\/\/portaltela.pt\/api\/wp\/v2\/posts\/219926\/revisions"}],"wp:featuredmedia":[{"embeddable":true,"href":"https:\/\/portaltela.pt\/api\/wp\/v2\/media\/219931"}],"wp:attachment":[{"href":"https:\/\/portaltela.pt\/api\/wp\/v2\/media?parent=219926"}],"wp:term":[{"taxonomy":"category","embeddable":true,"href":"https:\/\/portaltela.pt\/api\/wp\/v2\/categories?post=219926"},{"taxonomy":"post_tag","embeddable":true,"href":"https:\/\/portaltela.pt\/api\/wp\/v2\/tags?post=219926"}],"curies":[{"name":"wp","href":"https:\/\/api.w.org\/{rel}","templated":true}]}}