{"id":219918,"date":"2026-02-20T17:46:06","date_gmt":"2026-02-20T20:46:06","guid":{"rendered":"https:\/\/portaltela.pt\/noticias\/2026\/02\/20\/henry-pede-ao-barca-que-contrate-avancado-com-provas-dadas\/"},"modified":"2026-02-20T17:46:06","modified_gmt":"2026-02-20T20:46:06","slug":"henry-pede-ao-barca-que-contrate-avancado-com-provas-dadas","status":"publish","type":"post","link":"https:\/\/portaltela.pt\/desporto\/futebol\/2026\/02\/20\/henry-pede-ao-barca-que-contrate-avancado-com-provas-dadas\/","title":{"rendered":"Henry pede ao Bar\u00e7a que contrate avan\u00e7ado com provas dadas"},"content":{"rendered":"<p>O Barcelona enfrenta dificuldades no ataque nesta temporada, segundo Thierry Henry. O ex-avan\u00e7ado do clube afirma que \u00e9 necess\u00e1ria a presen\u00e7a de um ponta de refer\u00eancia, capaz de finalizar com regularidade, citando nomes como Victor Osimhen, Erling Haaland e Harry Kane como exemplos de goleadores comprovados.<\/p>\n<p>Henry aponta que, com o talento de Lamine Yamal, as oportunidades criadas devem ser convertidas em golo. Sublinha que, a esse n\u00edvel, uma concreta chance deve ser aproveitada, sob pena de comprometer a competitividade da equipa.<\/p>\n<p>Al\u00e9m da pe\u00e7a dianteira, o clube tem sido associado \u00e0 poss\u00edvel compra de Jul\u00edan \u00c1lvarez para substituir Lewandowski, com sa\u00edda prevista no final da \u00e9poca. Segundo relatos, o argentino poderia custar perto de 200 milh\u00f5es de euros, valor considerado excessivo para as finan\u00e7as blaugranas.<\/p>\n<h3>Poss\u00edvel alvo e custo<\/h3>\n<p>A discuss\u00e3o sobre um 9 de topo surge num contexto de necessidade de refor\u00e7ar a equipa de ataque. A imprensa destaca a hip\u00f3tese de \u00c1lvarez, mas o montante alegadamente pedido cria d\u00favidas sobre a viabilidade financeira do neg\u00f3cio para o Barcelona neste momento.<\/p>\n<p>O clube n\u00e3o confirmou investimentos espec\u00edficos, mantendo o foco em solu\u00e7\u00f5es internas e em avalia\u00e7\u00f5es de mercado. A prioridade persiste na melhoria da efic\u00e1cia atacante sem comprometer o equil\u00edbrio or\u00e7amental.<\/p>\n<h3>Contexto de planeamento<\/h3>\n<p>Lewandowski dever\u00e1 terminar a \u00e9poca ainda vinculado ao Barcelona, com a dire\u00e7\u00e3o a ponderar o encaixe financeiro de uma poss\u00edvel sa\u00edda. As avalia\u00e7\u00f5es ocorrem numa altura em que a equipa busca manter-se competitiva em competi\u00e7\u00f5es nacionais e europeias.<\/p>\n<p>Fontes ligadas ao processo reiteram que qualquer decis\u00e3o depender\u00e1 de acordos desportivos e econ\u00f3micos, bem como da disponibilidade de alternativas de custo mais sustent\u00e1vel.<\/p>\n","protected":false},"excerpt":{"rendered":"<ul>\n<li>Thierry Henry afirma que o Barcelona precisa de um avan\u00e7ado de topo para terminar as jogadas, citando goleadores como Victor Osimhen, Erling Haaland ou Harry Kane.<\/li>\n<li>O ex-atacante diz que o Bar\u00e7a tem talento, mas desperdi\u00e7a oportunidades e precisa de um finalizador comprovado para mudar o rendimento ofensivo.<\/li>\n<li>Henry sustenta que, com Lamine Yamal a criar oportunidades, \u00e9 essencial convert\u00ea-las, sob pena de ficar atr\u00e1s dos melhores.<\/li>\n<li>O clube tem sido associado a Juli\u00e1n \u00c1lvarez como poss\u00edvel substituto de Robert Lewandowski, que pode sair no fim da temporada, segundo relatos.<\/li>\n<li>O custo de \u00c1lvarez \u00e9 apontado como elevado, perto de 200 milh\u00f5es de euros, o que dificulta a sua contrata\u00e7\u00e3o.<\/li>\n<\/ul>\n","protected":false},"author":2,"featured_media":219923,"comment_status":"closed","ping_status":"closed","sticky":false,"template":"","format":"standard","meta":{"footnotes":""},"categories":[21,24],"tags":[2587,2584,32,6204,6206,50],"class_list":["post-219918","post","type-post","status-publish","format-standard","has-post-thumbnail","hentry","category-desporto","category-futebol","tag-barcelona","tag-financas","tag-futebol","tag-julian-alvarez","tag-lewandowski","tag-mercado-da-bola"],"yoast_head":"<!-- This site is optimized with the Yoast SEO plugin v27.2 - https:\/\/yoast.com\/product\/yoast-seo-wordpress\/ -->\n<title>Henry pede ao Bar\u00e7a que contrate avan\u00e7ado com provas dadas - Portal Tela Portugal<\/title>\n<meta name=\"robots\" content=\"index, follow, max-snippet:-1, max-image-preview:large, max-video-preview:-1\" \/>\n<meta property=\"og:locale\" content=\"pt_PT\" \/>\n<meta property=\"og:type\" content=\"article\" \/>\n<meta property=\"og:title\" content=\"Henry pede ao Bar\u00e7a que contrate avan\u00e7ado com provas dadas - Portal Tela Portugal\" \/>\n<meta property=\"og:description\" content=\"Thierry Henry afirma que o Barcelona precisa de um avan\u00e7ado de topo para terminar as jogadas, citando goleadores como Victor Osimhen, Erling Haaland ou Harry Kane. O ex-atacante diz que o Bar\u00e7a tem talento, mas desperdi\u00e7a oportunidades e precisa de um finalizador comprovado para mudar o rendimento ofensivo. Henry sustenta que, com Lamine Yamal a criar oportunidades, \u00e9 essencial convert\u00ea-las, sob pena de ficar atr\u00e1s dos melhores. O clube tem sido associado a Juli\u00e1n \u00c1lvarez como poss\u00edvel substituto de Robert Lewandowski, que pode sair no fim da temporada, segundo relatos. O custo de \u00c1lvarez \u00e9 apontado como elevado, perto de 200 milh\u00f5es de euros, o que dificulta a sua contrata\u00e7\u00e3o.\" \/>\n<meta property=\"og:url\" content=\"https:\/\/portaltela.pt\/noticias\/2026\/02\/20\/henry-pede-ao-barca-que-contrate-avancado-com-provas-dadas\/\" \/>\n<meta property=\"og:site_name\" content=\"Portal Tela Portugal\" \/>\n<meta property=\"article:published_time\" content=\"2026-02-20T20:46:06+00:00\" \/>\n<meta name=\"author\" content=\"Telinha\" \/>\n<meta name=\"twitter:card\" content=\"summary_large_image\" \/>\n<meta name=\"twitter:label1\" content=\"Escrito por\" \/>\n\t<meta name=\"twitter:data1\" content=\"Telinha\" \/>\n\t<meta name=\"twitter:label2\" content=\"Tempo estimado de leitura\" \/>\n\t<meta name=\"twitter:data2\" content=\"1 minuto\" \/>\n<script type=\"application\/ld+json\" class=\"yoast-schema-graph\">{\"@context\":\"https:\/\/schema.org\",\"@graph\":[{\"@type\":\"Article\",\"@id\":\"https:\/\/portaltela.pt\/noticias\/2026\/02\/20\/henry-pede-ao-barca-que-contrate-avancado-com-provas-dadas\/#article\",\"isPartOf\":{\"@id\":\"https:\/\/portaltela.pt\/noticias\/2026\/02\/20\/henry-pede-ao-barca-que-contrate-avancado-com-provas-dadas\/\"},\"author\":{\"name\":\"Telinha\",\"@id\":\"https:\/\/portaltela.pt\/#\/schema\/person\/c4278d4a6028830caff9ee44b42d32ed\"},\"headline\":\"Henry pede ao Bar\u00e7a que contrate avan\u00e7ado com provas dadas\",\"datePublished\":\"2026-02-20T20:46:06+00:00\",\"mainEntityOfPage\":{\"@id\":\"https:\/\/portaltela.pt\/noticias\/2026\/02\/20\/henry-pede-ao-barca-que-contrate-avancado-com-provas-dadas\/\"},\"wordCount\":309,\"image\":{\"@id\":\"https:\/\/portaltela.pt\/noticias\/2026\/02\/20\/henry-pede-ao-barca-que-contrate-avancado-com-provas-dadas\/#primaryimage\"},\"thumbnailUrl\":\"https:\/\/portaltela.pt\/s.01k8rhncp4jt1\/2026\/02\/img_920x518uu2026-02-20-20-45-12-2422788.jpg\",\"keywords\":[\"Barcelona\",\"finan\u00e7as\",\"futebol\",\"Jul\u00edan \u00c1lvarez\",\"Lewandowski\",\"mercado da bola\"],\"articleSection\":[\"Desporto\",\"Futebol\"],\"inLanguage\":\"pt-PT\"},{\"@type\":\"WebPage\",\"@id\":\"https:\/\/portaltela.pt\/noticias\/2026\/02\/20\/henry-pede-ao-barca-que-contrate-avancado-com-provas-dadas\/\",\"url\":\"https:\/\/portaltela.pt\/noticias\/2026\/02\/20\/henry-pede-ao-barca-que-contrate-avancado-com-provas-dadas\/\",\"name\":\"Henry pede ao Bar\u00e7a que contrate avan\u00e7ado com provas dadas - Portal Tela Portugal\",\"isPartOf\":{\"@id\":\"https:\/\/portaltela.pt\/#website\"},\"primaryImageOfPage\":{\"@id\":\"https:\/\/portaltela.pt\/noticias\/2026\/02\/20\/henry-pede-ao-barca-que-contrate-avancado-com-provas-dadas\/#primaryimage\"},\"image\":{\"@id\":\"https:\/\/portaltela.pt\/noticias\/2026\/02\/20\/henry-pede-ao-barca-que-contrate-avancado-com-provas-dadas\/#primaryimage\"},\"thumbnailUrl\":\"https:\/\/portaltela.pt\/s.01k8rhncp4jt1\/2026\/02\/img_920x518uu2026-02-20-20-45-12-2422788.jpg\",\"datePublished\":\"2026-02-20T20:46:06+00:00\",\"author\":{\"@id\":\"https:\/\/portaltela.pt\/#\/schema\/person\/c4278d4a6028830caff9ee44b42d32ed\"},\"breadcrumb\":{\"@id\":\"https:\/\/portaltela.pt\/noticias\/2026\/02\/20\/henry-pede-ao-barca-que-contrate-avancado-com-provas-dadas\/#breadcrumb\"},\"inLanguage\":\"pt-PT\",\"potentialAction\":[{\"@type\":\"ReadAction\",\"target\":[\"https:\/\/portaltela.pt\/noticias\/2026\/02\/20\/henry-pede-ao-barca-que-contrate-avancado-com-provas-dadas\/\"]}]},{\"@type\":\"ImageObject\",\"inLanguage\":\"pt-PT\",\"@id\":\"https:\/\/portaltela.pt\/noticias\/2026\/02\/20\/henry-pede-ao-barca-que-contrate-avancado-com-provas-dadas\/#primaryimage\",\"url\":\"https:\/\/portaltela.pt\/s.01k8rhncp4jt1\/2026\/02\/img_920x518uu2026-02-20-20-45-12-2422788.jpg\",\"contentUrl\":\"https:\/\/portaltela.pt\/s.01k8rhncp4jt1\/2026\/02\/img_920x518uu2026-02-20-20-45-12-2422788.jpg\",\"width\":796,\"height\":448,\"caption\":\"Henry nos tempos em que alinhava na Catalunha\"},{\"@type\":\"BreadcrumbList\",\"@id\":\"https:\/\/portaltela.pt\/noticias\/2026\/02\/20\/henry-pede-ao-barca-que-contrate-avancado-com-provas-dadas\/#breadcrumb\",\"itemListElement\":[{\"@type\":\"ListItem\",\"position\":1,\"name\":\"In\u00edcio\",\"item\":\"https:\/\/portaltela.pt\/\"},{\"@type\":\"ListItem\",\"position\":2,\"name\":\"Henry pede ao Bar\u00e7a que contrate avan\u00e7ado com provas dadas\"}]},{\"@type\":\"WebSite\",\"@id\":\"https:\/\/portaltela.pt\/#website\",\"url\":\"https:\/\/portaltela.pt\/\",\"name\":\"Portal Tela Portugal\",\"description\":\"\",\"potentialAction\":[{\"@type\":\"SearchAction\",\"target\":{\"@type\":\"EntryPoint\",\"urlTemplate\":\"https:\/\/portaltela.pt\/?s={search_term_string}\"},\"query-input\":{\"@type\":\"PropertyValueSpecification\",\"valueRequired\":true,\"valueName\":\"search_term_string\"}}],\"inLanguage\":\"pt-PT\"},{\"@type\":\"Person\",\"@id\":\"https:\/\/portaltela.pt\/#\/schema\/person\/c4278d4a6028830caff9ee44b42d32ed\",\"name\":\"Telinha\",\"image\":{\"@type\":\"ImageObject\",\"inLanguage\":\"pt-PT\",\"@id\":\"https:\/\/portaltela.pt\/s.01k8rhncp4jt1\/2025\/11\/talking-bot-125x125.png\",\"url\":\"https:\/\/portaltela.pt\/s.01k8rhncp4jt1\/2025\/11\/talking-bot-125x125.png\",\"contentUrl\":\"https:\/\/portaltela.pt\/s.01k8rhncp4jt1\/2025\/11\/talking-bot-125x125.png\",\"caption\":\"Telinha\"},\"sameAs\":[\"https:\/\/portaltela.pt\/\"],\"url\":\"https:\/\/portaltela.pt\/por\/367410592786\/\"}]}<\/script>\n<!-- \/ Yoast SEO plugin. -->","yoast_head_json":{"title":"Henry pede ao Bar\u00e7a que contrate avan\u00e7ado com provas dadas - Portal Tela Portugal","robots":{"index":"index","follow":"follow","max-snippet":"max-snippet:-1","max-image-preview":"max-image-preview:large","max-video-preview":"max-video-preview:-1"},"og_locale":"pt_PT","og_type":"article","og_title":"Henry pede ao Bar\u00e7a que contrate avan\u00e7ado com provas dadas - Portal Tela Portugal","og_description":"Thierry Henry afirma que o Barcelona precisa de um avan\u00e7ado de topo para terminar as jogadas, citando goleadores como Victor Osimhen, Erling Haaland ou Harry Kane. O ex-atacante diz que o Bar\u00e7a tem talento, mas desperdi\u00e7a oportunidades e precisa de um finalizador comprovado para mudar o rendimento ofensivo. Henry sustenta que, com Lamine Yamal a criar oportunidades, \u00e9 essencial convert\u00ea-las, sob pena de ficar atr\u00e1s dos melhores. O clube tem sido associado a Juli\u00e1n \u00c1lvarez como poss\u00edvel substituto de Robert Lewandowski, que pode sair no fim da temporada, segundo relatos. O custo de \u00c1lvarez \u00e9 apontado como elevado, perto de 200 milh\u00f5es de euros, o que dificulta a sua contrata\u00e7\u00e3o.","og_url":"https:\/\/portaltela.pt\/noticias\/2026\/02\/20\/henry-pede-ao-barca-que-contrate-avancado-com-provas-dadas\/","og_site_name":"Portal Tela Portugal","article_published_time":"2026-02-20T20:46:06+00:00","author":"Telinha","twitter_card":"summary_large_image","twitter_misc":{"Escrito por":"Telinha","Tempo estimado de leitura":"1 minuto"},"schema":{"@context":"https:\/\/schema.org","@graph":[{"@type":"Article","@id":"https:\/\/portaltela.pt\/noticias\/2026\/02\/20\/henry-pede-ao-barca-que-contrate-avancado-com-provas-dadas\/#article","isPartOf":{"@id":"https:\/\/portaltela.pt\/noticias\/2026\/02\/20\/henry-pede-ao-barca-que-contrate-avancado-com-provas-dadas\/"},"author":{"name":"Telinha","@id":"https:\/\/portaltela.pt\/#\/schema\/person\/c4278d4a6028830caff9ee44b42d32ed"},"headline":"Henry pede ao Bar\u00e7a que contrate avan\u00e7ado com provas dadas","datePublished":"2026-02-20T20:46:06+00:00","mainEntityOfPage":{"@id":"https:\/\/portaltela.pt\/noticias\/2026\/02\/20\/henry-pede-ao-barca-que-contrate-avancado-com-provas-dadas\/"},"wordCount":309,"image":{"@id":"https:\/\/portaltela.pt\/noticias\/2026\/02\/20\/henry-pede-ao-barca-que-contrate-avancado-com-provas-dadas\/#primaryimage"},"thumbnailUrl":"https:\/\/portaltela.pt\/s.01k8rhncp4jt1\/2026\/02\/img_920x518uu2026-02-20-20-45-12-2422788.jpg","keywords":["Barcelona","finan\u00e7as","futebol","Jul\u00edan \u00c1lvarez","Lewandowski","mercado da bola"],"articleSection":["Desporto","Futebol"],"inLanguage":"pt-PT"},{"@type":"WebPage","@id":"https:\/\/portaltela.pt\/noticias\/2026\/02\/20\/henry-pede-ao-barca-que-contrate-avancado-com-provas-dadas\/","url":"https:\/\/portaltela.pt\/noticias\/2026\/02\/20\/henry-pede-ao-barca-que-contrate-avancado-com-provas-dadas\/","name":"Henry pede ao Bar\u00e7a que contrate avan\u00e7ado com provas dadas - Portal Tela Portugal","isPartOf":{"@id":"https:\/\/portaltela.pt\/#website"},"primaryImageOfPage":{"@id":"https:\/\/portaltela.pt\/noticias\/2026\/02\/20\/henry-pede-ao-barca-que-contrate-avancado-com-provas-dadas\/#primaryimage"},"image":{"@id":"https:\/\/portaltela.pt\/noticias\/2026\/02\/20\/henry-pede-ao-barca-que-contrate-avancado-com-provas-dadas\/#primaryimage"},"thumbnailUrl":"https:\/\/portaltela.pt\/s.01k8rhncp4jt1\/2026\/02\/img_920x518uu2026-02-20-20-45-12-2422788.jpg","datePublished":"2026-02-20T20:46:06+00:00","author":{"@id":"https:\/\/portaltela.pt\/#\/schema\/person\/c4278d4a6028830caff9ee44b42d32ed"},"breadcrumb":{"@id":"https:\/\/portaltela.pt\/noticias\/2026\/02\/20\/henry-pede-ao-barca-que-contrate-avancado-com-provas-dadas\/#breadcrumb"},"inLanguage":"pt-PT","potentialAction":[{"@type":"ReadAction","target":["https:\/\/portaltela.pt\/noticias\/2026\/02\/20\/henry-pede-ao-barca-que-contrate-avancado-com-provas-dadas\/"]}]},{"@type":"ImageObject","inLanguage":"pt-PT","@id":"https:\/\/portaltela.pt\/noticias\/2026\/02\/20\/henry-pede-ao-barca-que-contrate-avancado-com-provas-dadas\/#primaryimage","url":"https:\/\/portaltela.pt\/s.01k8rhncp4jt1\/2026\/02\/img_920x518uu2026-02-20-20-45-12-2422788.jpg","contentUrl":"https:\/\/portaltela.pt\/s.01k8rhncp4jt1\/2026\/02\/img_920x518uu2026-02-20-20-45-12-2422788.jpg","width":796,"height":448,"caption":"Henry nos tempos em que alinhava na Catalunha"},{"@type":"BreadcrumbList","@id":"https:\/\/portaltela.pt\/noticias\/2026\/02\/20\/henry-pede-ao-barca-que-contrate-avancado-com-provas-dadas\/#breadcrumb","itemListElement":[{"@type":"ListItem","position":1,"name":"In\u00edcio","item":"https:\/\/portaltela.pt\/"},{"@type":"ListItem","position":2,"name":"Henry pede ao Bar\u00e7a que contrate avan\u00e7ado com provas dadas"}]},{"@type":"WebSite","@id":"https:\/\/portaltela.pt\/#website","url":"https:\/\/portaltela.pt\/","name":"Portal Tela Portugal","description":"","potentialAction":[{"@type":"SearchAction","target":{"@type":"EntryPoint","urlTemplate":"https:\/\/portaltela.pt\/?s={search_term_string}"},"query-input":{"@type":"PropertyValueSpecification","valueRequired":true,"valueName":"search_term_string"}}],"inLanguage":"pt-PT"},{"@type":"Person","@id":"https:\/\/portaltela.pt\/#\/schema\/person\/c4278d4a6028830caff9ee44b42d32ed","name":"Telinha","image":{"@type":"ImageObject","inLanguage":"pt-PT","@id":"https:\/\/portaltela.pt\/s.01k8rhncp4jt1\/2025\/11\/talking-bot-125x125.png","url":"https:\/\/portaltela.pt\/s.01k8rhncp4jt1\/2025\/11\/talking-bot-125x125.png","contentUrl":"https:\/\/portaltela.pt\/s.01k8rhncp4jt1\/2025\/11\/talking-bot-125x125.png","caption":"Telinha"},"sameAs":["https:\/\/portaltela.pt\/"],"url":"https:\/\/portaltela.pt\/por\/367410592786\/"}]}},"_links":{"self":[{"href":"https:\/\/portaltela.pt\/api\/wp\/v2\/posts\/219918","targetHints":{"allow":["GET"]}}],"collection":[{"href":"https:\/\/portaltela.pt\/api\/wp\/v2\/posts"}],"about":[{"href":"https:\/\/portaltela.pt\/api\/wp\/v2\/types\/post"}],"author":[{"embeddable":true,"href":"https:\/\/portaltela.pt\/api\/wp\/v2\/users\/2"}],"replies":[{"embeddable":true,"href":"https:\/\/portaltela.pt\/api\/wp\/v2\/comments?post=219918"}],"version-history":[{"count":0,"href":"https:\/\/portaltela.pt\/api\/wp\/v2\/posts\/219918\/revisions"}],"wp:featuredmedia":[{"embeddable":true,"href":"https:\/\/portaltela.pt\/api\/wp\/v2\/media\/219923"}],"wp:attachment":[{"href":"https:\/\/portaltela.pt\/api\/wp\/v2\/media?parent=219918"}],"wp:term":[{"taxonomy":"category","embeddable":true,"href":"https:\/\/portaltela.pt\/api\/wp\/v2\/categories?post=219918"},{"taxonomy":"post_tag","embeddable":true,"href":"https:\/\/portaltela.pt\/api\/wp\/v2\/tags?post=219918"}],"curies":[{"name":"wp","href":"https:\/\/api.w.org\/{rel}","templated":true}]}}