{"id":219895,"date":"2026-02-20T16:59:00","date_gmt":"2026-02-20T19:59:00","guid":{"rendered":"https:\/\/portaltela.pt\/noticias\/2026\/02\/20\/africa-do-sul-deixa-a-bienal-de-veneza-apos-veto-a-obra-sobre-palestina\/"},"modified":"2026-02-20T16:59:00","modified_gmt":"2026-02-20T19:59:00","slug":"africa-do-sul-deixa-a-bienal-de-veneza-apos-veto-a-obra-sobre-palestina","status":"publish","type":"post","link":"https:\/\/portaltela.pt\/noticias\/2026\/02\/20\/africa-do-sul-deixa-a-bienal-de-veneza-apos-veto-a-obra-sobre-palestina\/","title":{"rendered":"\u00c1frica do Sul deixa a Bienal de Veneza ap\u00f3s veto a obra sobre Palestina"},"content":{"rendered":"<p>O pavilh\u00e3o da \u00c1frica do Sul ficar\u00e1 vazio na Bienal de Veneza de 2026, marcada entre 9 de maio e 22 de novembro. A decis\u00e3o foi confirmada pelo Departamento do Desporto, das Artes e da Cultura do Governo sul-africano, ap\u00f3s o Tribunal Supremo ter dado raz\u00e3o ao ministro da Cultura, Gayton McKenzie, no processo movido pela artista Gabrielle Goliath.<\/p>\n<p>Gabrielle Goliath seria a representante oficial do pa\u00eds, acompanhada pela curadora Ingrid Masondo, com a instala\u00e7\u00e3o em v\u00eddeo Elegy a ser apresentada em Veneza. O projeto aborda femic\u00eddio, viol\u00eancia contra mulheres e tamb\u00e9m quest\u00f5es hist\u00f3ricas ligadas \u00e0 Nam\u00edbia colonial, com uma montagem que inclu\u00eda um coro de cantoras de \u00f3pera.<\/p>\n<h3>Contexto e raz\u00f5es da decis\u00e3o<\/h3>\n<p>McKenzie afastou a obra do programa oficial, alegando preocupa\u00e7\u00f5es com o foco da pe\u00e7a na Palestina e seu conte\u00fado. O Supremo manteve a posi\u00e7\u00e3o do ministro e obrigou a artista a arcar com parte dos custos do processo, mantendo a decis\u00e3o sem motiva\u00e7\u00e3o p\u00fablica apresentada pela ju\u00edza.<\/p>\n<p>A organiza\u00e7\u00e3o da Bienal de Veneza n\u00e3o comentou o cancelamento, limitando-se a n\u00e3o emitir coment\u00e1rios sobre decis\u00f5es nacionais. Gabrielle Goliath informou que pretende recorrer, mantendo a disponibilidade de apresentar a obra num espa\u00e7o n\u00e3o governamental da mesma mostra, caso haja oportunidade.<\/p>\n<h3>Rea\u00e7\u00e3o da artista e desdobramentos<\/h3>\n<p>Goliath descreveu a situa\u00e7\u00e3o como vergonhosa e afirmou que est\u00e1 disposta a levar a obra a Veneza desde que haja espa\u00e7o adequado. A artista adianta que j\u00e1 apresentou Elegy em v\u00e1rias plataformas ao redor do mundo e poder\u00e1 buscar alternativas para manter a comunica\u00e7\u00e3o pretendida pela instala\u00e7\u00e3o.<\/p>\n<p>O ministro McKenzie, expoente da Patriotic Alliance, j\u00e1 tinha manifestado que o objetivo era apresentar arte que transmitisse uma mensagem positiva sobre a \u00c1frica do Sul. O departamento tamb\u00e9m convocou um coletivo nacional para produzir trabalhos para a bienal, sem indicar data de exibi\u00e7\u00e3o oficial.<\/p>\n","protected":false},"excerpt":{"rendered":"<ul>\n<li>O pavilh\u00e3o da \u00c1frica do Sul ficar\u00e1 vazio na Bienal de Arte de Veneza 2026, que decorre entre 9 de maio e 22 de novembro.<\/li>\n<li>O Departamento do Desporto, das Artes e da Cultura confirmou a decis\u00e3o, depois de o Tribunal Supremo sul-africano ter dado raz\u00e3o ao ministro da Cultura, Gayton McKenzie, no processo movido por Gabrielle Goliath.<\/li>\n<li>Goliath pretendia apresentar uma nova vers\u00e3o da instala\u00e7\u00e3o video\u2011arte Elegy, centrada na viol\u00eancia contra mulheres em Gaza e incluindo refer\u00eancias ao genoc\u00eddio Herero e Nama na Nam\u00edbia.<\/li>\n<li>O ministro alegou preocupa\u00e7\u00f5es com o tema da Palestina e afastou a obra da representa\u00e7\u00e3o oficial; a organiza\u00e7\u00e3o da Bienal de Veneza n\u00e3o comentou a decis\u00e3o.<\/li>\n<li>A artista planeia recorrer, afirmando que o pavilh\u00e3o vazio representa censura, enquanto especialistas consideram a decis\u00e3o embara\u00e7osa para a reputa\u00e7\u00e3o art\u00edstica sul-africana.<\/li>\n<\/ul>\n","protected":false},"author":2,"featured_media":219901,"comment_status":"closed","ping_status":"closed","sticky":false,"template":"","format":"standard","meta":{"footnotes":""},"categories":[1],"tags":[5227,70,145,1166,2631,2030],"class_list":["post-219895","post","type-post","status-publish","format-standard","has-post-thumbnail","hentry","category-noticias","tag-africa","tag-arte","tag-cultura","tag-feminicidio","tag-namibia","tag-palestina"],"yoast_head":"<!-- This site is optimized with the Yoast SEO plugin v27.2 - https:\/\/yoast.com\/product\/yoast-seo-wordpress\/ -->\n<title>\u00c1frica do Sul deixa a Bienal de Veneza ap\u00f3s veto a obra sobre Palestina - Portal Tela Portugal<\/title>\n<meta name=\"robots\" content=\"index, follow, max-snippet:-1, max-image-preview:large, max-video-preview:-1\" \/>\n<meta property=\"og:locale\" content=\"pt_PT\" \/>\n<meta property=\"og:type\" content=\"article\" \/>\n<meta property=\"og:title\" content=\"\u00c1frica do Sul deixa a Bienal de Veneza ap\u00f3s veto a obra sobre Palestina - Portal Tela Portugal\" \/>\n<meta property=\"og:description\" content=\"O pavilh\u00e3o da \u00c1frica do Sul ficar\u00e1 vazio na Bienal de Arte de Veneza 2026, que decorre entre 9 de maio e 22 de novembro. O Departamento do Desporto, das Artes e da Cultura confirmou a decis\u00e3o, depois de o Tribunal Supremo sul-africano ter dado raz\u00e3o ao ministro da Cultura, Gayton McKenzie, no processo movido por Gabrielle Goliath. Goliath pretendia apresentar uma nova vers\u00e3o da instala\u00e7\u00e3o video\u2011arte Elegy, centrada na viol\u00eancia contra mulheres em Gaza e incluindo refer\u00eancias ao genoc\u00eddio Herero e Nama na Nam\u00edbia. O ministro alegou preocupa\u00e7\u00f5es com o tema da Palestina e afastou a obra da representa\u00e7\u00e3o oficial; a organiza\u00e7\u00e3o da Bienal de Veneza n\u00e3o comentou a decis\u00e3o. A artista planeia recorrer, afirmando que o pavilh\u00e3o vazio representa censura, enquanto especialistas consideram a decis\u00e3o embara\u00e7osa para a reputa\u00e7\u00e3o art\u00edstica sul-africana.\" \/>\n<meta property=\"og:url\" content=\"https:\/\/portaltela.pt\/noticias\/2026\/02\/20\/africa-do-sul-deixa-a-bienal-de-veneza-apos-veto-a-obra-sobre-palestina\/\" \/>\n<meta property=\"og:site_name\" content=\"Portal Tela Portugal\" \/>\n<meta property=\"article:published_time\" content=\"2026-02-20T19:59:00+00:00\" \/>\n<meta name=\"author\" content=\"Telinha\" \/>\n<meta name=\"twitter:card\" content=\"summary_large_image\" \/>\n<meta name=\"twitter:label1\" content=\"Escrito por\" \/>\n\t<meta name=\"twitter:data1\" content=\"Telinha\" \/>\n\t<meta name=\"twitter:label2\" content=\"Tempo estimado de leitura\" \/>\n\t<meta name=\"twitter:data2\" content=\"2 minutos\" \/>\n<script type=\"application\/ld+json\" class=\"yoast-schema-graph\">{\"@context\":\"https:\/\/schema.org\",\"@graph\":[{\"@type\":\"Article\",\"@id\":\"https:\/\/portaltela.pt\/noticias\/2026\/02\/20\/africa-do-sul-deixa-a-bienal-de-veneza-apos-veto-a-obra-sobre-palestina\/#article\",\"isPartOf\":{\"@id\":\"https:\/\/portaltela.pt\/noticias\/2026\/02\/20\/africa-do-sul-deixa-a-bienal-de-veneza-apos-veto-a-obra-sobre-palestina\/\"},\"author\":{\"name\":\"Telinha\",\"@id\":\"https:\/\/portaltela.pt\/#\/schema\/person\/c4278d4a6028830caff9ee44b42d32ed\"},\"headline\":\"\u00c1frica do Sul deixa a Bienal de Veneza ap\u00f3s veto a obra sobre Palestina\",\"datePublished\":\"2026-02-20T19:59:00+00:00\",\"mainEntityOfPage\":{\"@id\":\"https:\/\/portaltela.pt\/noticias\/2026\/02\/20\/africa-do-sul-deixa-a-bienal-de-veneza-apos-veto-a-obra-sobre-palestina\/\"},\"wordCount\":349,\"image\":{\"@id\":\"https:\/\/portaltela.pt\/noticias\/2026\/02\/20\/africa-do-sul-deixa-a-bienal-de-veneza-apos-veto-a-obra-sobre-palestina\/#primaryimage\"},\"thumbnailUrl\":\"https:\/\/portaltela.pt\/s.01k8rhncp4jt1\/2026\/02\/2068692.jpg\",\"keywords\":[\"\u00c1frica\",\"arte\",\"cultura\",\"feminic\u00eddio\",\"Nam\u00edbia\",\"Palestina\"],\"articleSection\":[\"Not\u00edcias\"],\"inLanguage\":\"pt-PT\"},{\"@type\":\"WebPage\",\"@id\":\"https:\/\/portaltela.pt\/noticias\/2026\/02\/20\/africa-do-sul-deixa-a-bienal-de-veneza-apos-veto-a-obra-sobre-palestina\/\",\"url\":\"https:\/\/portaltela.pt\/noticias\/2026\/02\/20\/africa-do-sul-deixa-a-bienal-de-veneza-apos-veto-a-obra-sobre-palestina\/\",\"name\":\"\u00c1frica do Sul deixa a Bienal de Veneza ap\u00f3s veto a obra sobre Palestina - Portal Tela Portugal\",\"isPartOf\":{\"@id\":\"https:\/\/portaltela.pt\/#website\"},\"primaryImageOfPage\":{\"@id\":\"https:\/\/portaltela.pt\/noticias\/2026\/02\/20\/africa-do-sul-deixa-a-bienal-de-veneza-apos-veto-a-obra-sobre-palestina\/#primaryimage\"},\"image\":{\"@id\":\"https:\/\/portaltela.pt\/noticias\/2026\/02\/20\/africa-do-sul-deixa-a-bienal-de-veneza-apos-veto-a-obra-sobre-palestina\/#primaryimage\"},\"thumbnailUrl\":\"https:\/\/portaltela.pt\/s.01k8rhncp4jt1\/2026\/02\/2068692.jpg\",\"datePublished\":\"2026-02-20T19:59:00+00:00\",\"author\":{\"@id\":\"https:\/\/portaltela.pt\/#\/schema\/person\/c4278d4a6028830caff9ee44b42d32ed\"},\"breadcrumb\":{\"@id\":\"https:\/\/portaltela.pt\/noticias\/2026\/02\/20\/africa-do-sul-deixa-a-bienal-de-veneza-apos-veto-a-obra-sobre-palestina\/#breadcrumb\"},\"inLanguage\":\"pt-PT\",\"potentialAction\":[{\"@type\":\"ReadAction\",\"target\":[\"https:\/\/portaltela.pt\/noticias\/2026\/02\/20\/africa-do-sul-deixa-a-bienal-de-veneza-apos-veto-a-obra-sobre-palestina\/\"]}]},{\"@type\":\"ImageObject\",\"inLanguage\":\"pt-PT\",\"@id\":\"https:\/\/portaltela.pt\/noticias\/2026\/02\/20\/africa-do-sul-deixa-a-bienal-de-veneza-apos-veto-a-obra-sobre-palestina\/#primaryimage\",\"url\":\"https:\/\/portaltela.pt\/s.01k8rhncp4jt1\/2026\/02\/2068692.jpg\",\"contentUrl\":\"https:\/\/portaltela.pt\/s.01k8rhncp4jt1\/2026\/02\/2068692.jpg\",\"width\":796,\"height\":448,\"caption\":\"A artista Gabrielle Goliath, \u00e0 direita, e a sua curadora, Ingrid Masondo\"},{\"@type\":\"BreadcrumbList\",\"@id\":\"https:\/\/portaltela.pt\/noticias\/2026\/02\/20\/africa-do-sul-deixa-a-bienal-de-veneza-apos-veto-a-obra-sobre-palestina\/#breadcrumb\",\"itemListElement\":[{\"@type\":\"ListItem\",\"position\":1,\"name\":\"In\u00edcio\",\"item\":\"https:\/\/portaltela.pt\/\"},{\"@type\":\"ListItem\",\"position\":2,\"name\":\"\u00c1frica do Sul deixa a Bienal de Veneza ap\u00f3s veto a obra sobre Palestina\"}]},{\"@type\":\"WebSite\",\"@id\":\"https:\/\/portaltela.pt\/#website\",\"url\":\"https:\/\/portaltela.pt\/\",\"name\":\"Portal Tela Portugal\",\"description\":\"\",\"potentialAction\":[{\"@type\":\"SearchAction\",\"target\":{\"@type\":\"EntryPoint\",\"urlTemplate\":\"https:\/\/portaltela.pt\/?s={search_term_string}\"},\"query-input\":{\"@type\":\"PropertyValueSpecification\",\"valueRequired\":true,\"valueName\":\"search_term_string\"}}],\"inLanguage\":\"pt-PT\"},{\"@type\":\"Person\",\"@id\":\"https:\/\/portaltela.pt\/#\/schema\/person\/c4278d4a6028830caff9ee44b42d32ed\",\"name\":\"Telinha\",\"image\":{\"@type\":\"ImageObject\",\"inLanguage\":\"pt-PT\",\"@id\":\"https:\/\/portaltela.pt\/s.01k8rhncp4jt1\/2025\/11\/talking-bot-125x125.png\",\"url\":\"https:\/\/portaltela.pt\/s.01k8rhncp4jt1\/2025\/11\/talking-bot-125x125.png\",\"contentUrl\":\"https:\/\/portaltela.pt\/s.01k8rhncp4jt1\/2025\/11\/talking-bot-125x125.png\",\"caption\":\"Telinha\"},\"sameAs\":[\"https:\/\/portaltela.pt\/\"],\"url\":\"https:\/\/portaltela.pt\/por\/367410592786\/\"}]}<\/script>\n<!-- \/ Yoast SEO plugin. -->","yoast_head_json":{"title":"\u00c1frica do Sul deixa a Bienal de Veneza ap\u00f3s veto a obra sobre Palestina - Portal Tela Portugal","robots":{"index":"index","follow":"follow","max-snippet":"max-snippet:-1","max-image-preview":"max-image-preview:large","max-video-preview":"max-video-preview:-1"},"og_locale":"pt_PT","og_type":"article","og_title":"\u00c1frica do Sul deixa a Bienal de Veneza ap\u00f3s veto a obra sobre Palestina - Portal Tela Portugal","og_description":"O pavilh\u00e3o da \u00c1frica do Sul ficar\u00e1 vazio na Bienal de Arte de Veneza 2026, que decorre entre 9 de maio e 22 de novembro. O Departamento do Desporto, das Artes e da Cultura confirmou a decis\u00e3o, depois de o Tribunal Supremo sul-africano ter dado raz\u00e3o ao ministro da Cultura, Gayton McKenzie, no processo movido por Gabrielle Goliath. Goliath pretendia apresentar uma nova vers\u00e3o da instala\u00e7\u00e3o video\u2011arte Elegy, centrada na viol\u00eancia contra mulheres em Gaza e incluindo refer\u00eancias ao genoc\u00eddio Herero e Nama na Nam\u00edbia. O ministro alegou preocupa\u00e7\u00f5es com o tema da Palestina e afastou a obra da representa\u00e7\u00e3o oficial; a organiza\u00e7\u00e3o da Bienal de Veneza n\u00e3o comentou a decis\u00e3o. A artista planeia recorrer, afirmando que o pavilh\u00e3o vazio representa censura, enquanto especialistas consideram a decis\u00e3o embara\u00e7osa para a reputa\u00e7\u00e3o art\u00edstica sul-africana.","og_url":"https:\/\/portaltela.pt\/noticias\/2026\/02\/20\/africa-do-sul-deixa-a-bienal-de-veneza-apos-veto-a-obra-sobre-palestina\/","og_site_name":"Portal Tela Portugal","article_published_time":"2026-02-20T19:59:00+00:00","author":"Telinha","twitter_card":"summary_large_image","twitter_misc":{"Escrito por":"Telinha","Tempo estimado de leitura":"2 minutos"},"schema":{"@context":"https:\/\/schema.org","@graph":[{"@type":"Article","@id":"https:\/\/portaltela.pt\/noticias\/2026\/02\/20\/africa-do-sul-deixa-a-bienal-de-veneza-apos-veto-a-obra-sobre-palestina\/#article","isPartOf":{"@id":"https:\/\/portaltela.pt\/noticias\/2026\/02\/20\/africa-do-sul-deixa-a-bienal-de-veneza-apos-veto-a-obra-sobre-palestina\/"},"author":{"name":"Telinha","@id":"https:\/\/portaltela.pt\/#\/schema\/person\/c4278d4a6028830caff9ee44b42d32ed"},"headline":"\u00c1frica do Sul deixa a Bienal de Veneza ap\u00f3s veto a obra sobre Palestina","datePublished":"2026-02-20T19:59:00+00:00","mainEntityOfPage":{"@id":"https:\/\/portaltela.pt\/noticias\/2026\/02\/20\/africa-do-sul-deixa-a-bienal-de-veneza-apos-veto-a-obra-sobre-palestina\/"},"wordCount":349,"image":{"@id":"https:\/\/portaltela.pt\/noticias\/2026\/02\/20\/africa-do-sul-deixa-a-bienal-de-veneza-apos-veto-a-obra-sobre-palestina\/#primaryimage"},"thumbnailUrl":"https:\/\/portaltela.pt\/s.01k8rhncp4jt1\/2026\/02\/2068692.jpg","keywords":["\u00c1frica","arte","cultura","feminic\u00eddio","Nam\u00edbia","Palestina"],"articleSection":["Not\u00edcias"],"inLanguage":"pt-PT"},{"@type":"WebPage","@id":"https:\/\/portaltela.pt\/noticias\/2026\/02\/20\/africa-do-sul-deixa-a-bienal-de-veneza-apos-veto-a-obra-sobre-palestina\/","url":"https:\/\/portaltela.pt\/noticias\/2026\/02\/20\/africa-do-sul-deixa-a-bienal-de-veneza-apos-veto-a-obra-sobre-palestina\/","name":"\u00c1frica do Sul deixa a Bienal de Veneza ap\u00f3s veto a obra sobre Palestina - Portal Tela Portugal","isPartOf":{"@id":"https:\/\/portaltela.pt\/#website"},"primaryImageOfPage":{"@id":"https:\/\/portaltela.pt\/noticias\/2026\/02\/20\/africa-do-sul-deixa-a-bienal-de-veneza-apos-veto-a-obra-sobre-palestina\/#primaryimage"},"image":{"@id":"https:\/\/portaltela.pt\/noticias\/2026\/02\/20\/africa-do-sul-deixa-a-bienal-de-veneza-apos-veto-a-obra-sobre-palestina\/#primaryimage"},"thumbnailUrl":"https:\/\/portaltela.pt\/s.01k8rhncp4jt1\/2026\/02\/2068692.jpg","datePublished":"2026-02-20T19:59:00+00:00","author":{"@id":"https:\/\/portaltela.pt\/#\/schema\/person\/c4278d4a6028830caff9ee44b42d32ed"},"breadcrumb":{"@id":"https:\/\/portaltela.pt\/noticias\/2026\/02\/20\/africa-do-sul-deixa-a-bienal-de-veneza-apos-veto-a-obra-sobre-palestina\/#breadcrumb"},"inLanguage":"pt-PT","potentialAction":[{"@type":"ReadAction","target":["https:\/\/portaltela.pt\/noticias\/2026\/02\/20\/africa-do-sul-deixa-a-bienal-de-veneza-apos-veto-a-obra-sobre-palestina\/"]}]},{"@type":"ImageObject","inLanguage":"pt-PT","@id":"https:\/\/portaltela.pt\/noticias\/2026\/02\/20\/africa-do-sul-deixa-a-bienal-de-veneza-apos-veto-a-obra-sobre-palestina\/#primaryimage","url":"https:\/\/portaltela.pt\/s.01k8rhncp4jt1\/2026\/02\/2068692.jpg","contentUrl":"https:\/\/portaltela.pt\/s.01k8rhncp4jt1\/2026\/02\/2068692.jpg","width":796,"height":448,"caption":"A artista Gabrielle Goliath, \u00e0 direita, e a sua curadora, Ingrid Masondo"},{"@type":"BreadcrumbList","@id":"https:\/\/portaltela.pt\/noticias\/2026\/02\/20\/africa-do-sul-deixa-a-bienal-de-veneza-apos-veto-a-obra-sobre-palestina\/#breadcrumb","itemListElement":[{"@type":"ListItem","position":1,"name":"In\u00edcio","item":"https:\/\/portaltela.pt\/"},{"@type":"ListItem","position":2,"name":"\u00c1frica do Sul deixa a Bienal de Veneza ap\u00f3s veto a obra sobre Palestina"}]},{"@type":"WebSite","@id":"https:\/\/portaltela.pt\/#website","url":"https:\/\/portaltela.pt\/","name":"Portal Tela Portugal","description":"","potentialAction":[{"@type":"SearchAction","target":{"@type":"EntryPoint","urlTemplate":"https:\/\/portaltela.pt\/?s={search_term_string}"},"query-input":{"@type":"PropertyValueSpecification","valueRequired":true,"valueName":"search_term_string"}}],"inLanguage":"pt-PT"},{"@type":"Person","@id":"https:\/\/portaltela.pt\/#\/schema\/person\/c4278d4a6028830caff9ee44b42d32ed","name":"Telinha","image":{"@type":"ImageObject","inLanguage":"pt-PT","@id":"https:\/\/portaltela.pt\/s.01k8rhncp4jt1\/2025\/11\/talking-bot-125x125.png","url":"https:\/\/portaltela.pt\/s.01k8rhncp4jt1\/2025\/11\/talking-bot-125x125.png","contentUrl":"https:\/\/portaltela.pt\/s.01k8rhncp4jt1\/2025\/11\/talking-bot-125x125.png","caption":"Telinha"},"sameAs":["https:\/\/portaltela.pt\/"],"url":"https:\/\/portaltela.pt\/por\/367410592786\/"}]}},"_links":{"self":[{"href":"https:\/\/portaltela.pt\/api\/wp\/v2\/posts\/219895","targetHints":{"allow":["GET"]}}],"collection":[{"href":"https:\/\/portaltela.pt\/api\/wp\/v2\/posts"}],"about":[{"href":"https:\/\/portaltela.pt\/api\/wp\/v2\/types\/post"}],"author":[{"embeddable":true,"href":"https:\/\/portaltela.pt\/api\/wp\/v2\/users\/2"}],"replies":[{"embeddable":true,"href":"https:\/\/portaltela.pt\/api\/wp\/v2\/comments?post=219895"}],"version-history":[{"count":0,"href":"https:\/\/portaltela.pt\/api\/wp\/v2\/posts\/219895\/revisions"}],"wp:featuredmedia":[{"embeddable":true,"href":"https:\/\/portaltela.pt\/api\/wp\/v2\/media\/219901"}],"wp:attachment":[{"href":"https:\/\/portaltela.pt\/api\/wp\/v2\/media?parent=219895"}],"wp:term":[{"taxonomy":"category","embeddable":true,"href":"https:\/\/portaltela.pt\/api\/wp\/v2\/categories?post=219895"},{"taxonomy":"post_tag","embeddable":true,"href":"https:\/\/portaltela.pt\/api\/wp\/v2\/tags?post=219895"}],"curies":[{"name":"wp","href":"https:\/\/api.w.org\/{rel}","templated":true}]}}