{"id":219892,"date":"2026-02-20T17:19:00","date_gmt":"2026-02-20T20:19:00","guid":{"rendered":"https:\/\/portaltela.pt\/noticias\/2026\/02\/20\/advogado-de-macaco-afirma-que-madureira-nao-violou-medidas-de-coacao\/"},"modified":"2026-02-20T17:19:00","modified_gmt":"2026-02-20T20:19:00","slug":"advogado-de-macaco-afirma-que-madureira-nao-violou-medidas-de-coacao","status":"publish","type":"post","link":"https:\/\/portaltela.pt\/noticias\/2026\/02\/20\/advogado-de-macaco-afirma-que-madureira-nao-violou-medidas-de-coacao\/","title":{"rendered":"Advogado de &#8216;Macaco&#8217; afirma que Madureira n\u00e3o violou medidas de coa\u00e7\u00e3o"},"content":{"rendered":"<p>O FC Porto apresentou ao Tribunal do Porto um requerimento em que sustenta ter ocorrido uma viola\u00e7\u00e3o das medidas de coa\u00e7\u00e3o aplicadas a Fernando Madureira, conhecido como Macaco. O clube afirma que o ex-dirigente dos Super Drag\u00f5es permaneceu na Loja Azul, no Est\u00e1dio do Drag\u00e3o, em contexto relacionado com o mundo do futebol.<\/p>\n<p>Segundo o texto do requerimento, a conviv\u00eancia de Macaco com o universo desportivo do FC Porto configura viola\u00e7\u00e3o das restri\u00e7\u00f5es impostas. A den\u00fancia insere-se na sequ\u00eancia de acontecimentos ligados ao processo anterior envolvendo o pr\u00f3prio Madureira.<\/p>\n<p>Madureira foi condenado por cinco crimes de ofensa \u00e0 integridade f\u00edsica, um crime de amea\u00e7a simples, um crime de amea\u00e7a agravada e um crime de coa\u00e7\u00e3o simples, decorrentes de desacatos na Assembleia Geral do FC Porto em 13 de novembro de 2023. Estava sob medida de coa\u00e7\u00e3o de pris\u00e3o preventiva e foi liberto a 6 de fevereiro, por ter atingido o limite m\u00e1ximo de priva\u00e7\u00e3o de liberdade sem que a condena\u00e7\u00e3o transitasse em julgado.<\/p>\n<h3>Rea\u00e7\u00e3o do Advogado de Macaco<\/h3>\n<p>Gon\u00e7alo Cerejeira Namora contesta a den\u00fancia e assegura que Madureira n\u00e3o violou qualquer medida de coa\u00e7\u00e3o. O advogado acusa o FC Porto de recorrer a jurisprud\u00eancia de forma inadequada e critica o uso de videovigil\u00e2ncia para monitorizar pessoas em espa\u00e7os p\u00fablicos ou em lojas, considerando a pr\u00e1tica desadequada.<\/p>\n<p>Namora ainda denuncia a repercuss\u00e3o medi\u00e1tica do requerimento, afirmando que a situa\u00e7\u00e3o tem gerado um <strong>circo medi\u00e1tico<\/strong> e destacando que o seu representado mant\u00e9m tranquilidade relativamente \u00e0 situa\u00e7\u00e3o.<\/p>\n","protected":false},"excerpt":{"rendered":"<ul>\n<li>O advogado de Fernando Madureira (Macaco) contesta a den\u00fancia do FC Porto de viola\u00e7\u00e3o de medidas de coa\u00e7\u00e3o, assegurando que o seu cliente n\u00e3o violou nenhuma medida.<\/li>\n<li>O FC Porto informou ao Tribunal do Porto que Macaco permaneceu na Loja Azul, no Est\u00e1dio do Drag\u00e3o, alegando viola\u00e7\u00e3o das medidas de coa\u00e7\u00e3o impostas ap\u00f3s o processo que levou \u00e0 condena\u00e7\u00e3o por v\u00e1rios crimes.<\/li>\n<li>Madureira foi condenado por cinco crimes de ofensa \u00e0 integridade f\u00edsica, um crime de amea\u00e7a simples, um crime de amea\u00e7a agravada e um crime de coa\u00e7\u00e3o simples; estava em pris\u00e3o preventiva e foi libertado a 6 de Fevereiro por ter atingido o limite m\u00e1ximo de priva\u00e7\u00e3o de liberdade sem a condena\u00e7\u00e3o transitada em julgado.<\/li>\n<li>O mandat\u00e1rio critica o uso de videovigil\u00e2ncia para monitorizar pessoas em lojas e na via p\u00fablica, considerando a pr\u00e1tica como il\u00edcita e exemplar de \u201cfar west\u201d sem leis.<\/li>\n<li>O advogado acusa o requerimento do FC Porto de alimentar um circo medi\u00e1tico e diz que Fernando Madureira mant\u00e9m a tranquilidade relativamente \u00e0 situa\u00e7\u00e3o.<\/li>\n<\/ul>\n","protected":false},"author":2,"featured_media":219897,"comment_status":"closed","ping_status":"closed","sticky":false,"template":"","format":"standard","meta":{"footnotes":""},"categories":[1],"tags":[1542,147,3527,32,982,2234],"class_list":["post-219892","post","type-post","status-publish","format-standard","has-post-thumbnail","hentry","category-noticias","tag-coacao","tag-crime","tag-desacatos","tag-futebol","tag-porto","tag-videovigilancia"],"yoast_head":"<!-- This site is optimized with the Yoast SEO plugin v27.2 - https:\/\/yoast.com\/product\/yoast-seo-wordpress\/ -->\n<title>Advogado de &#039;Macaco&#039; afirma que Madureira n\u00e3o violou medidas de coa\u00e7\u00e3o - Portal Tela Portugal<\/title>\n<meta name=\"robots\" content=\"index, follow, max-snippet:-1, max-image-preview:large, max-video-preview:-1\" \/>\n<meta property=\"og:locale\" content=\"pt_PT\" \/>\n<meta property=\"og:type\" content=\"article\" \/>\n<meta property=\"og:title\" content=\"Advogado de &#039;Macaco&#039; afirma que Madureira n\u00e3o violou medidas de coa\u00e7\u00e3o - Portal Tela Portugal\" \/>\n<meta property=\"og:description\" content=\"O advogado de Fernando Madureira (Macaco) contesta a den\u00fancia do FC Porto de viola\u00e7\u00e3o de medidas de coa\u00e7\u00e3o, assegurando que o seu cliente n\u00e3o violou nenhuma medida. O FC Porto informou ao Tribunal do Porto que Macaco permaneceu na Loja Azul, no Est\u00e1dio do Drag\u00e3o, alegando viola\u00e7\u00e3o das medidas de coa\u00e7\u00e3o impostas ap\u00f3s o processo que levou \u00e0 condena\u00e7\u00e3o por v\u00e1rios crimes. Madureira foi condenado por cinco crimes de ofensa \u00e0 integridade f\u00edsica, um crime de amea\u00e7a simples, um crime de amea\u00e7a agravada e um crime de coa\u00e7\u00e3o simples; estava em pris\u00e3o preventiva e foi libertado a 6 de Fevereiro por ter atingido o limite m\u00e1ximo de priva\u00e7\u00e3o de liberdade sem a condena\u00e7\u00e3o transitada em julgado. O mandat\u00e1rio critica o uso de videovigil\u00e2ncia para monitorizar pessoas em lojas e na via p\u00fablica, considerando a pr\u00e1tica como il\u00edcita e exemplar de \u201cfar west\u201d sem leis. O advogado acusa o requerimento do FC Porto de alimentar um circo medi\u00e1tico e diz que Fernando Madureira mant\u00e9m a tranquilidade relativamente \u00e0 situa\u00e7\u00e3o.\" \/>\n<meta property=\"og:url\" content=\"https:\/\/portaltela.pt\/noticias\/2026\/02\/20\/advogado-de-macaco-afirma-que-madureira-nao-violou-medidas-de-coacao\/\" \/>\n<meta property=\"og:site_name\" content=\"Portal Tela Portugal\" \/>\n<meta property=\"article:published_time\" content=\"2026-02-20T20:19:00+00:00\" \/>\n<meta name=\"author\" content=\"Telinha\" \/>\n<meta name=\"twitter:card\" content=\"summary_large_image\" \/>\n<meta name=\"twitter:label1\" content=\"Escrito por\" \/>\n\t<meta name=\"twitter:data1\" content=\"Telinha\" \/>\n\t<meta name=\"twitter:label2\" content=\"Tempo estimado de leitura\" \/>\n\t<meta name=\"twitter:data2\" content=\"1 minuto\" \/>\n<script type=\"application\/ld+json\" class=\"yoast-schema-graph\">{\"@context\":\"https:\/\/schema.org\",\"@graph\":[{\"@type\":\"Article\",\"@id\":\"https:\/\/portaltela.pt\/noticias\/2026\/02\/20\/advogado-de-macaco-afirma-que-madureira-nao-violou-medidas-de-coacao\/#article\",\"isPartOf\":{\"@id\":\"https:\/\/portaltela.pt\/noticias\/2026\/02\/20\/advogado-de-macaco-afirma-que-madureira-nao-violou-medidas-de-coacao\/\"},\"author\":{\"name\":\"Telinha\",\"@id\":\"https:\/\/portaltela.pt\/#\/schema\/person\/c4278d4a6028830caff9ee44b42d32ed\"},\"headline\":\"Advogado de &#8216;Macaco&#8217; afirma que Madureira n\u00e3o violou medidas de coa\u00e7\u00e3o\",\"datePublished\":\"2026-02-20T20:19:00+00:00\",\"mainEntityOfPage\":{\"@id\":\"https:\/\/portaltela.pt\/noticias\/2026\/02\/20\/advogado-de-macaco-afirma-que-madureira-nao-violou-medidas-de-coacao\/\"},\"wordCount\":288,\"image\":{\"@id\":\"https:\/\/portaltela.pt\/noticias\/2026\/02\/20\/advogado-de-macaco-afirma-que-madureira-nao-violou-medidas-de-coacao\/#primaryimage\"},\"thumbnailUrl\":\"https:\/\/portaltela.pt\/s.01k8rhncp4jt1\/2026\/02\/img_1500x1000uu2024-02-14-00-48-17-1570738.jpg\",\"keywords\":[\"coa\u00e7\u00e3o\",\"crime\",\"desacatos\",\"futebol\",\"Porto\",\"videovigil\u00e2ncia\"],\"articleSection\":[\"Not\u00edcias\"],\"inLanguage\":\"pt-PT\"},{\"@type\":\"WebPage\",\"@id\":\"https:\/\/portaltela.pt\/noticias\/2026\/02\/20\/advogado-de-macaco-afirma-que-madureira-nao-violou-medidas-de-coacao\/\",\"url\":\"https:\/\/portaltela.pt\/noticias\/2026\/02\/20\/advogado-de-macaco-afirma-que-madureira-nao-violou-medidas-de-coacao\/\",\"name\":\"Advogado de 'Macaco' afirma que Madureira n\u00e3o violou medidas de coa\u00e7\u00e3o - Portal Tela Portugal\",\"isPartOf\":{\"@id\":\"https:\/\/portaltela.pt\/#website\"},\"primaryImageOfPage\":{\"@id\":\"https:\/\/portaltela.pt\/noticias\/2026\/02\/20\/advogado-de-macaco-afirma-que-madureira-nao-violou-medidas-de-coacao\/#primaryimage\"},\"image\":{\"@id\":\"https:\/\/portaltela.pt\/noticias\/2026\/02\/20\/advogado-de-macaco-afirma-que-madureira-nao-violou-medidas-de-coacao\/#primaryimage\"},\"thumbnailUrl\":\"https:\/\/portaltela.pt\/s.01k8rhncp4jt1\/2026\/02\/img_1500x1000uu2024-02-14-00-48-17-1570738.jpg\",\"datePublished\":\"2026-02-20T20:19:00+00:00\",\"author\":{\"@id\":\"https:\/\/portaltela.pt\/#\/schema\/person\/c4278d4a6028830caff9ee44b42d32ed\"},\"breadcrumb\":{\"@id\":\"https:\/\/portaltela.pt\/noticias\/2026\/02\/20\/advogado-de-macaco-afirma-que-madureira-nao-violou-medidas-de-coacao\/#breadcrumb\"},\"inLanguage\":\"pt-PT\",\"potentialAction\":[{\"@type\":\"ReadAction\",\"target\":[\"https:\/\/portaltela.pt\/noticias\/2026\/02\/20\/advogado-de-macaco-afirma-que-madureira-nao-violou-medidas-de-coacao\/\"]}]},{\"@type\":\"ImageObject\",\"inLanguage\":\"pt-PT\",\"@id\":\"https:\/\/portaltela.pt\/noticias\/2026\/02\/20\/advogado-de-macaco-afirma-que-madureira-nao-violou-medidas-de-coacao\/#primaryimage\",\"url\":\"https:\/\/portaltela.pt\/s.01k8rhncp4jt1\/2026\/02\/img_1500x1000uu2024-02-14-00-48-17-1570738.jpg\",\"contentUrl\":\"https:\/\/portaltela.pt\/s.01k8rhncp4jt1\/2026\/02\/img_1500x1000uu2024-02-14-00-48-17-1570738.jpg\",\"width\":796,\"height\":448,\"caption\":\"Fernando Madureira\"},{\"@type\":\"BreadcrumbList\",\"@id\":\"https:\/\/portaltela.pt\/noticias\/2026\/02\/20\/advogado-de-macaco-afirma-que-madureira-nao-violou-medidas-de-coacao\/#breadcrumb\",\"itemListElement\":[{\"@type\":\"ListItem\",\"position\":1,\"name\":\"In\u00edcio\",\"item\":\"https:\/\/portaltela.pt\/\"},{\"@type\":\"ListItem\",\"position\":2,\"name\":\"Advogado de &#8216;Macaco&#8217; afirma que Madureira n\u00e3o violou medidas de coa\u00e7\u00e3o\"}]},{\"@type\":\"WebSite\",\"@id\":\"https:\/\/portaltela.pt\/#website\",\"url\":\"https:\/\/portaltela.pt\/\",\"name\":\"Portal Tela Portugal\",\"description\":\"\",\"potentialAction\":[{\"@type\":\"SearchAction\",\"target\":{\"@type\":\"EntryPoint\",\"urlTemplate\":\"https:\/\/portaltela.pt\/?s={search_term_string}\"},\"query-input\":{\"@type\":\"PropertyValueSpecification\",\"valueRequired\":true,\"valueName\":\"search_term_string\"}}],\"inLanguage\":\"pt-PT\"},{\"@type\":\"Person\",\"@id\":\"https:\/\/portaltela.pt\/#\/schema\/person\/c4278d4a6028830caff9ee44b42d32ed\",\"name\":\"Telinha\",\"image\":{\"@type\":\"ImageObject\",\"inLanguage\":\"pt-PT\",\"@id\":\"https:\/\/portaltela.pt\/s.01k8rhncp4jt1\/2025\/11\/talking-bot-125x125.png\",\"url\":\"https:\/\/portaltela.pt\/s.01k8rhncp4jt1\/2025\/11\/talking-bot-125x125.png\",\"contentUrl\":\"https:\/\/portaltela.pt\/s.01k8rhncp4jt1\/2025\/11\/talking-bot-125x125.png\",\"caption\":\"Telinha\"},\"sameAs\":[\"https:\/\/portaltela.pt\/\"],\"url\":\"https:\/\/portaltela.pt\/por\/367410592786\/\"}]}<\/script>\n<!-- \/ Yoast SEO plugin. -->","yoast_head_json":{"title":"Advogado de 'Macaco' afirma que Madureira n\u00e3o violou medidas de coa\u00e7\u00e3o - Portal Tela Portugal","robots":{"index":"index","follow":"follow","max-snippet":"max-snippet:-1","max-image-preview":"max-image-preview:large","max-video-preview":"max-video-preview:-1"},"og_locale":"pt_PT","og_type":"article","og_title":"Advogado de 'Macaco' afirma que Madureira n\u00e3o violou medidas de coa\u00e7\u00e3o - Portal Tela Portugal","og_description":"O advogado de Fernando Madureira (Macaco) contesta a den\u00fancia do FC Porto de viola\u00e7\u00e3o de medidas de coa\u00e7\u00e3o, assegurando que o seu cliente n\u00e3o violou nenhuma medida. O FC Porto informou ao Tribunal do Porto que Macaco permaneceu na Loja Azul, no Est\u00e1dio do Drag\u00e3o, alegando viola\u00e7\u00e3o das medidas de coa\u00e7\u00e3o impostas ap\u00f3s o processo que levou \u00e0 condena\u00e7\u00e3o por v\u00e1rios crimes. Madureira foi condenado por cinco crimes de ofensa \u00e0 integridade f\u00edsica, um crime de amea\u00e7a simples, um crime de amea\u00e7a agravada e um crime de coa\u00e7\u00e3o simples; estava em pris\u00e3o preventiva e foi libertado a 6 de Fevereiro por ter atingido o limite m\u00e1ximo de priva\u00e7\u00e3o de liberdade sem a condena\u00e7\u00e3o transitada em julgado. O mandat\u00e1rio critica o uso de videovigil\u00e2ncia para monitorizar pessoas em lojas e na via p\u00fablica, considerando a pr\u00e1tica como il\u00edcita e exemplar de \u201cfar west\u201d sem leis. O advogado acusa o requerimento do FC Porto de alimentar um circo medi\u00e1tico e diz que Fernando Madureira mant\u00e9m a tranquilidade relativamente \u00e0 situa\u00e7\u00e3o.","og_url":"https:\/\/portaltela.pt\/noticias\/2026\/02\/20\/advogado-de-macaco-afirma-que-madureira-nao-violou-medidas-de-coacao\/","og_site_name":"Portal Tela Portugal","article_published_time":"2026-02-20T20:19:00+00:00","author":"Telinha","twitter_card":"summary_large_image","twitter_misc":{"Escrito por":"Telinha","Tempo estimado de leitura":"1 minuto"},"schema":{"@context":"https:\/\/schema.org","@graph":[{"@type":"Article","@id":"https:\/\/portaltela.pt\/noticias\/2026\/02\/20\/advogado-de-macaco-afirma-que-madureira-nao-violou-medidas-de-coacao\/#article","isPartOf":{"@id":"https:\/\/portaltela.pt\/noticias\/2026\/02\/20\/advogado-de-macaco-afirma-que-madureira-nao-violou-medidas-de-coacao\/"},"author":{"name":"Telinha","@id":"https:\/\/portaltela.pt\/#\/schema\/person\/c4278d4a6028830caff9ee44b42d32ed"},"headline":"Advogado de &#8216;Macaco&#8217; afirma que Madureira n\u00e3o violou medidas de coa\u00e7\u00e3o","datePublished":"2026-02-20T20:19:00+00:00","mainEntityOfPage":{"@id":"https:\/\/portaltela.pt\/noticias\/2026\/02\/20\/advogado-de-macaco-afirma-que-madureira-nao-violou-medidas-de-coacao\/"},"wordCount":288,"image":{"@id":"https:\/\/portaltela.pt\/noticias\/2026\/02\/20\/advogado-de-macaco-afirma-que-madureira-nao-violou-medidas-de-coacao\/#primaryimage"},"thumbnailUrl":"https:\/\/portaltela.pt\/s.01k8rhncp4jt1\/2026\/02\/img_1500x1000uu2024-02-14-00-48-17-1570738.jpg","keywords":["coa\u00e7\u00e3o","crime","desacatos","futebol","Porto","videovigil\u00e2ncia"],"articleSection":["Not\u00edcias"],"inLanguage":"pt-PT"},{"@type":"WebPage","@id":"https:\/\/portaltela.pt\/noticias\/2026\/02\/20\/advogado-de-macaco-afirma-que-madureira-nao-violou-medidas-de-coacao\/","url":"https:\/\/portaltela.pt\/noticias\/2026\/02\/20\/advogado-de-macaco-afirma-que-madureira-nao-violou-medidas-de-coacao\/","name":"Advogado de 'Macaco' afirma que Madureira n\u00e3o violou medidas de coa\u00e7\u00e3o - Portal Tela Portugal","isPartOf":{"@id":"https:\/\/portaltela.pt\/#website"},"primaryImageOfPage":{"@id":"https:\/\/portaltela.pt\/noticias\/2026\/02\/20\/advogado-de-macaco-afirma-que-madureira-nao-violou-medidas-de-coacao\/#primaryimage"},"image":{"@id":"https:\/\/portaltela.pt\/noticias\/2026\/02\/20\/advogado-de-macaco-afirma-que-madureira-nao-violou-medidas-de-coacao\/#primaryimage"},"thumbnailUrl":"https:\/\/portaltela.pt\/s.01k8rhncp4jt1\/2026\/02\/img_1500x1000uu2024-02-14-00-48-17-1570738.jpg","datePublished":"2026-02-20T20:19:00+00:00","author":{"@id":"https:\/\/portaltela.pt\/#\/schema\/person\/c4278d4a6028830caff9ee44b42d32ed"},"breadcrumb":{"@id":"https:\/\/portaltela.pt\/noticias\/2026\/02\/20\/advogado-de-macaco-afirma-que-madureira-nao-violou-medidas-de-coacao\/#breadcrumb"},"inLanguage":"pt-PT","potentialAction":[{"@type":"ReadAction","target":["https:\/\/portaltela.pt\/noticias\/2026\/02\/20\/advogado-de-macaco-afirma-que-madureira-nao-violou-medidas-de-coacao\/"]}]},{"@type":"ImageObject","inLanguage":"pt-PT","@id":"https:\/\/portaltela.pt\/noticias\/2026\/02\/20\/advogado-de-macaco-afirma-que-madureira-nao-violou-medidas-de-coacao\/#primaryimage","url":"https:\/\/portaltela.pt\/s.01k8rhncp4jt1\/2026\/02\/img_1500x1000uu2024-02-14-00-48-17-1570738.jpg","contentUrl":"https:\/\/portaltela.pt\/s.01k8rhncp4jt1\/2026\/02\/img_1500x1000uu2024-02-14-00-48-17-1570738.jpg","width":796,"height":448,"caption":"Fernando Madureira"},{"@type":"BreadcrumbList","@id":"https:\/\/portaltela.pt\/noticias\/2026\/02\/20\/advogado-de-macaco-afirma-que-madureira-nao-violou-medidas-de-coacao\/#breadcrumb","itemListElement":[{"@type":"ListItem","position":1,"name":"In\u00edcio","item":"https:\/\/portaltela.pt\/"},{"@type":"ListItem","position":2,"name":"Advogado de &#8216;Macaco&#8217; afirma que Madureira n\u00e3o violou medidas de coa\u00e7\u00e3o"}]},{"@type":"WebSite","@id":"https:\/\/portaltela.pt\/#website","url":"https:\/\/portaltela.pt\/","name":"Portal Tela Portugal","description":"","potentialAction":[{"@type":"SearchAction","target":{"@type":"EntryPoint","urlTemplate":"https:\/\/portaltela.pt\/?s={search_term_string}"},"query-input":{"@type":"PropertyValueSpecification","valueRequired":true,"valueName":"search_term_string"}}],"inLanguage":"pt-PT"},{"@type":"Person","@id":"https:\/\/portaltela.pt\/#\/schema\/person\/c4278d4a6028830caff9ee44b42d32ed","name":"Telinha","image":{"@type":"ImageObject","inLanguage":"pt-PT","@id":"https:\/\/portaltela.pt\/s.01k8rhncp4jt1\/2025\/11\/talking-bot-125x125.png","url":"https:\/\/portaltela.pt\/s.01k8rhncp4jt1\/2025\/11\/talking-bot-125x125.png","contentUrl":"https:\/\/portaltela.pt\/s.01k8rhncp4jt1\/2025\/11\/talking-bot-125x125.png","caption":"Telinha"},"sameAs":["https:\/\/portaltela.pt\/"],"url":"https:\/\/portaltela.pt\/por\/367410592786\/"}]}},"_links":{"self":[{"href":"https:\/\/portaltela.pt\/api\/wp\/v2\/posts\/219892","targetHints":{"allow":["GET"]}}],"collection":[{"href":"https:\/\/portaltela.pt\/api\/wp\/v2\/posts"}],"about":[{"href":"https:\/\/portaltela.pt\/api\/wp\/v2\/types\/post"}],"author":[{"embeddable":true,"href":"https:\/\/portaltela.pt\/api\/wp\/v2\/users\/2"}],"replies":[{"embeddable":true,"href":"https:\/\/portaltela.pt\/api\/wp\/v2\/comments?post=219892"}],"version-history":[{"count":0,"href":"https:\/\/portaltela.pt\/api\/wp\/v2\/posts\/219892\/revisions"}],"wp:featuredmedia":[{"embeddable":true,"href":"https:\/\/portaltela.pt\/api\/wp\/v2\/media\/219897"}],"wp:attachment":[{"href":"https:\/\/portaltela.pt\/api\/wp\/v2\/media?parent=219892"}],"wp:term":[{"taxonomy":"category","embeddable":true,"href":"https:\/\/portaltela.pt\/api\/wp\/v2\/categories?post=219892"},{"taxonomy":"post_tag","embeddable":true,"href":"https:\/\/portaltela.pt\/api\/wp\/v2\/tags?post=219892"}],"curies":[{"name":"wp","href":"https:\/\/api.w.org\/{rel}","templated":true}]}}