{"id":219834,"date":"2026-02-20T16:49:27","date_gmt":"2026-02-20T19:49:27","guid":{"rendered":"https:\/\/portaltela.pt\/noticias\/2026\/02\/20\/xavier-melo-fica-em-8-o-lugar-no-europeu-de-cadetes-de-esgrima\/"},"modified":"2026-02-20T16:49:27","modified_gmt":"2026-02-20T19:49:27","slug":"xavier-melo-fica-em-8-o-lugar-no-europeu-de-cadetes-de-esgrima","status":"publish","type":"post","link":"https:\/\/portaltela.pt\/desporto\/2026\/02\/20\/xavier-melo-fica-em-8-o-lugar-no-europeu-de-cadetes-de-esgrima\/","title":{"rendered":"Xavier Melo fica em 8.\u00ba lugar no Europeu de cadetes de esgrima"},"content":{"rendered":"<p>Xavier Melo alcan\u00e7ou a melhor participa\u00e7\u00e3o portuguesa no primeiro dia do Campeonato da Europa de esgrima, cadetes, em Tbilisi, Ge\u00f3rgia. Na prova de espada masculina, o atleta da Academia de Esgrima Jo\u00e3o Gomes terminou em 8.\u00ba lugar, entre 122 competidores, perto de alcan\u00e7ar as medalhas.<\/p>\n<p>Pelo caminho, Melo somou tr\u00eas vit\u00f3rias na fase de poules e depois eliminou o alem\u00e3o Tristan Hofsommer por 15-12, o s\u00e9rvio Maksim Milinkovic por 15-12, o ucraniano Maksym Durka e o austr\u00edaco Nicolas Siso Esche, com 15-9 na \u00faltima ronda antes de cair nas medalhas.<\/p>\n<p>A derrota decisiva foi frente ao h\u00fangaro Patrik Dekany, por 8-15, impedindo a passagem aos extremos da prova. O resultado mant\u00e9m a expetativa sobre o desempenho portugu\u00eas no escal\u00e3o de cadetes nesta edi\u00e7\u00e3o em territ\u00f3rio georgiano.<\/p>\n<h3>Desempenho portugu\u00eas<\/h3>\n<p>O dia ficou marcado pela melhor classifica\u00e7\u00e3o de Portugal na competi\u00e7\u00e3o, com Melo a destacar-se entre os 122 concorrentes. O conjunto nacional apresenta boa fase de prepara\u00e7\u00e3o para futuros certames jovens, com foco em progressos t\u00e9cnicos e t\u00e1ticos.<\/p>\n<p>Fonte: Record<\/p>\n","protected":false},"excerpt":{"rendered":"<ul>\n<li>Xavier Melo ficou em 8.\u00aa posi\u00e7\u00e3o no Campeonato da Europa de cadetes de esgrima, em Tiblisi, Ge\u00f3rgia, a melhor presta\u00e7\u00e3o de Portugal no primeiro dia.<\/li>\n<li>No escal\u00e3o de espada masculina, o portugu\u00eas venceu tr\u00eas poules e ganhou aos primeiros advers\u00e1rios eliminat\u00f3rios.<\/li>\n<li>Venceu o alem\u00e3o Tristan Hofsommer (15-12), o s\u00e9rvio Maksim Milinkovic (15-12) e o ucraniano Maksym Durka, al\u00e9m do austr\u00edaco Nicolas Siso Esche (15-9).<\/li>\n<li>Perdeu nos quartos de final com o h\u00fangaro Patrik Dekany (8-15), assegurando o 8.\u00ba lugar entre 122 atletas.<\/li>\n<li>A participa\u00e7\u00e3o coloca Xavier Melo entre os melhores da prova, destacando o desempenho do Clube Academia de Esgrima Jo\u00e3o Gomes.<\/li>\n<\/ul>\n","protected":false},"author":2,"featured_media":219843,"comment_status":"closed","ping_status":"closed","sticky":false,"template":"","format":"standard","meta":{"footnotes":""},"categories":[21],"tags":[4162,227,152,2487,1014],"class_list":["post-219834","post","type-post","status-publish","format-standard","has-post-thumbnail","hentry","category-desporto","tag-cadetes","tag-campeonato","tag-desporto","tag-europa","tag-portugal"],"yoast_head":"<!-- This site is optimized with the Yoast SEO plugin v27.2 - https:\/\/yoast.com\/product\/yoast-seo-wordpress\/ -->\n<title>Xavier Melo fica em 8.\u00ba lugar no Europeu de cadetes de esgrima - Portal Tela Portugal<\/title>\n<meta name=\"robots\" content=\"index, follow, max-snippet:-1, max-image-preview:large, max-video-preview:-1\" \/>\n<meta property=\"og:locale\" content=\"pt_PT\" \/>\n<meta property=\"og:type\" content=\"article\" \/>\n<meta property=\"og:title\" content=\"Xavier Melo fica em 8.\u00ba lugar no Europeu de cadetes de esgrima - Portal Tela Portugal\" \/>\n<meta property=\"og:description\" content=\"Xavier Melo ficou em 8.\u00aa posi\u00e7\u00e3o no Campeonato da Europa de cadetes de esgrima, em Tiblisi, Ge\u00f3rgia, a melhor presta\u00e7\u00e3o de Portugal no primeiro dia. No escal\u00e3o de espada masculina, o portugu\u00eas venceu tr\u00eas poules e ganhou aos primeiros advers\u00e1rios eliminat\u00f3rios. Venceu o alem\u00e3o Tristan Hofsommer (15-12), o s\u00e9rvio Maksim Milinkovic (15-12) e o ucraniano Maksym Durka, al\u00e9m do austr\u00edaco Nicolas Siso Esche (15-9). Perdeu nos quartos de final com o h\u00fangaro Patrik Dekany (8-15), assegurando o 8.\u00ba lugar entre 122 atletas. A participa\u00e7\u00e3o coloca Xavier Melo entre os melhores da prova, destacando o desempenho do Clube Academia de Esgrima Jo\u00e3o Gomes.\" \/>\n<meta property=\"og:url\" content=\"https:\/\/portaltela.pt\/noticias\/2026\/02\/20\/xavier-melo-fica-em-8-o-lugar-no-europeu-de-cadetes-de-esgrima\/\" \/>\n<meta property=\"og:site_name\" content=\"Portal Tela Portugal\" \/>\n<meta property=\"article:published_time\" content=\"2026-02-20T19:49:27+00:00\" \/>\n<meta name=\"author\" content=\"Telinha\" \/>\n<meta name=\"twitter:card\" content=\"summary_large_image\" \/>\n<meta name=\"twitter:label1\" content=\"Escrito por\" \/>\n\t<meta name=\"twitter:data1\" content=\"Telinha\" \/>\n\t<meta name=\"twitter:label2\" content=\"Tempo estimado de leitura\" \/>\n\t<meta name=\"twitter:data2\" content=\"1 minuto\" \/>\n<script type=\"application\/ld+json\" class=\"yoast-schema-graph\">{\"@context\":\"https:\/\/schema.org\",\"@graph\":[{\"@type\":\"Article\",\"@id\":\"https:\/\/portaltela.pt\/noticias\/2026\/02\/20\/xavier-melo-fica-em-8-o-lugar-no-europeu-de-cadetes-de-esgrima\/#article\",\"isPartOf\":{\"@id\":\"https:\/\/portaltela.pt\/noticias\/2026\/02\/20\/xavier-melo-fica-em-8-o-lugar-no-europeu-de-cadetes-de-esgrima\/\"},\"author\":{\"name\":\"Telinha\",\"@id\":\"https:\/\/portaltela.pt\/#\/schema\/person\/c4278d4a6028830caff9ee44b42d32ed\"},\"headline\":\"Xavier Melo fica em 8.\u00ba lugar no Europeu de cadetes de esgrima\",\"datePublished\":\"2026-02-20T19:49:27+00:00\",\"mainEntityOfPage\":{\"@id\":\"https:\/\/portaltela.pt\/noticias\/2026\/02\/20\/xavier-melo-fica-em-8-o-lugar-no-europeu-de-cadetes-de-esgrima\/\"},\"wordCount\":198,\"image\":{\"@id\":\"https:\/\/portaltela.pt\/noticias\/2026\/02\/20\/xavier-melo-fica-em-8-o-lugar-no-europeu-de-cadetes-de-esgrima\/#primaryimage\"},\"thumbnailUrl\":\"https:\/\/portaltela.pt\/s.01k8rhncp4jt1\/2026\/02\/img_920x518uu2026-02-20-19-47-33-2422778-im-639072136675443740.jpg\",\"keywords\":[\"cadetes\",\"campeonato\",\"desporto\",\"Europa\",\"Portugal\"],\"articleSection\":[\"Desporto\"],\"inLanguage\":\"pt-PT\"},{\"@type\":\"WebPage\",\"@id\":\"https:\/\/portaltela.pt\/noticias\/2026\/02\/20\/xavier-melo-fica-em-8-o-lugar-no-europeu-de-cadetes-de-esgrima\/\",\"url\":\"https:\/\/portaltela.pt\/noticias\/2026\/02\/20\/xavier-melo-fica-em-8-o-lugar-no-europeu-de-cadetes-de-esgrima\/\",\"name\":\"Xavier Melo fica em 8.\u00ba lugar no Europeu de cadetes de esgrima - Portal Tela Portugal\",\"isPartOf\":{\"@id\":\"https:\/\/portaltela.pt\/#website\"},\"primaryImageOfPage\":{\"@id\":\"https:\/\/portaltela.pt\/noticias\/2026\/02\/20\/xavier-melo-fica-em-8-o-lugar-no-europeu-de-cadetes-de-esgrima\/#primaryimage\"},\"image\":{\"@id\":\"https:\/\/portaltela.pt\/noticias\/2026\/02\/20\/xavier-melo-fica-em-8-o-lugar-no-europeu-de-cadetes-de-esgrima\/#primaryimage\"},\"thumbnailUrl\":\"https:\/\/portaltela.pt\/s.01k8rhncp4jt1\/2026\/02\/img_920x518uu2026-02-20-19-47-33-2422778-im-639072136675443740.jpg\",\"datePublished\":\"2026-02-20T19:49:27+00:00\",\"author\":{\"@id\":\"https:\/\/portaltela.pt\/#\/schema\/person\/c4278d4a6028830caff9ee44b42d32ed\"},\"breadcrumb\":{\"@id\":\"https:\/\/portaltela.pt\/noticias\/2026\/02\/20\/xavier-melo-fica-em-8-o-lugar-no-europeu-de-cadetes-de-esgrima\/#breadcrumb\"},\"inLanguage\":\"pt-PT\",\"potentialAction\":[{\"@type\":\"ReadAction\",\"target\":[\"https:\/\/portaltela.pt\/noticias\/2026\/02\/20\/xavier-melo-fica-em-8-o-lugar-no-europeu-de-cadetes-de-esgrima\/\"]}]},{\"@type\":\"ImageObject\",\"inLanguage\":\"pt-PT\",\"@id\":\"https:\/\/portaltela.pt\/noticias\/2026\/02\/20\/xavier-melo-fica-em-8-o-lugar-no-europeu-de-cadetes-de-esgrima\/#primaryimage\",\"url\":\"https:\/\/portaltela.pt\/s.01k8rhncp4jt1\/2026\/02\/img_920x518uu2026-02-20-19-47-33-2422778-im-639072136675443740.jpg\",\"contentUrl\":\"https:\/\/portaltela.pt\/s.01k8rhncp4jt1\/2026\/02\/img_920x518uu2026-02-20-19-47-33-2422778-im-639072136675443740.jpg\",\"width\":796,\"height\":448,\"caption\":\"Xavier Melo com o treinador Jo\u00e3o Gomes\"},{\"@type\":\"BreadcrumbList\",\"@id\":\"https:\/\/portaltela.pt\/noticias\/2026\/02\/20\/xavier-melo-fica-em-8-o-lugar-no-europeu-de-cadetes-de-esgrima\/#breadcrumb\",\"itemListElement\":[{\"@type\":\"ListItem\",\"position\":1,\"name\":\"In\u00edcio\",\"item\":\"https:\/\/portaltela.pt\/\"},{\"@type\":\"ListItem\",\"position\":2,\"name\":\"Xavier Melo fica em 8.\u00ba lugar no Europeu de cadetes de esgrima\"}]},{\"@type\":\"WebSite\",\"@id\":\"https:\/\/portaltela.pt\/#website\",\"url\":\"https:\/\/portaltela.pt\/\",\"name\":\"Portal Tela Portugal\",\"description\":\"\",\"potentialAction\":[{\"@type\":\"SearchAction\",\"target\":{\"@type\":\"EntryPoint\",\"urlTemplate\":\"https:\/\/portaltela.pt\/?s={search_term_string}\"},\"query-input\":{\"@type\":\"PropertyValueSpecification\",\"valueRequired\":true,\"valueName\":\"search_term_string\"}}],\"inLanguage\":\"pt-PT\"},{\"@type\":\"Person\",\"@id\":\"https:\/\/portaltela.pt\/#\/schema\/person\/c4278d4a6028830caff9ee44b42d32ed\",\"name\":\"Telinha\",\"image\":{\"@type\":\"ImageObject\",\"inLanguage\":\"pt-PT\",\"@id\":\"https:\/\/portaltela.pt\/s.01k8rhncp4jt1\/2025\/11\/talking-bot-125x125.png\",\"url\":\"https:\/\/portaltela.pt\/s.01k8rhncp4jt1\/2025\/11\/talking-bot-125x125.png\",\"contentUrl\":\"https:\/\/portaltela.pt\/s.01k8rhncp4jt1\/2025\/11\/talking-bot-125x125.png\",\"caption\":\"Telinha\"},\"sameAs\":[\"https:\/\/portaltela.pt\/\"],\"url\":\"https:\/\/portaltela.pt\/por\/367410592786\/\"}]}<\/script>\n<!-- \/ Yoast SEO plugin. -->","yoast_head_json":{"title":"Xavier Melo fica em 8.\u00ba lugar no Europeu de cadetes de esgrima - Portal Tela Portugal","robots":{"index":"index","follow":"follow","max-snippet":"max-snippet:-1","max-image-preview":"max-image-preview:large","max-video-preview":"max-video-preview:-1"},"og_locale":"pt_PT","og_type":"article","og_title":"Xavier Melo fica em 8.\u00ba lugar no Europeu de cadetes de esgrima - Portal Tela Portugal","og_description":"Xavier Melo ficou em 8.\u00aa posi\u00e7\u00e3o no Campeonato da Europa de cadetes de esgrima, em Tiblisi, Ge\u00f3rgia, a melhor presta\u00e7\u00e3o de Portugal no primeiro dia. No escal\u00e3o de espada masculina, o portugu\u00eas venceu tr\u00eas poules e ganhou aos primeiros advers\u00e1rios eliminat\u00f3rios. Venceu o alem\u00e3o Tristan Hofsommer (15-12), o s\u00e9rvio Maksim Milinkovic (15-12) e o ucraniano Maksym Durka, al\u00e9m do austr\u00edaco Nicolas Siso Esche (15-9). Perdeu nos quartos de final com o h\u00fangaro Patrik Dekany (8-15), assegurando o 8.\u00ba lugar entre 122 atletas. A participa\u00e7\u00e3o coloca Xavier Melo entre os melhores da prova, destacando o desempenho do Clube Academia de Esgrima Jo\u00e3o Gomes.","og_url":"https:\/\/portaltela.pt\/noticias\/2026\/02\/20\/xavier-melo-fica-em-8-o-lugar-no-europeu-de-cadetes-de-esgrima\/","og_site_name":"Portal Tela Portugal","article_published_time":"2026-02-20T19:49:27+00:00","author":"Telinha","twitter_card":"summary_large_image","twitter_misc":{"Escrito por":"Telinha","Tempo estimado de leitura":"1 minuto"},"schema":{"@context":"https:\/\/schema.org","@graph":[{"@type":"Article","@id":"https:\/\/portaltela.pt\/noticias\/2026\/02\/20\/xavier-melo-fica-em-8-o-lugar-no-europeu-de-cadetes-de-esgrima\/#article","isPartOf":{"@id":"https:\/\/portaltela.pt\/noticias\/2026\/02\/20\/xavier-melo-fica-em-8-o-lugar-no-europeu-de-cadetes-de-esgrima\/"},"author":{"name":"Telinha","@id":"https:\/\/portaltela.pt\/#\/schema\/person\/c4278d4a6028830caff9ee44b42d32ed"},"headline":"Xavier Melo fica em 8.\u00ba lugar no Europeu de cadetes de esgrima","datePublished":"2026-02-20T19:49:27+00:00","mainEntityOfPage":{"@id":"https:\/\/portaltela.pt\/noticias\/2026\/02\/20\/xavier-melo-fica-em-8-o-lugar-no-europeu-de-cadetes-de-esgrima\/"},"wordCount":198,"image":{"@id":"https:\/\/portaltela.pt\/noticias\/2026\/02\/20\/xavier-melo-fica-em-8-o-lugar-no-europeu-de-cadetes-de-esgrima\/#primaryimage"},"thumbnailUrl":"https:\/\/portaltela.pt\/s.01k8rhncp4jt1\/2026\/02\/img_920x518uu2026-02-20-19-47-33-2422778-im-639072136675443740.jpg","keywords":["cadetes","campeonato","desporto","Europa","Portugal"],"articleSection":["Desporto"],"inLanguage":"pt-PT"},{"@type":"WebPage","@id":"https:\/\/portaltela.pt\/noticias\/2026\/02\/20\/xavier-melo-fica-em-8-o-lugar-no-europeu-de-cadetes-de-esgrima\/","url":"https:\/\/portaltela.pt\/noticias\/2026\/02\/20\/xavier-melo-fica-em-8-o-lugar-no-europeu-de-cadetes-de-esgrima\/","name":"Xavier Melo fica em 8.\u00ba lugar no Europeu de cadetes de esgrima - Portal Tela Portugal","isPartOf":{"@id":"https:\/\/portaltela.pt\/#website"},"primaryImageOfPage":{"@id":"https:\/\/portaltela.pt\/noticias\/2026\/02\/20\/xavier-melo-fica-em-8-o-lugar-no-europeu-de-cadetes-de-esgrima\/#primaryimage"},"image":{"@id":"https:\/\/portaltela.pt\/noticias\/2026\/02\/20\/xavier-melo-fica-em-8-o-lugar-no-europeu-de-cadetes-de-esgrima\/#primaryimage"},"thumbnailUrl":"https:\/\/portaltela.pt\/s.01k8rhncp4jt1\/2026\/02\/img_920x518uu2026-02-20-19-47-33-2422778-im-639072136675443740.jpg","datePublished":"2026-02-20T19:49:27+00:00","author":{"@id":"https:\/\/portaltela.pt\/#\/schema\/person\/c4278d4a6028830caff9ee44b42d32ed"},"breadcrumb":{"@id":"https:\/\/portaltela.pt\/noticias\/2026\/02\/20\/xavier-melo-fica-em-8-o-lugar-no-europeu-de-cadetes-de-esgrima\/#breadcrumb"},"inLanguage":"pt-PT","potentialAction":[{"@type":"ReadAction","target":["https:\/\/portaltela.pt\/noticias\/2026\/02\/20\/xavier-melo-fica-em-8-o-lugar-no-europeu-de-cadetes-de-esgrima\/"]}]},{"@type":"ImageObject","inLanguage":"pt-PT","@id":"https:\/\/portaltela.pt\/noticias\/2026\/02\/20\/xavier-melo-fica-em-8-o-lugar-no-europeu-de-cadetes-de-esgrima\/#primaryimage","url":"https:\/\/portaltela.pt\/s.01k8rhncp4jt1\/2026\/02\/img_920x518uu2026-02-20-19-47-33-2422778-im-639072136675443740.jpg","contentUrl":"https:\/\/portaltela.pt\/s.01k8rhncp4jt1\/2026\/02\/img_920x518uu2026-02-20-19-47-33-2422778-im-639072136675443740.jpg","width":796,"height":448,"caption":"Xavier Melo com o treinador Jo\u00e3o Gomes"},{"@type":"BreadcrumbList","@id":"https:\/\/portaltela.pt\/noticias\/2026\/02\/20\/xavier-melo-fica-em-8-o-lugar-no-europeu-de-cadetes-de-esgrima\/#breadcrumb","itemListElement":[{"@type":"ListItem","position":1,"name":"In\u00edcio","item":"https:\/\/portaltela.pt\/"},{"@type":"ListItem","position":2,"name":"Xavier Melo fica em 8.\u00ba lugar no Europeu de cadetes de esgrima"}]},{"@type":"WebSite","@id":"https:\/\/portaltela.pt\/#website","url":"https:\/\/portaltela.pt\/","name":"Portal Tela Portugal","description":"","potentialAction":[{"@type":"SearchAction","target":{"@type":"EntryPoint","urlTemplate":"https:\/\/portaltela.pt\/?s={search_term_string}"},"query-input":{"@type":"PropertyValueSpecification","valueRequired":true,"valueName":"search_term_string"}}],"inLanguage":"pt-PT"},{"@type":"Person","@id":"https:\/\/portaltela.pt\/#\/schema\/person\/c4278d4a6028830caff9ee44b42d32ed","name":"Telinha","image":{"@type":"ImageObject","inLanguage":"pt-PT","@id":"https:\/\/portaltela.pt\/s.01k8rhncp4jt1\/2025\/11\/talking-bot-125x125.png","url":"https:\/\/portaltela.pt\/s.01k8rhncp4jt1\/2025\/11\/talking-bot-125x125.png","contentUrl":"https:\/\/portaltela.pt\/s.01k8rhncp4jt1\/2025\/11\/talking-bot-125x125.png","caption":"Telinha"},"sameAs":["https:\/\/portaltela.pt\/"],"url":"https:\/\/portaltela.pt\/por\/367410592786\/"}]}},"_links":{"self":[{"href":"https:\/\/portaltela.pt\/api\/wp\/v2\/posts\/219834","targetHints":{"allow":["GET"]}}],"collection":[{"href":"https:\/\/portaltela.pt\/api\/wp\/v2\/posts"}],"about":[{"href":"https:\/\/portaltela.pt\/api\/wp\/v2\/types\/post"}],"author":[{"embeddable":true,"href":"https:\/\/portaltela.pt\/api\/wp\/v2\/users\/2"}],"replies":[{"embeddable":true,"href":"https:\/\/portaltela.pt\/api\/wp\/v2\/comments?post=219834"}],"version-history":[{"count":0,"href":"https:\/\/portaltela.pt\/api\/wp\/v2\/posts\/219834\/revisions"}],"wp:featuredmedia":[{"embeddable":true,"href":"https:\/\/portaltela.pt\/api\/wp\/v2\/media\/219843"}],"wp:attachment":[{"href":"https:\/\/portaltela.pt\/api\/wp\/v2\/media?parent=219834"}],"wp:term":[{"taxonomy":"category","embeddable":true,"href":"https:\/\/portaltela.pt\/api\/wp\/v2\/categories?post=219834"},{"taxonomy":"post_tag","embeddable":true,"href":"https:\/\/portaltela.pt\/api\/wp\/v2\/tags?post=219834"}],"curies":[{"name":"wp","href":"https:\/\/api.w.org\/{rel}","templated":true}]}}