{"id":219809,"date":"2026-02-20T16:18:00","date_gmt":"2026-02-20T19:18:00","guid":{"rendered":"https:\/\/portaltela.pt\/noticias\/2026\/02\/20\/caso-de-abuso-de-menor-envolvendo-pai-e-familiares-em-sao-pedro-do-sul\/"},"modified":"2026-02-20T16:18:00","modified_gmt":"2026-02-20T19:18:00","slug":"caso-de-abuso-de-menor-envolvendo-pai-e-familiares-em-sao-pedro-do-sul","status":"publish","type":"post","link":"https:\/\/portaltela.pt\/noticias\/2026\/02\/20\/caso-de-abuso-de-menor-envolvendo-pai-e-familiares-em-sao-pedro-do-sul\/","title":{"rendered":"Caso de abuso de menor envolvendo pai e familiares em S\u00e3o Pedro do Sul"},"content":{"rendered":"<p>A Pol\u00edcia Judici\u00e1ria (PJ), atrav\u00e9s do Departamento de Investiga\u00e7\u00e3o Criminal de Aveiro, deteve, no cumprimento de mandados de deten\u00e7\u00e3o, dois homens com 43 e 55 anos, suspeitos de abusos sexuais de uma menor de 16 anos, filha de um deles, em Viseu. A deten\u00e7\u00e3o ocorreu no \u00e2mbito de uma investiga\u00e7\u00e3o iniciada pela PJ, ap\u00f3s dilig\u00eancias efetuadas pela GNR.<\/p>\n<p>Segundo a PJ, o abuso ocorria sempre que o pai se encontrava a s\u00f3s com a filha na resid\u00eancia familiar, situada em S\u00e3o Pedro do Sul. No decorrer das investiga\u00e7\u00f5es, ficou ainda apurado que a menor foi submetida, em algumas ocasi\u00f5es, a atos sexuais por um familiar afastado.<\/p>\n<p>A GNR foi contactada com a den\u00fancia inicial, o que levou \u00e0 ativa\u00e7\u00e3o dos meios da PJ e \u00e0s deten\u00e7\u00e3o dos dois homens. Ambos v\u00e3o ser ouvidos, este s\u00e1bado, em primeiro interrogat\u00f3rio judicial no Tribunal de Viseu.<\/p>\n<h3>Investiga\u00e7\u00e3o e antecedentes<\/h3>\n<p>Os detidos aguardam o primeiro interrogat\u00f3rio no Tribunal de Viseu, onde dever\u00e3o prestar declara\u00e7\u00f5es sobre as alegadas pr\u00e1ticas. A investiga\u00e7\u00e3o continua a apurar a extens\u00e3o dos factos e poss\u00edveis envolvimentos adicionais.<\/p>\n","protected":false},"excerpt":{"rendered":"<ul>\n<li>A Pol\u00edcia Judici\u00e1ria deteve, no cumprimento de mandados de deten\u00e7\u00e3o, dois homens de quarenta e tr\u00eas e cinquenta e cinco anos, suspeitos de abusarem sexualmente de uma menina de dezasseis anos, filha de um deles, em Viseu.<\/li>\n<li>O alegado abuso ocorria sempre que a filha se encontrava a s\u00f3s com o pai, na resid\u00eancia familiar, em S\u00e3o Pedro do Sul.<\/li>\n<li>Durante a investiga\u00e7\u00e3o, ficou ainda apurado que, noutras ocasi\u00f5es, a menor ter\u00e1 sido sujeita, por um familiar afastado, a atos sexuais.<\/li>\n<li>A GNR foi alertada por uma den\u00fancia e acionou a Pol\u00edcia Judici\u00e1ria para as deten\u00e7\u00f5es.<\/li>\n<li>Os detidos dever\u00e3o ser ouvidos em primeiro interrogat\u00f3rio judicial no Tribunal de Viseu, neste s\u00e1bado.<\/li>\n<\/ul>\n","protected":false},"author":2,"featured_media":219815,"comment_status":"closed","ping_status":"closed","sticky":false,"template":"","format":"standard","meta":{"footnotes":""},"categories":[1],"tags":[1455,1796,147,64,1380,1802],"class_list":["post-219809","post","type-post","status-publish","format-standard","has-post-thumbnail","hentry","category-noticias","tag-abuso-de-menor-dependente","tag-abuso-sexual-de-menor-dependente","tag-crime","tag-familia","tag-gnr","tag-policia-judiciaria"],"yoast_head":"<!-- This site is optimized with the Yoast SEO plugin v27.2 - https:\/\/yoast.com\/product\/yoast-seo-wordpress\/ -->\n<title>Caso de abuso de menor envolvendo pai e familiares em S\u00e3o Pedro do Sul - Portal Tela Portugal<\/title>\n<meta name=\"robots\" content=\"index, follow, max-snippet:-1, max-image-preview:large, max-video-preview:-1\" \/>\n<meta property=\"og:locale\" content=\"pt_PT\" \/>\n<meta property=\"og:type\" content=\"article\" \/>\n<meta property=\"og:title\" content=\"Caso de abuso de menor envolvendo pai e familiares em S\u00e3o Pedro do Sul - Portal Tela Portugal\" \/>\n<meta property=\"og:description\" content=\"A Pol\u00edcia Judici\u00e1ria deteve, no cumprimento de mandados de deten\u00e7\u00e3o, dois homens de quarenta e tr\u00eas e cinquenta e cinco anos, suspeitos de abusarem sexualmente de uma menina de dezasseis anos, filha de um deles, em Viseu. O alegado abuso ocorria sempre que a filha se encontrava a s\u00f3s com o pai, na resid\u00eancia familiar, em S\u00e3o Pedro do Sul. Durante a investiga\u00e7\u00e3o, ficou ainda apurado que, noutras ocasi\u00f5es, a menor ter\u00e1 sido sujeita, por um familiar afastado, a atos sexuais. A GNR foi alertada por uma den\u00fancia e acionou a Pol\u00edcia Judici\u00e1ria para as deten\u00e7\u00f5es. Os detidos dever\u00e3o ser ouvidos em primeiro interrogat\u00f3rio judicial no Tribunal de Viseu, neste s\u00e1bado.\" \/>\n<meta property=\"og:url\" content=\"https:\/\/portaltela.pt\/noticias\/2026\/02\/20\/caso-de-abuso-de-menor-envolvendo-pai-e-familiares-em-sao-pedro-do-sul\/\" \/>\n<meta property=\"og:site_name\" content=\"Portal Tela Portugal\" \/>\n<meta property=\"article:published_time\" content=\"2026-02-20T19:18:00+00:00\" \/>\n<meta name=\"author\" content=\"Telinha\" \/>\n<meta name=\"twitter:card\" content=\"summary_large_image\" \/>\n<meta name=\"twitter:label1\" content=\"Escrito por\" \/>\n\t<meta name=\"twitter:data1\" content=\"Telinha\" \/>\n\t<meta name=\"twitter:label2\" content=\"Tempo estimado de leitura\" \/>\n\t<meta name=\"twitter:data2\" content=\"1 minuto\" \/>\n<script type=\"application\/ld+json\" class=\"yoast-schema-graph\">{\"@context\":\"https:\/\/schema.org\",\"@graph\":[{\"@type\":\"Article\",\"@id\":\"https:\/\/portaltela.pt\/noticias\/2026\/02\/20\/caso-de-abuso-de-menor-envolvendo-pai-e-familiares-em-sao-pedro-do-sul\/#article\",\"isPartOf\":{\"@id\":\"https:\/\/portaltela.pt\/noticias\/2026\/02\/20\/caso-de-abuso-de-menor-envolvendo-pai-e-familiares-em-sao-pedro-do-sul\/\"},\"author\":{\"name\":\"Telinha\",\"@id\":\"https:\/\/portaltela.pt\/#\/schema\/person\/c4278d4a6028830caff9ee44b42d32ed\"},\"headline\":\"Caso de abuso de menor envolvendo pai e familiares em S\u00e3o Pedro do Sul\",\"datePublished\":\"2026-02-20T19:18:00+00:00\",\"mainEntityOfPage\":{\"@id\":\"https:\/\/portaltela.pt\/noticias\/2026\/02\/20\/caso-de-abuso-de-menor-envolvendo-pai-e-familiares-em-sao-pedro-do-sul\/\"},\"wordCount\":216,\"image\":{\"@id\":\"https:\/\/portaltela.pt\/noticias\/2026\/02\/20\/caso-de-abuso-de-menor-envolvendo-pai-e-familiares-em-sao-pedro-do-sul\/#primaryimage\"},\"thumbnailUrl\":\"https:\/\/portaltela.pt\/s.01k8rhncp4jt1\/2026\/02\/image-1523.jpg\",\"keywords\":[\"abuso de menor dependente\",\"abuso sexual de menor dependente\",\"crime\",\"fam\u00edlia\",\"GNR\",\"Pol\u00edcia Judici\u00e1ria\"],\"articleSection\":[\"Not\u00edcias\"],\"inLanguage\":\"pt-PT\"},{\"@type\":\"WebPage\",\"@id\":\"https:\/\/portaltela.pt\/noticias\/2026\/02\/20\/caso-de-abuso-de-menor-envolvendo-pai-e-familiares-em-sao-pedro-do-sul\/\",\"url\":\"https:\/\/portaltela.pt\/noticias\/2026\/02\/20\/caso-de-abuso-de-menor-envolvendo-pai-e-familiares-em-sao-pedro-do-sul\/\",\"name\":\"Caso de abuso de menor envolvendo pai e familiares em S\u00e3o Pedro do Sul - Portal Tela Portugal\",\"isPartOf\":{\"@id\":\"https:\/\/portaltela.pt\/#website\"},\"primaryImageOfPage\":{\"@id\":\"https:\/\/portaltela.pt\/noticias\/2026\/02\/20\/caso-de-abuso-de-menor-envolvendo-pai-e-familiares-em-sao-pedro-do-sul\/#primaryimage\"},\"image\":{\"@id\":\"https:\/\/portaltela.pt\/noticias\/2026\/02\/20\/caso-de-abuso-de-menor-envolvendo-pai-e-familiares-em-sao-pedro-do-sul\/#primaryimage\"},\"thumbnailUrl\":\"https:\/\/portaltela.pt\/s.01k8rhncp4jt1\/2026\/02\/image-1523.jpg\",\"datePublished\":\"2026-02-20T19:18:00+00:00\",\"author\":{\"@id\":\"https:\/\/portaltela.pt\/#\/schema\/person\/c4278d4a6028830caff9ee44b42d32ed\"},\"breadcrumb\":{\"@id\":\"https:\/\/portaltela.pt\/noticias\/2026\/02\/20\/caso-de-abuso-de-menor-envolvendo-pai-e-familiares-em-sao-pedro-do-sul\/#breadcrumb\"},\"inLanguage\":\"pt-PT\",\"potentialAction\":[{\"@type\":\"ReadAction\",\"target\":[\"https:\/\/portaltela.pt\/noticias\/2026\/02\/20\/caso-de-abuso-de-menor-envolvendo-pai-e-familiares-em-sao-pedro-do-sul\/\"]}]},{\"@type\":\"ImageObject\",\"inLanguage\":\"pt-PT\",\"@id\":\"https:\/\/portaltela.pt\/noticias\/2026\/02\/20\/caso-de-abuso-de-menor-envolvendo-pai-e-familiares-em-sao-pedro-do-sul\/#primaryimage\",\"url\":\"https:\/\/portaltela.pt\/s.01k8rhncp4jt1\/2026\/02\/image-1523.jpg\",\"contentUrl\":\"https:\/\/portaltela.pt\/s.01k8rhncp4jt1\/2026\/02\/image-1523.jpg\",\"width\":796,\"height\":448,\"caption\":\"Judici\u00e1ria deteve pai que abusava de filha, com um familiar\"},{\"@type\":\"BreadcrumbList\",\"@id\":\"https:\/\/portaltela.pt\/noticias\/2026\/02\/20\/caso-de-abuso-de-menor-envolvendo-pai-e-familiares-em-sao-pedro-do-sul\/#breadcrumb\",\"itemListElement\":[{\"@type\":\"ListItem\",\"position\":1,\"name\":\"In\u00edcio\",\"item\":\"https:\/\/portaltela.pt\/\"},{\"@type\":\"ListItem\",\"position\":2,\"name\":\"Caso de abuso de menor envolvendo pai e familiares em S\u00e3o Pedro do Sul\"}]},{\"@type\":\"WebSite\",\"@id\":\"https:\/\/portaltela.pt\/#website\",\"url\":\"https:\/\/portaltela.pt\/\",\"name\":\"Portal Tela Portugal\",\"description\":\"\",\"potentialAction\":[{\"@type\":\"SearchAction\",\"target\":{\"@type\":\"EntryPoint\",\"urlTemplate\":\"https:\/\/portaltela.pt\/?s={search_term_string}\"},\"query-input\":{\"@type\":\"PropertyValueSpecification\",\"valueRequired\":true,\"valueName\":\"search_term_string\"}}],\"inLanguage\":\"pt-PT\"},{\"@type\":\"Person\",\"@id\":\"https:\/\/portaltela.pt\/#\/schema\/person\/c4278d4a6028830caff9ee44b42d32ed\",\"name\":\"Telinha\",\"image\":{\"@type\":\"ImageObject\",\"inLanguage\":\"pt-PT\",\"@id\":\"https:\/\/portaltela.pt\/s.01k8rhncp4jt1\/2025\/11\/talking-bot-125x125.png\",\"url\":\"https:\/\/portaltela.pt\/s.01k8rhncp4jt1\/2025\/11\/talking-bot-125x125.png\",\"contentUrl\":\"https:\/\/portaltela.pt\/s.01k8rhncp4jt1\/2025\/11\/talking-bot-125x125.png\",\"caption\":\"Telinha\"},\"sameAs\":[\"https:\/\/portaltela.pt\/\"],\"url\":\"https:\/\/portaltela.pt\/por\/367410592786\/\"}]}<\/script>\n<!-- \/ Yoast SEO plugin. -->","yoast_head_json":{"title":"Caso de abuso de menor envolvendo pai e familiares em S\u00e3o Pedro do Sul - Portal Tela Portugal","robots":{"index":"index","follow":"follow","max-snippet":"max-snippet:-1","max-image-preview":"max-image-preview:large","max-video-preview":"max-video-preview:-1"},"og_locale":"pt_PT","og_type":"article","og_title":"Caso de abuso de menor envolvendo pai e familiares em S\u00e3o Pedro do Sul - Portal Tela Portugal","og_description":"A Pol\u00edcia Judici\u00e1ria deteve, no cumprimento de mandados de deten\u00e7\u00e3o, dois homens de quarenta e tr\u00eas e cinquenta e cinco anos, suspeitos de abusarem sexualmente de uma menina de dezasseis anos, filha de um deles, em Viseu. O alegado abuso ocorria sempre que a filha se encontrava a s\u00f3s com o pai, na resid\u00eancia familiar, em S\u00e3o Pedro do Sul. Durante a investiga\u00e7\u00e3o, ficou ainda apurado que, noutras ocasi\u00f5es, a menor ter\u00e1 sido sujeita, por um familiar afastado, a atos sexuais. A GNR foi alertada por uma den\u00fancia e acionou a Pol\u00edcia Judici\u00e1ria para as deten\u00e7\u00f5es. Os detidos dever\u00e3o ser ouvidos em primeiro interrogat\u00f3rio judicial no Tribunal de Viseu, neste s\u00e1bado.","og_url":"https:\/\/portaltela.pt\/noticias\/2026\/02\/20\/caso-de-abuso-de-menor-envolvendo-pai-e-familiares-em-sao-pedro-do-sul\/","og_site_name":"Portal Tela Portugal","article_published_time":"2026-02-20T19:18:00+00:00","author":"Telinha","twitter_card":"summary_large_image","twitter_misc":{"Escrito por":"Telinha","Tempo estimado de leitura":"1 minuto"},"schema":{"@context":"https:\/\/schema.org","@graph":[{"@type":"Article","@id":"https:\/\/portaltela.pt\/noticias\/2026\/02\/20\/caso-de-abuso-de-menor-envolvendo-pai-e-familiares-em-sao-pedro-do-sul\/#article","isPartOf":{"@id":"https:\/\/portaltela.pt\/noticias\/2026\/02\/20\/caso-de-abuso-de-menor-envolvendo-pai-e-familiares-em-sao-pedro-do-sul\/"},"author":{"name":"Telinha","@id":"https:\/\/portaltela.pt\/#\/schema\/person\/c4278d4a6028830caff9ee44b42d32ed"},"headline":"Caso de abuso de menor envolvendo pai e familiares em S\u00e3o Pedro do Sul","datePublished":"2026-02-20T19:18:00+00:00","mainEntityOfPage":{"@id":"https:\/\/portaltela.pt\/noticias\/2026\/02\/20\/caso-de-abuso-de-menor-envolvendo-pai-e-familiares-em-sao-pedro-do-sul\/"},"wordCount":216,"image":{"@id":"https:\/\/portaltela.pt\/noticias\/2026\/02\/20\/caso-de-abuso-de-menor-envolvendo-pai-e-familiares-em-sao-pedro-do-sul\/#primaryimage"},"thumbnailUrl":"https:\/\/portaltela.pt\/s.01k8rhncp4jt1\/2026\/02\/image-1523.jpg","keywords":["abuso de menor dependente","abuso sexual de menor dependente","crime","fam\u00edlia","GNR","Pol\u00edcia Judici\u00e1ria"],"articleSection":["Not\u00edcias"],"inLanguage":"pt-PT"},{"@type":"WebPage","@id":"https:\/\/portaltela.pt\/noticias\/2026\/02\/20\/caso-de-abuso-de-menor-envolvendo-pai-e-familiares-em-sao-pedro-do-sul\/","url":"https:\/\/portaltela.pt\/noticias\/2026\/02\/20\/caso-de-abuso-de-menor-envolvendo-pai-e-familiares-em-sao-pedro-do-sul\/","name":"Caso de abuso de menor envolvendo pai e familiares em S\u00e3o Pedro do Sul - Portal Tela Portugal","isPartOf":{"@id":"https:\/\/portaltela.pt\/#website"},"primaryImageOfPage":{"@id":"https:\/\/portaltela.pt\/noticias\/2026\/02\/20\/caso-de-abuso-de-menor-envolvendo-pai-e-familiares-em-sao-pedro-do-sul\/#primaryimage"},"image":{"@id":"https:\/\/portaltela.pt\/noticias\/2026\/02\/20\/caso-de-abuso-de-menor-envolvendo-pai-e-familiares-em-sao-pedro-do-sul\/#primaryimage"},"thumbnailUrl":"https:\/\/portaltela.pt\/s.01k8rhncp4jt1\/2026\/02\/image-1523.jpg","datePublished":"2026-02-20T19:18:00+00:00","author":{"@id":"https:\/\/portaltela.pt\/#\/schema\/person\/c4278d4a6028830caff9ee44b42d32ed"},"breadcrumb":{"@id":"https:\/\/portaltela.pt\/noticias\/2026\/02\/20\/caso-de-abuso-de-menor-envolvendo-pai-e-familiares-em-sao-pedro-do-sul\/#breadcrumb"},"inLanguage":"pt-PT","potentialAction":[{"@type":"ReadAction","target":["https:\/\/portaltela.pt\/noticias\/2026\/02\/20\/caso-de-abuso-de-menor-envolvendo-pai-e-familiares-em-sao-pedro-do-sul\/"]}]},{"@type":"ImageObject","inLanguage":"pt-PT","@id":"https:\/\/portaltela.pt\/noticias\/2026\/02\/20\/caso-de-abuso-de-menor-envolvendo-pai-e-familiares-em-sao-pedro-do-sul\/#primaryimage","url":"https:\/\/portaltela.pt\/s.01k8rhncp4jt1\/2026\/02\/image-1523.jpg","contentUrl":"https:\/\/portaltela.pt\/s.01k8rhncp4jt1\/2026\/02\/image-1523.jpg","width":796,"height":448,"caption":"Judici\u00e1ria deteve pai que abusava de filha, com um familiar"},{"@type":"BreadcrumbList","@id":"https:\/\/portaltela.pt\/noticias\/2026\/02\/20\/caso-de-abuso-de-menor-envolvendo-pai-e-familiares-em-sao-pedro-do-sul\/#breadcrumb","itemListElement":[{"@type":"ListItem","position":1,"name":"In\u00edcio","item":"https:\/\/portaltela.pt\/"},{"@type":"ListItem","position":2,"name":"Caso de abuso de menor envolvendo pai e familiares em S\u00e3o Pedro do Sul"}]},{"@type":"WebSite","@id":"https:\/\/portaltela.pt\/#website","url":"https:\/\/portaltela.pt\/","name":"Portal Tela Portugal","description":"","potentialAction":[{"@type":"SearchAction","target":{"@type":"EntryPoint","urlTemplate":"https:\/\/portaltela.pt\/?s={search_term_string}"},"query-input":{"@type":"PropertyValueSpecification","valueRequired":true,"valueName":"search_term_string"}}],"inLanguage":"pt-PT"},{"@type":"Person","@id":"https:\/\/portaltela.pt\/#\/schema\/person\/c4278d4a6028830caff9ee44b42d32ed","name":"Telinha","image":{"@type":"ImageObject","inLanguage":"pt-PT","@id":"https:\/\/portaltela.pt\/s.01k8rhncp4jt1\/2025\/11\/talking-bot-125x125.png","url":"https:\/\/portaltela.pt\/s.01k8rhncp4jt1\/2025\/11\/talking-bot-125x125.png","contentUrl":"https:\/\/portaltela.pt\/s.01k8rhncp4jt1\/2025\/11\/talking-bot-125x125.png","caption":"Telinha"},"sameAs":["https:\/\/portaltela.pt\/"],"url":"https:\/\/portaltela.pt\/por\/367410592786\/"}]}},"_links":{"self":[{"href":"https:\/\/portaltela.pt\/api\/wp\/v2\/posts\/219809","targetHints":{"allow":["GET"]}}],"collection":[{"href":"https:\/\/portaltela.pt\/api\/wp\/v2\/posts"}],"about":[{"href":"https:\/\/portaltela.pt\/api\/wp\/v2\/types\/post"}],"author":[{"embeddable":true,"href":"https:\/\/portaltela.pt\/api\/wp\/v2\/users\/2"}],"replies":[{"embeddable":true,"href":"https:\/\/portaltela.pt\/api\/wp\/v2\/comments?post=219809"}],"version-history":[{"count":0,"href":"https:\/\/portaltela.pt\/api\/wp\/v2\/posts\/219809\/revisions"}],"wp:featuredmedia":[{"embeddable":true,"href":"https:\/\/portaltela.pt\/api\/wp\/v2\/media\/219815"}],"wp:attachment":[{"href":"https:\/\/portaltela.pt\/api\/wp\/v2\/media?parent=219809"}],"wp:term":[{"taxonomy":"category","embeddable":true,"href":"https:\/\/portaltela.pt\/api\/wp\/v2\/categories?post=219809"},{"taxonomy":"post_tag","embeddable":true,"href":"https:\/\/portaltela.pt\/api\/wp\/v2\/tags?post=219809"}],"curies":[{"name":"wp","href":"https:\/\/api.w.org\/{rel}","templated":true}]}}