{"id":219789,"date":"2026-02-20T16:12:37","date_gmt":"2026-02-20T19:12:37","guid":{"rendered":"https:\/\/portaltela.pt\/noticias\/2026\/02\/20\/candido-barbosa-anteve-regresso-de-viseu-a-volta-a-portugal-em-breve\/"},"modified":"2026-02-20T16:12:37","modified_gmt":"2026-02-20T19:12:37","slug":"candido-barbosa-anteve-regresso-de-viseu-a-volta-a-portugal-em-breve","status":"publish","type":"post","link":"https:\/\/portaltela.pt\/desporto\/2026\/02\/20\/candido-barbosa-anteve-regresso-de-viseu-a-volta-a-portugal-em-breve\/","title":{"rendered":"C\u00e2ndido Barbosa antev\u00ea regresso de Viseu \u00e0 Volta a Portugal em breve"},"content":{"rendered":"<p>A Volta a Portugal de 2026 n\u00e3o ir\u00e1 passar pela cidade de Viseu, encerrando assim 24 presen\u00e7as consecutivas entre partidas, etapas finais e a corrida. A decis\u00e3o foi tomada pela organiza\u00e7\u00e3o da prova, em conson\u00e2ncia com a C\u00e2mara Municipal.<\/p>\n<p>Segundo o presidente da C\u00e2mara de Viseu, Jo\u00e3o Azevedo, o executivo abdica de apostar em provas de ciclismo em 2026 e nunca foi contactado para reintroduzir a caravana no percurso da Grand\u00edssima. A confirma\u00e7\u00e3o surge na mesma altura em que se anuncia o regresso do Rali de Portugal ao concelho beir\u00e3o em 2027.<\/p>\n<p>C\u00e2ndido Barbosa, presidente da Federa\u00e7\u00e3o Portuguesa de Ciclismo, respeita a decis\u00e3o, mantendo o foco em outras op\u00e7\u00f5es para o calend\u00e1rio nacional. A not\u00edcia foi publicada pelo jornal Record, que ainda aponta que a cidade deixa de receber a caravana ap\u00f3s 24 eventos realizados na \u00faltima d\u00e9cada.<\/p>\n","protected":false},"excerpt":{"rendered":"<ul>\n<li>Viseu n\u00e3o vai receber a caravana da Volta a Portugal em 2026, ap\u00f3s vinte e quatro presen\u00e7as consecutivas.<\/li>\n<li>A decis\u00e3o coincide com o an\u00fancio do Rali de Portugal no concelho beir\u00e3o em 2027.<\/li>\n<li>O presidente da C\u00e2mara Municipal de Viseu, Jo\u00e3o Azevedo, afirmou que o executivo abdica da aposta em provas de ciclismo.<\/li>\n<li>N\u00e3o houve contacto para voltar a integrar o percurso da Grand\u00edssima.<\/li>\n<li>C\u00e2ndido Barbosa, presidente da Federa\u00e7\u00e3o Portuguesa de Ciclismo, disse que respeita a decis\u00e3o da autarquia.<\/li>\n<\/ul>\n","protected":false},"author":2,"featured_media":219790,"comment_status":"closed","ping_status":"closed","sticky":false,"template":"","format":"standard","meta":{"footnotes":""},"categories":[21],"tags":[5443,923,152,1898,1014,1171],"class_list":["post-219789","post","type-post","status-publish","format-standard","has-post-thumbnail","hentry","category-desporto","tag-a-camara-municipal","tag-ciclismo","tag-desporto","tag-federacao-portuguesa-de-ciclismo","tag-portugal","tag-viseu"],"yoast_head":"<!-- This site is optimized with the Yoast SEO plugin v27.2 - https:\/\/yoast.com\/product\/yoast-seo-wordpress\/ -->\n<title>C\u00e2ndido Barbosa antev\u00ea regresso de Viseu \u00e0 Volta a Portugal em breve - Portal Tela Portugal<\/title>\n<meta name=\"robots\" content=\"index, follow, max-snippet:-1, max-image-preview:large, max-video-preview:-1\" \/>\n<meta property=\"og:locale\" content=\"pt_PT\" \/>\n<meta property=\"og:type\" content=\"article\" \/>\n<meta property=\"og:title\" content=\"C\u00e2ndido Barbosa antev\u00ea regresso de Viseu \u00e0 Volta a Portugal em breve - Portal Tela Portugal\" \/>\n<meta property=\"og:description\" content=\"Viseu n\u00e3o vai receber a caravana da Volta a Portugal em 2026, ap\u00f3s vinte e quatro presen\u00e7as consecutivas. A decis\u00e3o coincide com o an\u00fancio do Rali de Portugal no concelho beir\u00e3o em 2027. O presidente da C\u00e2mara Municipal de Viseu, Jo\u00e3o Azevedo, afirmou que o executivo abdica da aposta em provas de ciclismo. N\u00e3o houve contacto para voltar a integrar o percurso da Grand\u00edssima. C\u00e2ndido Barbosa, presidente da Federa\u00e7\u00e3o Portuguesa de Ciclismo, disse que respeita a decis\u00e3o da autarquia.\" \/>\n<meta property=\"og:url\" content=\"https:\/\/portaltela.pt\/noticias\/2026\/02\/20\/candido-barbosa-anteve-regresso-de-viseu-a-volta-a-portugal-em-breve\/\" \/>\n<meta property=\"og:site_name\" content=\"Portal Tela Portugal\" \/>\n<meta property=\"article:published_time\" content=\"2026-02-20T19:12:37+00:00\" \/>\n<meta name=\"author\" content=\"Telinha\" \/>\n<meta name=\"twitter:card\" content=\"summary_large_image\" \/>\n<meta name=\"twitter:label1\" content=\"Escrito por\" \/>\n\t<meta name=\"twitter:data1\" content=\"Telinha\" \/>\n\t<meta name=\"twitter:label2\" content=\"Tempo estimado de leitura\" \/>\n\t<meta name=\"twitter:data2\" content=\"1 minuto\" \/>\n<script type=\"application\/ld+json\" class=\"yoast-schema-graph\">{\"@context\":\"https:\/\/schema.org\",\"@graph\":[{\"@type\":\"Article\",\"@id\":\"https:\/\/portaltela.pt\/noticias\/2026\/02\/20\/candido-barbosa-anteve-regresso-de-viseu-a-volta-a-portugal-em-breve\/#article\",\"isPartOf\":{\"@id\":\"https:\/\/portaltela.pt\/noticias\/2026\/02\/20\/candido-barbosa-anteve-regresso-de-viseu-a-volta-a-portugal-em-breve\/\"},\"author\":{\"name\":\"Telinha\",\"@id\":\"https:\/\/portaltela.pt\/#\/schema\/person\/c4278d4a6028830caff9ee44b42d32ed\"},\"headline\":\"C\u00e2ndido Barbosa antev\u00ea regresso de Viseu \u00e0 Volta a Portugal em breve\",\"datePublished\":\"2026-02-20T19:12:37+00:00\",\"mainEntityOfPage\":{\"@id\":\"https:\/\/portaltela.pt\/noticias\/2026\/02\/20\/candido-barbosa-anteve-regresso-de-viseu-a-volta-a-portugal-em-breve\/\"},\"wordCount\":164,\"image\":{\"@id\":\"https:\/\/portaltela.pt\/noticias\/2026\/02\/20\/candido-barbosa-anteve-regresso-de-viseu-a-volta-a-portugal-em-breve\/#primaryimage\"},\"thumbnailUrl\":\"https:\/\/portaltela.pt\/s.01k8rhncp4jt1\/2026\/02\/img_920x518uu2026-02-20-19-08-59-2422772.jpg\",\"keywords\":[\"A C\u00e2mara Municipal\",\"ciclismo\",\"desporto\",\"Federa\u00e7\u00e3o Portuguesa de Ciclismo\",\"Portugal\",\"Viseu\"],\"articleSection\":[\"Desporto\"],\"inLanguage\":\"pt-PT\"},{\"@type\":\"WebPage\",\"@id\":\"https:\/\/portaltela.pt\/noticias\/2026\/02\/20\/candido-barbosa-anteve-regresso-de-viseu-a-volta-a-portugal-em-breve\/\",\"url\":\"https:\/\/portaltela.pt\/noticias\/2026\/02\/20\/candido-barbosa-anteve-regresso-de-viseu-a-volta-a-portugal-em-breve\/\",\"name\":\"C\u00e2ndido Barbosa antev\u00ea regresso de Viseu \u00e0 Volta a Portugal em breve - Portal Tela Portugal\",\"isPartOf\":{\"@id\":\"https:\/\/portaltela.pt\/#website\"},\"primaryImageOfPage\":{\"@id\":\"https:\/\/portaltela.pt\/noticias\/2026\/02\/20\/candido-barbosa-anteve-regresso-de-viseu-a-volta-a-portugal-em-breve\/#primaryimage\"},\"image\":{\"@id\":\"https:\/\/portaltela.pt\/noticias\/2026\/02\/20\/candido-barbosa-anteve-regresso-de-viseu-a-volta-a-portugal-em-breve\/#primaryimage\"},\"thumbnailUrl\":\"https:\/\/portaltela.pt\/s.01k8rhncp4jt1\/2026\/02\/img_920x518uu2026-02-20-19-08-59-2422772.jpg\",\"datePublished\":\"2026-02-20T19:12:37+00:00\",\"author\":{\"@id\":\"https:\/\/portaltela.pt\/#\/schema\/person\/c4278d4a6028830caff9ee44b42d32ed\"},\"breadcrumb\":{\"@id\":\"https:\/\/portaltela.pt\/noticias\/2026\/02\/20\/candido-barbosa-anteve-regresso-de-viseu-a-volta-a-portugal-em-breve\/#breadcrumb\"},\"inLanguage\":\"pt-PT\",\"potentialAction\":[{\"@type\":\"ReadAction\",\"target\":[\"https:\/\/portaltela.pt\/noticias\/2026\/02\/20\/candido-barbosa-anteve-regresso-de-viseu-a-volta-a-portugal-em-breve\/\"]}]},{\"@type\":\"ImageObject\",\"inLanguage\":\"pt-PT\",\"@id\":\"https:\/\/portaltela.pt\/noticias\/2026\/02\/20\/candido-barbosa-anteve-regresso-de-viseu-a-volta-a-portugal-em-breve\/#primaryimage\",\"url\":\"https:\/\/portaltela.pt\/s.01k8rhncp4jt1\/2026\/02\/img_920x518uu2026-02-20-19-08-59-2422772.jpg\",\"contentUrl\":\"https:\/\/portaltela.pt\/s.01k8rhncp4jt1\/2026\/02\/img_920x518uu2026-02-20-19-08-59-2422772.jpg\",\"width\":796,\"height\":448,\"caption\":\"C\u00e2ndido Barbosa, presidente da Federa\u00e7\u00e3o Portuguesa de Ciclismo\"},{\"@type\":\"BreadcrumbList\",\"@id\":\"https:\/\/portaltela.pt\/noticias\/2026\/02\/20\/candido-barbosa-anteve-regresso-de-viseu-a-volta-a-portugal-em-breve\/#breadcrumb\",\"itemListElement\":[{\"@type\":\"ListItem\",\"position\":1,\"name\":\"In\u00edcio\",\"item\":\"https:\/\/portaltela.pt\/\"},{\"@type\":\"ListItem\",\"position\":2,\"name\":\"C\u00e2ndido Barbosa antev\u00ea regresso de Viseu \u00e0 Volta a Portugal em breve\"}]},{\"@type\":\"WebSite\",\"@id\":\"https:\/\/portaltela.pt\/#website\",\"url\":\"https:\/\/portaltela.pt\/\",\"name\":\"Portal Tela Portugal\",\"description\":\"\",\"potentialAction\":[{\"@type\":\"SearchAction\",\"target\":{\"@type\":\"EntryPoint\",\"urlTemplate\":\"https:\/\/portaltela.pt\/?s={search_term_string}\"},\"query-input\":{\"@type\":\"PropertyValueSpecification\",\"valueRequired\":true,\"valueName\":\"search_term_string\"}}],\"inLanguage\":\"pt-PT\"},{\"@type\":\"Person\",\"@id\":\"https:\/\/portaltela.pt\/#\/schema\/person\/c4278d4a6028830caff9ee44b42d32ed\",\"name\":\"Telinha\",\"image\":{\"@type\":\"ImageObject\",\"inLanguage\":\"pt-PT\",\"@id\":\"https:\/\/portaltela.pt\/s.01k8rhncp4jt1\/2025\/11\/talking-bot-125x125.png\",\"url\":\"https:\/\/portaltela.pt\/s.01k8rhncp4jt1\/2025\/11\/talking-bot-125x125.png\",\"contentUrl\":\"https:\/\/portaltela.pt\/s.01k8rhncp4jt1\/2025\/11\/talking-bot-125x125.png\",\"caption\":\"Telinha\"},\"sameAs\":[\"https:\/\/portaltela.pt\/\"],\"url\":\"https:\/\/portaltela.pt\/por\/367410592786\/\"}]}<\/script>\n<!-- \/ Yoast SEO plugin. -->","yoast_head_json":{"title":"C\u00e2ndido Barbosa antev\u00ea regresso de Viseu \u00e0 Volta a Portugal em breve - Portal Tela Portugal","robots":{"index":"index","follow":"follow","max-snippet":"max-snippet:-1","max-image-preview":"max-image-preview:large","max-video-preview":"max-video-preview:-1"},"og_locale":"pt_PT","og_type":"article","og_title":"C\u00e2ndido Barbosa antev\u00ea regresso de Viseu \u00e0 Volta a Portugal em breve - Portal Tela Portugal","og_description":"Viseu n\u00e3o vai receber a caravana da Volta a Portugal em 2026, ap\u00f3s vinte e quatro presen\u00e7as consecutivas. A decis\u00e3o coincide com o an\u00fancio do Rali de Portugal no concelho beir\u00e3o em 2027. O presidente da C\u00e2mara Municipal de Viseu, Jo\u00e3o Azevedo, afirmou que o executivo abdica da aposta em provas de ciclismo. N\u00e3o houve contacto para voltar a integrar o percurso da Grand\u00edssima. C\u00e2ndido Barbosa, presidente da Federa\u00e7\u00e3o Portuguesa de Ciclismo, disse que respeita a decis\u00e3o da autarquia.","og_url":"https:\/\/portaltela.pt\/noticias\/2026\/02\/20\/candido-barbosa-anteve-regresso-de-viseu-a-volta-a-portugal-em-breve\/","og_site_name":"Portal Tela Portugal","article_published_time":"2026-02-20T19:12:37+00:00","author":"Telinha","twitter_card":"summary_large_image","twitter_misc":{"Escrito por":"Telinha","Tempo estimado de leitura":"1 minuto"},"schema":{"@context":"https:\/\/schema.org","@graph":[{"@type":"Article","@id":"https:\/\/portaltela.pt\/noticias\/2026\/02\/20\/candido-barbosa-anteve-regresso-de-viseu-a-volta-a-portugal-em-breve\/#article","isPartOf":{"@id":"https:\/\/portaltela.pt\/noticias\/2026\/02\/20\/candido-barbosa-anteve-regresso-de-viseu-a-volta-a-portugal-em-breve\/"},"author":{"name":"Telinha","@id":"https:\/\/portaltela.pt\/#\/schema\/person\/c4278d4a6028830caff9ee44b42d32ed"},"headline":"C\u00e2ndido Barbosa antev\u00ea regresso de Viseu \u00e0 Volta a Portugal em breve","datePublished":"2026-02-20T19:12:37+00:00","mainEntityOfPage":{"@id":"https:\/\/portaltela.pt\/noticias\/2026\/02\/20\/candido-barbosa-anteve-regresso-de-viseu-a-volta-a-portugal-em-breve\/"},"wordCount":164,"image":{"@id":"https:\/\/portaltela.pt\/noticias\/2026\/02\/20\/candido-barbosa-anteve-regresso-de-viseu-a-volta-a-portugal-em-breve\/#primaryimage"},"thumbnailUrl":"https:\/\/portaltela.pt\/s.01k8rhncp4jt1\/2026\/02\/img_920x518uu2026-02-20-19-08-59-2422772.jpg","keywords":["A C\u00e2mara Municipal","ciclismo","desporto","Federa\u00e7\u00e3o Portuguesa de Ciclismo","Portugal","Viseu"],"articleSection":["Desporto"],"inLanguage":"pt-PT"},{"@type":"WebPage","@id":"https:\/\/portaltela.pt\/noticias\/2026\/02\/20\/candido-barbosa-anteve-regresso-de-viseu-a-volta-a-portugal-em-breve\/","url":"https:\/\/portaltela.pt\/noticias\/2026\/02\/20\/candido-barbosa-anteve-regresso-de-viseu-a-volta-a-portugal-em-breve\/","name":"C\u00e2ndido Barbosa antev\u00ea regresso de Viseu \u00e0 Volta a Portugal em breve - Portal Tela Portugal","isPartOf":{"@id":"https:\/\/portaltela.pt\/#website"},"primaryImageOfPage":{"@id":"https:\/\/portaltela.pt\/noticias\/2026\/02\/20\/candido-barbosa-anteve-regresso-de-viseu-a-volta-a-portugal-em-breve\/#primaryimage"},"image":{"@id":"https:\/\/portaltela.pt\/noticias\/2026\/02\/20\/candido-barbosa-anteve-regresso-de-viseu-a-volta-a-portugal-em-breve\/#primaryimage"},"thumbnailUrl":"https:\/\/portaltela.pt\/s.01k8rhncp4jt1\/2026\/02\/img_920x518uu2026-02-20-19-08-59-2422772.jpg","datePublished":"2026-02-20T19:12:37+00:00","author":{"@id":"https:\/\/portaltela.pt\/#\/schema\/person\/c4278d4a6028830caff9ee44b42d32ed"},"breadcrumb":{"@id":"https:\/\/portaltela.pt\/noticias\/2026\/02\/20\/candido-barbosa-anteve-regresso-de-viseu-a-volta-a-portugal-em-breve\/#breadcrumb"},"inLanguage":"pt-PT","potentialAction":[{"@type":"ReadAction","target":["https:\/\/portaltela.pt\/noticias\/2026\/02\/20\/candido-barbosa-anteve-regresso-de-viseu-a-volta-a-portugal-em-breve\/"]}]},{"@type":"ImageObject","inLanguage":"pt-PT","@id":"https:\/\/portaltela.pt\/noticias\/2026\/02\/20\/candido-barbosa-anteve-regresso-de-viseu-a-volta-a-portugal-em-breve\/#primaryimage","url":"https:\/\/portaltela.pt\/s.01k8rhncp4jt1\/2026\/02\/img_920x518uu2026-02-20-19-08-59-2422772.jpg","contentUrl":"https:\/\/portaltela.pt\/s.01k8rhncp4jt1\/2026\/02\/img_920x518uu2026-02-20-19-08-59-2422772.jpg","width":796,"height":448,"caption":"C\u00e2ndido Barbosa, presidente da Federa\u00e7\u00e3o Portuguesa de Ciclismo"},{"@type":"BreadcrumbList","@id":"https:\/\/portaltela.pt\/noticias\/2026\/02\/20\/candido-barbosa-anteve-regresso-de-viseu-a-volta-a-portugal-em-breve\/#breadcrumb","itemListElement":[{"@type":"ListItem","position":1,"name":"In\u00edcio","item":"https:\/\/portaltela.pt\/"},{"@type":"ListItem","position":2,"name":"C\u00e2ndido Barbosa antev\u00ea regresso de Viseu \u00e0 Volta a Portugal em breve"}]},{"@type":"WebSite","@id":"https:\/\/portaltela.pt\/#website","url":"https:\/\/portaltela.pt\/","name":"Portal Tela Portugal","description":"","potentialAction":[{"@type":"SearchAction","target":{"@type":"EntryPoint","urlTemplate":"https:\/\/portaltela.pt\/?s={search_term_string}"},"query-input":{"@type":"PropertyValueSpecification","valueRequired":true,"valueName":"search_term_string"}}],"inLanguage":"pt-PT"},{"@type":"Person","@id":"https:\/\/portaltela.pt\/#\/schema\/person\/c4278d4a6028830caff9ee44b42d32ed","name":"Telinha","image":{"@type":"ImageObject","inLanguage":"pt-PT","@id":"https:\/\/portaltela.pt\/s.01k8rhncp4jt1\/2025\/11\/talking-bot-125x125.png","url":"https:\/\/portaltela.pt\/s.01k8rhncp4jt1\/2025\/11\/talking-bot-125x125.png","contentUrl":"https:\/\/portaltela.pt\/s.01k8rhncp4jt1\/2025\/11\/talking-bot-125x125.png","caption":"Telinha"},"sameAs":["https:\/\/portaltela.pt\/"],"url":"https:\/\/portaltela.pt\/por\/367410592786\/"}]}},"_links":{"self":[{"href":"https:\/\/portaltela.pt\/api\/wp\/v2\/posts\/219789","targetHints":{"allow":["GET"]}}],"collection":[{"href":"https:\/\/portaltela.pt\/api\/wp\/v2\/posts"}],"about":[{"href":"https:\/\/portaltela.pt\/api\/wp\/v2\/types\/post"}],"author":[{"embeddable":true,"href":"https:\/\/portaltela.pt\/api\/wp\/v2\/users\/2"}],"replies":[{"embeddable":true,"href":"https:\/\/portaltela.pt\/api\/wp\/v2\/comments?post=219789"}],"version-history":[{"count":0,"href":"https:\/\/portaltela.pt\/api\/wp\/v2\/posts\/219789\/revisions"}],"wp:featuredmedia":[{"embeddable":true,"href":"https:\/\/portaltela.pt\/api\/wp\/v2\/media\/219790"}],"wp:attachment":[{"href":"https:\/\/portaltela.pt\/api\/wp\/v2\/media?parent=219789"}],"wp:term":[{"taxonomy":"category","embeddable":true,"href":"https:\/\/portaltela.pt\/api\/wp\/v2\/categories?post=219789"},{"taxonomy":"post_tag","embeddable":true,"href":"https:\/\/portaltela.pt\/api\/wp\/v2\/tags?post=219789"}],"curies":[{"name":"wp","href":"https:\/\/api.w.org\/{rel}","templated":true}]}}