{"id":219784,"date":"2026-02-20T14:18:00","date_gmt":"2026-02-20T17:18:00","guid":{"rendered":"https:\/\/portaltela.pt\/noticias\/2026\/02\/20\/62-dos-portugueses-usa-ia-generativa-aponta-estudo\/"},"modified":"2026-02-20T14:18:00","modified_gmt":"2026-02-20T17:18:00","slug":"62-dos-portugueses-usa-ia-generativa-aponta-estudo","status":"publish","type":"post","link":"https:\/\/portaltela.pt\/noticias\/2026\/02\/20\/62-dos-portugueses-usa-ia-generativa-aponta-estudo\/","title":{"rendered":"62% dos portugueses usa IA generativa, aponta estudo"},"content":{"rendered":"<p>Cerca de 62% dos portugueses utiliza intelig\u00eancia artificial generativa, segundo um estudo divulgado pela ag\u00eancia Lusa. A conclus\u00e3o aponta para uma ado\u00e7\u00e3o consider\u00e1vel desta tecnologia no territ\u00f3rio nacional.<\/p>\n<p>O levantamento evidencia que a utiliza\u00e7\u00e3o abrange v\u00e1rias faixas et\u00e1rias e contextos, tendo como objetivo facilitar tarefas di\u00e1rias e profissionais. Os dados totais, contudo, n\u00e3o foram detalhados no resumo dispon\u00edvel.<\/p>\n<p>A not\u00edcia refor\u00e7a a tend\u00eancia de aumento do uso de IA generativa em Portugal, com impacto potencial em setores como educa\u00e7\u00e3o, trabalho e servi\u00e7os digitais.<\/p>\n","protected":false},"excerpt":{"rendered":"<ul>\n<li>Cerca de 62% dos portugueses utiliza intelig\u00eancia artificial generativa.<\/li>\n<li>A not\u00edcia original est\u00e1 dispon\u00edvel apenas para subscritores.<\/li>\n<li>A informa\u00e7\u00e3o \u00e9 reportada pela ag\u00eancia Lusa.<\/li>\n<li>A imagem associada \u00e0 not\u00edcia divulga o t\u00edtulo: \u201cCerca de 62% dos portugueses usa intelig\u00eancia artificial generativa\u201d.<\/li>\n<\/ul>\n","protected":false},"author":2,"featured_media":219787,"comment_status":"closed","ping_status":"closed","sticky":false,"template":"","format":"standard","meta":{"footnotes":""},"categories":[1],"tags":[163,33,51,1014,5473,153],"class_list":["post-219784","post","type-post","status-publish","format-standard","has-post-thumbnail","hentry","category-noticias","tag-educacao","tag-inovacao","tag-inteligencia-artificial","tag-portugal","tag-servicos-digitais","tag-tecnologia"],"yoast_head":"<!-- This site is optimized with the Yoast SEO plugin v27.2 - https:\/\/yoast.com\/product\/yoast-seo-wordpress\/ -->\n<title>62% dos portugueses usa IA generativa, aponta estudo - Portal Tela Portugal<\/title>\n<meta name=\"robots\" content=\"index, follow, max-snippet:-1, max-image-preview:large, max-video-preview:-1\" \/>\n<meta property=\"og:locale\" content=\"pt_PT\" \/>\n<meta property=\"og:type\" content=\"article\" \/>\n<meta property=\"og:title\" content=\"62% dos portugueses usa IA generativa, aponta estudo - Portal Tela Portugal\" \/>\n<meta property=\"og:description\" content=\"Cerca de 62% dos portugueses utiliza intelig\u00eancia artificial generativa. A not\u00edcia original est\u00e1 dispon\u00edvel apenas para subscritores. A informa\u00e7\u00e3o \u00e9 reportada pela ag\u00eancia Lusa. A imagem associada \u00e0 not\u00edcia divulga o t\u00edtulo: \u201cCerca de 62% dos portugueses usa intelig\u00eancia artificial generativa\u201d.\" \/>\n<meta property=\"og:url\" content=\"https:\/\/portaltela.pt\/noticias\/2026\/02\/20\/62-dos-portugueses-usa-ia-generativa-aponta-estudo\/\" \/>\n<meta property=\"og:site_name\" content=\"Portal Tela Portugal\" \/>\n<meta property=\"article:published_time\" content=\"2026-02-20T17:18:00+00:00\" \/>\n<meta name=\"author\" content=\"Telinha\" \/>\n<meta name=\"twitter:card\" content=\"summary_large_image\" \/>\n<meta name=\"twitter:label1\" content=\"Escrito por\" \/>\n\t<meta name=\"twitter:data1\" content=\"Telinha\" \/>\n<script type=\"application\/ld+json\" class=\"yoast-schema-graph\">{\"@context\":\"https:\/\/schema.org\",\"@graph\":[{\"@type\":\"Article\",\"@id\":\"https:\/\/portaltela.pt\/noticias\/2026\/02\/20\/62-dos-portugueses-usa-ia-generativa-aponta-estudo\/#article\",\"isPartOf\":{\"@id\":\"https:\/\/portaltela.pt\/noticias\/2026\/02\/20\/62-dos-portugueses-usa-ia-generativa-aponta-estudo\/\"},\"author\":{\"name\":\"Telinha\",\"@id\":\"https:\/\/portaltela.pt\/#\/schema\/person\/c4278d4a6028830caff9ee44b42d32ed\"},\"headline\":\"62% dos portugueses usa IA generativa, aponta estudo\",\"datePublished\":\"2026-02-20T17:18:00+00:00\",\"mainEntityOfPage\":{\"@id\":\"https:\/\/portaltela.pt\/noticias\/2026\/02\/20\/62-dos-portugueses-usa-ia-generativa-aponta-estudo\/\"},\"wordCount\":106,\"image\":{\"@id\":\"https:\/\/portaltela.pt\/noticias\/2026\/02\/20\/62-dos-portugueses-usa-ia-generativa-aponta-estudo\/#primaryimage\"},\"thumbnailUrl\":\"https:\/\/portaltela.pt\/s.01k8rhncp4jt1\/2026\/02\/CACHE_780X1200_ANALOG_WATERMARKED_45950527_260431614572567-1.jpg\",\"keywords\":[\"educa\u00e7\u00e3o\",\"inova\u00e7\u00e3o\",\"intelig\u00eancia artificial\",\"Portugal\",\"servi\u00e7os digitais\",\"tecnologia\"],\"articleSection\":[\"Not\u00edcias\"],\"inLanguage\":\"pt-PT\"},{\"@type\":\"WebPage\",\"@id\":\"https:\/\/portaltela.pt\/noticias\/2026\/02\/20\/62-dos-portugueses-usa-ia-generativa-aponta-estudo\/\",\"url\":\"https:\/\/portaltela.pt\/noticias\/2026\/02\/20\/62-dos-portugueses-usa-ia-generativa-aponta-estudo\/\",\"name\":\"62% dos portugueses usa IA generativa, aponta estudo - Portal Tela Portugal\",\"isPartOf\":{\"@id\":\"https:\/\/portaltela.pt\/#website\"},\"primaryImageOfPage\":{\"@id\":\"https:\/\/portaltela.pt\/noticias\/2026\/02\/20\/62-dos-portugueses-usa-ia-generativa-aponta-estudo\/#primaryimage\"},\"image\":{\"@id\":\"https:\/\/portaltela.pt\/noticias\/2026\/02\/20\/62-dos-portugueses-usa-ia-generativa-aponta-estudo\/#primaryimage\"},\"thumbnailUrl\":\"https:\/\/portaltela.pt\/s.01k8rhncp4jt1\/2026\/02\/CACHE_780X1200_ANALOG_WATERMARKED_45950527_260431614572567-1.jpg\",\"datePublished\":\"2026-02-20T17:18:00+00:00\",\"author\":{\"@id\":\"https:\/\/portaltela.pt\/#\/schema\/person\/c4278d4a6028830caff9ee44b42d32ed\"},\"breadcrumb\":{\"@id\":\"https:\/\/portaltela.pt\/noticias\/2026\/02\/20\/62-dos-portugueses-usa-ia-generativa-aponta-estudo\/#breadcrumb\"},\"inLanguage\":\"pt-PT\",\"potentialAction\":[{\"@type\":\"ReadAction\",\"target\":[\"https:\/\/portaltela.pt\/noticias\/2026\/02\/20\/62-dos-portugueses-usa-ia-generativa-aponta-estudo\/\"]}]},{\"@type\":\"ImageObject\",\"inLanguage\":\"pt-PT\",\"@id\":\"https:\/\/portaltela.pt\/noticias\/2026\/02\/20\/62-dos-portugueses-usa-ia-generativa-aponta-estudo\/#primaryimage\",\"url\":\"https:\/\/portaltela.pt\/s.01k8rhncp4jt1\/2026\/02\/CACHE_780X1200_ANALOG_WATERMARKED_45950527_260431614572567-1.jpg\",\"contentUrl\":\"https:\/\/portaltela.pt\/s.01k8rhncp4jt1\/2026\/02\/CACHE_780X1200_ANALOG_WATERMARKED_45950527_260431614572567-1.jpg\",\"width\":768,\"height\":530,\"caption\":\"Cerca de 62% dos portugueses usa intelig\u00eancia artificial generativa\"},{\"@type\":\"BreadcrumbList\",\"@id\":\"https:\/\/portaltela.pt\/noticias\/2026\/02\/20\/62-dos-portugueses-usa-ia-generativa-aponta-estudo\/#breadcrumb\",\"itemListElement\":[{\"@type\":\"ListItem\",\"position\":1,\"name\":\"In\u00edcio\",\"item\":\"https:\/\/portaltela.pt\/\"},{\"@type\":\"ListItem\",\"position\":2,\"name\":\"62% dos portugueses usa IA generativa, aponta estudo\"}]},{\"@type\":\"WebSite\",\"@id\":\"https:\/\/portaltela.pt\/#website\",\"url\":\"https:\/\/portaltela.pt\/\",\"name\":\"Portal Tela Portugal\",\"description\":\"\",\"potentialAction\":[{\"@type\":\"SearchAction\",\"target\":{\"@type\":\"EntryPoint\",\"urlTemplate\":\"https:\/\/portaltela.pt\/?s={search_term_string}\"},\"query-input\":{\"@type\":\"PropertyValueSpecification\",\"valueRequired\":true,\"valueName\":\"search_term_string\"}}],\"inLanguage\":\"pt-PT\"},{\"@type\":\"Person\",\"@id\":\"https:\/\/portaltela.pt\/#\/schema\/person\/c4278d4a6028830caff9ee44b42d32ed\",\"name\":\"Telinha\",\"image\":{\"@type\":\"ImageObject\",\"inLanguage\":\"pt-PT\",\"@id\":\"https:\/\/portaltela.pt\/s.01k8rhncp4jt1\/2025\/11\/talking-bot-125x125.png\",\"url\":\"https:\/\/portaltela.pt\/s.01k8rhncp4jt1\/2025\/11\/talking-bot-125x125.png\",\"contentUrl\":\"https:\/\/portaltela.pt\/s.01k8rhncp4jt1\/2025\/11\/talking-bot-125x125.png\",\"caption\":\"Telinha\"},\"sameAs\":[\"https:\/\/portaltela.pt\/\"],\"url\":\"https:\/\/portaltela.pt\/por\/367410592786\/\"}]}<\/script>\n<!-- \/ Yoast SEO plugin. -->","yoast_head_json":{"title":"62% dos portugueses usa IA generativa, aponta estudo - Portal Tela Portugal","robots":{"index":"index","follow":"follow","max-snippet":"max-snippet:-1","max-image-preview":"max-image-preview:large","max-video-preview":"max-video-preview:-1"},"og_locale":"pt_PT","og_type":"article","og_title":"62% dos portugueses usa IA generativa, aponta estudo - Portal Tela Portugal","og_description":"Cerca de 62% dos portugueses utiliza intelig\u00eancia artificial generativa. A not\u00edcia original est\u00e1 dispon\u00edvel apenas para subscritores. A informa\u00e7\u00e3o \u00e9 reportada pela ag\u00eancia Lusa. A imagem associada \u00e0 not\u00edcia divulga o t\u00edtulo: \u201cCerca de 62% dos portugueses usa intelig\u00eancia artificial generativa\u201d.","og_url":"https:\/\/portaltela.pt\/noticias\/2026\/02\/20\/62-dos-portugueses-usa-ia-generativa-aponta-estudo\/","og_site_name":"Portal Tela Portugal","article_published_time":"2026-02-20T17:18:00+00:00","author":"Telinha","twitter_card":"summary_large_image","twitter_misc":{"Escrito por":"Telinha"},"schema":{"@context":"https:\/\/schema.org","@graph":[{"@type":"Article","@id":"https:\/\/portaltela.pt\/noticias\/2026\/02\/20\/62-dos-portugueses-usa-ia-generativa-aponta-estudo\/#article","isPartOf":{"@id":"https:\/\/portaltela.pt\/noticias\/2026\/02\/20\/62-dos-portugueses-usa-ia-generativa-aponta-estudo\/"},"author":{"name":"Telinha","@id":"https:\/\/portaltela.pt\/#\/schema\/person\/c4278d4a6028830caff9ee44b42d32ed"},"headline":"62% dos portugueses usa IA generativa, aponta estudo","datePublished":"2026-02-20T17:18:00+00:00","mainEntityOfPage":{"@id":"https:\/\/portaltela.pt\/noticias\/2026\/02\/20\/62-dos-portugueses-usa-ia-generativa-aponta-estudo\/"},"wordCount":106,"image":{"@id":"https:\/\/portaltela.pt\/noticias\/2026\/02\/20\/62-dos-portugueses-usa-ia-generativa-aponta-estudo\/#primaryimage"},"thumbnailUrl":"https:\/\/portaltela.pt\/s.01k8rhncp4jt1\/2026\/02\/CACHE_780X1200_ANALOG_WATERMARKED_45950527_260431614572567-1.jpg","keywords":["educa\u00e7\u00e3o","inova\u00e7\u00e3o","intelig\u00eancia artificial","Portugal","servi\u00e7os digitais","tecnologia"],"articleSection":["Not\u00edcias"],"inLanguage":"pt-PT"},{"@type":"WebPage","@id":"https:\/\/portaltela.pt\/noticias\/2026\/02\/20\/62-dos-portugueses-usa-ia-generativa-aponta-estudo\/","url":"https:\/\/portaltela.pt\/noticias\/2026\/02\/20\/62-dos-portugueses-usa-ia-generativa-aponta-estudo\/","name":"62% dos portugueses usa IA generativa, aponta estudo - Portal Tela Portugal","isPartOf":{"@id":"https:\/\/portaltela.pt\/#website"},"primaryImageOfPage":{"@id":"https:\/\/portaltela.pt\/noticias\/2026\/02\/20\/62-dos-portugueses-usa-ia-generativa-aponta-estudo\/#primaryimage"},"image":{"@id":"https:\/\/portaltela.pt\/noticias\/2026\/02\/20\/62-dos-portugueses-usa-ia-generativa-aponta-estudo\/#primaryimage"},"thumbnailUrl":"https:\/\/portaltela.pt\/s.01k8rhncp4jt1\/2026\/02\/CACHE_780X1200_ANALOG_WATERMARKED_45950527_260431614572567-1.jpg","datePublished":"2026-02-20T17:18:00+00:00","author":{"@id":"https:\/\/portaltela.pt\/#\/schema\/person\/c4278d4a6028830caff9ee44b42d32ed"},"breadcrumb":{"@id":"https:\/\/portaltela.pt\/noticias\/2026\/02\/20\/62-dos-portugueses-usa-ia-generativa-aponta-estudo\/#breadcrumb"},"inLanguage":"pt-PT","potentialAction":[{"@type":"ReadAction","target":["https:\/\/portaltela.pt\/noticias\/2026\/02\/20\/62-dos-portugueses-usa-ia-generativa-aponta-estudo\/"]}]},{"@type":"ImageObject","inLanguage":"pt-PT","@id":"https:\/\/portaltela.pt\/noticias\/2026\/02\/20\/62-dos-portugueses-usa-ia-generativa-aponta-estudo\/#primaryimage","url":"https:\/\/portaltela.pt\/s.01k8rhncp4jt1\/2026\/02\/CACHE_780X1200_ANALOG_WATERMARKED_45950527_260431614572567-1.jpg","contentUrl":"https:\/\/portaltela.pt\/s.01k8rhncp4jt1\/2026\/02\/CACHE_780X1200_ANALOG_WATERMARKED_45950527_260431614572567-1.jpg","width":768,"height":530,"caption":"Cerca de 62% dos portugueses usa intelig\u00eancia artificial generativa"},{"@type":"BreadcrumbList","@id":"https:\/\/portaltela.pt\/noticias\/2026\/02\/20\/62-dos-portugueses-usa-ia-generativa-aponta-estudo\/#breadcrumb","itemListElement":[{"@type":"ListItem","position":1,"name":"In\u00edcio","item":"https:\/\/portaltela.pt\/"},{"@type":"ListItem","position":2,"name":"62% dos portugueses usa IA generativa, aponta estudo"}]},{"@type":"WebSite","@id":"https:\/\/portaltela.pt\/#website","url":"https:\/\/portaltela.pt\/","name":"Portal Tela Portugal","description":"","potentialAction":[{"@type":"SearchAction","target":{"@type":"EntryPoint","urlTemplate":"https:\/\/portaltela.pt\/?s={search_term_string}"},"query-input":{"@type":"PropertyValueSpecification","valueRequired":true,"valueName":"search_term_string"}}],"inLanguage":"pt-PT"},{"@type":"Person","@id":"https:\/\/portaltela.pt\/#\/schema\/person\/c4278d4a6028830caff9ee44b42d32ed","name":"Telinha","image":{"@type":"ImageObject","inLanguage":"pt-PT","@id":"https:\/\/portaltela.pt\/s.01k8rhncp4jt1\/2025\/11\/talking-bot-125x125.png","url":"https:\/\/portaltela.pt\/s.01k8rhncp4jt1\/2025\/11\/talking-bot-125x125.png","contentUrl":"https:\/\/portaltela.pt\/s.01k8rhncp4jt1\/2025\/11\/talking-bot-125x125.png","caption":"Telinha"},"sameAs":["https:\/\/portaltela.pt\/"],"url":"https:\/\/portaltela.pt\/por\/367410592786\/"}]}},"_links":{"self":[{"href":"https:\/\/portaltela.pt\/api\/wp\/v2\/posts\/219784","targetHints":{"allow":["GET"]}}],"collection":[{"href":"https:\/\/portaltela.pt\/api\/wp\/v2\/posts"}],"about":[{"href":"https:\/\/portaltela.pt\/api\/wp\/v2\/types\/post"}],"author":[{"embeddable":true,"href":"https:\/\/portaltela.pt\/api\/wp\/v2\/users\/2"}],"replies":[{"embeddable":true,"href":"https:\/\/portaltela.pt\/api\/wp\/v2\/comments?post=219784"}],"version-history":[{"count":0,"href":"https:\/\/portaltela.pt\/api\/wp\/v2\/posts\/219784\/revisions"}],"wp:featuredmedia":[{"embeddable":true,"href":"https:\/\/portaltela.pt\/api\/wp\/v2\/media\/219787"}],"wp:attachment":[{"href":"https:\/\/portaltela.pt\/api\/wp\/v2\/media?parent=219784"}],"wp:term":[{"taxonomy":"category","embeddable":true,"href":"https:\/\/portaltela.pt\/api\/wp\/v2\/categories?post=219784"},{"taxonomy":"post_tag","embeddable":true,"href":"https:\/\/portaltela.pt\/api\/wp\/v2\/tags?post=219784"}],"curies":[{"name":"wp","href":"https:\/\/api.w.org\/{rel}","templated":true}]}}