{"id":219774,"date":"2026-02-20T15:45:00","date_gmt":"2026-02-20T18:45:00","guid":{"rendered":"https:\/\/portaltela.pt\/noticias\/2026\/02\/20\/autoridades-alargam-perimetro-de-buscas-por-desaparecido-em-aljezur\/"},"modified":"2026-02-20T15:45:00","modified_gmt":"2026-02-20T18:45:00","slug":"autoridades-alargam-perimetro-de-buscas-por-desaparecido-em-aljezur","status":"publish","type":"post","link":"https:\/\/portaltela.pt\/noticias\/2026\/02\/20\/autoridades-alargam-perimetro-de-buscas-por-desaparecido-em-aljezur\/","title":{"rendered":"Autoridades alargam per\u00edmetro de buscas por desaparecido em Aljezur"},"content":{"rendered":"<p>A Autoridade Mar\u00edtima alargou nesta sexta-feira o per\u00edmetro de buscas pelo jovem romeno de cerca de 20 anos que continua desaparecido em Aljezur desde quinta-feira. A hip\u00f3tese de o corpo ter sido arrastado pelas correntes levou a ampliar as \u00e1reas de pesquisa.<\/p>\n<p>Continuam envolvidos nas opera\u00e7\u00f5es um helic\u00f3ptero da For\u00e7a A\u00e9rea, um drone dos bombeiros de Aljezur e v\u00e1rios agentes da Pol\u00edcia Mar\u00edtima. O turista romeno, estudante nos Pa\u00edses Baixos, encontrava-se a banhos com um amigo no momento do desaparecimento.<\/p>\n<p>O foco inicial era a Praia da Arrifana, onde o jovem foi visto pela \u00faltima vez. A poss\u00edvel desloca\u00e7\u00e3o do corpo para zonas mais distantes levou \u00e0 extens\u00e3o das buscas pela costa, com opera\u00e7\u00f5es de vigil\u00e2ncia e mergulho a serem mantidas. As buscas devem ser retomadas no s\u00e1bado.<\/p>\n<p>O sobrevivente est\u00e1 a receber apoio psicol\u00f3gico da Pol\u00edcia Mar\u00edtima, assim como a fam\u00edlia do jovem, j\u00e1 informada da situa\u00e7\u00e3o. N\u00e3o houve informa\u00e7\u00f5es sobre outras pessoas envolvidas ou causas do desaparecimento, que permanecem por esclarecer.<\/p>\n","protected":false},"excerpt":{"rendered":"<ul>\n<li>A Autoridade Mar\u00edtima alargou o per\u00edmetro de buscas pelo jovem romeno desaparecido em Aljezur, ap\u00f3s a hip\u00f3tese de o corpo ter sido arrastado pelas correntes.<\/li>\n<li>As novas \u00e1reas de procura incluem zonas adicionais da costa, al\u00e9m da Praia da Arrifana, onde foi visto pela \u00faltima vez.<\/li>\n<li>Est\u00e3o envolvidos um helic\u00f3ptero da For\u00e7a A\u00e9rea, um drone dos bombeiros de Aljezur e v\u00e1rios agentes da Pol\u00edcia Mar\u00edtima.<\/li>\n<li>O sobrevivente que esteve a banhos com o desaparecido continua a receber apoio psicol\u00f3gico por parte da Pol\u00edcia Mar\u00edtima, assim como a fam\u00edlia.<\/li>\n<li>As opera\u00e7\u00f5es de busca devem ser retomadas no s\u00e1bado.<\/li>\n<\/ul>\n","protected":false},"author":2,"featured_media":219782,"comment_status":"closed","ping_status":"closed","sticky":false,"template":"","format":"standard","meta":{"footnotes":""},"categories":[1],"tags":[928,1649,971,4299,185,4304],"class_list":["post-219774","post","type-post","status-publish","format-standard","has-post-thumbnail","hentry","category-noticias","tag-algarve","tag-aljezur","tag-bombeiros","tag-forca-aerea","tag-policia-maritima","tag-salvamento"],"yoast_head":"<!-- This site is optimized with the Yoast SEO plugin v27.2 - https:\/\/yoast.com\/product\/yoast-seo-wordpress\/ -->\n<title>Autoridades alargam per\u00edmetro de buscas por desaparecido em Aljezur - Portal Tela Portugal<\/title>\n<meta name=\"robots\" content=\"index, follow, max-snippet:-1, max-image-preview:large, max-video-preview:-1\" \/>\n<meta property=\"og:locale\" content=\"pt_PT\" \/>\n<meta property=\"og:type\" content=\"article\" \/>\n<meta property=\"og:title\" content=\"Autoridades alargam per\u00edmetro de buscas por desaparecido em Aljezur - Portal Tela Portugal\" \/>\n<meta property=\"og:description\" content=\"A Autoridade Mar\u00edtima alargou o per\u00edmetro de buscas pelo jovem romeno desaparecido em Aljezur, ap\u00f3s a hip\u00f3tese de o corpo ter sido arrastado pelas correntes. As novas \u00e1reas de procura incluem zonas adicionais da costa, al\u00e9m da Praia da Arrifana, onde foi visto pela \u00faltima vez. Est\u00e3o envolvidos um helic\u00f3ptero da For\u00e7a A\u00e9rea, um drone dos bombeiros de Aljezur e v\u00e1rios agentes da Pol\u00edcia Mar\u00edtima. O sobrevivente que esteve a banhos com o desaparecido continua a receber apoio psicol\u00f3gico por parte da Pol\u00edcia Mar\u00edtima, assim como a fam\u00edlia. As opera\u00e7\u00f5es de busca devem ser retomadas no s\u00e1bado.\" \/>\n<meta property=\"og:url\" content=\"https:\/\/portaltela.pt\/noticias\/2026\/02\/20\/autoridades-alargam-perimetro-de-buscas-por-desaparecido-em-aljezur\/\" \/>\n<meta property=\"og:site_name\" content=\"Portal Tela Portugal\" \/>\n<meta property=\"article:published_time\" content=\"2026-02-20T18:45:00+00:00\" \/>\n<meta name=\"author\" content=\"Telinha\" \/>\n<meta name=\"twitter:card\" content=\"summary_large_image\" \/>\n<meta name=\"twitter:label1\" content=\"Escrito por\" \/>\n\t<meta name=\"twitter:data1\" content=\"Telinha\" \/>\n\t<meta name=\"twitter:label2\" content=\"Tempo estimado de leitura\" \/>\n\t<meta name=\"twitter:data2\" content=\"1 minuto\" \/>\n<script type=\"application\/ld+json\" class=\"yoast-schema-graph\">{\"@context\":\"https:\/\/schema.org\",\"@graph\":[{\"@type\":\"Article\",\"@id\":\"https:\/\/portaltela.pt\/noticias\/2026\/02\/20\/autoridades-alargam-perimetro-de-buscas-por-desaparecido-em-aljezur\/#article\",\"isPartOf\":{\"@id\":\"https:\/\/portaltela.pt\/noticias\/2026\/02\/20\/autoridades-alargam-perimetro-de-buscas-por-desaparecido-em-aljezur\/\"},\"author\":{\"name\":\"Telinha\",\"@id\":\"https:\/\/portaltela.pt\/#\/schema\/person\/c4278d4a6028830caff9ee44b42d32ed\"},\"headline\":\"Autoridades alargam per\u00edmetro de buscas por desaparecido em Aljezur\",\"datePublished\":\"2026-02-20T18:45:00+00:00\",\"mainEntityOfPage\":{\"@id\":\"https:\/\/portaltela.pt\/noticias\/2026\/02\/20\/autoridades-alargam-perimetro-de-buscas-por-desaparecido-em-aljezur\/\"},\"wordCount\":195,\"image\":{\"@id\":\"https:\/\/portaltela.pt\/noticias\/2026\/02\/20\/autoridades-alargam-perimetro-de-buscas-por-desaparecido-em-aljezur\/#primaryimage\"},\"thumbnailUrl\":\"https:\/\/portaltela.pt\/s.01k8rhncp4jt1\/2026\/02\/img_1500x1000uu2026-02-19-18-48-05-2267759-1.jpg\",\"keywords\":[\"Algarve\",\"Aljezur\",\"bombeiros\",\"For\u00e7a A\u00e9rea\",\"pol\u00edcia mar\u00edtima\",\"salvamento\"],\"articleSection\":[\"Not\u00edcias\"],\"inLanguage\":\"pt-PT\"},{\"@type\":\"WebPage\",\"@id\":\"https:\/\/portaltela.pt\/noticias\/2026\/02\/20\/autoridades-alargam-perimetro-de-buscas-por-desaparecido-em-aljezur\/\",\"url\":\"https:\/\/portaltela.pt\/noticias\/2026\/02\/20\/autoridades-alargam-perimetro-de-buscas-por-desaparecido-em-aljezur\/\",\"name\":\"Autoridades alargam per\u00edmetro de buscas por desaparecido em Aljezur - Portal Tela Portugal\",\"isPartOf\":{\"@id\":\"https:\/\/portaltela.pt\/#website\"},\"primaryImageOfPage\":{\"@id\":\"https:\/\/portaltela.pt\/noticias\/2026\/02\/20\/autoridades-alargam-perimetro-de-buscas-por-desaparecido-em-aljezur\/#primaryimage\"},\"image\":{\"@id\":\"https:\/\/portaltela.pt\/noticias\/2026\/02\/20\/autoridades-alargam-perimetro-de-buscas-por-desaparecido-em-aljezur\/#primaryimage\"},\"thumbnailUrl\":\"https:\/\/portaltela.pt\/s.01k8rhncp4jt1\/2026\/02\/img_1500x1000uu2026-02-19-18-48-05-2267759-1.jpg\",\"datePublished\":\"2026-02-20T18:45:00+00:00\",\"author\":{\"@id\":\"https:\/\/portaltela.pt\/#\/schema\/person\/c4278d4a6028830caff9ee44b42d32ed\"},\"breadcrumb\":{\"@id\":\"https:\/\/portaltela.pt\/noticias\/2026\/02\/20\/autoridades-alargam-perimetro-de-buscas-por-desaparecido-em-aljezur\/#breadcrumb\"},\"inLanguage\":\"pt-PT\",\"potentialAction\":[{\"@type\":\"ReadAction\",\"target\":[\"https:\/\/portaltela.pt\/noticias\/2026\/02\/20\/autoridades-alargam-perimetro-de-buscas-por-desaparecido-em-aljezur\/\"]}]},{\"@type\":\"ImageObject\",\"inLanguage\":\"pt-PT\",\"@id\":\"https:\/\/portaltela.pt\/noticias\/2026\/02\/20\/autoridades-alargam-perimetro-de-buscas-por-desaparecido-em-aljezur\/#primaryimage\",\"url\":\"https:\/\/portaltela.pt\/s.01k8rhncp4jt1\/2026\/02\/img_1500x1000uu2026-02-19-18-48-05-2267759-1.jpg\",\"contentUrl\":\"https:\/\/portaltela.pt\/s.01k8rhncp4jt1\/2026\/02\/img_1500x1000uu2026-02-19-18-48-05-2267759-1.jpg\",\"width\":796,\"height\":448,\"caption\":\"Buscas por banhista desaparecido em Aljezur\"},{\"@type\":\"BreadcrumbList\",\"@id\":\"https:\/\/portaltela.pt\/noticias\/2026\/02\/20\/autoridades-alargam-perimetro-de-buscas-por-desaparecido-em-aljezur\/#breadcrumb\",\"itemListElement\":[{\"@type\":\"ListItem\",\"position\":1,\"name\":\"In\u00edcio\",\"item\":\"https:\/\/portaltela.pt\/\"},{\"@type\":\"ListItem\",\"position\":2,\"name\":\"Autoridades alargam per\u00edmetro de buscas por desaparecido em Aljezur\"}]},{\"@type\":\"WebSite\",\"@id\":\"https:\/\/portaltela.pt\/#website\",\"url\":\"https:\/\/portaltela.pt\/\",\"name\":\"Portal Tela Portugal\",\"description\":\"\",\"potentialAction\":[{\"@type\":\"SearchAction\",\"target\":{\"@type\":\"EntryPoint\",\"urlTemplate\":\"https:\/\/portaltela.pt\/?s={search_term_string}\"},\"query-input\":{\"@type\":\"PropertyValueSpecification\",\"valueRequired\":true,\"valueName\":\"search_term_string\"}}],\"inLanguage\":\"pt-PT\"},{\"@type\":\"Person\",\"@id\":\"https:\/\/portaltela.pt\/#\/schema\/person\/c4278d4a6028830caff9ee44b42d32ed\",\"name\":\"Telinha\",\"image\":{\"@type\":\"ImageObject\",\"inLanguage\":\"pt-PT\",\"@id\":\"https:\/\/portaltela.pt\/s.01k8rhncp4jt1\/2025\/11\/talking-bot-125x125.png\",\"url\":\"https:\/\/portaltela.pt\/s.01k8rhncp4jt1\/2025\/11\/talking-bot-125x125.png\",\"contentUrl\":\"https:\/\/portaltela.pt\/s.01k8rhncp4jt1\/2025\/11\/talking-bot-125x125.png\",\"caption\":\"Telinha\"},\"sameAs\":[\"https:\/\/portaltela.pt\/\"],\"url\":\"https:\/\/portaltela.pt\/por\/367410592786\/\"}]}<\/script>\n<!-- \/ Yoast SEO plugin. -->","yoast_head_json":{"title":"Autoridades alargam per\u00edmetro de buscas por desaparecido em Aljezur - Portal Tela Portugal","robots":{"index":"index","follow":"follow","max-snippet":"max-snippet:-1","max-image-preview":"max-image-preview:large","max-video-preview":"max-video-preview:-1"},"og_locale":"pt_PT","og_type":"article","og_title":"Autoridades alargam per\u00edmetro de buscas por desaparecido em Aljezur - Portal Tela Portugal","og_description":"A Autoridade Mar\u00edtima alargou o per\u00edmetro de buscas pelo jovem romeno desaparecido em Aljezur, ap\u00f3s a hip\u00f3tese de o corpo ter sido arrastado pelas correntes. As novas \u00e1reas de procura incluem zonas adicionais da costa, al\u00e9m da Praia da Arrifana, onde foi visto pela \u00faltima vez. Est\u00e3o envolvidos um helic\u00f3ptero da For\u00e7a A\u00e9rea, um drone dos bombeiros de Aljezur e v\u00e1rios agentes da Pol\u00edcia Mar\u00edtima. O sobrevivente que esteve a banhos com o desaparecido continua a receber apoio psicol\u00f3gico por parte da Pol\u00edcia Mar\u00edtima, assim como a fam\u00edlia. As opera\u00e7\u00f5es de busca devem ser retomadas no s\u00e1bado.","og_url":"https:\/\/portaltela.pt\/noticias\/2026\/02\/20\/autoridades-alargam-perimetro-de-buscas-por-desaparecido-em-aljezur\/","og_site_name":"Portal Tela Portugal","article_published_time":"2026-02-20T18:45:00+00:00","author":"Telinha","twitter_card":"summary_large_image","twitter_misc":{"Escrito por":"Telinha","Tempo estimado de leitura":"1 minuto"},"schema":{"@context":"https:\/\/schema.org","@graph":[{"@type":"Article","@id":"https:\/\/portaltela.pt\/noticias\/2026\/02\/20\/autoridades-alargam-perimetro-de-buscas-por-desaparecido-em-aljezur\/#article","isPartOf":{"@id":"https:\/\/portaltela.pt\/noticias\/2026\/02\/20\/autoridades-alargam-perimetro-de-buscas-por-desaparecido-em-aljezur\/"},"author":{"name":"Telinha","@id":"https:\/\/portaltela.pt\/#\/schema\/person\/c4278d4a6028830caff9ee44b42d32ed"},"headline":"Autoridades alargam per\u00edmetro de buscas por desaparecido em Aljezur","datePublished":"2026-02-20T18:45:00+00:00","mainEntityOfPage":{"@id":"https:\/\/portaltela.pt\/noticias\/2026\/02\/20\/autoridades-alargam-perimetro-de-buscas-por-desaparecido-em-aljezur\/"},"wordCount":195,"image":{"@id":"https:\/\/portaltela.pt\/noticias\/2026\/02\/20\/autoridades-alargam-perimetro-de-buscas-por-desaparecido-em-aljezur\/#primaryimage"},"thumbnailUrl":"https:\/\/portaltela.pt\/s.01k8rhncp4jt1\/2026\/02\/img_1500x1000uu2026-02-19-18-48-05-2267759-1.jpg","keywords":["Algarve","Aljezur","bombeiros","For\u00e7a A\u00e9rea","pol\u00edcia mar\u00edtima","salvamento"],"articleSection":["Not\u00edcias"],"inLanguage":"pt-PT"},{"@type":"WebPage","@id":"https:\/\/portaltela.pt\/noticias\/2026\/02\/20\/autoridades-alargam-perimetro-de-buscas-por-desaparecido-em-aljezur\/","url":"https:\/\/portaltela.pt\/noticias\/2026\/02\/20\/autoridades-alargam-perimetro-de-buscas-por-desaparecido-em-aljezur\/","name":"Autoridades alargam per\u00edmetro de buscas por desaparecido em Aljezur - Portal Tela Portugal","isPartOf":{"@id":"https:\/\/portaltela.pt\/#website"},"primaryImageOfPage":{"@id":"https:\/\/portaltela.pt\/noticias\/2026\/02\/20\/autoridades-alargam-perimetro-de-buscas-por-desaparecido-em-aljezur\/#primaryimage"},"image":{"@id":"https:\/\/portaltela.pt\/noticias\/2026\/02\/20\/autoridades-alargam-perimetro-de-buscas-por-desaparecido-em-aljezur\/#primaryimage"},"thumbnailUrl":"https:\/\/portaltela.pt\/s.01k8rhncp4jt1\/2026\/02\/img_1500x1000uu2026-02-19-18-48-05-2267759-1.jpg","datePublished":"2026-02-20T18:45:00+00:00","author":{"@id":"https:\/\/portaltela.pt\/#\/schema\/person\/c4278d4a6028830caff9ee44b42d32ed"},"breadcrumb":{"@id":"https:\/\/portaltela.pt\/noticias\/2026\/02\/20\/autoridades-alargam-perimetro-de-buscas-por-desaparecido-em-aljezur\/#breadcrumb"},"inLanguage":"pt-PT","potentialAction":[{"@type":"ReadAction","target":["https:\/\/portaltela.pt\/noticias\/2026\/02\/20\/autoridades-alargam-perimetro-de-buscas-por-desaparecido-em-aljezur\/"]}]},{"@type":"ImageObject","inLanguage":"pt-PT","@id":"https:\/\/portaltela.pt\/noticias\/2026\/02\/20\/autoridades-alargam-perimetro-de-buscas-por-desaparecido-em-aljezur\/#primaryimage","url":"https:\/\/portaltela.pt\/s.01k8rhncp4jt1\/2026\/02\/img_1500x1000uu2026-02-19-18-48-05-2267759-1.jpg","contentUrl":"https:\/\/portaltela.pt\/s.01k8rhncp4jt1\/2026\/02\/img_1500x1000uu2026-02-19-18-48-05-2267759-1.jpg","width":796,"height":448,"caption":"Buscas por banhista desaparecido em Aljezur"},{"@type":"BreadcrumbList","@id":"https:\/\/portaltela.pt\/noticias\/2026\/02\/20\/autoridades-alargam-perimetro-de-buscas-por-desaparecido-em-aljezur\/#breadcrumb","itemListElement":[{"@type":"ListItem","position":1,"name":"In\u00edcio","item":"https:\/\/portaltela.pt\/"},{"@type":"ListItem","position":2,"name":"Autoridades alargam per\u00edmetro de buscas por desaparecido em Aljezur"}]},{"@type":"WebSite","@id":"https:\/\/portaltela.pt\/#website","url":"https:\/\/portaltela.pt\/","name":"Portal Tela Portugal","description":"","potentialAction":[{"@type":"SearchAction","target":{"@type":"EntryPoint","urlTemplate":"https:\/\/portaltela.pt\/?s={search_term_string}"},"query-input":{"@type":"PropertyValueSpecification","valueRequired":true,"valueName":"search_term_string"}}],"inLanguage":"pt-PT"},{"@type":"Person","@id":"https:\/\/portaltela.pt\/#\/schema\/person\/c4278d4a6028830caff9ee44b42d32ed","name":"Telinha","image":{"@type":"ImageObject","inLanguage":"pt-PT","@id":"https:\/\/portaltela.pt\/s.01k8rhncp4jt1\/2025\/11\/talking-bot-125x125.png","url":"https:\/\/portaltela.pt\/s.01k8rhncp4jt1\/2025\/11\/talking-bot-125x125.png","contentUrl":"https:\/\/portaltela.pt\/s.01k8rhncp4jt1\/2025\/11\/talking-bot-125x125.png","caption":"Telinha"},"sameAs":["https:\/\/portaltela.pt\/"],"url":"https:\/\/portaltela.pt\/por\/367410592786\/"}]}},"_links":{"self":[{"href":"https:\/\/portaltela.pt\/api\/wp\/v2\/posts\/219774","targetHints":{"allow":["GET"]}}],"collection":[{"href":"https:\/\/portaltela.pt\/api\/wp\/v2\/posts"}],"about":[{"href":"https:\/\/portaltela.pt\/api\/wp\/v2\/types\/post"}],"author":[{"embeddable":true,"href":"https:\/\/portaltela.pt\/api\/wp\/v2\/users\/2"}],"replies":[{"embeddable":true,"href":"https:\/\/portaltela.pt\/api\/wp\/v2\/comments?post=219774"}],"version-history":[{"count":0,"href":"https:\/\/portaltela.pt\/api\/wp\/v2\/posts\/219774\/revisions"}],"wp:featuredmedia":[{"embeddable":true,"href":"https:\/\/portaltela.pt\/api\/wp\/v2\/media\/219782"}],"wp:attachment":[{"href":"https:\/\/portaltela.pt\/api\/wp\/v2\/media?parent=219774"}],"wp:term":[{"taxonomy":"category","embeddable":true,"href":"https:\/\/portaltela.pt\/api\/wp\/v2\/categories?post=219774"},{"taxonomy":"post_tag","embeddable":true,"href":"https:\/\/portaltela.pt\/api\/wp\/v2\/tags?post=219774"}],"curies":[{"name":"wp","href":"https:\/\/api.w.org\/{rel}","templated":true}]}}