{"id":219716,"date":"2026-02-20T15:16:44","date_gmt":"2026-02-20T18:16:44","guid":{"rendered":"https:\/\/portaltela.pt\/noticias\/2026\/02\/20\/psp-detem-jovem-em-mirandela-na-posse-de-mais-de-360-doses-de-haxixe\/"},"modified":"2026-02-20T15:16:44","modified_gmt":"2026-02-20T18:16:44","slug":"psp-detem-jovem-em-mirandela-na-posse-de-mais-de-360-doses-de-haxixe","status":"publish","type":"post","link":"https:\/\/portaltela.pt\/noticias\/2026\/02\/20\/psp-detem-jovem-em-mirandela-na-posse-de-mais-de-360-doses-de-haxixe\/","title":{"rendered":"PSP det\u00e9m jovem em Mirandela na posse de mais de 360 doses de haxixe"},"content":{"rendered":"<p>Um jovem de 23 anos foi detido pela PSP na madrugada de quinta-feira, em Mirandela, no distrito de Bragan\u00e7a, na sequ\u00eancia de uma fiscaliza\u00e7\u00e3o a uma viatura. O indiv\u00edduo apresentava comportamento suspeito, o que motivou a verifica\u00e7\u00e3o do interior do ve\u00edculo.<\/p>\n<p>Foram encontrados na posse dele 366 doses individuais de haxixe, produto considerado estupefaciente. A droga foi apreendida pela autoridade policial e o suspeito foi detido.<\/p>\n<p>O jovem ficou constitu\u00eddo arguido e sujeito a Termo de Identidade e Resid\u00eancia, segundo o comunicado do Comando Distrital de Bragan\u00e7a. A PSP refor\u00e7a que os incidentes surgem no \u00e2mbito de a\u00e7\u00f5es de fiscaliza\u00e7\u00e3o e de preven\u00e7\u00e3o criminal.<\/p>\n","protected":false},"excerpt":{"rendered":"<ul>\n<li>A PSP deteve um jovem de 23 anos em Mirandela, na madrugada de quinta-feira, na posse de 366 doses de haxixe.<\/li>\n<li>A deten\u00e7\u00e3o ocorreu durante uma fiscaliza\u00e7\u00e3o a uma viatura e ao respetivo condutor, ap\u00f3s detetar comportamento suspeito de um dos ocupantes.<\/li>\n<li>A droga foi apreendida e o jovem ficou constitu\u00eddo arguido e sujeito a Termo de Identidade e Resid\u00eancia.<\/li>\n<li>O Comando Distrital de Bragan\u00e7a confirmou a opera\u00e7\u00e3o.<\/li>\n<\/ul>\n","protected":false},"author":2,"featured_media":219720,"comment_status":"closed","ping_status":"closed","sticky":false,"template":"","format":"standard","meta":{"footnotes":""},"categories":[1],"tags":[906,4139,4347,3309,1315,1381],"class_list":["post-219716","post","type-post","status-publish","format-standard","has-post-thumbnail","hentry","category-noticias","tag-braganca","tag-detencao","tag-drogas","tag-estupefacientes","tag-mirandela","tag-psp"],"yoast_head":"<!-- This site is optimized with the Yoast SEO plugin v27.2 - https:\/\/yoast.com\/product\/yoast-seo-wordpress\/ -->\n<title>PSP det\u00e9m jovem em Mirandela na posse de mais de 360 doses de haxixe - Portal Tela Portugal<\/title>\n<meta name=\"robots\" content=\"index, follow, max-snippet:-1, max-image-preview:large, max-video-preview:-1\" \/>\n<meta property=\"og:locale\" content=\"pt_PT\" \/>\n<meta property=\"og:type\" content=\"article\" \/>\n<meta property=\"og:title\" content=\"PSP det\u00e9m jovem em Mirandela na posse de mais de 360 doses de haxixe - Portal Tela Portugal\" \/>\n<meta property=\"og:description\" content=\"A PSP deteve um jovem de 23 anos em Mirandela, na madrugada de quinta-feira, na posse de 366 doses de haxixe. A deten\u00e7\u00e3o ocorreu durante uma fiscaliza\u00e7\u00e3o a uma viatura e ao respetivo condutor, ap\u00f3s detetar comportamento suspeito de um dos ocupantes. A droga foi apreendida e o jovem ficou constitu\u00eddo arguido e sujeito a Termo de Identidade e Resid\u00eancia. O Comando Distrital de Bragan\u00e7a confirmou a opera\u00e7\u00e3o.\" \/>\n<meta property=\"og:url\" content=\"https:\/\/portaltela.pt\/noticias\/2026\/02\/20\/psp-detem-jovem-em-mirandela-na-posse-de-mais-de-360-doses-de-haxixe\/\" \/>\n<meta property=\"og:site_name\" content=\"Portal Tela Portugal\" \/>\n<meta property=\"article:published_time\" content=\"2026-02-20T18:16:44+00:00\" \/>\n<meta name=\"author\" content=\"Telinha\" \/>\n<meta name=\"twitter:card\" content=\"summary_large_image\" \/>\n<meta name=\"twitter:label1\" content=\"Escrito por\" \/>\n\t<meta name=\"twitter:data1\" content=\"Telinha\" \/>\n\t<meta name=\"twitter:label2\" content=\"Tempo estimado de leitura\" \/>\n\t<meta name=\"twitter:data2\" content=\"1 minuto\" \/>\n<script type=\"application\/ld+json\" class=\"yoast-schema-graph\">{\"@context\":\"https:\/\/schema.org\",\"@graph\":[{\"@type\":\"Article\",\"@id\":\"https:\/\/portaltela.pt\/noticias\/2026\/02\/20\/psp-detem-jovem-em-mirandela-na-posse-de-mais-de-360-doses-de-haxixe\/#article\",\"isPartOf\":{\"@id\":\"https:\/\/portaltela.pt\/noticias\/2026\/02\/20\/psp-detem-jovem-em-mirandela-na-posse-de-mais-de-360-doses-de-haxixe\/\"},\"author\":{\"name\":\"Telinha\",\"@id\":\"https:\/\/portaltela.pt\/#\/schema\/person\/c4278d4a6028830caff9ee44b42d32ed\"},\"headline\":\"PSP det\u00e9m jovem em Mirandela na posse de mais de 360 doses de haxixe\",\"datePublished\":\"2026-02-20T18:16:44+00:00\",\"mainEntityOfPage\":{\"@id\":\"https:\/\/portaltela.pt\/noticias\/2026\/02\/20\/psp-detem-jovem-em-mirandela-na-posse-de-mais-de-360-doses-de-haxixe\/\"},\"wordCount\":129,\"image\":{\"@id\":\"https:\/\/portaltela.pt\/noticias\/2026\/02\/20\/psp-detem-jovem-em-mirandela-na-posse-de-mais-de-360-doses-de-haxixe\/#primaryimage\"},\"thumbnailUrl\":\"https:\/\/portaltela.pt\/s.01k8rhncp4jt1\/2026\/02\/img_1500x1000uu2023-11-12-09-23-00-1490931-14.jpg\",\"keywords\":[\"Bragan\u00e7a\",\"deten\u00e7\u00e3o\",\"drogas\",\"estupefacientes\",\"Mirandela\",\"PSP\"],\"articleSection\":[\"Not\u00edcias\"],\"inLanguage\":\"pt-PT\"},{\"@type\":\"WebPage\",\"@id\":\"https:\/\/portaltela.pt\/noticias\/2026\/02\/20\/psp-detem-jovem-em-mirandela-na-posse-de-mais-de-360-doses-de-haxixe\/\",\"url\":\"https:\/\/portaltela.pt\/noticias\/2026\/02\/20\/psp-detem-jovem-em-mirandela-na-posse-de-mais-de-360-doses-de-haxixe\/\",\"name\":\"PSP det\u00e9m jovem em Mirandela na posse de mais de 360 doses de haxixe - Portal Tela Portugal\",\"isPartOf\":{\"@id\":\"https:\/\/portaltela.pt\/#website\"},\"primaryImageOfPage\":{\"@id\":\"https:\/\/portaltela.pt\/noticias\/2026\/02\/20\/psp-detem-jovem-em-mirandela-na-posse-de-mais-de-360-doses-de-haxixe\/#primaryimage\"},\"image\":{\"@id\":\"https:\/\/portaltela.pt\/noticias\/2026\/02\/20\/psp-detem-jovem-em-mirandela-na-posse-de-mais-de-360-doses-de-haxixe\/#primaryimage\"},\"thumbnailUrl\":\"https:\/\/portaltela.pt\/s.01k8rhncp4jt1\/2026\/02\/img_1500x1000uu2023-11-12-09-23-00-1490931-14.jpg\",\"datePublished\":\"2026-02-20T18:16:44+00:00\",\"author\":{\"@id\":\"https:\/\/portaltela.pt\/#\/schema\/person\/c4278d4a6028830caff9ee44b42d32ed\"},\"breadcrumb\":{\"@id\":\"https:\/\/portaltela.pt\/noticias\/2026\/02\/20\/psp-detem-jovem-em-mirandela-na-posse-de-mais-de-360-doses-de-haxixe\/#breadcrumb\"},\"inLanguage\":\"pt-PT\",\"potentialAction\":[{\"@type\":\"ReadAction\",\"target\":[\"https:\/\/portaltela.pt\/noticias\/2026\/02\/20\/psp-detem-jovem-em-mirandela-na-posse-de-mais-de-360-doses-de-haxixe\/\"]}]},{\"@type\":\"ImageObject\",\"inLanguage\":\"pt-PT\",\"@id\":\"https:\/\/portaltela.pt\/noticias\/2026\/02\/20\/psp-detem-jovem-em-mirandela-na-posse-de-mais-de-360-doses-de-haxixe\/#primaryimage\",\"url\":\"https:\/\/portaltela.pt\/s.01k8rhncp4jt1\/2026\/02\/img_1500x1000uu2023-11-12-09-23-00-1490931-14.jpg\",\"contentUrl\":\"https:\/\/portaltela.pt\/s.01k8rhncp4jt1\/2026\/02\/img_1500x1000uu2023-11-12-09-23-00-1490931-14.jpg\",\"width\":796,\"height\":448,\"caption\":\"PJ\"},{\"@type\":\"BreadcrumbList\",\"@id\":\"https:\/\/portaltela.pt\/noticias\/2026\/02\/20\/psp-detem-jovem-em-mirandela-na-posse-de-mais-de-360-doses-de-haxixe\/#breadcrumb\",\"itemListElement\":[{\"@type\":\"ListItem\",\"position\":1,\"name\":\"In\u00edcio\",\"item\":\"https:\/\/portaltela.pt\/\"},{\"@type\":\"ListItem\",\"position\":2,\"name\":\"PSP det\u00e9m jovem em Mirandela na posse de mais de 360 doses de haxixe\"}]},{\"@type\":\"WebSite\",\"@id\":\"https:\/\/portaltela.pt\/#website\",\"url\":\"https:\/\/portaltela.pt\/\",\"name\":\"Portal Tela Portugal\",\"description\":\"\",\"potentialAction\":[{\"@type\":\"SearchAction\",\"target\":{\"@type\":\"EntryPoint\",\"urlTemplate\":\"https:\/\/portaltela.pt\/?s={search_term_string}\"},\"query-input\":{\"@type\":\"PropertyValueSpecification\",\"valueRequired\":true,\"valueName\":\"search_term_string\"}}],\"inLanguage\":\"pt-PT\"},{\"@type\":\"Person\",\"@id\":\"https:\/\/portaltela.pt\/#\/schema\/person\/c4278d4a6028830caff9ee44b42d32ed\",\"name\":\"Telinha\",\"image\":{\"@type\":\"ImageObject\",\"inLanguage\":\"pt-PT\",\"@id\":\"https:\/\/portaltela.pt\/s.01k8rhncp4jt1\/2025\/11\/talking-bot-125x125.png\",\"url\":\"https:\/\/portaltela.pt\/s.01k8rhncp4jt1\/2025\/11\/talking-bot-125x125.png\",\"contentUrl\":\"https:\/\/portaltela.pt\/s.01k8rhncp4jt1\/2025\/11\/talking-bot-125x125.png\",\"caption\":\"Telinha\"},\"sameAs\":[\"https:\/\/portaltela.pt\/\"],\"url\":\"https:\/\/portaltela.pt\/por\/367410592786\/\"}]}<\/script>\n<!-- \/ Yoast SEO plugin. -->","yoast_head_json":{"title":"PSP det\u00e9m jovem em Mirandela na posse de mais de 360 doses de haxixe - Portal Tela Portugal","robots":{"index":"index","follow":"follow","max-snippet":"max-snippet:-1","max-image-preview":"max-image-preview:large","max-video-preview":"max-video-preview:-1"},"og_locale":"pt_PT","og_type":"article","og_title":"PSP det\u00e9m jovem em Mirandela na posse de mais de 360 doses de haxixe - Portal Tela Portugal","og_description":"A PSP deteve um jovem de 23 anos em Mirandela, na madrugada de quinta-feira, na posse de 366 doses de haxixe. A deten\u00e7\u00e3o ocorreu durante uma fiscaliza\u00e7\u00e3o a uma viatura e ao respetivo condutor, ap\u00f3s detetar comportamento suspeito de um dos ocupantes. A droga foi apreendida e o jovem ficou constitu\u00eddo arguido e sujeito a Termo de Identidade e Resid\u00eancia. O Comando Distrital de Bragan\u00e7a confirmou a opera\u00e7\u00e3o.","og_url":"https:\/\/portaltela.pt\/noticias\/2026\/02\/20\/psp-detem-jovem-em-mirandela-na-posse-de-mais-de-360-doses-de-haxixe\/","og_site_name":"Portal Tela Portugal","article_published_time":"2026-02-20T18:16:44+00:00","author":"Telinha","twitter_card":"summary_large_image","twitter_misc":{"Escrito por":"Telinha","Tempo estimado de leitura":"1 minuto"},"schema":{"@context":"https:\/\/schema.org","@graph":[{"@type":"Article","@id":"https:\/\/portaltela.pt\/noticias\/2026\/02\/20\/psp-detem-jovem-em-mirandela-na-posse-de-mais-de-360-doses-de-haxixe\/#article","isPartOf":{"@id":"https:\/\/portaltela.pt\/noticias\/2026\/02\/20\/psp-detem-jovem-em-mirandela-na-posse-de-mais-de-360-doses-de-haxixe\/"},"author":{"name":"Telinha","@id":"https:\/\/portaltela.pt\/#\/schema\/person\/c4278d4a6028830caff9ee44b42d32ed"},"headline":"PSP det\u00e9m jovem em Mirandela na posse de mais de 360 doses de haxixe","datePublished":"2026-02-20T18:16:44+00:00","mainEntityOfPage":{"@id":"https:\/\/portaltela.pt\/noticias\/2026\/02\/20\/psp-detem-jovem-em-mirandela-na-posse-de-mais-de-360-doses-de-haxixe\/"},"wordCount":129,"image":{"@id":"https:\/\/portaltela.pt\/noticias\/2026\/02\/20\/psp-detem-jovem-em-mirandela-na-posse-de-mais-de-360-doses-de-haxixe\/#primaryimage"},"thumbnailUrl":"https:\/\/portaltela.pt\/s.01k8rhncp4jt1\/2026\/02\/img_1500x1000uu2023-11-12-09-23-00-1490931-14.jpg","keywords":["Bragan\u00e7a","deten\u00e7\u00e3o","drogas","estupefacientes","Mirandela","PSP"],"articleSection":["Not\u00edcias"],"inLanguage":"pt-PT"},{"@type":"WebPage","@id":"https:\/\/portaltela.pt\/noticias\/2026\/02\/20\/psp-detem-jovem-em-mirandela-na-posse-de-mais-de-360-doses-de-haxixe\/","url":"https:\/\/portaltela.pt\/noticias\/2026\/02\/20\/psp-detem-jovem-em-mirandela-na-posse-de-mais-de-360-doses-de-haxixe\/","name":"PSP det\u00e9m jovem em Mirandela na posse de mais de 360 doses de haxixe - Portal Tela Portugal","isPartOf":{"@id":"https:\/\/portaltela.pt\/#website"},"primaryImageOfPage":{"@id":"https:\/\/portaltela.pt\/noticias\/2026\/02\/20\/psp-detem-jovem-em-mirandela-na-posse-de-mais-de-360-doses-de-haxixe\/#primaryimage"},"image":{"@id":"https:\/\/portaltela.pt\/noticias\/2026\/02\/20\/psp-detem-jovem-em-mirandela-na-posse-de-mais-de-360-doses-de-haxixe\/#primaryimage"},"thumbnailUrl":"https:\/\/portaltela.pt\/s.01k8rhncp4jt1\/2026\/02\/img_1500x1000uu2023-11-12-09-23-00-1490931-14.jpg","datePublished":"2026-02-20T18:16:44+00:00","author":{"@id":"https:\/\/portaltela.pt\/#\/schema\/person\/c4278d4a6028830caff9ee44b42d32ed"},"breadcrumb":{"@id":"https:\/\/portaltela.pt\/noticias\/2026\/02\/20\/psp-detem-jovem-em-mirandela-na-posse-de-mais-de-360-doses-de-haxixe\/#breadcrumb"},"inLanguage":"pt-PT","potentialAction":[{"@type":"ReadAction","target":["https:\/\/portaltela.pt\/noticias\/2026\/02\/20\/psp-detem-jovem-em-mirandela-na-posse-de-mais-de-360-doses-de-haxixe\/"]}]},{"@type":"ImageObject","inLanguage":"pt-PT","@id":"https:\/\/portaltela.pt\/noticias\/2026\/02\/20\/psp-detem-jovem-em-mirandela-na-posse-de-mais-de-360-doses-de-haxixe\/#primaryimage","url":"https:\/\/portaltela.pt\/s.01k8rhncp4jt1\/2026\/02\/img_1500x1000uu2023-11-12-09-23-00-1490931-14.jpg","contentUrl":"https:\/\/portaltela.pt\/s.01k8rhncp4jt1\/2026\/02\/img_1500x1000uu2023-11-12-09-23-00-1490931-14.jpg","width":796,"height":448,"caption":"PJ"},{"@type":"BreadcrumbList","@id":"https:\/\/portaltela.pt\/noticias\/2026\/02\/20\/psp-detem-jovem-em-mirandela-na-posse-de-mais-de-360-doses-de-haxixe\/#breadcrumb","itemListElement":[{"@type":"ListItem","position":1,"name":"In\u00edcio","item":"https:\/\/portaltela.pt\/"},{"@type":"ListItem","position":2,"name":"PSP det\u00e9m jovem em Mirandela na posse de mais de 360 doses de haxixe"}]},{"@type":"WebSite","@id":"https:\/\/portaltela.pt\/#website","url":"https:\/\/portaltela.pt\/","name":"Portal Tela Portugal","description":"","potentialAction":[{"@type":"SearchAction","target":{"@type":"EntryPoint","urlTemplate":"https:\/\/portaltela.pt\/?s={search_term_string}"},"query-input":{"@type":"PropertyValueSpecification","valueRequired":true,"valueName":"search_term_string"}}],"inLanguage":"pt-PT"},{"@type":"Person","@id":"https:\/\/portaltela.pt\/#\/schema\/person\/c4278d4a6028830caff9ee44b42d32ed","name":"Telinha","image":{"@type":"ImageObject","inLanguage":"pt-PT","@id":"https:\/\/portaltela.pt\/s.01k8rhncp4jt1\/2025\/11\/talking-bot-125x125.png","url":"https:\/\/portaltela.pt\/s.01k8rhncp4jt1\/2025\/11\/talking-bot-125x125.png","contentUrl":"https:\/\/portaltela.pt\/s.01k8rhncp4jt1\/2025\/11\/talking-bot-125x125.png","caption":"Telinha"},"sameAs":["https:\/\/portaltela.pt\/"],"url":"https:\/\/portaltela.pt\/por\/367410592786\/"}]}},"_links":{"self":[{"href":"https:\/\/portaltela.pt\/api\/wp\/v2\/posts\/219716","targetHints":{"allow":["GET"]}}],"collection":[{"href":"https:\/\/portaltela.pt\/api\/wp\/v2\/posts"}],"about":[{"href":"https:\/\/portaltela.pt\/api\/wp\/v2\/types\/post"}],"author":[{"embeddable":true,"href":"https:\/\/portaltela.pt\/api\/wp\/v2\/users\/2"}],"replies":[{"embeddable":true,"href":"https:\/\/portaltela.pt\/api\/wp\/v2\/comments?post=219716"}],"version-history":[{"count":0,"href":"https:\/\/portaltela.pt\/api\/wp\/v2\/posts\/219716\/revisions"}],"wp:featuredmedia":[{"embeddable":true,"href":"https:\/\/portaltela.pt\/api\/wp\/v2\/media\/219720"}],"wp:attachment":[{"href":"https:\/\/portaltela.pt\/api\/wp\/v2\/media?parent=219716"}],"wp:term":[{"taxonomy":"category","embeddable":true,"href":"https:\/\/portaltela.pt\/api\/wp\/v2\/categories?post=219716"},{"taxonomy":"post_tag","embeddable":true,"href":"https:\/\/portaltela.pt\/api\/wp\/v2\/tags?post=219716"}],"curies":[{"name":"wp","href":"https:\/\/api.w.org\/{rel}","templated":true}]}}