{"id":219709,"date":"2026-02-20T15:17:00","date_gmt":"2026-02-20T18:17:00","guid":{"rendered":"https:\/\/portaltela.pt\/noticias\/2026\/02\/20\/video-de-protestos-contra-trump-nos-eua-nao-tem-ligacao-com-o-caso-epstein\/"},"modified":"2026-02-20T15:17:00","modified_gmt":"2026-02-20T18:17:00","slug":"video-de-protestos-contra-trump-nos-eua-nao-tem-ligacao-com-o-caso-epstein","status":"publish","type":"post","link":"https:\/\/portaltela.pt\/noticias\/internacional\/2026\/02\/20\/video-de-protestos-contra-trump-nos-eua-nao-tem-ligacao-com-o-caso-epstein\/","title":{"rendered":"V\u00eddeo de protestos contra Trump nos EUA n\u00e3o tem liga\u00e7\u00e3o com o caso Epstein"},"content":{"rendered":"<p>Pessoas publicaram reagentes de uma manifesta\u00e7\u00e3o em frente \u00e0 Trump Tower, alegando tratar-se de protesto pela divulga\u00e7\u00e3o de ficheiros do caso Epstein. O v\u00eddeo circula no Facebook desde 8 de Fevereiro, com descri\u00e7\u00f5es que misturam diferentes eventos.<\/p>\n<p>No primeiro clipe, filmado de uma perspetiva elevada, v\u00ea-se uma grande multid\u00e3o a ocupar uma avenida, sugerindo uma manifesta\u00e7\u00e3o. No segundo, o enquadramento muda para a Trump Tower, com civis a segurar cartazes e a fazer gestos agressivos, acompanhados de apupos e c\u00e2nticos.<\/p>\n<p>O conte\u00fado identifica ainda refer\u00eancias ao ICE e exibe um cartaz com o rosto de Renee Good, associada a uma rea\u00e7\u00e3o contra pol\u00edticas de imigra\u00e7\u00e3o. Contudo, a an\u00e1lise de veracidade confirma que as imagens n\u00e3o documentam a divulga\u00e7\u00e3o de documentos do caso Epstein.<\/p>\n<h3>Veracidade do conte\u00fado<\/h3>\n<p>As imagens do v\u00eddeo circularam antes de terem sido anunciadas grandes divulga\u00e7\u00f5es sobre Epstein. Registos de pesquisa e publica\u00e7\u00f5es associadas indicam que partes do v\u00eddeo j\u00e1 circulavam desde outubro de 2025, ligadas a protestos em Chicago e em diferentes cidades, n\u00e3o relacionados com Epstein.<\/p>\n<p>Cobertura de ve\u00edculos de comunica\u00e7\u00e3o internacionais descreveu protestos contra as pol\u00edticas de Trump em outubro de 2025 e eventos subsequentes, incluindo manifesta\u00e7\u00f5es em Nova Iorque tamb\u00e9m ligadas a cr\u00edticas ao ICE. O New York Times noticiou a passagem de manifestantes pela Trump Tower, mas em contexto distinto.<\/p>\n<p>\u00c0 data da publica\u00e7\u00e3o inicial, n\u00e3o havia evid\u00eancia de que o v\u00eddeo fosse ligado \u00e0 divulga\u00e7\u00e3o de tr\u00eas milh\u00f5es de documentos do caso Epstein, que s\u00f3 veio a ser divulgada meses depois. Em resumo, as imagens associadas ao v\u00eddeo n\u00e3o correspondem \u00e0 divulga\u00e7\u00e3o de ficheiros Epstein.<\/p>\n","protected":false},"excerpt":{"rendered":"<ul>\n<li>O v\u00eddeo em causa n\u00e3o est\u00e1 relacionado com a divulga\u00e7\u00e3o dos documentos do caso Epstein; circula h\u00e1 meses com imagens de protestos diferentes.<\/li>\n<li>O primeiro clipe, visto na Internet desde pelo menos 18 de outubro de 2025, mostra um protesto na Michigan Avenue, Chicago, sob o lema \u201cNo Kings\u201d.<\/li>\n<li>O segundo segmento, com imagens diante da Trump Tower, \u00e9 anterior \u00e0 divulga\u00e7\u00e3o dos ficheiros Epstein e aparece ligado a protestos contra as pol\u00edticas de Donald Trump e o ICE.<\/li>\n<li>O New York Times reportou a passagem de manifestantes pela Trump Tower no dia 11 de janeiro, antes de serem divulgados cerca de tr\u00eas milh\u00f5es de documentos Epstein, em janeiro de 2026.<\/li>\n<li>Conclus\u00e3o: \u00e9 falso afirmar que os v\u00eddeos mostram protestos relacionados com a divulga\u00e7\u00e3o de documentos do caso Epstein.<\/li>\n<\/ul>\n","protected":false},"author":2,"featured_media":219711,"comment_status":"closed","ping_status":"closed","sticky":false,"template":"","format":"standard","meta":{"footnotes":""},"categories":[4,1],"tags":[4953,1600,2691,712,2857,2730],"class_list":["post-219709","post","type-post","status-publish","format-standard","has-post-thumbnail","hentry","category-internacional","category-noticias","tag-donald-trump","tag-estados-unidos","tag-ice","tag-imigracao","tag-protestos","tag-protestos-internacionais"],"yoast_head":"<!-- This site is optimized with the Yoast SEO plugin v27.2 - https:\/\/yoast.com\/product\/yoast-seo-wordpress\/ -->\n<title>V\u00eddeo de protestos contra Trump nos EUA n\u00e3o tem liga\u00e7\u00e3o com o caso Epstein - Portal Tela Portugal<\/title>\n<meta name=\"robots\" content=\"index, follow, max-snippet:-1, max-image-preview:large, max-video-preview:-1\" \/>\n<meta property=\"og:locale\" content=\"pt_PT\" \/>\n<meta property=\"og:type\" content=\"article\" \/>\n<meta property=\"og:title\" content=\"V\u00eddeo de protestos contra Trump nos EUA n\u00e3o tem liga\u00e7\u00e3o com o caso Epstein - Portal Tela Portugal\" \/>\n<meta property=\"og:description\" content=\"O v\u00eddeo em causa n\u00e3o est\u00e1 relacionado com a divulga\u00e7\u00e3o dos documentos do caso Epstein; circula h\u00e1 meses com imagens de protestos diferentes. O primeiro clipe, visto na Internet desde pelo menos 18 de outubro de 2025, mostra um protesto na Michigan Avenue, Chicago, sob o lema \u201cNo Kings\u201d. O segundo segmento, com imagens diante da Trump Tower, \u00e9 anterior \u00e0 divulga\u00e7\u00e3o dos ficheiros Epstein e aparece ligado a protestos contra as pol\u00edticas de Donald Trump e o ICE. O New York Times reportou a passagem de manifestantes pela Trump Tower no dia 11 de janeiro, antes de serem divulgados cerca de tr\u00eas milh\u00f5es de documentos Epstein, em janeiro de 2026. Conclus\u00e3o: \u00e9 falso afirmar que os v\u00eddeos mostram protestos relacionados com a divulga\u00e7\u00e3o de documentos do caso Epstein.\" \/>\n<meta property=\"og:url\" content=\"https:\/\/portaltela.pt\/noticias\/2026\/02\/20\/video-de-protestos-contra-trump-nos-eua-nao-tem-ligacao-com-o-caso-epstein\/\" \/>\n<meta property=\"og:site_name\" content=\"Portal Tela Portugal\" \/>\n<meta property=\"article:published_time\" content=\"2026-02-20T18:17:00+00:00\" \/>\n<meta name=\"author\" content=\"Telinha\" \/>\n<meta name=\"twitter:card\" content=\"summary_large_image\" \/>\n<meta name=\"twitter:label1\" content=\"Escrito por\" \/>\n\t<meta name=\"twitter:data1\" content=\"Telinha\" \/>\n\t<meta name=\"twitter:label2\" content=\"Tempo estimado de leitura\" \/>\n\t<meta name=\"twitter:data2\" content=\"1 minuto\" \/>\n<script type=\"application\/ld+json\" class=\"yoast-schema-graph\">{\"@context\":\"https:\/\/schema.org\",\"@graph\":[{\"@type\":\"Article\",\"@id\":\"https:\/\/portaltela.pt\/noticias\/2026\/02\/20\/video-de-protestos-contra-trump-nos-eua-nao-tem-ligacao-com-o-caso-epstein\/#article\",\"isPartOf\":{\"@id\":\"https:\/\/portaltela.pt\/noticias\/2026\/02\/20\/video-de-protestos-contra-trump-nos-eua-nao-tem-ligacao-com-o-caso-epstein\/\"},\"author\":{\"name\":\"Telinha\",\"@id\":\"https:\/\/portaltela.pt\/#\/schema\/person\/c4278d4a6028830caff9ee44b42d32ed\"},\"headline\":\"V\u00eddeo de protestos contra Trump nos EUA n\u00e3o tem liga\u00e7\u00e3o com o caso Epstein\",\"datePublished\":\"2026-02-20T18:17:00+00:00\",\"mainEntityOfPage\":{\"@id\":\"https:\/\/portaltela.pt\/noticias\/2026\/02\/20\/video-de-protestos-contra-trump-nos-eua-nao-tem-ligacao-com-o-caso-epstein\/\"},\"wordCount\":311,\"image\":{\"@id\":\"https:\/\/portaltela.pt\/noticias\/2026\/02\/20\/video-de-protestos-contra-trump-nos-eua-nao-tem-ligacao-com-o-caso-epstein\/#primaryimage\"},\"thumbnailUrl\":\"https:\/\/portaltela.pt\/s.01k8rhncp4jt1\/2026\/02\/2068643.jpg\",\"keywords\":[\"Donald Trump\",\"Estados Unidos\",\"ICE\",\"imigra\u00e7\u00e3o\",\"protestos\",\"protestos internacionais\"],\"articleSection\":[\"Internacional\",\"Not\u00edcias\"],\"inLanguage\":\"pt-PT\"},{\"@type\":\"WebPage\",\"@id\":\"https:\/\/portaltela.pt\/noticias\/2026\/02\/20\/video-de-protestos-contra-trump-nos-eua-nao-tem-ligacao-com-o-caso-epstein\/\",\"url\":\"https:\/\/portaltela.pt\/noticias\/2026\/02\/20\/video-de-protestos-contra-trump-nos-eua-nao-tem-ligacao-com-o-caso-epstein\/\",\"name\":\"V\u00eddeo de protestos contra Trump nos EUA n\u00e3o tem liga\u00e7\u00e3o com o caso Epstein - Portal Tela Portugal\",\"isPartOf\":{\"@id\":\"https:\/\/portaltela.pt\/#website\"},\"primaryImageOfPage\":{\"@id\":\"https:\/\/portaltela.pt\/noticias\/2026\/02\/20\/video-de-protestos-contra-trump-nos-eua-nao-tem-ligacao-com-o-caso-epstein\/#primaryimage\"},\"image\":{\"@id\":\"https:\/\/portaltela.pt\/noticias\/2026\/02\/20\/video-de-protestos-contra-trump-nos-eua-nao-tem-ligacao-com-o-caso-epstein\/#primaryimage\"},\"thumbnailUrl\":\"https:\/\/portaltela.pt\/s.01k8rhncp4jt1\/2026\/02\/2068643.jpg\",\"datePublished\":\"2026-02-20T18:17:00+00:00\",\"author\":{\"@id\":\"https:\/\/portaltela.pt\/#\/schema\/person\/c4278d4a6028830caff9ee44b42d32ed\"},\"breadcrumb\":{\"@id\":\"https:\/\/portaltela.pt\/noticias\/2026\/02\/20\/video-de-protestos-contra-trump-nos-eua-nao-tem-ligacao-com-o-caso-epstein\/#breadcrumb\"},\"inLanguage\":\"pt-PT\",\"potentialAction\":[{\"@type\":\"ReadAction\",\"target\":[\"https:\/\/portaltela.pt\/noticias\/2026\/02\/20\/video-de-protestos-contra-trump-nos-eua-nao-tem-ligacao-com-o-caso-epstein\/\"]}]},{\"@type\":\"ImageObject\",\"inLanguage\":\"pt-PT\",\"@id\":\"https:\/\/portaltela.pt\/noticias\/2026\/02\/20\/video-de-protestos-contra-trump-nos-eua-nao-tem-ligacao-com-o-caso-epstein\/#primaryimage\",\"url\":\"https:\/\/portaltela.pt\/s.01k8rhncp4jt1\/2026\/02\/2068643.jpg\",\"contentUrl\":\"https:\/\/portaltela.pt\/s.01k8rhncp4jt1\/2026\/02\/2068643.jpg\",\"width\":796,\"height\":448,\"caption\":\"Tr\u00eas milh\u00f5es de documentos relacionados com o caso Epstein foram divulgados a 30 de Janeiro deste ano\"},{\"@type\":\"BreadcrumbList\",\"@id\":\"https:\/\/portaltela.pt\/noticias\/2026\/02\/20\/video-de-protestos-contra-trump-nos-eua-nao-tem-ligacao-com-o-caso-epstein\/#breadcrumb\",\"itemListElement\":[{\"@type\":\"ListItem\",\"position\":1,\"name\":\"In\u00edcio\",\"item\":\"https:\/\/portaltela.pt\/\"},{\"@type\":\"ListItem\",\"position\":2,\"name\":\"V\u00eddeo de protestos contra Trump nos EUA n\u00e3o tem liga\u00e7\u00e3o com o caso Epstein\"}]},{\"@type\":\"WebSite\",\"@id\":\"https:\/\/portaltela.pt\/#website\",\"url\":\"https:\/\/portaltela.pt\/\",\"name\":\"Portal Tela Portugal\",\"description\":\"\",\"potentialAction\":[{\"@type\":\"SearchAction\",\"target\":{\"@type\":\"EntryPoint\",\"urlTemplate\":\"https:\/\/portaltela.pt\/?s={search_term_string}\"},\"query-input\":{\"@type\":\"PropertyValueSpecification\",\"valueRequired\":true,\"valueName\":\"search_term_string\"}}],\"inLanguage\":\"pt-PT\"},{\"@type\":\"Person\",\"@id\":\"https:\/\/portaltela.pt\/#\/schema\/person\/c4278d4a6028830caff9ee44b42d32ed\",\"name\":\"Telinha\",\"image\":{\"@type\":\"ImageObject\",\"inLanguage\":\"pt-PT\",\"@id\":\"https:\/\/portaltela.pt\/s.01k8rhncp4jt1\/2025\/11\/talking-bot-125x125.png\",\"url\":\"https:\/\/portaltela.pt\/s.01k8rhncp4jt1\/2025\/11\/talking-bot-125x125.png\",\"contentUrl\":\"https:\/\/portaltela.pt\/s.01k8rhncp4jt1\/2025\/11\/talking-bot-125x125.png\",\"caption\":\"Telinha\"},\"sameAs\":[\"https:\/\/portaltela.pt\/\"],\"url\":\"https:\/\/portaltela.pt\/por\/367410592786\/\"}]}<\/script>\n<!-- \/ Yoast SEO plugin. -->","yoast_head_json":{"title":"V\u00eddeo de protestos contra Trump nos EUA n\u00e3o tem liga\u00e7\u00e3o com o caso Epstein - Portal Tela Portugal","robots":{"index":"index","follow":"follow","max-snippet":"max-snippet:-1","max-image-preview":"max-image-preview:large","max-video-preview":"max-video-preview:-1"},"og_locale":"pt_PT","og_type":"article","og_title":"V\u00eddeo de protestos contra Trump nos EUA n\u00e3o tem liga\u00e7\u00e3o com o caso Epstein - Portal Tela Portugal","og_description":"O v\u00eddeo em causa n\u00e3o est\u00e1 relacionado com a divulga\u00e7\u00e3o dos documentos do caso Epstein; circula h\u00e1 meses com imagens de protestos diferentes. O primeiro clipe, visto na Internet desde pelo menos 18 de outubro de 2025, mostra um protesto na Michigan Avenue, Chicago, sob o lema \u201cNo Kings\u201d. O segundo segmento, com imagens diante da Trump Tower, \u00e9 anterior \u00e0 divulga\u00e7\u00e3o dos ficheiros Epstein e aparece ligado a protestos contra as pol\u00edticas de Donald Trump e o ICE. O New York Times reportou a passagem de manifestantes pela Trump Tower no dia 11 de janeiro, antes de serem divulgados cerca de tr\u00eas milh\u00f5es de documentos Epstein, em janeiro de 2026. Conclus\u00e3o: \u00e9 falso afirmar que os v\u00eddeos mostram protestos relacionados com a divulga\u00e7\u00e3o de documentos do caso Epstein.","og_url":"https:\/\/portaltela.pt\/noticias\/2026\/02\/20\/video-de-protestos-contra-trump-nos-eua-nao-tem-ligacao-com-o-caso-epstein\/","og_site_name":"Portal Tela Portugal","article_published_time":"2026-02-20T18:17:00+00:00","author":"Telinha","twitter_card":"summary_large_image","twitter_misc":{"Escrito por":"Telinha","Tempo estimado de leitura":"1 minuto"},"schema":{"@context":"https:\/\/schema.org","@graph":[{"@type":"Article","@id":"https:\/\/portaltela.pt\/noticias\/2026\/02\/20\/video-de-protestos-contra-trump-nos-eua-nao-tem-ligacao-com-o-caso-epstein\/#article","isPartOf":{"@id":"https:\/\/portaltela.pt\/noticias\/2026\/02\/20\/video-de-protestos-contra-trump-nos-eua-nao-tem-ligacao-com-o-caso-epstein\/"},"author":{"name":"Telinha","@id":"https:\/\/portaltela.pt\/#\/schema\/person\/c4278d4a6028830caff9ee44b42d32ed"},"headline":"V\u00eddeo de protestos contra Trump nos EUA n\u00e3o tem liga\u00e7\u00e3o com o caso Epstein","datePublished":"2026-02-20T18:17:00+00:00","mainEntityOfPage":{"@id":"https:\/\/portaltela.pt\/noticias\/2026\/02\/20\/video-de-protestos-contra-trump-nos-eua-nao-tem-ligacao-com-o-caso-epstein\/"},"wordCount":311,"image":{"@id":"https:\/\/portaltela.pt\/noticias\/2026\/02\/20\/video-de-protestos-contra-trump-nos-eua-nao-tem-ligacao-com-o-caso-epstein\/#primaryimage"},"thumbnailUrl":"https:\/\/portaltela.pt\/s.01k8rhncp4jt1\/2026\/02\/2068643.jpg","keywords":["Donald Trump","Estados Unidos","ICE","imigra\u00e7\u00e3o","protestos","protestos internacionais"],"articleSection":["Internacional","Not\u00edcias"],"inLanguage":"pt-PT"},{"@type":"WebPage","@id":"https:\/\/portaltela.pt\/noticias\/2026\/02\/20\/video-de-protestos-contra-trump-nos-eua-nao-tem-ligacao-com-o-caso-epstein\/","url":"https:\/\/portaltela.pt\/noticias\/2026\/02\/20\/video-de-protestos-contra-trump-nos-eua-nao-tem-ligacao-com-o-caso-epstein\/","name":"V\u00eddeo de protestos contra Trump nos EUA n\u00e3o tem liga\u00e7\u00e3o com o caso Epstein - Portal Tela Portugal","isPartOf":{"@id":"https:\/\/portaltela.pt\/#website"},"primaryImageOfPage":{"@id":"https:\/\/portaltela.pt\/noticias\/2026\/02\/20\/video-de-protestos-contra-trump-nos-eua-nao-tem-ligacao-com-o-caso-epstein\/#primaryimage"},"image":{"@id":"https:\/\/portaltela.pt\/noticias\/2026\/02\/20\/video-de-protestos-contra-trump-nos-eua-nao-tem-ligacao-com-o-caso-epstein\/#primaryimage"},"thumbnailUrl":"https:\/\/portaltela.pt\/s.01k8rhncp4jt1\/2026\/02\/2068643.jpg","datePublished":"2026-02-20T18:17:00+00:00","author":{"@id":"https:\/\/portaltela.pt\/#\/schema\/person\/c4278d4a6028830caff9ee44b42d32ed"},"breadcrumb":{"@id":"https:\/\/portaltela.pt\/noticias\/2026\/02\/20\/video-de-protestos-contra-trump-nos-eua-nao-tem-ligacao-com-o-caso-epstein\/#breadcrumb"},"inLanguage":"pt-PT","potentialAction":[{"@type":"ReadAction","target":["https:\/\/portaltela.pt\/noticias\/2026\/02\/20\/video-de-protestos-contra-trump-nos-eua-nao-tem-ligacao-com-o-caso-epstein\/"]}]},{"@type":"ImageObject","inLanguage":"pt-PT","@id":"https:\/\/portaltela.pt\/noticias\/2026\/02\/20\/video-de-protestos-contra-trump-nos-eua-nao-tem-ligacao-com-o-caso-epstein\/#primaryimage","url":"https:\/\/portaltela.pt\/s.01k8rhncp4jt1\/2026\/02\/2068643.jpg","contentUrl":"https:\/\/portaltela.pt\/s.01k8rhncp4jt1\/2026\/02\/2068643.jpg","width":796,"height":448,"caption":"Tr\u00eas milh\u00f5es de documentos relacionados com o caso Epstein foram divulgados a 30 de Janeiro deste ano"},{"@type":"BreadcrumbList","@id":"https:\/\/portaltela.pt\/noticias\/2026\/02\/20\/video-de-protestos-contra-trump-nos-eua-nao-tem-ligacao-com-o-caso-epstein\/#breadcrumb","itemListElement":[{"@type":"ListItem","position":1,"name":"In\u00edcio","item":"https:\/\/portaltela.pt\/"},{"@type":"ListItem","position":2,"name":"V\u00eddeo de protestos contra Trump nos EUA n\u00e3o tem liga\u00e7\u00e3o com o caso Epstein"}]},{"@type":"WebSite","@id":"https:\/\/portaltela.pt\/#website","url":"https:\/\/portaltela.pt\/","name":"Portal Tela Portugal","description":"","potentialAction":[{"@type":"SearchAction","target":{"@type":"EntryPoint","urlTemplate":"https:\/\/portaltela.pt\/?s={search_term_string}"},"query-input":{"@type":"PropertyValueSpecification","valueRequired":true,"valueName":"search_term_string"}}],"inLanguage":"pt-PT"},{"@type":"Person","@id":"https:\/\/portaltela.pt\/#\/schema\/person\/c4278d4a6028830caff9ee44b42d32ed","name":"Telinha","image":{"@type":"ImageObject","inLanguage":"pt-PT","@id":"https:\/\/portaltela.pt\/s.01k8rhncp4jt1\/2025\/11\/talking-bot-125x125.png","url":"https:\/\/portaltela.pt\/s.01k8rhncp4jt1\/2025\/11\/talking-bot-125x125.png","contentUrl":"https:\/\/portaltela.pt\/s.01k8rhncp4jt1\/2025\/11\/talking-bot-125x125.png","caption":"Telinha"},"sameAs":["https:\/\/portaltela.pt\/"],"url":"https:\/\/portaltela.pt\/por\/367410592786\/"}]}},"_links":{"self":[{"href":"https:\/\/portaltela.pt\/api\/wp\/v2\/posts\/219709","targetHints":{"allow":["GET"]}}],"collection":[{"href":"https:\/\/portaltela.pt\/api\/wp\/v2\/posts"}],"about":[{"href":"https:\/\/portaltela.pt\/api\/wp\/v2\/types\/post"}],"author":[{"embeddable":true,"href":"https:\/\/portaltela.pt\/api\/wp\/v2\/users\/2"}],"replies":[{"embeddable":true,"href":"https:\/\/portaltela.pt\/api\/wp\/v2\/comments?post=219709"}],"version-history":[{"count":0,"href":"https:\/\/portaltela.pt\/api\/wp\/v2\/posts\/219709\/revisions"}],"wp:featuredmedia":[{"embeddable":true,"href":"https:\/\/portaltela.pt\/api\/wp\/v2\/media\/219711"}],"wp:attachment":[{"href":"https:\/\/portaltela.pt\/api\/wp\/v2\/media?parent=219709"}],"wp:term":[{"taxonomy":"category","embeddable":true,"href":"https:\/\/portaltela.pt\/api\/wp\/v2\/categories?post=219709"},{"taxonomy":"post_tag","embeddable":true,"href":"https:\/\/portaltela.pt\/api\/wp\/v2\/tags?post=219709"}],"curies":[{"name":"wp","href":"https:\/\/api.w.org\/{rel}","templated":true}]}}