{"id":219649,"date":"2026-02-20T14:48:00","date_gmt":"2026-02-20T17:48:00","guid":{"rendered":"https:\/\/portaltela.pt\/noticias\/2026\/02\/20\/juntas-de-freguesia-passam-a-ter-telefone-satelite-starlink\/"},"modified":"2026-02-20T14:48:00","modified_gmt":"2026-02-20T17:48:00","slug":"juntas-de-freguesia-passam-a-ter-telefone-satelite-starlink","status":"publish","type":"post","link":"https:\/\/portaltela.pt\/noticias\/2026\/02\/20\/juntas-de-freguesia-passam-a-ter-telefone-satelite-starlink\/","title":{"rendered":"Juntas de freguesia passam a ter telefone sat\u00e9lite Starlink"},"content":{"rendered":"<p>O Governo anunciou, no \u00e2mbito do programa Portugal Transforma\u00e7\u00e3o, Recupera\u00e7\u00e3o e Resili\u00eancia (PTRR), a atribui\u00e7\u00e3o de um telefone sat\u00e9lite com liga\u00e7\u00e3o de dados via Starlink a cada uma das 3258 juntas de freguesia. A medida, apresentada pelo primeiro-ministro Lu\u00eds Montenegro, visa prevenir o isolamento de comunidades em situa\u00e7\u00f5es de emerg\u00eancia.<\/p>\n<p>Al\u00e9m dos telem\u00f3veis sat\u00e9lite, ser\u00e1 colocado um telefone do Sistema Integrado de Redes de Emerg\u00eancia e Seguran\u00e7a de Portugal (SIRESP). O objetivo \u00e9 assegurar conectividade est\u00e1vel quando as redes f\u00edsicas enfrentarem dificuldades. O PTRR aponta como contexto recente o desgaste de comunica\u00e7\u00f5es em v\u00e1rias regi\u00f5es do pa\u00eds, com foco na resili\u00eancia m\u00f3vel.<\/p>\n<h3>Contexto e objetivos<\/h3>\n<p>O documento do PTRR refere ainda uma solu\u00e7\u00e3o para o futuro do SIRESP, com estudo independente conclu\u00eddo em fevereiro de 2026. A ideia \u00e9 fortalecer as comunica\u00e7\u00f5es de emerg\u00eancia e reduzir lacunas de cobertura em situa\u00e7\u00f5es cr\u00edticas, como ocorreu com a regi\u00e3o afetada por tempestades.<\/p>\n<p>A tempestade Krist\u00edn provocou perturba\u00e7\u00f5es em diversas comunidades. Registaram-se lacunas de telecomunica\u00e7\u00f5es em alguns concelhos, incluindo Cepos, em Arganil, onde houve relatos de aus\u00eancia de servi\u00e7o. O Executivo pretende refor\u00e7ar a resili\u00eancia das comunica\u00e7\u00f5es m\u00f3veis com medidas integradas.<\/p>\n<h3>Medidas de regula\u00e7\u00e3o e infra-estruturas<\/h3>\n<p>Entre as linhas de a\u00e7\u00e3o, est\u00e1 a regula\u00e7\u00e3o do roaming nacional tempor\u00e1rio e a partilha de infra-estruturas entre operadoras. Tamb\u00e9m h\u00e1 prevista a revis\u00e3o de normas t\u00e9cnicas e de planos de continuidade para as operadoras, bem como solu\u00e7\u00f5es de enterramento progressivo de infraestruturas.<\/p>\n<p>O PTRR prev\u00ea a defini\u00e7\u00e3o de corredores de redund\u00e2ncia geogr\u00e1fica para os backbones de fibra \u00f3tica e a mitiga\u00e7\u00e3o da depend\u00eancia energ\u00e9tica das redes com solu\u00e7\u00f5es de armazenamento ou alimenta\u00e7\u00e3o aut\u00f3noma em n\u00f3s cr\u00edticos. A medida contempla ainda refor\u00e7ar a autonomia de gera\u00e7\u00e3o de energia em pontos estrat\u00e9gicos.<\/p>\n<h3>Resili\u00eancia energ\u00e9tica<\/h3>\n<p>Na vertente energ\u00e9tica, o Governo prop\u00f5e um teste de stress nacional, peri\u00f3dico e obrigat\u00f3rio ao sistema energ\u00e9tico. O objetivo \u00e9 simular cen\u00e1rios extremos clim\u00e1ticos, cibern\u00e9ticos e geopol\u00edticos para orientar o planeamento da rede e planos de mitiga\u00e7\u00e3o de risco.<\/p>\n<p>Segundo informa\u00e7\u00f5es da Lusa, ainda h\u00e1 milhares de clientes sem energia em algumas zonas, com destaque para cerca de 4500 clientes da E-Redes. A estrat\u00e9gia enquadra a cria\u00e7\u00e3o de uma rede cr\u00edtica de reserva de energia para emerg\u00eancias e o posicionamento estrat\u00e9gico de geradores para resposta r\u00e1pida.<\/p>\n<h3>Futuras linhas de a\u00e7\u00e3o<\/h3>\n<p>Pretende-se tamb\u00e9m refor\u00e7ar a capacidade descentralizada de geradores e de autoprodu\u00e7\u00e3o com armazenamento, priorizando infraestruturas cr\u00edticas como sa\u00fade, abastecimento de \u00e1gua, antenas de comunica\u00e7\u00e3o m\u00f3vel e r\u00e1dios nacionais em cada junta de freguesia. O PTRR aponta ainda para a adapta\u00e7\u00e3o do sistema el\u00e9trico nacional \u00e0s altera\u00e7\u00f5es clim\u00e1ticas e prev\u00ea a integra\u00e7\u00e3o de intelig\u00eancia artificial no planeamento das redes.<\/p>\n","protected":false},"excerpt":{"rendered":"<ul>\n<li>O Governo prev\u00ea entregar um telefone sat\u00e9lite e liga\u00e7\u00e3o de dados Starlink a cada uma das 3258 juntas de freguesia, como medida de resili\u00eancia em emerg\u00eancias, integrada no programa PTRR.<\/li>\n<li>Al\u00e9m do telefone, ser\u00e1 fornecido um dispositivo do SIRESP, com foco na fiabilidade das comunica\u00e7\u00f5es em situa\u00e7\u00f5es de crise, incluindo uma avalia\u00e7\u00e3o futura do SIRESP.<\/li>\n<li>As a\u00e7\u00f5es visam reduzir o isolamento de comunidades durante tempestades, refor\u00e7ando a resili\u00eancia das comunica\u00e7\u00f5es m\u00f3veis e incluindo regula\u00e7\u00e3o de roaming nacional tempor\u00e1rio e partilha de infraestrutura entre operadoras.<\/li>\n<li>O PTRR aborda tamb\u00e9m a revis\u00e3o de normas t\u00e9cnicas, planos de continuidade, enterramento de infraestruturas, corredores de redund\u00e2ncia para fibra \u00f3ptica e solu\u00e7\u00f5es de armazenamento\/alimenta\u00e7\u00e3o aut\u00f3noma em n\u00f3s cr\u00edticos.<\/li>\n<li>Na vertente energ\u00e9tica, est\u00e1 prevista a realiza\u00e7\u00e3o de um teste de stress nacional, peri\u00f3dico e obrigat\u00f3rio ao sistema energ\u00e9tico, com simula\u00e7\u00f5es de cen\u00e1rios extremos para orientar planeamento e mitiga\u00e7\u00e3o de riscos.<\/li>\n<\/ul>\n","protected":false},"author":2,"featured_media":219654,"comment_status":"closed","ping_status":"closed","sticky":false,"template":"","format":"standard","meta":{"footnotes":""},"categories":[1],"tags":[4729,5928,174,1615,4311,2171],"class_list":["post-219649","post","type-post","status-publish","format-standard","has-post-thumbnail","hentry","category-noticias","tag-abastecimento-de-energia","tag-emergencia","tag-energia","tag-infraestrutura","tag-juntas-de-freguesia","tag-telecomunicacoes"],"yoast_head":"<!-- This site is optimized with the Yoast SEO plugin v27.2 - https:\/\/yoast.com\/product\/yoast-seo-wordpress\/ -->\n<title>Juntas de freguesia passam a ter telefone sat\u00e9lite Starlink - Portal Tela Portugal<\/title>\n<meta name=\"robots\" content=\"index, follow, max-snippet:-1, max-image-preview:large, max-video-preview:-1\" \/>\n<meta property=\"og:locale\" content=\"pt_PT\" \/>\n<meta property=\"og:type\" content=\"article\" \/>\n<meta property=\"og:title\" content=\"Juntas de freguesia passam a ter telefone sat\u00e9lite Starlink - Portal Tela Portugal\" \/>\n<meta property=\"og:description\" content=\"O Governo prev\u00ea entregar um telefone sat\u00e9lite e liga\u00e7\u00e3o de dados Starlink a cada uma das 3258 juntas de freguesia, como medida de resili\u00eancia em emerg\u00eancias, integrada no programa PTRR. Al\u00e9m do telefone, ser\u00e1 fornecido um dispositivo do SIRESP, com foco na fiabilidade das comunica\u00e7\u00f5es em situa\u00e7\u00f5es de crise, incluindo uma avalia\u00e7\u00e3o futura do SIRESP. As a\u00e7\u00f5es visam reduzir o isolamento de comunidades durante tempestades, refor\u00e7ando a resili\u00eancia das comunica\u00e7\u00f5es m\u00f3veis e incluindo regula\u00e7\u00e3o de roaming nacional tempor\u00e1rio e partilha de infraestrutura entre operadoras. O PTRR aborda tamb\u00e9m a revis\u00e3o de normas t\u00e9cnicas, planos de continuidade, enterramento de infraestruturas, corredores de redund\u00e2ncia para fibra \u00f3ptica e solu\u00e7\u00f5es de armazenamento\/alimenta\u00e7\u00e3o aut\u00f3noma em n\u00f3s cr\u00edticos. Na vertente energ\u00e9tica, est\u00e1 prevista a realiza\u00e7\u00e3o de um teste de stress nacional, peri\u00f3dico e obrigat\u00f3rio ao sistema energ\u00e9tico, com simula\u00e7\u00f5es de cen\u00e1rios extremos para orientar planeamento e mitiga\u00e7\u00e3o de riscos.\" \/>\n<meta property=\"og:url\" content=\"https:\/\/portaltela.pt\/noticias\/2026\/02\/20\/juntas-de-freguesia-passam-a-ter-telefone-satelite-starlink\/\" \/>\n<meta property=\"og:site_name\" content=\"Portal Tela Portugal\" \/>\n<meta property=\"article:published_time\" content=\"2026-02-20T17:48:00+00:00\" \/>\n<meta name=\"author\" content=\"Telinha\" \/>\n<meta name=\"twitter:card\" content=\"summary_large_image\" \/>\n<meta name=\"twitter:label1\" content=\"Escrito por\" \/>\n\t<meta name=\"twitter:data1\" content=\"Telinha\" \/>\n\t<meta name=\"twitter:label2\" content=\"Tempo estimado de leitura\" \/>\n\t<meta name=\"twitter:data2\" content=\"3 minutos\" \/>\n<script type=\"application\/ld+json\" class=\"yoast-schema-graph\">{\"@context\":\"https:\/\/schema.org\",\"@graph\":[{\"@type\":\"Article\",\"@id\":\"https:\/\/portaltela.pt\/noticias\/2026\/02\/20\/juntas-de-freguesia-passam-a-ter-telefone-satelite-starlink\/#article\",\"isPartOf\":{\"@id\":\"https:\/\/portaltela.pt\/noticias\/2026\/02\/20\/juntas-de-freguesia-passam-a-ter-telefone-satelite-starlink\/\"},\"author\":{\"name\":\"Telinha\",\"@id\":\"https:\/\/portaltela.pt\/#\/schema\/person\/c4278d4a6028830caff9ee44b42d32ed\"},\"headline\":\"Juntas de freguesia passam a ter telefone sat\u00e9lite Starlink\",\"datePublished\":\"2026-02-20T17:48:00+00:00\",\"mainEntityOfPage\":{\"@id\":\"https:\/\/portaltela.pt\/noticias\/2026\/02\/20\/juntas-de-freguesia-passam-a-ter-telefone-satelite-starlink\/\"},\"wordCount\":532,\"image\":{\"@id\":\"https:\/\/portaltela.pt\/noticias\/2026\/02\/20\/juntas-de-freguesia-passam-a-ter-telefone-satelite-starlink\/#primaryimage\"},\"thumbnailUrl\":\"https:\/\/portaltela.pt\/s.01k8rhncp4jt1\/2026\/02\/2068633.jpg\",\"keywords\":[\"abastecimento de energia\",\"emerg\u00eancia\",\"energia\",\"infraestrutura\",\"juntas de freguesia\",\"telecomunica\u00e7\u00f5es\"],\"articleSection\":[\"Not\u00edcias\"],\"inLanguage\":\"pt-PT\"},{\"@type\":\"WebPage\",\"@id\":\"https:\/\/portaltela.pt\/noticias\/2026\/02\/20\/juntas-de-freguesia-passam-a-ter-telefone-satelite-starlink\/\",\"url\":\"https:\/\/portaltela.pt\/noticias\/2026\/02\/20\/juntas-de-freguesia-passam-a-ter-telefone-satelite-starlink\/\",\"name\":\"Juntas de freguesia passam a ter telefone sat\u00e9lite Starlink - Portal Tela Portugal\",\"isPartOf\":{\"@id\":\"https:\/\/portaltela.pt\/#website\"},\"primaryImageOfPage\":{\"@id\":\"https:\/\/portaltela.pt\/noticias\/2026\/02\/20\/juntas-de-freguesia-passam-a-ter-telefone-satelite-starlink\/#primaryimage\"},\"image\":{\"@id\":\"https:\/\/portaltela.pt\/noticias\/2026\/02\/20\/juntas-de-freguesia-passam-a-ter-telefone-satelite-starlink\/#primaryimage\"},\"thumbnailUrl\":\"https:\/\/portaltela.pt\/s.01k8rhncp4jt1\/2026\/02\/2068633.jpg\",\"datePublished\":\"2026-02-20T17:48:00+00:00\",\"author\":{\"@id\":\"https:\/\/portaltela.pt\/#\/schema\/person\/c4278d4a6028830caff9ee44b42d32ed\"},\"breadcrumb\":{\"@id\":\"https:\/\/portaltela.pt\/noticias\/2026\/02\/20\/juntas-de-freguesia-passam-a-ter-telefone-satelite-starlink\/#breadcrumb\"},\"inLanguage\":\"pt-PT\",\"potentialAction\":[{\"@type\":\"ReadAction\",\"target\":[\"https:\/\/portaltela.pt\/noticias\/2026\/02\/20\/juntas-de-freguesia-passam-a-ter-telefone-satelite-starlink\/\"]}]},{\"@type\":\"ImageObject\",\"inLanguage\":\"pt-PT\",\"@id\":\"https:\/\/portaltela.pt\/noticias\/2026\/02\/20\/juntas-de-freguesia-passam-a-ter-telefone-satelite-starlink\/#primaryimage\",\"url\":\"https:\/\/portaltela.pt\/s.01k8rhncp4jt1\/2026\/02\/2068633.jpg\",\"contentUrl\":\"https:\/\/portaltela.pt\/s.01k8rhncp4jt1\/2026\/02\/2068633.jpg\",\"width\":796,\"height\":448,\"caption\":\"Estrat\u00e9gia do PTRR passa por adaptar o sistema el\u00e9ctrico nacional \u00e0s altera\u00e7\u00f5es clim\u00e1ticas\"},{\"@type\":\"BreadcrumbList\",\"@id\":\"https:\/\/portaltela.pt\/noticias\/2026\/02\/20\/juntas-de-freguesia-passam-a-ter-telefone-satelite-starlink\/#breadcrumb\",\"itemListElement\":[{\"@type\":\"ListItem\",\"position\":1,\"name\":\"In\u00edcio\",\"item\":\"https:\/\/portaltela.pt\/\"},{\"@type\":\"ListItem\",\"position\":2,\"name\":\"Juntas de freguesia passam a ter telefone sat\u00e9lite Starlink\"}]},{\"@type\":\"WebSite\",\"@id\":\"https:\/\/portaltela.pt\/#website\",\"url\":\"https:\/\/portaltela.pt\/\",\"name\":\"Portal Tela Portugal\",\"description\":\"\",\"potentialAction\":[{\"@type\":\"SearchAction\",\"target\":{\"@type\":\"EntryPoint\",\"urlTemplate\":\"https:\/\/portaltela.pt\/?s={search_term_string}\"},\"query-input\":{\"@type\":\"PropertyValueSpecification\",\"valueRequired\":true,\"valueName\":\"search_term_string\"}}],\"inLanguage\":\"pt-PT\"},{\"@type\":\"Person\",\"@id\":\"https:\/\/portaltela.pt\/#\/schema\/person\/c4278d4a6028830caff9ee44b42d32ed\",\"name\":\"Telinha\",\"image\":{\"@type\":\"ImageObject\",\"inLanguage\":\"pt-PT\",\"@id\":\"https:\/\/portaltela.pt\/s.01k8rhncp4jt1\/2025\/11\/talking-bot-125x125.png\",\"url\":\"https:\/\/portaltela.pt\/s.01k8rhncp4jt1\/2025\/11\/talking-bot-125x125.png\",\"contentUrl\":\"https:\/\/portaltela.pt\/s.01k8rhncp4jt1\/2025\/11\/talking-bot-125x125.png\",\"caption\":\"Telinha\"},\"sameAs\":[\"https:\/\/portaltela.pt\/\"],\"url\":\"https:\/\/portaltela.pt\/por\/367410592786\/\"}]}<\/script>\n<!-- \/ Yoast SEO plugin. -->","yoast_head_json":{"title":"Juntas de freguesia passam a ter telefone sat\u00e9lite Starlink - Portal Tela Portugal","robots":{"index":"index","follow":"follow","max-snippet":"max-snippet:-1","max-image-preview":"max-image-preview:large","max-video-preview":"max-video-preview:-1"},"og_locale":"pt_PT","og_type":"article","og_title":"Juntas de freguesia passam a ter telefone sat\u00e9lite Starlink - Portal Tela Portugal","og_description":"O Governo prev\u00ea entregar um telefone sat\u00e9lite e liga\u00e7\u00e3o de dados Starlink a cada uma das 3258 juntas de freguesia, como medida de resili\u00eancia em emerg\u00eancias, integrada no programa PTRR. Al\u00e9m do telefone, ser\u00e1 fornecido um dispositivo do SIRESP, com foco na fiabilidade das comunica\u00e7\u00f5es em situa\u00e7\u00f5es de crise, incluindo uma avalia\u00e7\u00e3o futura do SIRESP. As a\u00e7\u00f5es visam reduzir o isolamento de comunidades durante tempestades, refor\u00e7ando a resili\u00eancia das comunica\u00e7\u00f5es m\u00f3veis e incluindo regula\u00e7\u00e3o de roaming nacional tempor\u00e1rio e partilha de infraestrutura entre operadoras. O PTRR aborda tamb\u00e9m a revis\u00e3o de normas t\u00e9cnicas, planos de continuidade, enterramento de infraestruturas, corredores de redund\u00e2ncia para fibra \u00f3ptica e solu\u00e7\u00f5es de armazenamento\/alimenta\u00e7\u00e3o aut\u00f3noma em n\u00f3s cr\u00edticos. Na vertente energ\u00e9tica, est\u00e1 prevista a realiza\u00e7\u00e3o de um teste de stress nacional, peri\u00f3dico e obrigat\u00f3rio ao sistema energ\u00e9tico, com simula\u00e7\u00f5es de cen\u00e1rios extremos para orientar planeamento e mitiga\u00e7\u00e3o de riscos.","og_url":"https:\/\/portaltela.pt\/noticias\/2026\/02\/20\/juntas-de-freguesia-passam-a-ter-telefone-satelite-starlink\/","og_site_name":"Portal Tela Portugal","article_published_time":"2026-02-20T17:48:00+00:00","author":"Telinha","twitter_card":"summary_large_image","twitter_misc":{"Escrito por":"Telinha","Tempo estimado de leitura":"3 minutos"},"schema":{"@context":"https:\/\/schema.org","@graph":[{"@type":"Article","@id":"https:\/\/portaltela.pt\/noticias\/2026\/02\/20\/juntas-de-freguesia-passam-a-ter-telefone-satelite-starlink\/#article","isPartOf":{"@id":"https:\/\/portaltela.pt\/noticias\/2026\/02\/20\/juntas-de-freguesia-passam-a-ter-telefone-satelite-starlink\/"},"author":{"name":"Telinha","@id":"https:\/\/portaltela.pt\/#\/schema\/person\/c4278d4a6028830caff9ee44b42d32ed"},"headline":"Juntas de freguesia passam a ter telefone sat\u00e9lite Starlink","datePublished":"2026-02-20T17:48:00+00:00","mainEntityOfPage":{"@id":"https:\/\/portaltela.pt\/noticias\/2026\/02\/20\/juntas-de-freguesia-passam-a-ter-telefone-satelite-starlink\/"},"wordCount":532,"image":{"@id":"https:\/\/portaltela.pt\/noticias\/2026\/02\/20\/juntas-de-freguesia-passam-a-ter-telefone-satelite-starlink\/#primaryimage"},"thumbnailUrl":"https:\/\/portaltela.pt\/s.01k8rhncp4jt1\/2026\/02\/2068633.jpg","keywords":["abastecimento de energia","emerg\u00eancia","energia","infraestrutura","juntas de freguesia","telecomunica\u00e7\u00f5es"],"articleSection":["Not\u00edcias"],"inLanguage":"pt-PT"},{"@type":"WebPage","@id":"https:\/\/portaltela.pt\/noticias\/2026\/02\/20\/juntas-de-freguesia-passam-a-ter-telefone-satelite-starlink\/","url":"https:\/\/portaltela.pt\/noticias\/2026\/02\/20\/juntas-de-freguesia-passam-a-ter-telefone-satelite-starlink\/","name":"Juntas de freguesia passam a ter telefone sat\u00e9lite Starlink - Portal Tela Portugal","isPartOf":{"@id":"https:\/\/portaltela.pt\/#website"},"primaryImageOfPage":{"@id":"https:\/\/portaltela.pt\/noticias\/2026\/02\/20\/juntas-de-freguesia-passam-a-ter-telefone-satelite-starlink\/#primaryimage"},"image":{"@id":"https:\/\/portaltela.pt\/noticias\/2026\/02\/20\/juntas-de-freguesia-passam-a-ter-telefone-satelite-starlink\/#primaryimage"},"thumbnailUrl":"https:\/\/portaltela.pt\/s.01k8rhncp4jt1\/2026\/02\/2068633.jpg","datePublished":"2026-02-20T17:48:00+00:00","author":{"@id":"https:\/\/portaltela.pt\/#\/schema\/person\/c4278d4a6028830caff9ee44b42d32ed"},"breadcrumb":{"@id":"https:\/\/portaltela.pt\/noticias\/2026\/02\/20\/juntas-de-freguesia-passam-a-ter-telefone-satelite-starlink\/#breadcrumb"},"inLanguage":"pt-PT","potentialAction":[{"@type":"ReadAction","target":["https:\/\/portaltela.pt\/noticias\/2026\/02\/20\/juntas-de-freguesia-passam-a-ter-telefone-satelite-starlink\/"]}]},{"@type":"ImageObject","inLanguage":"pt-PT","@id":"https:\/\/portaltela.pt\/noticias\/2026\/02\/20\/juntas-de-freguesia-passam-a-ter-telefone-satelite-starlink\/#primaryimage","url":"https:\/\/portaltela.pt\/s.01k8rhncp4jt1\/2026\/02\/2068633.jpg","contentUrl":"https:\/\/portaltela.pt\/s.01k8rhncp4jt1\/2026\/02\/2068633.jpg","width":796,"height":448,"caption":"Estrat\u00e9gia do PTRR passa por adaptar o sistema el\u00e9ctrico nacional \u00e0s altera\u00e7\u00f5es clim\u00e1ticas"},{"@type":"BreadcrumbList","@id":"https:\/\/portaltela.pt\/noticias\/2026\/02\/20\/juntas-de-freguesia-passam-a-ter-telefone-satelite-starlink\/#breadcrumb","itemListElement":[{"@type":"ListItem","position":1,"name":"In\u00edcio","item":"https:\/\/portaltela.pt\/"},{"@type":"ListItem","position":2,"name":"Juntas de freguesia passam a ter telefone sat\u00e9lite Starlink"}]},{"@type":"WebSite","@id":"https:\/\/portaltela.pt\/#website","url":"https:\/\/portaltela.pt\/","name":"Portal Tela Portugal","description":"","potentialAction":[{"@type":"SearchAction","target":{"@type":"EntryPoint","urlTemplate":"https:\/\/portaltela.pt\/?s={search_term_string}"},"query-input":{"@type":"PropertyValueSpecification","valueRequired":true,"valueName":"search_term_string"}}],"inLanguage":"pt-PT"},{"@type":"Person","@id":"https:\/\/portaltela.pt\/#\/schema\/person\/c4278d4a6028830caff9ee44b42d32ed","name":"Telinha","image":{"@type":"ImageObject","inLanguage":"pt-PT","@id":"https:\/\/portaltela.pt\/s.01k8rhncp4jt1\/2025\/11\/talking-bot-125x125.png","url":"https:\/\/portaltela.pt\/s.01k8rhncp4jt1\/2025\/11\/talking-bot-125x125.png","contentUrl":"https:\/\/portaltela.pt\/s.01k8rhncp4jt1\/2025\/11\/talking-bot-125x125.png","caption":"Telinha"},"sameAs":["https:\/\/portaltela.pt\/"],"url":"https:\/\/portaltela.pt\/por\/367410592786\/"}]}},"_links":{"self":[{"href":"https:\/\/portaltela.pt\/api\/wp\/v2\/posts\/219649","targetHints":{"allow":["GET"]}}],"collection":[{"href":"https:\/\/portaltela.pt\/api\/wp\/v2\/posts"}],"about":[{"href":"https:\/\/portaltela.pt\/api\/wp\/v2\/types\/post"}],"author":[{"embeddable":true,"href":"https:\/\/portaltela.pt\/api\/wp\/v2\/users\/2"}],"replies":[{"embeddable":true,"href":"https:\/\/portaltela.pt\/api\/wp\/v2\/comments?post=219649"}],"version-history":[{"count":0,"href":"https:\/\/portaltela.pt\/api\/wp\/v2\/posts\/219649\/revisions"}],"wp:featuredmedia":[{"embeddable":true,"href":"https:\/\/portaltela.pt\/api\/wp\/v2\/media\/219654"}],"wp:attachment":[{"href":"https:\/\/portaltela.pt\/api\/wp\/v2\/media?parent=219649"}],"wp:term":[{"taxonomy":"category","embeddable":true,"href":"https:\/\/portaltela.pt\/api\/wp\/v2\/categories?post=219649"},{"taxonomy":"post_tag","embeddable":true,"href":"https:\/\/portaltela.pt\/api\/wp\/v2\/tags?post=219649"}],"curies":[{"name":"wp","href":"https:\/\/api.w.org\/{rel}","templated":true}]}}