{"id":219637,"date":"2026-02-20T15:00:06","date_gmt":"2026-02-20T18:00:06","guid":{"rendered":"https:\/\/portaltela.pt\/noticias\/2026\/02\/20\/il-livre-e-pcp-apontam-insuficiencias-no-plano-do-governo\/"},"modified":"2026-02-20T15:00:06","modified_gmt":"2026-02-20T18:00:06","slug":"il-livre-e-pcp-apontam-insuficiencias-no-plano-do-governo","status":"publish","type":"post","link":"https:\/\/portaltela.pt\/noticias\/politica\/2026\/02\/20\/il-livre-e-pcp-apontam-insuficiencias-no-plano-do-governo\/","title":{"rendered":"IL, Livre e PCP apontam insufici\u00eancias no plano do Governo"},"content":{"rendered":"<p>O Governo apresentou o PTRR, o programa Portugal Transforma\u00e7\u00e3o, Recupera\u00e7\u00e3o e Resili\u00eancia, para responder ao temporal. Primeiro-ministro anunciou a aprova\u00e7\u00e3o da vers\u00e3o final no in\u00edcio de abril, com o envelope financeiro a definir ap\u00f3s ausculta\u00e7\u00e3o nacional. O objetivo \u00e9 avan\u00e7ar com medidas j\u00e1 anunciadas e ajustar o planeamento consoante o feedback.<\/p>\n<p>Il, Livre e PCP manifestaram cr\u00edticas \u00e0s linhas gerais do PTRR, destacando a repeti\u00e7\u00e3o de propostas j\u00e1 apresentadas h\u00e1 tempo. Os partidos consideram o texto como um plano de inten\u00e7\u00f5es, sem respostas diretas a interrup\u00e7\u00f5es de servi\u00e7os ou apoio imediato \u00e0s empresas afetadas.<\/p>\n<p>Mariana Leit\u00e3o (IL) apontou falhas na comunica\u00e7\u00e3o do Governo, referindo falta de resposta para quem ficou sem eletricidade e \u00e1gua. A l\u00edder da IL pediu a\u00e7\u00f5es concretas em vez de propaganda e criticou a repeti\u00e7\u00e3o de propostas, como o Plano das Florestas 2050 e reformas na Prote\u00e7\u00e3o Civil e no SIRESP.<\/p>\n<h3>Rea\u00e7\u00f5es no Parlamento<\/h3>\n<p>Rui Tavares (Livre) considerou que o envelope financeiro n\u00e3o estar definido pode criar problemas futuros, defendendo uma revis\u00e3o mais c\u00e9lere para evitar incertezas. O deputado enfatizou a necessidade de investir para estimular a economia e sugeriu evoluir a estrutura de gest\u00e3o, para uma ag\u00eancia com fiscaliza\u00e7\u00e3o parlamentar.<\/p>\n<p>Paula Santos (PCP) classificou o an\u00fancio como insuficiente, descrevendo-o como uma opera\u00e7\u00e3o de propaganda sem medidas concretas. A dirigente afirmou que n\u00e3o houve propostas novas, apenas projetos j\u00e1 anunciados anteriormente.<\/p>\n<p>In\u00eas de Sousa Real (PAN) elogiou a abertura ao di\u00e1logo com os partidos, contudo avisou que o PTRR n\u00e3o pode ser apenas um show de oportunidade. A deputada destacou a import\u00e2ncia de ir al\u00e9m de declara\u00e7\u00f5es e de incluir contributos de diversas for\u00e7as pol\u00edticas.<\/p>\n<p>Fabian Figueiredo (BE) avaliou o PTRR como um calend\u00e1rio de reuni\u00f5es e comentou sobre o projeto A \u00c1gua que Une, que recebeu cr\u00edticas de especialistas. O BE refor\u00e7ou a necessidade de fundamenta\u00e7\u00e3o t\u00e9cnica nas a\u00e7\u00f5es.<\/p>\n<h3>Planos e prazos<\/h3>\n<p>No final da reuni\u00e3o do Conselho de Ministros, o primeiro-ministro indicou que o PTRR tem horizonte de execu\u00e7\u00e3o at\u00e9 2034, com metas de curto prazo at\u00e9 ao fim do ano. O Governo pretende manter reuni\u00f5es com o Presidente da Rep\u00fablica, com o Presidente eleito e com os partidos com assento parlamentar j\u00e1 na pr\u00f3xima quarta-feira.<\/p>\n","protected":false},"excerpt":{"rendered":"<ul>\n<li>IL, Livre e PCP contestam insufici\u00eancias no PTRR apresentado pelo Governo, apontando repeti\u00e7\u00e3o de propostas j\u00e1 anunciadas e falta de respostas a cortes de eletricidade e \u00e1gua.<\/li>\n<li>Mariana Leit\u00e3o (IL) considera o PTRR um \u201cplano de inten\u00e7\u00f5es\u201d e pede a\u00e7\u00f5es em vez de propaganda, criticando promessas anteriores como o Plano das Florestas 2050 e reformas de Prote\u00e7\u00e3o Civil e do SIRESP.<\/li>\n<li>O envelope financeiro do PTRR s\u00f3 ficar\u00e1 definido ap\u00f3s o per\u00edodo de ausculta\u00e7\u00e3o nacional, segundo o primeiro-ministro, que tamb\u00e9m anunciou a aprova\u00e7\u00e3o da vers\u00e3o final para o in\u00edcio de abril.<\/li>\n<li>Rui Tavares (Livre) sustenta que a aus\u00eancia de um envelope financeiro firme pode gerar problemas, defendendo investimento robusto e uma evolu\u00e7\u00e3o da estrutura de miss\u00e3o para uma ag\u00eancia com fiscaliza\u00e7\u00e3o parlamentar.<\/li>\n<li>O Conselho de Ministros indicou que o PTRR ter\u00e1 execu\u00e7\u00e3o de longo prazo at\u00e9 2034, com objetivos de curto prazo at\u00e9 ao final deste ano, e o Governo pretende realizar reuni\u00f5es com o Presidente e outros atores pol\u00edticos nos pr\u00f3ximos dias.<\/li>\n<\/ul>\n","protected":false},"author":2,"featured_media":219652,"comment_status":"closed","ping_status":"closed","sticky":false,"template":"","format":"standard","meta":{"footnotes":""},"categories":[1,5],"tags":[28,4576,34,2832,320,5432],"class_list":["post-219637","post","type-post","status-publish","format-standard","has-post-thumbnail","hentry","category-noticias","category-politica","tag-economia","tag-florestal","tag-governo","tag-politica","tag-protecao-civil","tag-siresp"],"yoast_head":"<!-- This site is optimized with the Yoast SEO plugin v27.2 - https:\/\/yoast.com\/product\/yoast-seo-wordpress\/ -->\n<title>IL, Livre e PCP apontam insufici\u00eancias no plano do Governo - Portal Tela Portugal<\/title>\n<meta name=\"robots\" content=\"index, follow, max-snippet:-1, max-image-preview:large, max-video-preview:-1\" \/>\n<meta property=\"og:locale\" content=\"pt_PT\" \/>\n<meta property=\"og:type\" content=\"article\" \/>\n<meta property=\"og:title\" content=\"IL, Livre e PCP apontam insufici\u00eancias no plano do Governo - Portal Tela Portugal\" \/>\n<meta property=\"og:description\" content=\"IL, Livre e PCP contestam insufici\u00eancias no PTRR apresentado pelo Governo, apontando repeti\u00e7\u00e3o de propostas j\u00e1 anunciadas e falta de respostas a cortes de eletricidade e \u00e1gua. Mariana Leit\u00e3o (IL) considera o PTRR um \u201cplano de inten\u00e7\u00f5es\u201d e pede a\u00e7\u00f5es em vez de propaganda, criticando promessas anteriores como o Plano das Florestas 2050 e reformas de Prote\u00e7\u00e3o Civil e do SIRESP. O envelope financeiro do PTRR s\u00f3 ficar\u00e1 definido ap\u00f3s o per\u00edodo de ausculta\u00e7\u00e3o nacional, segundo o primeiro-ministro, que tamb\u00e9m anunciou a aprova\u00e7\u00e3o da vers\u00e3o final para o in\u00edcio de abril. Rui Tavares (Livre) sustenta que a aus\u00eancia de um envelope financeiro firme pode gerar problemas, defendendo investimento robusto e uma evolu\u00e7\u00e3o da estrutura de miss\u00e3o para uma ag\u00eancia com fiscaliza\u00e7\u00e3o parlamentar. O Conselho de Ministros indicou que o PTRR ter\u00e1 execu\u00e7\u00e3o de longo prazo at\u00e9 2034, com objetivos de curto prazo at\u00e9 ao final deste ano, e o Governo pretende realizar reuni\u00f5es com o Presidente e outros atores pol\u00edticos nos pr\u00f3ximos dias.\" \/>\n<meta property=\"og:url\" content=\"https:\/\/portaltela.pt\/noticias\/2026\/02\/20\/il-livre-e-pcp-apontam-insuficiencias-no-plano-do-governo\/\" \/>\n<meta property=\"og:site_name\" content=\"Portal Tela Portugal\" \/>\n<meta property=\"article:published_time\" content=\"2026-02-20T18:00:06+00:00\" \/>\n<meta name=\"author\" content=\"Telinha\" \/>\n<meta name=\"twitter:card\" content=\"summary_large_image\" \/>\n<meta name=\"twitter:label1\" content=\"Escrito por\" \/>\n\t<meta name=\"twitter:data1\" content=\"Telinha\" \/>\n\t<meta name=\"twitter:label2\" content=\"Tempo estimado de leitura\" \/>\n\t<meta name=\"twitter:data2\" content=\"2 minutos\" \/>\n<script type=\"application\/ld+json\" class=\"yoast-schema-graph\">{\"@context\":\"https:\/\/schema.org\",\"@graph\":[{\"@type\":\"Article\",\"@id\":\"https:\/\/portaltela.pt\/noticias\/2026\/02\/20\/il-livre-e-pcp-apontam-insuficiencias-no-plano-do-governo\/#article\",\"isPartOf\":{\"@id\":\"https:\/\/portaltela.pt\/noticias\/2026\/02\/20\/il-livre-e-pcp-apontam-insuficiencias-no-plano-do-governo\/\"},\"author\":{\"name\":\"Telinha\",\"@id\":\"https:\/\/portaltela.pt\/#\/schema\/person\/c4278d4a6028830caff9ee44b42d32ed\"},\"headline\":\"IL, Livre e PCP apontam insufici\u00eancias no plano do Governo\",\"datePublished\":\"2026-02-20T18:00:06+00:00\",\"mainEntityOfPage\":{\"@id\":\"https:\/\/portaltela.pt\/noticias\/2026\/02\/20\/il-livre-e-pcp-apontam-insuficiencias-no-plano-do-governo\/\"},\"wordCount\":420,\"image\":{\"@id\":\"https:\/\/portaltela.pt\/noticias\/2026\/02\/20\/il-livre-e-pcp-apontam-insuficiencias-no-plano-do-governo\/#primaryimage\"},\"thumbnailUrl\":\"https:\/\/portaltela.pt\/s.01k8rhncp4jt1\/2026\/02\/img_1500x1000uu2024-03-07-23-45-40-1593046-5.jpg\",\"keywords\":[\"economia\",\"florestal\",\"governo\",\"pol\u00edtica\",\"prote\u00e7\u00e3o civil\",\"SIRESP\"],\"articleSection\":[\"Not\u00edcias\",\"Pol\u00edtica\"],\"inLanguage\":\"pt-PT\"},{\"@type\":\"WebPage\",\"@id\":\"https:\/\/portaltela.pt\/noticias\/2026\/02\/20\/il-livre-e-pcp-apontam-insuficiencias-no-plano-do-governo\/\",\"url\":\"https:\/\/portaltela.pt\/noticias\/2026\/02\/20\/il-livre-e-pcp-apontam-insuficiencias-no-plano-do-governo\/\",\"name\":\"IL, Livre e PCP apontam insufici\u00eancias no plano do Governo - Portal Tela Portugal\",\"isPartOf\":{\"@id\":\"https:\/\/portaltela.pt\/#website\"},\"primaryImageOfPage\":{\"@id\":\"https:\/\/portaltela.pt\/noticias\/2026\/02\/20\/il-livre-e-pcp-apontam-insuficiencias-no-plano-do-governo\/#primaryimage\"},\"image\":{\"@id\":\"https:\/\/portaltela.pt\/noticias\/2026\/02\/20\/il-livre-e-pcp-apontam-insuficiencias-no-plano-do-governo\/#primaryimage\"},\"thumbnailUrl\":\"https:\/\/portaltela.pt\/s.01k8rhncp4jt1\/2026\/02\/img_1500x1000uu2024-03-07-23-45-40-1593046-5.jpg\",\"datePublished\":\"2026-02-20T18:00:06+00:00\",\"author\":{\"@id\":\"https:\/\/portaltela.pt\/#\/schema\/person\/c4278d4a6028830caff9ee44b42d32ed\"},\"breadcrumb\":{\"@id\":\"https:\/\/portaltela.pt\/noticias\/2026\/02\/20\/il-livre-e-pcp-apontam-insuficiencias-no-plano-do-governo\/#breadcrumb\"},\"inLanguage\":\"pt-PT\",\"potentialAction\":[{\"@type\":\"ReadAction\",\"target\":[\"https:\/\/portaltela.pt\/noticias\/2026\/02\/20\/il-livre-e-pcp-apontam-insuficiencias-no-plano-do-governo\/\"]}]},{\"@type\":\"ImageObject\",\"inLanguage\":\"pt-PT\",\"@id\":\"https:\/\/portaltela.pt\/noticias\/2026\/02\/20\/il-livre-e-pcp-apontam-insuficiencias-no-plano-do-governo\/#primaryimage\",\"url\":\"https:\/\/portaltela.pt\/s.01k8rhncp4jt1\/2026\/02\/img_1500x1000uu2024-03-07-23-45-40-1593046-5.jpg\",\"contentUrl\":\"https:\/\/portaltela.pt\/s.01k8rhncp4jt1\/2026\/02\/img_1500x1000uu2024-03-07-23-45-40-1593046-5.jpg\",\"width\":796,\"height\":448,\"caption\":\"Assembleia da Rep\u00fablica\"},{\"@type\":\"BreadcrumbList\",\"@id\":\"https:\/\/portaltela.pt\/noticias\/2026\/02\/20\/il-livre-e-pcp-apontam-insuficiencias-no-plano-do-governo\/#breadcrumb\",\"itemListElement\":[{\"@type\":\"ListItem\",\"position\":1,\"name\":\"In\u00edcio\",\"item\":\"https:\/\/portaltela.pt\/\"},{\"@type\":\"ListItem\",\"position\":2,\"name\":\"IL, Livre e PCP apontam insufici\u00eancias no plano do Governo\"}]},{\"@type\":\"WebSite\",\"@id\":\"https:\/\/portaltela.pt\/#website\",\"url\":\"https:\/\/portaltela.pt\/\",\"name\":\"Portal Tela Portugal\",\"description\":\"\",\"potentialAction\":[{\"@type\":\"SearchAction\",\"target\":{\"@type\":\"EntryPoint\",\"urlTemplate\":\"https:\/\/portaltela.pt\/?s={search_term_string}\"},\"query-input\":{\"@type\":\"PropertyValueSpecification\",\"valueRequired\":true,\"valueName\":\"search_term_string\"}}],\"inLanguage\":\"pt-PT\"},{\"@type\":\"Person\",\"@id\":\"https:\/\/portaltela.pt\/#\/schema\/person\/c4278d4a6028830caff9ee44b42d32ed\",\"name\":\"Telinha\",\"image\":{\"@type\":\"ImageObject\",\"inLanguage\":\"pt-PT\",\"@id\":\"https:\/\/portaltela.pt\/s.01k8rhncp4jt1\/2025\/11\/talking-bot-125x125.png\",\"url\":\"https:\/\/portaltela.pt\/s.01k8rhncp4jt1\/2025\/11\/talking-bot-125x125.png\",\"contentUrl\":\"https:\/\/portaltela.pt\/s.01k8rhncp4jt1\/2025\/11\/talking-bot-125x125.png\",\"caption\":\"Telinha\"},\"sameAs\":[\"https:\/\/portaltela.pt\/\"],\"url\":\"https:\/\/portaltela.pt\/por\/367410592786\/\"}]}<\/script>\n<!-- \/ Yoast SEO plugin. -->","yoast_head_json":{"title":"IL, Livre e PCP apontam insufici\u00eancias no plano do Governo - Portal Tela Portugal","robots":{"index":"index","follow":"follow","max-snippet":"max-snippet:-1","max-image-preview":"max-image-preview:large","max-video-preview":"max-video-preview:-1"},"og_locale":"pt_PT","og_type":"article","og_title":"IL, Livre e PCP apontam insufici\u00eancias no plano do Governo - Portal Tela Portugal","og_description":"IL, Livre e PCP contestam insufici\u00eancias no PTRR apresentado pelo Governo, apontando repeti\u00e7\u00e3o de propostas j\u00e1 anunciadas e falta de respostas a cortes de eletricidade e \u00e1gua. Mariana Leit\u00e3o (IL) considera o PTRR um \u201cplano de inten\u00e7\u00f5es\u201d e pede a\u00e7\u00f5es em vez de propaganda, criticando promessas anteriores como o Plano das Florestas 2050 e reformas de Prote\u00e7\u00e3o Civil e do SIRESP. O envelope financeiro do PTRR s\u00f3 ficar\u00e1 definido ap\u00f3s o per\u00edodo de ausculta\u00e7\u00e3o nacional, segundo o primeiro-ministro, que tamb\u00e9m anunciou a aprova\u00e7\u00e3o da vers\u00e3o final para o in\u00edcio de abril. Rui Tavares (Livre) sustenta que a aus\u00eancia de um envelope financeiro firme pode gerar problemas, defendendo investimento robusto e uma evolu\u00e7\u00e3o da estrutura de miss\u00e3o para uma ag\u00eancia com fiscaliza\u00e7\u00e3o parlamentar. O Conselho de Ministros indicou que o PTRR ter\u00e1 execu\u00e7\u00e3o de longo prazo at\u00e9 2034, com objetivos de curto prazo at\u00e9 ao final deste ano, e o Governo pretende realizar reuni\u00f5es com o Presidente e outros atores pol\u00edticos nos pr\u00f3ximos dias.","og_url":"https:\/\/portaltela.pt\/noticias\/2026\/02\/20\/il-livre-e-pcp-apontam-insuficiencias-no-plano-do-governo\/","og_site_name":"Portal Tela Portugal","article_published_time":"2026-02-20T18:00:06+00:00","author":"Telinha","twitter_card":"summary_large_image","twitter_misc":{"Escrito por":"Telinha","Tempo estimado de leitura":"2 minutos"},"schema":{"@context":"https:\/\/schema.org","@graph":[{"@type":"Article","@id":"https:\/\/portaltela.pt\/noticias\/2026\/02\/20\/il-livre-e-pcp-apontam-insuficiencias-no-plano-do-governo\/#article","isPartOf":{"@id":"https:\/\/portaltela.pt\/noticias\/2026\/02\/20\/il-livre-e-pcp-apontam-insuficiencias-no-plano-do-governo\/"},"author":{"name":"Telinha","@id":"https:\/\/portaltela.pt\/#\/schema\/person\/c4278d4a6028830caff9ee44b42d32ed"},"headline":"IL, Livre e PCP apontam insufici\u00eancias no plano do Governo","datePublished":"2026-02-20T18:00:06+00:00","mainEntityOfPage":{"@id":"https:\/\/portaltela.pt\/noticias\/2026\/02\/20\/il-livre-e-pcp-apontam-insuficiencias-no-plano-do-governo\/"},"wordCount":420,"image":{"@id":"https:\/\/portaltela.pt\/noticias\/2026\/02\/20\/il-livre-e-pcp-apontam-insuficiencias-no-plano-do-governo\/#primaryimage"},"thumbnailUrl":"https:\/\/portaltela.pt\/s.01k8rhncp4jt1\/2026\/02\/img_1500x1000uu2024-03-07-23-45-40-1593046-5.jpg","keywords":["economia","florestal","governo","pol\u00edtica","prote\u00e7\u00e3o civil","SIRESP"],"articleSection":["Not\u00edcias","Pol\u00edtica"],"inLanguage":"pt-PT"},{"@type":"WebPage","@id":"https:\/\/portaltela.pt\/noticias\/2026\/02\/20\/il-livre-e-pcp-apontam-insuficiencias-no-plano-do-governo\/","url":"https:\/\/portaltela.pt\/noticias\/2026\/02\/20\/il-livre-e-pcp-apontam-insuficiencias-no-plano-do-governo\/","name":"IL, Livre e PCP apontam insufici\u00eancias no plano do Governo - Portal Tela Portugal","isPartOf":{"@id":"https:\/\/portaltela.pt\/#website"},"primaryImageOfPage":{"@id":"https:\/\/portaltela.pt\/noticias\/2026\/02\/20\/il-livre-e-pcp-apontam-insuficiencias-no-plano-do-governo\/#primaryimage"},"image":{"@id":"https:\/\/portaltela.pt\/noticias\/2026\/02\/20\/il-livre-e-pcp-apontam-insuficiencias-no-plano-do-governo\/#primaryimage"},"thumbnailUrl":"https:\/\/portaltela.pt\/s.01k8rhncp4jt1\/2026\/02\/img_1500x1000uu2024-03-07-23-45-40-1593046-5.jpg","datePublished":"2026-02-20T18:00:06+00:00","author":{"@id":"https:\/\/portaltela.pt\/#\/schema\/person\/c4278d4a6028830caff9ee44b42d32ed"},"breadcrumb":{"@id":"https:\/\/portaltela.pt\/noticias\/2026\/02\/20\/il-livre-e-pcp-apontam-insuficiencias-no-plano-do-governo\/#breadcrumb"},"inLanguage":"pt-PT","potentialAction":[{"@type":"ReadAction","target":["https:\/\/portaltela.pt\/noticias\/2026\/02\/20\/il-livre-e-pcp-apontam-insuficiencias-no-plano-do-governo\/"]}]},{"@type":"ImageObject","inLanguage":"pt-PT","@id":"https:\/\/portaltela.pt\/noticias\/2026\/02\/20\/il-livre-e-pcp-apontam-insuficiencias-no-plano-do-governo\/#primaryimage","url":"https:\/\/portaltela.pt\/s.01k8rhncp4jt1\/2026\/02\/img_1500x1000uu2024-03-07-23-45-40-1593046-5.jpg","contentUrl":"https:\/\/portaltela.pt\/s.01k8rhncp4jt1\/2026\/02\/img_1500x1000uu2024-03-07-23-45-40-1593046-5.jpg","width":796,"height":448,"caption":"Assembleia da Rep\u00fablica"},{"@type":"BreadcrumbList","@id":"https:\/\/portaltela.pt\/noticias\/2026\/02\/20\/il-livre-e-pcp-apontam-insuficiencias-no-plano-do-governo\/#breadcrumb","itemListElement":[{"@type":"ListItem","position":1,"name":"In\u00edcio","item":"https:\/\/portaltela.pt\/"},{"@type":"ListItem","position":2,"name":"IL, Livre e PCP apontam insufici\u00eancias no plano do Governo"}]},{"@type":"WebSite","@id":"https:\/\/portaltela.pt\/#website","url":"https:\/\/portaltela.pt\/","name":"Portal Tela Portugal","description":"","potentialAction":[{"@type":"SearchAction","target":{"@type":"EntryPoint","urlTemplate":"https:\/\/portaltela.pt\/?s={search_term_string}"},"query-input":{"@type":"PropertyValueSpecification","valueRequired":true,"valueName":"search_term_string"}}],"inLanguage":"pt-PT"},{"@type":"Person","@id":"https:\/\/portaltela.pt\/#\/schema\/person\/c4278d4a6028830caff9ee44b42d32ed","name":"Telinha","image":{"@type":"ImageObject","inLanguage":"pt-PT","@id":"https:\/\/portaltela.pt\/s.01k8rhncp4jt1\/2025\/11\/talking-bot-125x125.png","url":"https:\/\/portaltela.pt\/s.01k8rhncp4jt1\/2025\/11\/talking-bot-125x125.png","contentUrl":"https:\/\/portaltela.pt\/s.01k8rhncp4jt1\/2025\/11\/talking-bot-125x125.png","caption":"Telinha"},"sameAs":["https:\/\/portaltela.pt\/"],"url":"https:\/\/portaltela.pt\/por\/367410592786\/"}]}},"_links":{"self":[{"href":"https:\/\/portaltela.pt\/api\/wp\/v2\/posts\/219637","targetHints":{"allow":["GET"]}}],"collection":[{"href":"https:\/\/portaltela.pt\/api\/wp\/v2\/posts"}],"about":[{"href":"https:\/\/portaltela.pt\/api\/wp\/v2\/types\/post"}],"author":[{"embeddable":true,"href":"https:\/\/portaltela.pt\/api\/wp\/v2\/users\/2"}],"replies":[{"embeddable":true,"href":"https:\/\/portaltela.pt\/api\/wp\/v2\/comments?post=219637"}],"version-history":[{"count":0,"href":"https:\/\/portaltela.pt\/api\/wp\/v2\/posts\/219637\/revisions"}],"wp:featuredmedia":[{"embeddable":true,"href":"https:\/\/portaltela.pt\/api\/wp\/v2\/media\/219652"}],"wp:attachment":[{"href":"https:\/\/portaltela.pt\/api\/wp\/v2\/media?parent=219637"}],"wp:term":[{"taxonomy":"category","embeddable":true,"href":"https:\/\/portaltela.pt\/api\/wp\/v2\/categories?post=219637"},{"taxonomy":"post_tag","embeddable":true,"href":"https:\/\/portaltela.pt\/api\/wp\/v2\/tags?post=219637"}],"curies":[{"name":"wp","href":"https:\/\/api.w.org\/{rel}","templated":true}]}}