{"id":219620,"date":"2026-02-20T14:47:28","date_gmt":"2026-02-20T17:47:28","guid":{"rendered":"https:\/\/portaltela.pt\/noticias\/2026\/02\/20\/ce-busca-esclarecimentos-com-casa-branca-apos-decisao-do-supremo-sobre-aduaneiros\/"},"modified":"2026-02-20T14:47:28","modified_gmt":"2026-02-20T17:47:28","slug":"ce-busca-esclarecimentos-com-casa-branca-apos-decisao-do-supremo-sobre-aduaneiros","status":"publish","type":"post","link":"https:\/\/portaltela.pt\/noticias\/2026\/02\/20\/ce-busca-esclarecimentos-com-casa-branca-apos-decisao-do-supremo-sobre-aduaneiros\/","title":{"rendered":"CE busca esclarecimentos com Casa Branca ap\u00f3s decis\u00e3o do Supremo sobre aduaneiros"},"content":{"rendered":"<p>A Comiss\u00e3o Europeia pediu esclarecimentos \u00e0 Casa Branca ap\u00f3s a decis\u00e3o do Supremo Tribunal dos EUA que anulou as tarifas impostas pelo Presidente Donald Trump. A medida, hist\u00f3rica, pode afetar o acordo UE-EUA assinado no ver\u00e3o passado. A Comiss\u00e3o afirma que analisa cuidadosamente a decis\u00e3o e as suas consequ\u00eancias.<\/p>\n<p>O ac\u00f3rd\u00e3o considerou que Trump excedeu a sua autoridade ao impor tarifas sobre quase todos os bens importados, sob uma lei de emerg\u00eancias nacionais. A decis\u00e3o questiona a viabilidade do acordo entre a Uni\u00e3o Europeia e Washington e os direitos aduaneiros j\u00e1 pagos pelas empresas da UE.<\/p>\n<p>O acordo de julho passado previa uma tarifa geral de 15% sobre exporta\u00e7\u00f5es da UE e a elimina\u00e7\u00e3o de direitos sobre determinados produtos industriais dos EUA. Bruxelas tamb\u00e9m se comprometeu a comprar 750 mil milh\u00f5es de d\u00f3lares em energia norte-americana at\u00e9 2028 e a investir 600 mil milh\u00f5es de d\u00f3lares em setores estrat\u00e9gicos nos EUA.<\/p>\n<p>A Comiss\u00e3o j\u00e1 indicou que est\u00e1 a monitorizar a situa\u00e7\u00e3o e mant\u00e9m contacto pr\u00f3ximo com a Administra\u00e7\u00e3o dos EUA para esclarecer as medidas que pretendem adotar em resposta \u00e0 decis\u00e3o. A an\u00e1lise foca a validade do acordo e os compromissos futuros.<\/p>\n<h3>Implica\u00e7\u00f5es para o acordo e resposta europeia<\/h3>\n<p>Bernd Lange, presidente da Comiss\u00e3o do Com\u00e9rcio Internacional do Parlamento Europeu, convocou uma reuni\u00e3o extraordin\u00e1ria para avaliar as implica\u00e7\u00f5es do ac\u00f3rd\u00e3o, a poucos dias de vota\u00e7\u00e3o sobre a aplica\u00e7\u00e3o do acordo no ver\u00e3o passado. O objetivo \u00e9 discutir op\u00e7\u00f5es de ajustamento, incluindo poss\u00edvel t\u00e9rmino em 2028 ou suspens\u00e3o se surgirem novas amea\u00e7as \u00e0 UE.<\/p>\n<p>Os legisladores europeus avaliam v\u00e1rias medidas para manter a estabilidade do regime comercial entre as partes e evitar impactos negativos para empresas e investidores. A incerteza pode atrasar a vota\u00e7\u00e3o e provocar ajustes regulat\u00f3rios ou compensa\u00e7\u00f5es para exportadores.<\/p>\n<p>A Comiss\u00e3o sublinha que a rela\u00e7\u00e3o comercial entre UE e EUA depende de previsibilidade e estabilidade. O porta-voz refor\u00e7ou o empenho em manter direitos aduaneiros baixos e em trabalhar para reduzi-los, sem emitir julgamentos ou conclus\u00f5es sobre o futuro imediato do acordo.<\/p>\n<p>A decis\u00e3o do Supremo gera d\u00favidas sobre a aplica\u00e7\u00e3o integral do pacto na Europa e sobre a adaptabilidade de compromissos assumidos pela UE. As autoridades europeias continuam a acompanhar o desenrolar da posi\u00e7\u00e3o norte-americana.<\/p>\n","protected":false},"excerpt":{"rendered":"<ul>\n<li>A Comiss\u00e3o Europeia pediu esclarecimentos \u00e0 Casa Branca ap\u00f3s o Supremo Tribunal dos EUA ter anulado as tarifas impostas pelo presidente Donald Trump, o que pode afetar o acordo UE-EUA assinado no ver\u00e3o passado.<\/li>\n<li>O tribunal decidiu que Trump excedeu a sua autoridade ao impor tarifas sobre quase todos os bens que entram nos EUA, levantando quest\u00f5es sobre a validade do acordo.<\/li>\n<li>A Comiss\u00e3o afirmou estar a analisar cuidadosamente a decis\u00e3o e a manter contacto pr\u00f3ximo com a Administra\u00e7\u00e3o dos EUA para perceber as medidas a tomar.<\/li>\n<li>O acordo prev\u00ea uma tarifa geral de quinze por cento sobre as exporta\u00e7\u00f5es da UE, zerar os direitos sobre produtos industriais dos EUA, e compromissos de compra de setecentos e cinquenta mil milh\u00f5es de d\u00f3lares em energia e de investimento em setores estrat\u00e9gicos nos EUA.<\/li>\n<li>Parlamentares da UE, incluindo Bernd Lange, convocaram uma reuni\u00e3o extraordin\u00e1ria para avaliar as implica\u00e7\u00f5es e explorar altera\u00e7\u00f5es que permitam terminar o acordo em dois mil e vinte e oito ou suspend\u00ea-lo se houver novas amea\u00e7as.<\/li>\n<\/ul>\n","protected":false},"author":2,"featured_media":219623,"comment_status":"closed","ping_status":"closed","sticky":false,"template":"","format":"standard","meta":{"footnotes":""},"categories":[1],"tags":[272,3368,3002,5698,1549,2055],"class_list":["post-219620","post","type-post","status-publish","format-standard","has-post-thumbnail","hentry","category-noticias","tag-acordos-internacionais","tag-comercio-internacional","tag-direitos-aduaneiros","tag-politica-internacional","tag-tarifas","tag-uniao-europeia"],"yoast_head":"<!-- This site is optimized with the Yoast SEO plugin v27.2 - https:\/\/yoast.com\/product\/yoast-seo-wordpress\/ -->\n<title>CE busca esclarecimentos com Casa Branca ap\u00f3s decis\u00e3o do Supremo sobre aduaneiros - Portal Tela Portugal<\/title>\n<meta name=\"robots\" content=\"index, follow, max-snippet:-1, max-image-preview:large, max-video-preview:-1\" \/>\n<meta property=\"og:locale\" content=\"pt_PT\" \/>\n<meta property=\"og:type\" content=\"article\" \/>\n<meta property=\"og:title\" content=\"CE busca esclarecimentos com Casa Branca ap\u00f3s decis\u00e3o do Supremo sobre aduaneiros - Portal Tela Portugal\" \/>\n<meta property=\"og:description\" content=\"A Comiss\u00e3o Europeia pediu esclarecimentos \u00e0 Casa Branca ap\u00f3s o Supremo Tribunal dos EUA ter anulado as tarifas impostas pelo presidente Donald Trump, o que pode afetar o acordo UE-EUA assinado no ver\u00e3o passado. O tribunal decidiu que Trump excedeu a sua autoridade ao impor tarifas sobre quase todos os bens que entram nos EUA, levantando quest\u00f5es sobre a validade do acordo. A Comiss\u00e3o afirmou estar a analisar cuidadosamente a decis\u00e3o e a manter contacto pr\u00f3ximo com a Administra\u00e7\u00e3o dos EUA para perceber as medidas a tomar. O acordo prev\u00ea uma tarifa geral de quinze por cento sobre as exporta\u00e7\u00f5es da UE, zerar os direitos sobre produtos industriais dos EUA, e compromissos de compra de setecentos e cinquenta mil milh\u00f5es de d\u00f3lares em energia e de investimento em setores estrat\u00e9gicos nos EUA. Parlamentares da UE, incluindo Bernd Lange, convocaram uma reuni\u00e3o extraordin\u00e1ria para avaliar as implica\u00e7\u00f5es e explorar altera\u00e7\u00f5es que permitam terminar o acordo em dois mil e vinte e oito ou suspend\u00ea-lo se houver novas amea\u00e7as.\" \/>\n<meta property=\"og:url\" content=\"https:\/\/portaltela.pt\/noticias\/2026\/02\/20\/ce-busca-esclarecimentos-com-casa-branca-apos-decisao-do-supremo-sobre-aduaneiros\/\" \/>\n<meta property=\"og:site_name\" content=\"Portal Tela Portugal\" \/>\n<meta property=\"article:published_time\" content=\"2026-02-20T17:47:28+00:00\" \/>\n<meta name=\"author\" content=\"Telinha\" \/>\n<meta name=\"twitter:card\" content=\"summary_large_image\" \/>\n<meta name=\"twitter:label1\" content=\"Escrito por\" \/>\n\t<meta name=\"twitter:data1\" content=\"Telinha\" \/>\n\t<meta name=\"twitter:label2\" content=\"Tempo estimado de leitura\" \/>\n\t<meta name=\"twitter:data2\" content=\"2 minutos\" \/>\n<script type=\"application\/ld+json\" class=\"yoast-schema-graph\">{\"@context\":\"https:\/\/schema.org\",\"@graph\":[{\"@type\":\"Article\",\"@id\":\"https:\/\/portaltela.pt\/noticias\/2026\/02\/20\/ce-busca-esclarecimentos-com-casa-branca-apos-decisao-do-supremo-sobre-aduaneiros\/#article\",\"isPartOf\":{\"@id\":\"https:\/\/portaltela.pt\/noticias\/2026\/02\/20\/ce-busca-esclarecimentos-com-casa-branca-apos-decisao-do-supremo-sobre-aduaneiros\/\"},\"author\":{\"name\":\"Telinha\",\"@id\":\"https:\/\/portaltela.pt\/#\/schema\/person\/c4278d4a6028830caff9ee44b42d32ed\"},\"headline\":\"CE busca esclarecimentos com Casa Branca ap\u00f3s decis\u00e3o do Supremo sobre aduaneiros\",\"datePublished\":\"2026-02-20T17:47:28+00:00\",\"mainEntityOfPage\":{\"@id\":\"https:\/\/portaltela.pt\/noticias\/2026\/02\/20\/ce-busca-esclarecimentos-com-casa-branca-apos-decisao-do-supremo-sobre-aduaneiros\/\"},\"wordCount\":428,\"image\":{\"@id\":\"https:\/\/portaltela.pt\/noticias\/2026\/02\/20\/ce-busca-esclarecimentos-com-casa-branca-apos-decisao-do-supremo-sobre-aduaneiros\/#primaryimage\"},\"thumbnailUrl\":\"https:\/\/portaltela.pt\/s.01k8rhncp4jt1\/2026\/02\/1536x864_cmsv2_32d87f3d-0093-577e-aa83-98f290d02d1e-9447676.jpg\",\"keywords\":[\"acordos internacionais\",\"com\u00e9rcio internacional\",\"direitos aduaneiros\",\"pol\u00edtica internacional\",\"tarifas\",\"Uni\u00e3o Europeia\"],\"articleSection\":[\"Not\u00edcias\"],\"inLanguage\":\"pt-PT\"},{\"@type\":\"WebPage\",\"@id\":\"https:\/\/portaltela.pt\/noticias\/2026\/02\/20\/ce-busca-esclarecimentos-com-casa-branca-apos-decisao-do-supremo-sobre-aduaneiros\/\",\"url\":\"https:\/\/portaltela.pt\/noticias\/2026\/02\/20\/ce-busca-esclarecimentos-com-casa-branca-apos-decisao-do-supremo-sobre-aduaneiros\/\",\"name\":\"CE busca esclarecimentos com Casa Branca ap\u00f3s decis\u00e3o do Supremo sobre aduaneiros - Portal Tela Portugal\",\"isPartOf\":{\"@id\":\"https:\/\/portaltela.pt\/#website\"},\"primaryImageOfPage\":{\"@id\":\"https:\/\/portaltela.pt\/noticias\/2026\/02\/20\/ce-busca-esclarecimentos-com-casa-branca-apos-decisao-do-supremo-sobre-aduaneiros\/#primaryimage\"},\"image\":{\"@id\":\"https:\/\/portaltela.pt\/noticias\/2026\/02\/20\/ce-busca-esclarecimentos-com-casa-branca-apos-decisao-do-supremo-sobre-aduaneiros\/#primaryimage\"},\"thumbnailUrl\":\"https:\/\/portaltela.pt\/s.01k8rhncp4jt1\/2026\/02\/1536x864_cmsv2_32d87f3d-0093-577e-aa83-98f290d02d1e-9447676.jpg\",\"datePublished\":\"2026-02-20T17:47:28+00:00\",\"author\":{\"@id\":\"https:\/\/portaltela.pt\/#\/schema\/person\/c4278d4a6028830caff9ee44b42d32ed\"},\"breadcrumb\":{\"@id\":\"https:\/\/portaltela.pt\/noticias\/2026\/02\/20\/ce-busca-esclarecimentos-com-casa-branca-apos-decisao-do-supremo-sobre-aduaneiros\/#breadcrumb\"},\"inLanguage\":\"pt-PT\",\"potentialAction\":[{\"@type\":\"ReadAction\",\"target\":[\"https:\/\/portaltela.pt\/noticias\/2026\/02\/20\/ce-busca-esclarecimentos-com-casa-branca-apos-decisao-do-supremo-sobre-aduaneiros\/\"]}]},{\"@type\":\"ImageObject\",\"inLanguage\":\"pt-PT\",\"@id\":\"https:\/\/portaltela.pt\/noticias\/2026\/02\/20\/ce-busca-esclarecimentos-com-casa-branca-apos-decisao-do-supremo-sobre-aduaneiros\/#primaryimage\",\"url\":\"https:\/\/portaltela.pt\/s.01k8rhncp4jt1\/2026\/02\/1536x864_cmsv2_32d87f3d-0093-577e-aa83-98f290d02d1e-9447676.jpg\",\"contentUrl\":\"https:\/\/portaltela.pt\/s.01k8rhncp4jt1\/2026\/02\/1536x864_cmsv2_32d87f3d-0093-577e-aa83-98f290d02d1e-9447676.jpg\",\"width\":796,\"height\":448,\"caption\":\"A Presidente da Comiss\u00e3o Europeia, Ursula von der Leyen, celebrou um acordo comercial com o Presidente dos EUA, Donald Trump, em julho de 2025.\"},{\"@type\":\"BreadcrumbList\",\"@id\":\"https:\/\/portaltela.pt\/noticias\/2026\/02\/20\/ce-busca-esclarecimentos-com-casa-branca-apos-decisao-do-supremo-sobre-aduaneiros\/#breadcrumb\",\"itemListElement\":[{\"@type\":\"ListItem\",\"position\":1,\"name\":\"In\u00edcio\",\"item\":\"https:\/\/portaltela.pt\/\"},{\"@type\":\"ListItem\",\"position\":2,\"name\":\"CE busca esclarecimentos com Casa Branca ap\u00f3s decis\u00e3o do Supremo sobre aduaneiros\"}]},{\"@type\":\"WebSite\",\"@id\":\"https:\/\/portaltela.pt\/#website\",\"url\":\"https:\/\/portaltela.pt\/\",\"name\":\"Portal Tela Portugal\",\"description\":\"\",\"potentialAction\":[{\"@type\":\"SearchAction\",\"target\":{\"@type\":\"EntryPoint\",\"urlTemplate\":\"https:\/\/portaltela.pt\/?s={search_term_string}\"},\"query-input\":{\"@type\":\"PropertyValueSpecification\",\"valueRequired\":true,\"valueName\":\"search_term_string\"}}],\"inLanguage\":\"pt-PT\"},{\"@type\":\"Person\",\"@id\":\"https:\/\/portaltela.pt\/#\/schema\/person\/c4278d4a6028830caff9ee44b42d32ed\",\"name\":\"Telinha\",\"image\":{\"@type\":\"ImageObject\",\"inLanguage\":\"pt-PT\",\"@id\":\"https:\/\/portaltela.pt\/s.01k8rhncp4jt1\/2025\/11\/talking-bot-125x125.png\",\"url\":\"https:\/\/portaltela.pt\/s.01k8rhncp4jt1\/2025\/11\/talking-bot-125x125.png\",\"contentUrl\":\"https:\/\/portaltela.pt\/s.01k8rhncp4jt1\/2025\/11\/talking-bot-125x125.png\",\"caption\":\"Telinha\"},\"sameAs\":[\"https:\/\/portaltela.pt\/\"],\"url\":\"https:\/\/portaltela.pt\/por\/367410592786\/\"}]}<\/script>\n<!-- \/ Yoast SEO plugin. -->","yoast_head_json":{"title":"CE busca esclarecimentos com Casa Branca ap\u00f3s decis\u00e3o do Supremo sobre aduaneiros - Portal Tela Portugal","robots":{"index":"index","follow":"follow","max-snippet":"max-snippet:-1","max-image-preview":"max-image-preview:large","max-video-preview":"max-video-preview:-1"},"og_locale":"pt_PT","og_type":"article","og_title":"CE busca esclarecimentos com Casa Branca ap\u00f3s decis\u00e3o do Supremo sobre aduaneiros - Portal Tela Portugal","og_description":"A Comiss\u00e3o Europeia pediu esclarecimentos \u00e0 Casa Branca ap\u00f3s o Supremo Tribunal dos EUA ter anulado as tarifas impostas pelo presidente Donald Trump, o que pode afetar o acordo UE-EUA assinado no ver\u00e3o passado. O tribunal decidiu que Trump excedeu a sua autoridade ao impor tarifas sobre quase todos os bens que entram nos EUA, levantando quest\u00f5es sobre a validade do acordo. A Comiss\u00e3o afirmou estar a analisar cuidadosamente a decis\u00e3o e a manter contacto pr\u00f3ximo com a Administra\u00e7\u00e3o dos EUA para perceber as medidas a tomar. O acordo prev\u00ea uma tarifa geral de quinze por cento sobre as exporta\u00e7\u00f5es da UE, zerar os direitos sobre produtos industriais dos EUA, e compromissos de compra de setecentos e cinquenta mil milh\u00f5es de d\u00f3lares em energia e de investimento em setores estrat\u00e9gicos nos EUA. Parlamentares da UE, incluindo Bernd Lange, convocaram uma reuni\u00e3o extraordin\u00e1ria para avaliar as implica\u00e7\u00f5es e explorar altera\u00e7\u00f5es que permitam terminar o acordo em dois mil e vinte e oito ou suspend\u00ea-lo se houver novas amea\u00e7as.","og_url":"https:\/\/portaltela.pt\/noticias\/2026\/02\/20\/ce-busca-esclarecimentos-com-casa-branca-apos-decisao-do-supremo-sobre-aduaneiros\/","og_site_name":"Portal Tela Portugal","article_published_time":"2026-02-20T17:47:28+00:00","author":"Telinha","twitter_card":"summary_large_image","twitter_misc":{"Escrito por":"Telinha","Tempo estimado de leitura":"2 minutos"},"schema":{"@context":"https:\/\/schema.org","@graph":[{"@type":"Article","@id":"https:\/\/portaltela.pt\/noticias\/2026\/02\/20\/ce-busca-esclarecimentos-com-casa-branca-apos-decisao-do-supremo-sobre-aduaneiros\/#article","isPartOf":{"@id":"https:\/\/portaltela.pt\/noticias\/2026\/02\/20\/ce-busca-esclarecimentos-com-casa-branca-apos-decisao-do-supremo-sobre-aduaneiros\/"},"author":{"name":"Telinha","@id":"https:\/\/portaltela.pt\/#\/schema\/person\/c4278d4a6028830caff9ee44b42d32ed"},"headline":"CE busca esclarecimentos com Casa Branca ap\u00f3s decis\u00e3o do Supremo sobre aduaneiros","datePublished":"2026-02-20T17:47:28+00:00","mainEntityOfPage":{"@id":"https:\/\/portaltela.pt\/noticias\/2026\/02\/20\/ce-busca-esclarecimentos-com-casa-branca-apos-decisao-do-supremo-sobre-aduaneiros\/"},"wordCount":428,"image":{"@id":"https:\/\/portaltela.pt\/noticias\/2026\/02\/20\/ce-busca-esclarecimentos-com-casa-branca-apos-decisao-do-supremo-sobre-aduaneiros\/#primaryimage"},"thumbnailUrl":"https:\/\/portaltela.pt\/s.01k8rhncp4jt1\/2026\/02\/1536x864_cmsv2_32d87f3d-0093-577e-aa83-98f290d02d1e-9447676.jpg","keywords":["acordos internacionais","com\u00e9rcio internacional","direitos aduaneiros","pol\u00edtica internacional","tarifas","Uni\u00e3o Europeia"],"articleSection":["Not\u00edcias"],"inLanguage":"pt-PT"},{"@type":"WebPage","@id":"https:\/\/portaltela.pt\/noticias\/2026\/02\/20\/ce-busca-esclarecimentos-com-casa-branca-apos-decisao-do-supremo-sobre-aduaneiros\/","url":"https:\/\/portaltela.pt\/noticias\/2026\/02\/20\/ce-busca-esclarecimentos-com-casa-branca-apos-decisao-do-supremo-sobre-aduaneiros\/","name":"CE busca esclarecimentos com Casa Branca ap\u00f3s decis\u00e3o do Supremo sobre aduaneiros - Portal Tela Portugal","isPartOf":{"@id":"https:\/\/portaltela.pt\/#website"},"primaryImageOfPage":{"@id":"https:\/\/portaltela.pt\/noticias\/2026\/02\/20\/ce-busca-esclarecimentos-com-casa-branca-apos-decisao-do-supremo-sobre-aduaneiros\/#primaryimage"},"image":{"@id":"https:\/\/portaltela.pt\/noticias\/2026\/02\/20\/ce-busca-esclarecimentos-com-casa-branca-apos-decisao-do-supremo-sobre-aduaneiros\/#primaryimage"},"thumbnailUrl":"https:\/\/portaltela.pt\/s.01k8rhncp4jt1\/2026\/02\/1536x864_cmsv2_32d87f3d-0093-577e-aa83-98f290d02d1e-9447676.jpg","datePublished":"2026-02-20T17:47:28+00:00","author":{"@id":"https:\/\/portaltela.pt\/#\/schema\/person\/c4278d4a6028830caff9ee44b42d32ed"},"breadcrumb":{"@id":"https:\/\/portaltela.pt\/noticias\/2026\/02\/20\/ce-busca-esclarecimentos-com-casa-branca-apos-decisao-do-supremo-sobre-aduaneiros\/#breadcrumb"},"inLanguage":"pt-PT","potentialAction":[{"@type":"ReadAction","target":["https:\/\/portaltela.pt\/noticias\/2026\/02\/20\/ce-busca-esclarecimentos-com-casa-branca-apos-decisao-do-supremo-sobre-aduaneiros\/"]}]},{"@type":"ImageObject","inLanguage":"pt-PT","@id":"https:\/\/portaltela.pt\/noticias\/2026\/02\/20\/ce-busca-esclarecimentos-com-casa-branca-apos-decisao-do-supremo-sobre-aduaneiros\/#primaryimage","url":"https:\/\/portaltela.pt\/s.01k8rhncp4jt1\/2026\/02\/1536x864_cmsv2_32d87f3d-0093-577e-aa83-98f290d02d1e-9447676.jpg","contentUrl":"https:\/\/portaltela.pt\/s.01k8rhncp4jt1\/2026\/02\/1536x864_cmsv2_32d87f3d-0093-577e-aa83-98f290d02d1e-9447676.jpg","width":796,"height":448,"caption":"A Presidente da Comiss\u00e3o Europeia, Ursula von der Leyen, celebrou um acordo comercial com o Presidente dos EUA, Donald Trump, em julho de 2025."},{"@type":"BreadcrumbList","@id":"https:\/\/portaltela.pt\/noticias\/2026\/02\/20\/ce-busca-esclarecimentos-com-casa-branca-apos-decisao-do-supremo-sobre-aduaneiros\/#breadcrumb","itemListElement":[{"@type":"ListItem","position":1,"name":"In\u00edcio","item":"https:\/\/portaltela.pt\/"},{"@type":"ListItem","position":2,"name":"CE busca esclarecimentos com Casa Branca ap\u00f3s decis\u00e3o do Supremo sobre aduaneiros"}]},{"@type":"WebSite","@id":"https:\/\/portaltela.pt\/#website","url":"https:\/\/portaltela.pt\/","name":"Portal Tela Portugal","description":"","potentialAction":[{"@type":"SearchAction","target":{"@type":"EntryPoint","urlTemplate":"https:\/\/portaltela.pt\/?s={search_term_string}"},"query-input":{"@type":"PropertyValueSpecification","valueRequired":true,"valueName":"search_term_string"}}],"inLanguage":"pt-PT"},{"@type":"Person","@id":"https:\/\/portaltela.pt\/#\/schema\/person\/c4278d4a6028830caff9ee44b42d32ed","name":"Telinha","image":{"@type":"ImageObject","inLanguage":"pt-PT","@id":"https:\/\/portaltela.pt\/s.01k8rhncp4jt1\/2025\/11\/talking-bot-125x125.png","url":"https:\/\/portaltela.pt\/s.01k8rhncp4jt1\/2025\/11\/talking-bot-125x125.png","contentUrl":"https:\/\/portaltela.pt\/s.01k8rhncp4jt1\/2025\/11\/talking-bot-125x125.png","caption":"Telinha"},"sameAs":["https:\/\/portaltela.pt\/"],"url":"https:\/\/portaltela.pt\/por\/367410592786\/"}]}},"_links":{"self":[{"href":"https:\/\/portaltela.pt\/api\/wp\/v2\/posts\/219620","targetHints":{"allow":["GET"]}}],"collection":[{"href":"https:\/\/portaltela.pt\/api\/wp\/v2\/posts"}],"about":[{"href":"https:\/\/portaltela.pt\/api\/wp\/v2\/types\/post"}],"author":[{"embeddable":true,"href":"https:\/\/portaltela.pt\/api\/wp\/v2\/users\/2"}],"replies":[{"embeddable":true,"href":"https:\/\/portaltela.pt\/api\/wp\/v2\/comments?post=219620"}],"version-history":[{"count":0,"href":"https:\/\/portaltela.pt\/api\/wp\/v2\/posts\/219620\/revisions"}],"wp:featuredmedia":[{"embeddable":true,"href":"https:\/\/portaltela.pt\/api\/wp\/v2\/media\/219623"}],"wp:attachment":[{"href":"https:\/\/portaltela.pt\/api\/wp\/v2\/media?parent=219620"}],"wp:term":[{"taxonomy":"category","embeddable":true,"href":"https:\/\/portaltela.pt\/api\/wp\/v2\/categories?post=219620"},{"taxonomy":"post_tag","embeddable":true,"href":"https:\/\/portaltela.pt\/api\/wp\/v2\/tags?post=219620"}],"curies":[{"name":"wp","href":"https:\/\/api.w.org\/{rel}","templated":true}]}}