{"id":219543,"date":"2026-02-20T14:11:00","date_gmt":"2026-02-20T17:11:00","guid":{"rendered":"https:\/\/portaltela.pt\/noticias\/2026\/02\/20\/moradores-de-predio-em-alcantara-expropriados-para-obras-do-metro\/"},"modified":"2026-02-20T14:11:00","modified_gmt":"2026-02-20T17:11:00","slug":"moradores-de-predio-em-alcantara-expropriados-para-obras-do-metro","status":"publish","type":"post","link":"https:\/\/portaltela.pt\/noticias\/2026\/02\/20\/moradores-de-predio-em-alcantara-expropriados-para-obras-do-metro\/","title":{"rendered":"Moradores de pr\u00e9dio em Alc\u00e2ntara expropriados para obras do metro"},"content":{"rendered":"<p>Moradores de um pr\u00e9dio na Rua da Cruz de Alc\u00e2ntara, em Alc\u00e2ntara, v\u00e3o ter de abandonar o im\u00f3vel at\u00e9 ao final de mar\u00e7o para permitir obras de expans\u00e3o da Linha Vermelha do Metro de Lisboa. A decis\u00e3o envolve a C\u00e2mara Municipal de Lisboa e afeta residentes antigos.<\/p>\n<p>Quem mora no edif\u00edcio, propriedade municipal, diz n\u00e3o ter recebido avisos pr\u00e9vios suficientes e aponta dificuldades para encontrar nova habita\u00e7\u00e3o com as indemniza\u00e7\u00f5es propostas. A demoli\u00e7\u00e3o do pr\u00e9dio visa abrir espa\u00e7o para o avan\u00e7o da obra.<\/p>\n<p>Entre os afetados est\u00e1 Maria de F\u00e1tima Lopes, 73 anos, que reside h\u00e1 47 anos no 3.\u00ba andar diante da entrada principal. Ela descreve o momento como ainda confuso e sublinha a press\u00e3o de ter de sair rapidamente.<\/p>\n<h3>Situa\u00e7\u00e3o atual e prazos<\/h3>\n<p>O processo de expropria\u00e7\u00e3o j\u00e1 est\u00e1 em curso, com o prazo de realojamento fixado para o fim de mar\u00e7o. A C\u00e2mara de Lisboa n\u00e3o respondeu com detalhes sobre prazos de pagamento de indemniza\u00e7\u00f5es nem sobre alternativas de alojamento tempor\u00e1rio ou definitivo para os moradores.<\/p>\n<p>As condi\u00e7\u00f5es de realojamento, custos de mudan\u00e7a e padr\u00f5es de apoio social permanecemMaterial n\u00e3o divulgado oficialmente pela autarquia. O cen\u00e1rio permanece sob escrut\u00ednio enquanto os moradores aguardam informa\u00e7\u00f5es adicionais sobre compensa\u00e7\u00f5es e garantias de resid\u00eancia futura.<\/p>\n","protected":false},"excerpt":{"rendered":"<ul>\n<li>Moradores de um pr\u00e9dio na Rua da Cruz de Alc\u00e2ntara, em Alc\u00e2ntara (Lisboa), v\u00e3o ser expropriados para obras de expans\u00e3o da Linha Vermelha do metropolitano.<\/li>\n<li>T\u00eam de sair do edif\u00edcio at\u00e9 ao final de mar\u00e7o.<\/li>\n<li>Dizem que a C\u00e2mara Municipal de Lisboa n\u00e3o os avisou com anteced\u00eancia sobre a decis\u00e3o.<\/li>\n<li>As indemniza\u00e7\u00f5es anunciadas n\u00e3o chegam para encontrarem nova habita\u00e7\u00e3o.<\/li>\n<li>Maria de F\u00e1tima Lopes, 73 anos, relata surpresa e incredulidade com a situa\u00e7\u00e3o.<\/li>\n<\/ul>\n","protected":false},"author":2,"featured_media":219545,"comment_status":"closed","ping_status":"closed","sticky":false,"template":"","format":"standard","meta":{"footnotes":""},"categories":[1],"tags":[5366,4254,150,2745,981,6188],"class_list":["post-219543","post","type-post","status-publish","format-standard","has-post-thumbnail","hentry","category-noticias","tag-alcantara","tag-expropriacoes","tag-habitacao","tag-indenizacoes","tag-lisboa","tag-realojamento"],"yoast_head":"<!-- This site is optimized with the Yoast SEO plugin v27.2 - https:\/\/yoast.com\/product\/yoast-seo-wordpress\/ -->\n<title>Moradores de pr\u00e9dio em Alc\u00e2ntara expropriados para obras do metro - Portal Tela Portugal<\/title>\n<meta name=\"robots\" content=\"index, follow, max-snippet:-1, max-image-preview:large, max-video-preview:-1\" \/>\n<meta property=\"og:locale\" content=\"pt_PT\" \/>\n<meta property=\"og:type\" content=\"article\" \/>\n<meta property=\"og:title\" content=\"Moradores de pr\u00e9dio em Alc\u00e2ntara expropriados para obras do metro - Portal Tela Portugal\" \/>\n<meta property=\"og:description\" content=\"Moradores de um pr\u00e9dio na Rua da Cruz de Alc\u00e2ntara, em Alc\u00e2ntara (Lisboa), v\u00e3o ser expropriados para obras de expans\u00e3o da Linha Vermelha do metropolitano. T\u00eam de sair do edif\u00edcio at\u00e9 ao final de mar\u00e7o. Dizem que a C\u00e2mara Municipal de Lisboa n\u00e3o os avisou com anteced\u00eancia sobre a decis\u00e3o. As indemniza\u00e7\u00f5es anunciadas n\u00e3o chegam para encontrarem nova habita\u00e7\u00e3o. Maria de F\u00e1tima Lopes, 73 anos, relata surpresa e incredulidade com a situa\u00e7\u00e3o.\" \/>\n<meta property=\"og:url\" content=\"https:\/\/portaltela.pt\/noticias\/2026\/02\/20\/moradores-de-predio-em-alcantara-expropriados-para-obras-do-metro\/\" \/>\n<meta property=\"og:site_name\" content=\"Portal Tela Portugal\" \/>\n<meta property=\"article:published_time\" content=\"2026-02-20T17:11:00+00:00\" \/>\n<meta name=\"author\" content=\"Telinha\" \/>\n<meta name=\"twitter:card\" content=\"summary_large_image\" \/>\n<meta name=\"twitter:label1\" content=\"Escrito por\" \/>\n\t<meta name=\"twitter:data1\" content=\"Telinha\" \/>\n\t<meta name=\"twitter:label2\" content=\"Tempo estimado de leitura\" \/>\n\t<meta name=\"twitter:data2\" content=\"1 minuto\" \/>\n<script type=\"application\/ld+json\" class=\"yoast-schema-graph\">{\"@context\":\"https:\/\/schema.org\",\"@graph\":[{\"@type\":\"Article\",\"@id\":\"https:\/\/portaltela.pt\/noticias\/2026\/02\/20\/moradores-de-predio-em-alcantara-expropriados-para-obras-do-metro\/#article\",\"isPartOf\":{\"@id\":\"https:\/\/portaltela.pt\/noticias\/2026\/02\/20\/moradores-de-predio-em-alcantara-expropriados-para-obras-do-metro\/\"},\"author\":{\"name\":\"Telinha\",\"@id\":\"https:\/\/portaltela.pt\/#\/schema\/person\/c4278d4a6028830caff9ee44b42d32ed\"},\"headline\":\"Moradores de pr\u00e9dio em Alc\u00e2ntara expropriados para obras do metro\",\"datePublished\":\"2026-02-20T17:11:00+00:00\",\"mainEntityOfPage\":{\"@id\":\"https:\/\/portaltela.pt\/noticias\/2026\/02\/20\/moradores-de-predio-em-alcantara-expropriados-para-obras-do-metro\/\"},\"wordCount\":250,\"image\":{\"@id\":\"https:\/\/portaltela.pt\/noticias\/2026\/02\/20\/moradores-de-predio-em-alcantara-expropriados-para-obras-do-metro\/#primaryimage\"},\"thumbnailUrl\":\"https:\/\/portaltela.pt\/s.01k8rhncp4jt1\/2026\/02\/2068626.jpg\",\"keywords\":[\"Alc\u00e2ntara\",\"expropria\u00e7\u00f5es\",\"habita\u00e7\u00e3o\",\"indeniza\u00e7\u00f5es\",\"Lisboa\",\"realojamento\"],\"articleSection\":[\"Not\u00edcias\"],\"inLanguage\":\"pt-PT\"},{\"@type\":\"WebPage\",\"@id\":\"https:\/\/portaltela.pt\/noticias\/2026\/02\/20\/moradores-de-predio-em-alcantara-expropriados-para-obras-do-metro\/\",\"url\":\"https:\/\/portaltela.pt\/noticias\/2026\/02\/20\/moradores-de-predio-em-alcantara-expropriados-para-obras-do-metro\/\",\"name\":\"Moradores de pr\u00e9dio em Alc\u00e2ntara expropriados para obras do metro - Portal Tela Portugal\",\"isPartOf\":{\"@id\":\"https:\/\/portaltela.pt\/#website\"},\"primaryImageOfPage\":{\"@id\":\"https:\/\/portaltela.pt\/noticias\/2026\/02\/20\/moradores-de-predio-em-alcantara-expropriados-para-obras-do-metro\/#primaryimage\"},\"image\":{\"@id\":\"https:\/\/portaltela.pt\/noticias\/2026\/02\/20\/moradores-de-predio-em-alcantara-expropriados-para-obras-do-metro\/#primaryimage\"},\"thumbnailUrl\":\"https:\/\/portaltela.pt\/s.01k8rhncp4jt1\/2026\/02\/2068626.jpg\",\"datePublished\":\"2026-02-20T17:11:00+00:00\",\"author\":{\"@id\":\"https:\/\/portaltela.pt\/#\/schema\/person\/c4278d4a6028830caff9ee44b42d32ed\"},\"breadcrumb\":{\"@id\":\"https:\/\/portaltela.pt\/noticias\/2026\/02\/20\/moradores-de-predio-em-alcantara-expropriados-para-obras-do-metro\/#breadcrumb\"},\"inLanguage\":\"pt-PT\",\"potentialAction\":[{\"@type\":\"ReadAction\",\"target\":[\"https:\/\/portaltela.pt\/noticias\/2026\/02\/20\/moradores-de-predio-em-alcantara-expropriados-para-obras-do-metro\/\"]}]},{\"@type\":\"ImageObject\",\"inLanguage\":\"pt-PT\",\"@id\":\"https:\/\/portaltela.pt\/noticias\/2026\/02\/20\/moradores-de-predio-em-alcantara-expropriados-para-obras-do-metro\/#primaryimage\",\"url\":\"https:\/\/portaltela.pt\/s.01k8rhncp4jt1\/2026\/02\/2068626.jpg\",\"contentUrl\":\"https:\/\/portaltela.pt\/s.01k8rhncp4jt1\/2026\/02\/2068626.jpg\",\"width\":796,\"height\":448,\"caption\":\"Residente do pr\u00e9dio propriedade da C\u00e2mara de Lisboa ter\u00e3o de sair at\u00e9 ao final de Mar\u00e7o\"},{\"@type\":\"BreadcrumbList\",\"@id\":\"https:\/\/portaltela.pt\/noticias\/2026\/02\/20\/moradores-de-predio-em-alcantara-expropriados-para-obras-do-metro\/#breadcrumb\",\"itemListElement\":[{\"@type\":\"ListItem\",\"position\":1,\"name\":\"In\u00edcio\",\"item\":\"https:\/\/portaltela.pt\/\"},{\"@type\":\"ListItem\",\"position\":2,\"name\":\"Moradores de pr\u00e9dio em Alc\u00e2ntara expropriados para obras do metro\"}]},{\"@type\":\"WebSite\",\"@id\":\"https:\/\/portaltela.pt\/#website\",\"url\":\"https:\/\/portaltela.pt\/\",\"name\":\"Portal Tela Portugal\",\"description\":\"\",\"potentialAction\":[{\"@type\":\"SearchAction\",\"target\":{\"@type\":\"EntryPoint\",\"urlTemplate\":\"https:\/\/portaltela.pt\/?s={search_term_string}\"},\"query-input\":{\"@type\":\"PropertyValueSpecification\",\"valueRequired\":true,\"valueName\":\"search_term_string\"}}],\"inLanguage\":\"pt-PT\"},{\"@type\":\"Person\",\"@id\":\"https:\/\/portaltela.pt\/#\/schema\/person\/c4278d4a6028830caff9ee44b42d32ed\",\"name\":\"Telinha\",\"image\":{\"@type\":\"ImageObject\",\"inLanguage\":\"pt-PT\",\"@id\":\"https:\/\/portaltela.pt\/s.01k8rhncp4jt1\/2025\/11\/talking-bot-125x125.png\",\"url\":\"https:\/\/portaltela.pt\/s.01k8rhncp4jt1\/2025\/11\/talking-bot-125x125.png\",\"contentUrl\":\"https:\/\/portaltela.pt\/s.01k8rhncp4jt1\/2025\/11\/talking-bot-125x125.png\",\"caption\":\"Telinha\"},\"sameAs\":[\"https:\/\/portaltela.pt\/\"],\"url\":\"https:\/\/portaltela.pt\/por\/367410592786\/\"}]}<\/script>\n<!-- \/ Yoast SEO plugin. -->","yoast_head_json":{"title":"Moradores de pr\u00e9dio em Alc\u00e2ntara expropriados para obras do metro - Portal Tela Portugal","robots":{"index":"index","follow":"follow","max-snippet":"max-snippet:-1","max-image-preview":"max-image-preview:large","max-video-preview":"max-video-preview:-1"},"og_locale":"pt_PT","og_type":"article","og_title":"Moradores de pr\u00e9dio em Alc\u00e2ntara expropriados para obras do metro - Portal Tela Portugal","og_description":"Moradores de um pr\u00e9dio na Rua da Cruz de Alc\u00e2ntara, em Alc\u00e2ntara (Lisboa), v\u00e3o ser expropriados para obras de expans\u00e3o da Linha Vermelha do metropolitano. T\u00eam de sair do edif\u00edcio at\u00e9 ao final de mar\u00e7o. Dizem que a C\u00e2mara Municipal de Lisboa n\u00e3o os avisou com anteced\u00eancia sobre a decis\u00e3o. As indemniza\u00e7\u00f5es anunciadas n\u00e3o chegam para encontrarem nova habita\u00e7\u00e3o. Maria de F\u00e1tima Lopes, 73 anos, relata surpresa e incredulidade com a situa\u00e7\u00e3o.","og_url":"https:\/\/portaltela.pt\/noticias\/2026\/02\/20\/moradores-de-predio-em-alcantara-expropriados-para-obras-do-metro\/","og_site_name":"Portal Tela Portugal","article_published_time":"2026-02-20T17:11:00+00:00","author":"Telinha","twitter_card":"summary_large_image","twitter_misc":{"Escrito por":"Telinha","Tempo estimado de leitura":"1 minuto"},"schema":{"@context":"https:\/\/schema.org","@graph":[{"@type":"Article","@id":"https:\/\/portaltela.pt\/noticias\/2026\/02\/20\/moradores-de-predio-em-alcantara-expropriados-para-obras-do-metro\/#article","isPartOf":{"@id":"https:\/\/portaltela.pt\/noticias\/2026\/02\/20\/moradores-de-predio-em-alcantara-expropriados-para-obras-do-metro\/"},"author":{"name":"Telinha","@id":"https:\/\/portaltela.pt\/#\/schema\/person\/c4278d4a6028830caff9ee44b42d32ed"},"headline":"Moradores de pr\u00e9dio em Alc\u00e2ntara expropriados para obras do metro","datePublished":"2026-02-20T17:11:00+00:00","mainEntityOfPage":{"@id":"https:\/\/portaltela.pt\/noticias\/2026\/02\/20\/moradores-de-predio-em-alcantara-expropriados-para-obras-do-metro\/"},"wordCount":250,"image":{"@id":"https:\/\/portaltela.pt\/noticias\/2026\/02\/20\/moradores-de-predio-em-alcantara-expropriados-para-obras-do-metro\/#primaryimage"},"thumbnailUrl":"https:\/\/portaltela.pt\/s.01k8rhncp4jt1\/2026\/02\/2068626.jpg","keywords":["Alc\u00e2ntara","expropria\u00e7\u00f5es","habita\u00e7\u00e3o","indeniza\u00e7\u00f5es","Lisboa","realojamento"],"articleSection":["Not\u00edcias"],"inLanguage":"pt-PT"},{"@type":"WebPage","@id":"https:\/\/portaltela.pt\/noticias\/2026\/02\/20\/moradores-de-predio-em-alcantara-expropriados-para-obras-do-metro\/","url":"https:\/\/portaltela.pt\/noticias\/2026\/02\/20\/moradores-de-predio-em-alcantara-expropriados-para-obras-do-metro\/","name":"Moradores de pr\u00e9dio em Alc\u00e2ntara expropriados para obras do metro - Portal Tela Portugal","isPartOf":{"@id":"https:\/\/portaltela.pt\/#website"},"primaryImageOfPage":{"@id":"https:\/\/portaltela.pt\/noticias\/2026\/02\/20\/moradores-de-predio-em-alcantara-expropriados-para-obras-do-metro\/#primaryimage"},"image":{"@id":"https:\/\/portaltela.pt\/noticias\/2026\/02\/20\/moradores-de-predio-em-alcantara-expropriados-para-obras-do-metro\/#primaryimage"},"thumbnailUrl":"https:\/\/portaltela.pt\/s.01k8rhncp4jt1\/2026\/02\/2068626.jpg","datePublished":"2026-02-20T17:11:00+00:00","author":{"@id":"https:\/\/portaltela.pt\/#\/schema\/person\/c4278d4a6028830caff9ee44b42d32ed"},"breadcrumb":{"@id":"https:\/\/portaltela.pt\/noticias\/2026\/02\/20\/moradores-de-predio-em-alcantara-expropriados-para-obras-do-metro\/#breadcrumb"},"inLanguage":"pt-PT","potentialAction":[{"@type":"ReadAction","target":["https:\/\/portaltela.pt\/noticias\/2026\/02\/20\/moradores-de-predio-em-alcantara-expropriados-para-obras-do-metro\/"]}]},{"@type":"ImageObject","inLanguage":"pt-PT","@id":"https:\/\/portaltela.pt\/noticias\/2026\/02\/20\/moradores-de-predio-em-alcantara-expropriados-para-obras-do-metro\/#primaryimage","url":"https:\/\/portaltela.pt\/s.01k8rhncp4jt1\/2026\/02\/2068626.jpg","contentUrl":"https:\/\/portaltela.pt\/s.01k8rhncp4jt1\/2026\/02\/2068626.jpg","width":796,"height":448,"caption":"Residente do pr\u00e9dio propriedade da C\u00e2mara de Lisboa ter\u00e3o de sair at\u00e9 ao final de Mar\u00e7o"},{"@type":"BreadcrumbList","@id":"https:\/\/portaltela.pt\/noticias\/2026\/02\/20\/moradores-de-predio-em-alcantara-expropriados-para-obras-do-metro\/#breadcrumb","itemListElement":[{"@type":"ListItem","position":1,"name":"In\u00edcio","item":"https:\/\/portaltela.pt\/"},{"@type":"ListItem","position":2,"name":"Moradores de pr\u00e9dio em Alc\u00e2ntara expropriados para obras do metro"}]},{"@type":"WebSite","@id":"https:\/\/portaltela.pt\/#website","url":"https:\/\/portaltela.pt\/","name":"Portal Tela Portugal","description":"","potentialAction":[{"@type":"SearchAction","target":{"@type":"EntryPoint","urlTemplate":"https:\/\/portaltela.pt\/?s={search_term_string}"},"query-input":{"@type":"PropertyValueSpecification","valueRequired":true,"valueName":"search_term_string"}}],"inLanguage":"pt-PT"},{"@type":"Person","@id":"https:\/\/portaltela.pt\/#\/schema\/person\/c4278d4a6028830caff9ee44b42d32ed","name":"Telinha","image":{"@type":"ImageObject","inLanguage":"pt-PT","@id":"https:\/\/portaltela.pt\/s.01k8rhncp4jt1\/2025\/11\/talking-bot-125x125.png","url":"https:\/\/portaltela.pt\/s.01k8rhncp4jt1\/2025\/11\/talking-bot-125x125.png","contentUrl":"https:\/\/portaltela.pt\/s.01k8rhncp4jt1\/2025\/11\/talking-bot-125x125.png","caption":"Telinha"},"sameAs":["https:\/\/portaltela.pt\/"],"url":"https:\/\/portaltela.pt\/por\/367410592786\/"}]}},"_links":{"self":[{"href":"https:\/\/portaltela.pt\/api\/wp\/v2\/posts\/219543","targetHints":{"allow":["GET"]}}],"collection":[{"href":"https:\/\/portaltela.pt\/api\/wp\/v2\/posts"}],"about":[{"href":"https:\/\/portaltela.pt\/api\/wp\/v2\/types\/post"}],"author":[{"embeddable":true,"href":"https:\/\/portaltela.pt\/api\/wp\/v2\/users\/2"}],"replies":[{"embeddable":true,"href":"https:\/\/portaltela.pt\/api\/wp\/v2\/comments?post=219543"}],"version-history":[{"count":0,"href":"https:\/\/portaltela.pt\/api\/wp\/v2\/posts\/219543\/revisions"}],"wp:featuredmedia":[{"embeddable":true,"href":"https:\/\/portaltela.pt\/api\/wp\/v2\/media\/219545"}],"wp:attachment":[{"href":"https:\/\/portaltela.pt\/api\/wp\/v2\/media?parent=219543"}],"wp:term":[{"taxonomy":"category","embeddable":true,"href":"https:\/\/portaltela.pt\/api\/wp\/v2\/categories?post=219543"},{"taxonomy":"post_tag","embeddable":true,"href":"https:\/\/portaltela.pt\/api\/wp\/v2\/tags?post=219543"}],"curies":[{"name":"wp","href":"https:\/\/api.w.org\/{rel}","templated":true}]}}