{"id":219519,"date":"2026-02-20T13:35:00","date_gmt":"2026-02-20T16:35:00","guid":{"rendered":"https:\/\/portaltela.pt\/noticias\/2026\/02\/20\/fim-de-semana-com-teatros-queijos-e-mil-diabos\/"},"modified":"2026-02-20T13:35:00","modified_gmt":"2026-02-20T16:35:00","slug":"fim-de-semana-com-teatros-queijos-e-mil-diabos","status":"publish","type":"post","link":"https:\/\/portaltela.pt\/noticias\/2026\/02\/20\/fim-de-semana-com-teatros-queijos-e-mil-diabos\/","title":{"rendered":"Fim de semana com teatros, queijos e Mil Diabos"},"content":{"rendered":"<p>O fim de semana traz uma variedade de propostas culturais e gastron\u00f3micas em Portugal. Entre teatros, mercados e celebra\u00e7\u00f5es tradicionais, h\u00e1 agendas para v\u00e1rios p\u00fablicos. Os cartazes incluem pe\u00e7as, concertos, festas populares e feiras de queijo.<\/p>\n<p>No Porto, o Teatro Nacional S\u00e3o Jo\u00e3o recebe a encena\u00e7\u00e3o de uma pe\u00e7a de Ant\u00f3nio Patr\u00edcio, em que o Ensemble apresenta uma alegoria sobre o decl\u00ednio de uma era. A produ\u00e7\u00e3o fica em cena de 12 a 22 de fevereiro, com hor\u00e1rios definidos.<\/p>\n<p>Em Lisboa, a nova pe\u00e7a dos Artistas Unidos, Os Jugoslavos, est\u00e1 em cartaz no Teatro Paulo Claro de 19 de fevereiro a 28 de mar\u00e7o. O espet\u00e1culo aborda perten\u00e7a e comunica\u00e7\u00e3o, com conversa aberta com o autor num s\u00e1bado.<\/p>\n<p>No concelho de Vinhais realiza-se Mil Diabos \u00e0 Solta, dia 21 de fevereiro, com in\u00edcio pela manh\u00e3. A festa combina diabros, gaiteiros, recria\u00e7\u00f5es teatrais e a queima da Morte Gigante, marcando a passagem para a Primavera.<\/p>\n<h3>Teatros e m\u00fasica<\/h3>\n<p>No Pal\u00e1cio de S. Jo\u00e3o, as sess\u00f5es acontecem quarta, quinta e s\u00e1bado \u00e0s 19h; sexta \u00e0s 21h; domingo \u00e0s 16h, para maiores de 12 anos. Os bilhetes variam entre 7,50\u20ac e 16\u20ac.<\/p>\n<h3>Queijo e gastronomia<\/h3>\n<p>Em Celorico da Beira decorre a Feira do Queijo de 20 a 22 de fevereiro, com entrada livre. O certame destaca o queijo Serra da Estrela, degusta\u00e7\u00f5es, oficinas e atividades para toda a fam\u00edlia.<\/p>\n<p>Em Serpa, a Feira do Queijo do Alentejo decorre de 20 a 22 de fevereiro, com entrada livre. O programa inclui 170 expositores, gastronomia regional, cante alentejano e demonstra\u00e7\u00f5es.<\/p>\n<h3>M\u00fasica e eventos paralelos<\/h3>\n<p>Raul Mid\u00f3n sobe ao palco da Casa Capit\u00e3o, em Lisboa, no dia 21 de fevereiro, \u00e0s 21h. O concerto integra o repert\u00f3rio de um artista reconhecido pela fus\u00e3o de estilos e por reconhecimentos nos Grammy.<\/p>\n<h3>Outras atividades<\/h3>\n<p>Em Marv\u00e3o decorre a quinzena gastron\u00f3mica Comidas d\u2019Azeite, de 7 a 22 de fevereiro. O programa envolve 16 restaurantes, pratos t\u00edpicos e um almo\u00e7o-conv\u00edvio no dia 21, que celebra os produtos do lagar.<\/p>\n","protected":false},"excerpt":{"rendered":"<ul>\n<li>Porto: Teatro Nacional S\u00e3o Jo\u00e3o recebe a encena\u00e7\u00e3o de \u201cuma alegoria sobre o decl\u00ednio inexor\u00e1vel de uma era\u201d, com texto de Ant\u00f3nio Patr\u00edcio (1909), encena\u00e7\u00e3o de Carlos Pimenta, de 12 a 22 de fevereiro; entradas entre 7,50\u20ac e 16\u20ac.<\/li>\n<li>Lisboa: Artistas Unidos apresentam \u201cOs Jugoslavos\u201d no Teatro Paulo Claro, de 19 de fevereiro a 28 de mar\u00e7o; conversa com o autor neste s\u00e1bado, \u00e0s 18h, entrada livre.<\/li>\n<li>Mil Diabos \u00e0 Solta: em Vinhais, dia 21 de fevereiro, a partir das 9h; entrada livre, festa popular com Trail dos Diabos, diabrentes, gaiteiros e queima da Morte Gigante.<\/li>\n<li>Feira do Queijo: Celorico da Beira, 20 a 22 de fevereiro, entrada livre (concertos a 5\u20ac); queijo Serra da Estrela como destaque, com degusta\u00e7\u00f5es, oficinas e rota gastron\u00f3mica.<\/li>\n<li>Raul Mid\u00f3n: em Lisboa, 21 de fevereiro, \u00e0s 21h, Casa Capit\u00e3o; bilheteira a 32,50\u20ac, performance de um \u201cone man show\u201d com mistura de estilos.<\/li>\n<\/ul>\n","protected":false},"author":2,"featured_media":219525,"comment_status":"closed","ping_status":"closed","sticky":false,"template":"","format":"standard","meta":{"footnotes":""},"categories":[1],"tags":[1966,219,981,982,4820,119],"class_list":["post-219519","post","type-post","status-publish","format-standard","has-post-thumbnail","hentry","category-noticias","tag-celorico-da-beira","tag-gastronomia","tag-lisboa","tag-porto","tag-queijos","tag-teatro"],"yoast_head":"<!-- This site is optimized with the Yoast SEO plugin v27.2 - https:\/\/yoast.com\/product\/yoast-seo-wordpress\/ -->\n<title>Fim de semana com teatros, queijos e Mil Diabos - Portal Tela Portugal<\/title>\n<meta name=\"robots\" content=\"index, follow, max-snippet:-1, max-image-preview:large, max-video-preview:-1\" \/>\n<meta property=\"og:locale\" content=\"pt_PT\" \/>\n<meta property=\"og:type\" content=\"article\" \/>\n<meta property=\"og:title\" content=\"Fim de semana com teatros, queijos e Mil Diabos - Portal Tela Portugal\" \/>\n<meta property=\"og:description\" content=\"Porto: Teatro Nacional S\u00e3o Jo\u00e3o recebe a encena\u00e7\u00e3o de \u201cuma alegoria sobre o decl\u00ednio inexor\u00e1vel de uma era\u201d, com texto de Ant\u00f3nio Patr\u00edcio (1909), encena\u00e7\u00e3o de Carlos Pimenta, de 12 a 22 de fevereiro; entradas entre 7,50\u20ac e 16\u20ac. Lisboa: Artistas Unidos apresentam \u201cOs Jugoslavos\u201d no Teatro Paulo Claro, de 19 de fevereiro a 28 de mar\u00e7o; conversa com o autor neste s\u00e1bado, \u00e0s 18h, entrada livre. Mil Diabos \u00e0 Solta: em Vinhais, dia 21 de fevereiro, a partir das 9h; entrada livre, festa popular com Trail dos Diabos, diabrentes, gaiteiros e queima da Morte Gigante. Feira do Queijo: Celorico da Beira, 20 a 22 de fevereiro, entrada livre (concertos a 5\u20ac); queijo Serra da Estrela como destaque, com degusta\u00e7\u00f5es, oficinas e rota gastron\u00f3mica. Raul Mid\u00f3n: em Lisboa, 21 de fevereiro, \u00e0s 21h, Casa Capit\u00e3o; bilheteira a 32,50\u20ac, performance de um \u201cone man show\u201d com mistura de estilos.\" \/>\n<meta property=\"og:url\" content=\"https:\/\/portaltela.pt\/noticias\/2026\/02\/20\/fim-de-semana-com-teatros-queijos-e-mil-diabos\/\" \/>\n<meta property=\"og:site_name\" content=\"Portal Tela Portugal\" \/>\n<meta property=\"article:published_time\" content=\"2026-02-20T16:35:00+00:00\" \/>\n<meta name=\"author\" content=\"Telinha\" \/>\n<meta name=\"twitter:card\" content=\"summary_large_image\" \/>\n<meta name=\"twitter:label1\" content=\"Escrito por\" \/>\n\t<meta name=\"twitter:data1\" content=\"Telinha\" \/>\n\t<meta name=\"twitter:label2\" content=\"Tempo estimado de leitura\" \/>\n\t<meta name=\"twitter:data2\" content=\"2 minutos\" \/>\n<script type=\"application\/ld+json\" class=\"yoast-schema-graph\">{\"@context\":\"https:\/\/schema.org\",\"@graph\":[{\"@type\":\"Article\",\"@id\":\"https:\/\/portaltela.pt\/noticias\/2026\/02\/20\/fim-de-semana-com-teatros-queijos-e-mil-diabos\/#article\",\"isPartOf\":{\"@id\":\"https:\/\/portaltela.pt\/noticias\/2026\/02\/20\/fim-de-semana-com-teatros-queijos-e-mil-diabos\/\"},\"author\":{\"name\":\"Telinha\",\"@id\":\"https:\/\/portaltela.pt\/#\/schema\/person\/c4278d4a6028830caff9ee44b42d32ed\"},\"headline\":\"Fim de semana com teatros, queijos e Mil Diabos\",\"datePublished\":\"2026-02-20T16:35:00+00:00\",\"mainEntityOfPage\":{\"@id\":\"https:\/\/portaltela.pt\/noticias\/2026\/02\/20\/fim-de-semana-com-teatros-queijos-e-mil-diabos\/\"},\"wordCount\":360,\"image\":{\"@id\":\"https:\/\/portaltela.pt\/noticias\/2026\/02\/20\/fim-de-semana-com-teatros-queijos-e-mil-diabos\/#primaryimage\"},\"thumbnailUrl\":\"https:\/\/portaltela.pt\/s.01k8rhncp4jt1\/2026\/02\/2068540.jpg\",\"keywords\":[\"Celorico da Beira\",\"gastronomia\",\"Lisboa\",\"Porto\",\"queijos\",\"teatro\"],\"articleSection\":[\"Not\u00edcias\"],\"inLanguage\":\"pt-PT\"},{\"@type\":\"WebPage\",\"@id\":\"https:\/\/portaltela.pt\/noticias\/2026\/02\/20\/fim-de-semana-com-teatros-queijos-e-mil-diabos\/\",\"url\":\"https:\/\/portaltela.pt\/noticias\/2026\/02\/20\/fim-de-semana-com-teatros-queijos-e-mil-diabos\/\",\"name\":\"Fim de semana com teatros, queijos e Mil Diabos - Portal Tela Portugal\",\"isPartOf\":{\"@id\":\"https:\/\/portaltela.pt\/#website\"},\"primaryImageOfPage\":{\"@id\":\"https:\/\/portaltela.pt\/noticias\/2026\/02\/20\/fim-de-semana-com-teatros-queijos-e-mil-diabos\/#primaryimage\"},\"image\":{\"@id\":\"https:\/\/portaltela.pt\/noticias\/2026\/02\/20\/fim-de-semana-com-teatros-queijos-e-mil-diabos\/#primaryimage\"},\"thumbnailUrl\":\"https:\/\/portaltela.pt\/s.01k8rhncp4jt1\/2026\/02\/2068540.jpg\",\"datePublished\":\"2026-02-20T16:35:00+00:00\",\"author\":{\"@id\":\"https:\/\/portaltela.pt\/#\/schema\/person\/c4278d4a6028830caff9ee44b42d32ed\"},\"breadcrumb\":{\"@id\":\"https:\/\/portaltela.pt\/noticias\/2026\/02\/20\/fim-de-semana-com-teatros-queijos-e-mil-diabos\/#breadcrumb\"},\"inLanguage\":\"pt-PT\",\"potentialAction\":[{\"@type\":\"ReadAction\",\"target\":[\"https:\/\/portaltela.pt\/noticias\/2026\/02\/20\/fim-de-semana-com-teatros-queijos-e-mil-diabos\/\"]}]},{\"@type\":\"ImageObject\",\"inLanguage\":\"pt-PT\",\"@id\":\"https:\/\/portaltela.pt\/noticias\/2026\/02\/20\/fim-de-semana-com-teatros-queijos-e-mil-diabos\/#primaryimage\",\"url\":\"https:\/\/portaltela.pt\/s.01k8rhncp4jt1\/2026\/02\/2068540.jpg\",\"contentUrl\":\"https:\/\/portaltela.pt\/s.01k8rhncp4jt1\/2026\/02\/2068540.jpg\",\"width\":796,\"height\":448,\"caption\":\"O Fim pelo Ensemble \u2013 Sociedade de Actores\"},{\"@type\":\"BreadcrumbList\",\"@id\":\"https:\/\/portaltela.pt\/noticias\/2026\/02\/20\/fim-de-semana-com-teatros-queijos-e-mil-diabos\/#breadcrumb\",\"itemListElement\":[{\"@type\":\"ListItem\",\"position\":1,\"name\":\"In\u00edcio\",\"item\":\"https:\/\/portaltela.pt\/\"},{\"@type\":\"ListItem\",\"position\":2,\"name\":\"Fim de semana com teatros, queijos e Mil Diabos\"}]},{\"@type\":\"WebSite\",\"@id\":\"https:\/\/portaltela.pt\/#website\",\"url\":\"https:\/\/portaltela.pt\/\",\"name\":\"Portal Tela Portugal\",\"description\":\"\",\"potentialAction\":[{\"@type\":\"SearchAction\",\"target\":{\"@type\":\"EntryPoint\",\"urlTemplate\":\"https:\/\/portaltela.pt\/?s={search_term_string}\"},\"query-input\":{\"@type\":\"PropertyValueSpecification\",\"valueRequired\":true,\"valueName\":\"search_term_string\"}}],\"inLanguage\":\"pt-PT\"},{\"@type\":\"Person\",\"@id\":\"https:\/\/portaltela.pt\/#\/schema\/person\/c4278d4a6028830caff9ee44b42d32ed\",\"name\":\"Telinha\",\"image\":{\"@type\":\"ImageObject\",\"inLanguage\":\"pt-PT\",\"@id\":\"https:\/\/portaltela.pt\/s.01k8rhncp4jt1\/2025\/11\/talking-bot-125x125.png\",\"url\":\"https:\/\/portaltela.pt\/s.01k8rhncp4jt1\/2025\/11\/talking-bot-125x125.png\",\"contentUrl\":\"https:\/\/portaltela.pt\/s.01k8rhncp4jt1\/2025\/11\/talking-bot-125x125.png\",\"caption\":\"Telinha\"},\"sameAs\":[\"https:\/\/portaltela.pt\/\"],\"url\":\"https:\/\/portaltela.pt\/por\/367410592786\/\"}]}<\/script>\n<!-- \/ Yoast SEO plugin. -->","yoast_head_json":{"title":"Fim de semana com teatros, queijos e Mil Diabos - Portal Tela Portugal","robots":{"index":"index","follow":"follow","max-snippet":"max-snippet:-1","max-image-preview":"max-image-preview:large","max-video-preview":"max-video-preview:-1"},"og_locale":"pt_PT","og_type":"article","og_title":"Fim de semana com teatros, queijos e Mil Diabos - Portal Tela Portugal","og_description":"Porto: Teatro Nacional S\u00e3o Jo\u00e3o recebe a encena\u00e7\u00e3o de \u201cuma alegoria sobre o decl\u00ednio inexor\u00e1vel de uma era\u201d, com texto de Ant\u00f3nio Patr\u00edcio (1909), encena\u00e7\u00e3o de Carlos Pimenta, de 12 a 22 de fevereiro; entradas entre 7,50\u20ac e 16\u20ac. Lisboa: Artistas Unidos apresentam \u201cOs Jugoslavos\u201d no Teatro Paulo Claro, de 19 de fevereiro a 28 de mar\u00e7o; conversa com o autor neste s\u00e1bado, \u00e0s 18h, entrada livre. Mil Diabos \u00e0 Solta: em Vinhais, dia 21 de fevereiro, a partir das 9h; entrada livre, festa popular com Trail dos Diabos, diabrentes, gaiteiros e queima da Morte Gigante. Feira do Queijo: Celorico da Beira, 20 a 22 de fevereiro, entrada livre (concertos a 5\u20ac); queijo Serra da Estrela como destaque, com degusta\u00e7\u00f5es, oficinas e rota gastron\u00f3mica. Raul Mid\u00f3n: em Lisboa, 21 de fevereiro, \u00e0s 21h, Casa Capit\u00e3o; bilheteira a 32,50\u20ac, performance de um \u201cone man show\u201d com mistura de estilos.","og_url":"https:\/\/portaltela.pt\/noticias\/2026\/02\/20\/fim-de-semana-com-teatros-queijos-e-mil-diabos\/","og_site_name":"Portal Tela Portugal","article_published_time":"2026-02-20T16:35:00+00:00","author":"Telinha","twitter_card":"summary_large_image","twitter_misc":{"Escrito por":"Telinha","Tempo estimado de leitura":"2 minutos"},"schema":{"@context":"https:\/\/schema.org","@graph":[{"@type":"Article","@id":"https:\/\/portaltela.pt\/noticias\/2026\/02\/20\/fim-de-semana-com-teatros-queijos-e-mil-diabos\/#article","isPartOf":{"@id":"https:\/\/portaltela.pt\/noticias\/2026\/02\/20\/fim-de-semana-com-teatros-queijos-e-mil-diabos\/"},"author":{"name":"Telinha","@id":"https:\/\/portaltela.pt\/#\/schema\/person\/c4278d4a6028830caff9ee44b42d32ed"},"headline":"Fim de semana com teatros, queijos e Mil Diabos","datePublished":"2026-02-20T16:35:00+00:00","mainEntityOfPage":{"@id":"https:\/\/portaltela.pt\/noticias\/2026\/02\/20\/fim-de-semana-com-teatros-queijos-e-mil-diabos\/"},"wordCount":360,"image":{"@id":"https:\/\/portaltela.pt\/noticias\/2026\/02\/20\/fim-de-semana-com-teatros-queijos-e-mil-diabos\/#primaryimage"},"thumbnailUrl":"https:\/\/portaltela.pt\/s.01k8rhncp4jt1\/2026\/02\/2068540.jpg","keywords":["Celorico da Beira","gastronomia","Lisboa","Porto","queijos","teatro"],"articleSection":["Not\u00edcias"],"inLanguage":"pt-PT"},{"@type":"WebPage","@id":"https:\/\/portaltela.pt\/noticias\/2026\/02\/20\/fim-de-semana-com-teatros-queijos-e-mil-diabos\/","url":"https:\/\/portaltela.pt\/noticias\/2026\/02\/20\/fim-de-semana-com-teatros-queijos-e-mil-diabos\/","name":"Fim de semana com teatros, queijos e Mil Diabos - Portal Tela Portugal","isPartOf":{"@id":"https:\/\/portaltela.pt\/#website"},"primaryImageOfPage":{"@id":"https:\/\/portaltela.pt\/noticias\/2026\/02\/20\/fim-de-semana-com-teatros-queijos-e-mil-diabos\/#primaryimage"},"image":{"@id":"https:\/\/portaltela.pt\/noticias\/2026\/02\/20\/fim-de-semana-com-teatros-queijos-e-mil-diabos\/#primaryimage"},"thumbnailUrl":"https:\/\/portaltela.pt\/s.01k8rhncp4jt1\/2026\/02\/2068540.jpg","datePublished":"2026-02-20T16:35:00+00:00","author":{"@id":"https:\/\/portaltela.pt\/#\/schema\/person\/c4278d4a6028830caff9ee44b42d32ed"},"breadcrumb":{"@id":"https:\/\/portaltela.pt\/noticias\/2026\/02\/20\/fim-de-semana-com-teatros-queijos-e-mil-diabos\/#breadcrumb"},"inLanguage":"pt-PT","potentialAction":[{"@type":"ReadAction","target":["https:\/\/portaltela.pt\/noticias\/2026\/02\/20\/fim-de-semana-com-teatros-queijos-e-mil-diabos\/"]}]},{"@type":"ImageObject","inLanguage":"pt-PT","@id":"https:\/\/portaltela.pt\/noticias\/2026\/02\/20\/fim-de-semana-com-teatros-queijos-e-mil-diabos\/#primaryimage","url":"https:\/\/portaltela.pt\/s.01k8rhncp4jt1\/2026\/02\/2068540.jpg","contentUrl":"https:\/\/portaltela.pt\/s.01k8rhncp4jt1\/2026\/02\/2068540.jpg","width":796,"height":448,"caption":"O Fim pelo Ensemble \u2013 Sociedade de Actores"},{"@type":"BreadcrumbList","@id":"https:\/\/portaltela.pt\/noticias\/2026\/02\/20\/fim-de-semana-com-teatros-queijos-e-mil-diabos\/#breadcrumb","itemListElement":[{"@type":"ListItem","position":1,"name":"In\u00edcio","item":"https:\/\/portaltela.pt\/"},{"@type":"ListItem","position":2,"name":"Fim de semana com teatros, queijos e Mil Diabos"}]},{"@type":"WebSite","@id":"https:\/\/portaltela.pt\/#website","url":"https:\/\/portaltela.pt\/","name":"Portal Tela Portugal","description":"","potentialAction":[{"@type":"SearchAction","target":{"@type":"EntryPoint","urlTemplate":"https:\/\/portaltela.pt\/?s={search_term_string}"},"query-input":{"@type":"PropertyValueSpecification","valueRequired":true,"valueName":"search_term_string"}}],"inLanguage":"pt-PT"},{"@type":"Person","@id":"https:\/\/portaltela.pt\/#\/schema\/person\/c4278d4a6028830caff9ee44b42d32ed","name":"Telinha","image":{"@type":"ImageObject","inLanguage":"pt-PT","@id":"https:\/\/portaltela.pt\/s.01k8rhncp4jt1\/2025\/11\/talking-bot-125x125.png","url":"https:\/\/portaltela.pt\/s.01k8rhncp4jt1\/2025\/11\/talking-bot-125x125.png","contentUrl":"https:\/\/portaltela.pt\/s.01k8rhncp4jt1\/2025\/11\/talking-bot-125x125.png","caption":"Telinha"},"sameAs":["https:\/\/portaltela.pt\/"],"url":"https:\/\/portaltela.pt\/por\/367410592786\/"}]}},"_links":{"self":[{"href":"https:\/\/portaltela.pt\/api\/wp\/v2\/posts\/219519","targetHints":{"allow":["GET"]}}],"collection":[{"href":"https:\/\/portaltela.pt\/api\/wp\/v2\/posts"}],"about":[{"href":"https:\/\/portaltela.pt\/api\/wp\/v2\/types\/post"}],"author":[{"embeddable":true,"href":"https:\/\/portaltela.pt\/api\/wp\/v2\/users\/2"}],"replies":[{"embeddable":true,"href":"https:\/\/portaltela.pt\/api\/wp\/v2\/comments?post=219519"}],"version-history":[{"count":0,"href":"https:\/\/portaltela.pt\/api\/wp\/v2\/posts\/219519\/revisions"}],"wp:featuredmedia":[{"embeddable":true,"href":"https:\/\/portaltela.pt\/api\/wp\/v2\/media\/219525"}],"wp:attachment":[{"href":"https:\/\/portaltela.pt\/api\/wp\/v2\/media?parent=219519"}],"wp:term":[{"taxonomy":"category","embeddable":true,"href":"https:\/\/portaltela.pt\/api\/wp\/v2\/categories?post=219519"},{"taxonomy":"post_tag","embeddable":true,"href":"https:\/\/portaltela.pt\/api\/wp\/v2\/tags?post=219519"}],"curies":[{"name":"wp","href":"https:\/\/api.w.org\/{rel}","templated":true}]}}