{"id":219514,"date":"2026-02-20T13:49:00","date_gmt":"2026-02-20T16:49:00","guid":{"rendered":"https:\/\/portaltela.pt\/noticias\/2026\/02\/20\/ex-principe-andre-e-investigado-na-linha-de-sucessao-da-monarquia\/"},"modified":"2026-02-20T13:49:00","modified_gmt":"2026-02-20T16:49:00","slug":"ex-principe-andre-e-investigado-na-linha-de-sucessao-da-monarquia","status":"publish","type":"post","link":"https:\/\/portaltela.pt\/noticias\/politica\/2026\/02\/20\/ex-principe-andre-e-investigado-na-linha-de-sucessao-da-monarquia\/","title":{"rendered":"Ex-pr\u00edncipe Andr\u00e9 \u00e9 investigado, na linha de sucess\u00e3o da monarquia"},"content":{"rendered":"<p>O ex-pr\u00edncipe Andr\u00e9 permanece na linha de sucess\u00e3o ao trono brit\u00e2nico, mesmo depois de ter afastado-se dos deveres reais e de n\u00e3o possuir mais t\u00edtulos desde outubro. A decis\u00e3o de retirar os t\u00edtulos foi anunciada ap\u00f3s o envolvimento em pol\u00e9micas p\u00fablicas, ampliadas pela opera\u00e7\u00e3o em torno do caso Epstein.<\/p>\n<p>O afastamento dos deveres reais ocorreu de forma gradual a partir de 2019, quando Andr\u00e9 deixou de cumprir fun\u00e7\u00f5es oficiais. Dois anos depois, surgiram acusa\u00e7\u00f5es de abusos sexuais nos EUA, o que levou a m\u00e3e, a rainha Isabel II, a retirar-lhe patroc\u00ednios e honras militares. A situa\u00e7\u00e3o desencadeou controv\u00e9rsia cont\u00ednua sobre a presen\u00e7a do pr\u00edncipe na monarquia.<\/p>\n<p>Em 2025, a decis\u00e3o de excluir Andrew dos t\u00edtulos foi consolidada, mantendo-o ainda na linha de sucess\u00e3o. Nos \u00faltimos dias, ap\u00f3s a deten\u00e7\u00e3o p\u00fablica ligada ao caso, as opini\u00f5es no Reino Unido dividem-se: h\u00e1 vozes a defender que o ex-pr\u00edncipe se retire definitivamente da linha de sucess\u00e3o.<\/p>\n<h3>Contexto institucional<\/h3>\n<p>O caso levanta quest\u00f5es sobre a transpar\u00eancia e a gest\u00e3o da imagem da monarquia. Trabalhadores e especialistas analisam se a continua\u00e7\u00e3o de Andrew na linha de herdeiros poder\u00e1 afetar a aceita\u00e7\u00e3o p\u00fablica da institui\u00e7\u00e3o.<\/p>\n<h3>Desdobramentos legais e pol\u00edticos<\/h3>\n<p>As autoridades brit\u00e2nicas n\u00e3o divulgaram novos detalhes sobre a investiga\u00e7\u00e3o, mas o epis\u00f3dio reaviva o debate sobre padr\u00f5es \u00e9ticos e a elegibilidade de membros da fam\u00edlia imperial para fun\u00e7\u00f5es p\u00fablicas, sob escrut\u00ednio constante.<\/p>\n","protected":false},"excerpt":{"rendered":"<ul>\n<li>O ex-pr\u00edncipe Andrew afastou-se dos deveres reais em dois mil e dezenove e, em outubro, deixou de ter t\u00edtulos.<\/li>\n<li>Mesmo sem fun\u00e7\u00f5es formais, continua na linha de sucess\u00e3o ao trono brit\u00e2nico.<\/li>\n<li>Acusa\u00e7\u00f5es de abusos sexuais nos Estados Unidos contribu\u00edram para a retirada de patroc\u00ednios e honras militares pela Casa Real.<\/li>\n<li>A pol\u00e9mica em torno do caso Epstein manteve-se, gerando cr\u00edticas e debates no Reino Unido.<\/li>\n<li>Hoje surgem pedidos para que Andrew saia da linha de sucess\u00e3o, refletindo divis\u00f5es de opini\u00e3o ap\u00f3s a deten\u00e7\u00e3o recente.<\/li>\n<\/ul>\n","protected":false},"author":2,"featured_media":219523,"comment_status":"closed","ping_status":"closed","sticky":false,"template":"","format":"standard","meta":{"footnotes":""},"categories":[1,5],"tags":[1796,5514,64,215,5698,2111],"class_list":["post-219514","post","type-post","status-publish","format-standard","has-post-thumbnail","hentry","category-noticias","category-politica","tag-abuso-sexual-de-menor-dependente","tag-escandalos","tag-familia","tag-investigacao","tag-politica-internacional","tag-reino-unido"],"yoast_head":"<!-- This site is optimized with the Yoast SEO plugin v27.2 - https:\/\/yoast.com\/product\/yoast-seo-wordpress\/ -->\n<title>Ex-pr\u00edncipe Andr\u00e9 \u00e9 investigado, na linha de sucess\u00e3o da monarquia - Portal Tela Portugal<\/title>\n<meta name=\"robots\" content=\"index, follow, max-snippet:-1, max-image-preview:large, max-video-preview:-1\" \/>\n<meta property=\"og:locale\" content=\"pt_PT\" \/>\n<meta property=\"og:type\" content=\"article\" \/>\n<meta property=\"og:title\" content=\"Ex-pr\u00edncipe Andr\u00e9 \u00e9 investigado, na linha de sucess\u00e3o da monarquia - Portal Tela Portugal\" \/>\n<meta property=\"og:description\" content=\"O ex-pr\u00edncipe Andrew afastou-se dos deveres reais em dois mil e dezenove e, em outubro, deixou de ter t\u00edtulos. Mesmo sem fun\u00e7\u00f5es formais, continua na linha de sucess\u00e3o ao trono brit\u00e2nico. Acusa\u00e7\u00f5es de abusos sexuais nos Estados Unidos contribu\u00edram para a retirada de patroc\u00ednios e honras militares pela Casa Real. A pol\u00e9mica em torno do caso Epstein manteve-se, gerando cr\u00edticas e debates no Reino Unido. Hoje surgem pedidos para que Andrew saia da linha de sucess\u00e3o, refletindo divis\u00f5es de opini\u00e3o ap\u00f3s a deten\u00e7\u00e3o recente.\" \/>\n<meta property=\"og:url\" content=\"https:\/\/portaltela.pt\/noticias\/2026\/02\/20\/ex-principe-andre-e-investigado-na-linha-de-sucessao-da-monarquia\/\" \/>\n<meta property=\"og:site_name\" content=\"Portal Tela Portugal\" \/>\n<meta property=\"article:published_time\" content=\"2026-02-20T16:49:00+00:00\" \/>\n<meta name=\"author\" content=\"Telinha\" \/>\n<meta name=\"twitter:card\" content=\"summary_large_image\" \/>\n<meta name=\"twitter:label1\" content=\"Escrito por\" \/>\n\t<meta name=\"twitter:data1\" content=\"Telinha\" \/>\n\t<meta name=\"twitter:label2\" content=\"Tempo estimado de leitura\" \/>\n\t<meta name=\"twitter:data2\" content=\"1 minuto\" \/>\n<script type=\"application\/ld+json\" class=\"yoast-schema-graph\">{\"@context\":\"https:\/\/schema.org\",\"@graph\":[{\"@type\":\"Article\",\"@id\":\"https:\/\/portaltela.pt\/noticias\/2026\/02\/20\/ex-principe-andre-e-investigado-na-linha-de-sucessao-da-monarquia\/#article\",\"isPartOf\":{\"@id\":\"https:\/\/portaltela.pt\/noticias\/2026\/02\/20\/ex-principe-andre-e-investigado-na-linha-de-sucessao-da-monarquia\/\"},\"author\":{\"name\":\"Telinha\",\"@id\":\"https:\/\/portaltela.pt\/#\/schema\/person\/c4278d4a6028830caff9ee44b42d32ed\"},\"headline\":\"Ex-pr\u00edncipe Andr\u00e9 \u00e9 investigado, na linha de sucess\u00e3o da monarquia\",\"datePublished\":\"2026-02-20T16:49:00+00:00\",\"mainEntityOfPage\":{\"@id\":\"https:\/\/portaltela.pt\/noticias\/2026\/02\/20\/ex-principe-andre-e-investigado-na-linha-de-sucessao-da-monarquia\/\"},\"wordCount\":281,\"image\":{\"@id\":\"https:\/\/portaltela.pt\/noticias\/2026\/02\/20\/ex-principe-andre-e-investigado-na-linha-de-sucessao-da-monarquia\/#primaryimage\"},\"thumbnailUrl\":\"https:\/\/portaltela.pt\/s.01k8rhncp4jt1\/2026\/02\/2068580.jpg\",\"keywords\":[\"abuso sexual de menor dependente\",\"esc\u00e2ndalos\",\"fam\u00edlia\",\"investiga\u00e7\u00e3o\",\"pol\u00edtica internacional\",\"Reino Unido\"],\"articleSection\":[\"Not\u00edcias\",\"Pol\u00edtica\"],\"inLanguage\":\"pt-PT\"},{\"@type\":\"WebPage\",\"@id\":\"https:\/\/portaltela.pt\/noticias\/2026\/02\/20\/ex-principe-andre-e-investigado-na-linha-de-sucessao-da-monarquia\/\",\"url\":\"https:\/\/portaltela.pt\/noticias\/2026\/02\/20\/ex-principe-andre-e-investigado-na-linha-de-sucessao-da-monarquia\/\",\"name\":\"Ex-pr\u00edncipe Andr\u00e9 \u00e9 investigado, na linha de sucess\u00e3o da monarquia - Portal Tela Portugal\",\"isPartOf\":{\"@id\":\"https:\/\/portaltela.pt\/#website\"},\"primaryImageOfPage\":{\"@id\":\"https:\/\/portaltela.pt\/noticias\/2026\/02\/20\/ex-principe-andre-e-investigado-na-linha-de-sucessao-da-monarquia\/#primaryimage\"},\"image\":{\"@id\":\"https:\/\/portaltela.pt\/noticias\/2026\/02\/20\/ex-principe-andre-e-investigado-na-linha-de-sucessao-da-monarquia\/#primaryimage\"},\"thumbnailUrl\":\"https:\/\/portaltela.pt\/s.01k8rhncp4jt1\/2026\/02\/2068580.jpg\",\"datePublished\":\"2026-02-20T16:49:00+00:00\",\"author\":{\"@id\":\"https:\/\/portaltela.pt\/#\/schema\/person\/c4278d4a6028830caff9ee44b42d32ed\"},\"breadcrumb\":{\"@id\":\"https:\/\/portaltela.pt\/noticias\/2026\/02\/20\/ex-principe-andre-e-investigado-na-linha-de-sucessao-da-monarquia\/#breadcrumb\"},\"inLanguage\":\"pt-PT\",\"potentialAction\":[{\"@type\":\"ReadAction\",\"target\":[\"https:\/\/portaltela.pt\/noticias\/2026\/02\/20\/ex-principe-andre-e-investigado-na-linha-de-sucessao-da-monarquia\/\"]}]},{\"@type\":\"ImageObject\",\"inLanguage\":\"pt-PT\",\"@id\":\"https:\/\/portaltela.pt\/noticias\/2026\/02\/20\/ex-principe-andre-e-investigado-na-linha-de-sucessao-da-monarquia\/#primaryimage\",\"url\":\"https:\/\/portaltela.pt\/s.01k8rhncp4jt1\/2026\/02\/2068580.jpg\",\"contentUrl\":\"https:\/\/portaltela.pt\/s.01k8rhncp4jt1\/2026\/02\/2068580.jpg\",\"width\":796,\"height\":448,\"caption\":\"A imagem do momento em que Andrew Mountbatten-Windsor foi libertado ao final da tarde desta quinta-feira\"},{\"@type\":\"BreadcrumbList\",\"@id\":\"https:\/\/portaltela.pt\/noticias\/2026\/02\/20\/ex-principe-andre-e-investigado-na-linha-de-sucessao-da-monarquia\/#breadcrumb\",\"itemListElement\":[{\"@type\":\"ListItem\",\"position\":1,\"name\":\"In\u00edcio\",\"item\":\"https:\/\/portaltela.pt\/\"},{\"@type\":\"ListItem\",\"position\":2,\"name\":\"Ex-pr\u00edncipe Andr\u00e9 \u00e9 investigado, na linha de sucess\u00e3o da monarquia\"}]},{\"@type\":\"WebSite\",\"@id\":\"https:\/\/portaltela.pt\/#website\",\"url\":\"https:\/\/portaltela.pt\/\",\"name\":\"Portal Tela Portugal\",\"description\":\"\",\"potentialAction\":[{\"@type\":\"SearchAction\",\"target\":{\"@type\":\"EntryPoint\",\"urlTemplate\":\"https:\/\/portaltela.pt\/?s={search_term_string}\"},\"query-input\":{\"@type\":\"PropertyValueSpecification\",\"valueRequired\":true,\"valueName\":\"search_term_string\"}}],\"inLanguage\":\"pt-PT\"},{\"@type\":\"Person\",\"@id\":\"https:\/\/portaltela.pt\/#\/schema\/person\/c4278d4a6028830caff9ee44b42d32ed\",\"name\":\"Telinha\",\"image\":{\"@type\":\"ImageObject\",\"inLanguage\":\"pt-PT\",\"@id\":\"https:\/\/portaltela.pt\/s.01k8rhncp4jt1\/2025\/11\/talking-bot-125x125.png\",\"url\":\"https:\/\/portaltela.pt\/s.01k8rhncp4jt1\/2025\/11\/talking-bot-125x125.png\",\"contentUrl\":\"https:\/\/portaltela.pt\/s.01k8rhncp4jt1\/2025\/11\/talking-bot-125x125.png\",\"caption\":\"Telinha\"},\"sameAs\":[\"https:\/\/portaltela.pt\/\"],\"url\":\"https:\/\/portaltela.pt\/por\/367410592786\/\"}]}<\/script>\n<!-- \/ Yoast SEO plugin. -->","yoast_head_json":{"title":"Ex-pr\u00edncipe Andr\u00e9 \u00e9 investigado, na linha de sucess\u00e3o da monarquia - Portal Tela Portugal","robots":{"index":"index","follow":"follow","max-snippet":"max-snippet:-1","max-image-preview":"max-image-preview:large","max-video-preview":"max-video-preview:-1"},"og_locale":"pt_PT","og_type":"article","og_title":"Ex-pr\u00edncipe Andr\u00e9 \u00e9 investigado, na linha de sucess\u00e3o da monarquia - Portal Tela Portugal","og_description":"O ex-pr\u00edncipe Andrew afastou-se dos deveres reais em dois mil e dezenove e, em outubro, deixou de ter t\u00edtulos. Mesmo sem fun\u00e7\u00f5es formais, continua na linha de sucess\u00e3o ao trono brit\u00e2nico. Acusa\u00e7\u00f5es de abusos sexuais nos Estados Unidos contribu\u00edram para a retirada de patroc\u00ednios e honras militares pela Casa Real. A pol\u00e9mica em torno do caso Epstein manteve-se, gerando cr\u00edticas e debates no Reino Unido. Hoje surgem pedidos para que Andrew saia da linha de sucess\u00e3o, refletindo divis\u00f5es de opini\u00e3o ap\u00f3s a deten\u00e7\u00e3o recente.","og_url":"https:\/\/portaltela.pt\/noticias\/2026\/02\/20\/ex-principe-andre-e-investigado-na-linha-de-sucessao-da-monarquia\/","og_site_name":"Portal Tela Portugal","article_published_time":"2026-02-20T16:49:00+00:00","author":"Telinha","twitter_card":"summary_large_image","twitter_misc":{"Escrito por":"Telinha","Tempo estimado de leitura":"1 minuto"},"schema":{"@context":"https:\/\/schema.org","@graph":[{"@type":"Article","@id":"https:\/\/portaltela.pt\/noticias\/2026\/02\/20\/ex-principe-andre-e-investigado-na-linha-de-sucessao-da-monarquia\/#article","isPartOf":{"@id":"https:\/\/portaltela.pt\/noticias\/2026\/02\/20\/ex-principe-andre-e-investigado-na-linha-de-sucessao-da-monarquia\/"},"author":{"name":"Telinha","@id":"https:\/\/portaltela.pt\/#\/schema\/person\/c4278d4a6028830caff9ee44b42d32ed"},"headline":"Ex-pr\u00edncipe Andr\u00e9 \u00e9 investigado, na linha de sucess\u00e3o da monarquia","datePublished":"2026-02-20T16:49:00+00:00","mainEntityOfPage":{"@id":"https:\/\/portaltela.pt\/noticias\/2026\/02\/20\/ex-principe-andre-e-investigado-na-linha-de-sucessao-da-monarquia\/"},"wordCount":281,"image":{"@id":"https:\/\/portaltela.pt\/noticias\/2026\/02\/20\/ex-principe-andre-e-investigado-na-linha-de-sucessao-da-monarquia\/#primaryimage"},"thumbnailUrl":"https:\/\/portaltela.pt\/s.01k8rhncp4jt1\/2026\/02\/2068580.jpg","keywords":["abuso sexual de menor dependente","esc\u00e2ndalos","fam\u00edlia","investiga\u00e7\u00e3o","pol\u00edtica internacional","Reino Unido"],"articleSection":["Not\u00edcias","Pol\u00edtica"],"inLanguage":"pt-PT"},{"@type":"WebPage","@id":"https:\/\/portaltela.pt\/noticias\/2026\/02\/20\/ex-principe-andre-e-investigado-na-linha-de-sucessao-da-monarquia\/","url":"https:\/\/portaltela.pt\/noticias\/2026\/02\/20\/ex-principe-andre-e-investigado-na-linha-de-sucessao-da-monarquia\/","name":"Ex-pr\u00edncipe Andr\u00e9 \u00e9 investigado, na linha de sucess\u00e3o da monarquia - Portal Tela Portugal","isPartOf":{"@id":"https:\/\/portaltela.pt\/#website"},"primaryImageOfPage":{"@id":"https:\/\/portaltela.pt\/noticias\/2026\/02\/20\/ex-principe-andre-e-investigado-na-linha-de-sucessao-da-monarquia\/#primaryimage"},"image":{"@id":"https:\/\/portaltela.pt\/noticias\/2026\/02\/20\/ex-principe-andre-e-investigado-na-linha-de-sucessao-da-monarquia\/#primaryimage"},"thumbnailUrl":"https:\/\/portaltela.pt\/s.01k8rhncp4jt1\/2026\/02\/2068580.jpg","datePublished":"2026-02-20T16:49:00+00:00","author":{"@id":"https:\/\/portaltela.pt\/#\/schema\/person\/c4278d4a6028830caff9ee44b42d32ed"},"breadcrumb":{"@id":"https:\/\/portaltela.pt\/noticias\/2026\/02\/20\/ex-principe-andre-e-investigado-na-linha-de-sucessao-da-monarquia\/#breadcrumb"},"inLanguage":"pt-PT","potentialAction":[{"@type":"ReadAction","target":["https:\/\/portaltela.pt\/noticias\/2026\/02\/20\/ex-principe-andre-e-investigado-na-linha-de-sucessao-da-monarquia\/"]}]},{"@type":"ImageObject","inLanguage":"pt-PT","@id":"https:\/\/portaltela.pt\/noticias\/2026\/02\/20\/ex-principe-andre-e-investigado-na-linha-de-sucessao-da-monarquia\/#primaryimage","url":"https:\/\/portaltela.pt\/s.01k8rhncp4jt1\/2026\/02\/2068580.jpg","contentUrl":"https:\/\/portaltela.pt\/s.01k8rhncp4jt1\/2026\/02\/2068580.jpg","width":796,"height":448,"caption":"A imagem do momento em que Andrew Mountbatten-Windsor foi libertado ao final da tarde desta quinta-feira"},{"@type":"BreadcrumbList","@id":"https:\/\/portaltela.pt\/noticias\/2026\/02\/20\/ex-principe-andre-e-investigado-na-linha-de-sucessao-da-monarquia\/#breadcrumb","itemListElement":[{"@type":"ListItem","position":1,"name":"In\u00edcio","item":"https:\/\/portaltela.pt\/"},{"@type":"ListItem","position":2,"name":"Ex-pr\u00edncipe Andr\u00e9 \u00e9 investigado, na linha de sucess\u00e3o da monarquia"}]},{"@type":"WebSite","@id":"https:\/\/portaltela.pt\/#website","url":"https:\/\/portaltela.pt\/","name":"Portal Tela Portugal","description":"","potentialAction":[{"@type":"SearchAction","target":{"@type":"EntryPoint","urlTemplate":"https:\/\/portaltela.pt\/?s={search_term_string}"},"query-input":{"@type":"PropertyValueSpecification","valueRequired":true,"valueName":"search_term_string"}}],"inLanguage":"pt-PT"},{"@type":"Person","@id":"https:\/\/portaltela.pt\/#\/schema\/person\/c4278d4a6028830caff9ee44b42d32ed","name":"Telinha","image":{"@type":"ImageObject","inLanguage":"pt-PT","@id":"https:\/\/portaltela.pt\/s.01k8rhncp4jt1\/2025\/11\/talking-bot-125x125.png","url":"https:\/\/portaltela.pt\/s.01k8rhncp4jt1\/2025\/11\/talking-bot-125x125.png","contentUrl":"https:\/\/portaltela.pt\/s.01k8rhncp4jt1\/2025\/11\/talking-bot-125x125.png","caption":"Telinha"},"sameAs":["https:\/\/portaltela.pt\/"],"url":"https:\/\/portaltela.pt\/por\/367410592786\/"}]}},"_links":{"self":[{"href":"https:\/\/portaltela.pt\/api\/wp\/v2\/posts\/219514","targetHints":{"allow":["GET"]}}],"collection":[{"href":"https:\/\/portaltela.pt\/api\/wp\/v2\/posts"}],"about":[{"href":"https:\/\/portaltela.pt\/api\/wp\/v2\/types\/post"}],"author":[{"embeddable":true,"href":"https:\/\/portaltela.pt\/api\/wp\/v2\/users\/2"}],"replies":[{"embeddable":true,"href":"https:\/\/portaltela.pt\/api\/wp\/v2\/comments?post=219514"}],"version-history":[{"count":0,"href":"https:\/\/portaltela.pt\/api\/wp\/v2\/posts\/219514\/revisions"}],"wp:featuredmedia":[{"embeddable":true,"href":"https:\/\/portaltela.pt\/api\/wp\/v2\/media\/219523"}],"wp:attachment":[{"href":"https:\/\/portaltela.pt\/api\/wp\/v2\/media?parent=219514"}],"wp:term":[{"taxonomy":"category","embeddable":true,"href":"https:\/\/portaltela.pt\/api\/wp\/v2\/categories?post=219514"},{"taxonomy":"post_tag","embeddable":true,"href":"https:\/\/portaltela.pt\/api\/wp\/v2\/tags?post=219514"}],"curies":[{"name":"wp","href":"https:\/\/api.w.org\/{rel}","templated":true}]}}