{"id":219472,"date":"2026-02-20T13:30:34","date_gmt":"2026-02-20T16:30:34","guid":{"rendered":"https:\/\/portaltela.pt\/noticias\/2026\/02\/20\/ayuso-evita-queda-na-volta-ao-algarve-e-mantem-lideranca-apos-contrarrelogio\/"},"modified":"2026-02-20T13:30:34","modified_gmt":"2026-02-20T16:30:34","slug":"ayuso-evita-queda-na-volta-ao-algarve-e-mantem-lideranca-apos-contrarrelogio","status":"publish","type":"post","link":"https:\/\/portaltela.pt\/desporto\/2026\/02\/20\/ayuso-evita-queda-na-volta-ao-algarve-e-mantem-lideranca-apos-contrarrelogio\/","title":{"rendered":"Ayuso evita queda na Volta ao Algarve e mant\u00e9m lideran\u00e7a ap\u00f3s contrarrel\u00f3gio"},"content":{"rendered":"<p>Na Volta ao Algarve, a terceira etapa foi um contrarrel\u00f3gio de 19,5 quil\u00f3metros disputado em Vilamoura. Juan Ayuso (Lidl-Trek) ficou em segundo, atr\u00e1s de Filippo Ganna (Ineos), ap\u00f3s evitar uma queda que poderia ter sido preocupante. O espanhol recuperou-se rapidamente e terminou a prova com apenas cinco segundos de diferen\u00e7a para o vencedor.<\/p>\n<p>Jo\u00e3o Almeida terminou na d\u00e9cima posi\u00e7\u00e3o, a 42 segundos de Ayuso. Paul Seixas (Decathlon), que venceu a Foia, segue no grupo logo atr\u00e1s, em quarto, a 12 segundos do l\u00edder. No primeiro ponto interm\u00e9dio, Almeida j\u00e1 perdia 21 segundos para Ayuso e 16 para Seixas.<\/p>\n<p>Ayuso refor\u00e7ou a lideran\u00e7a global da prova, mantendo vantagem sobre Ganna e os demais favoritos. A quarta etapa decorrer\u00e1 neste s\u00e1bado, com chegada prevista em pelot\u00e3o em Lagos, mantendo o ritmo competitivo da prova.<\/p>\n<h3>Classifica\u00e7\u00f5es e pr\u00f3ximos passos<\/h3>\n<p>Amanh\u00e3, a competi\u00e7\u00e3o continua com est\u00e1gio de percurso favor\u00e1vel a sprint, esperando-se disputa entre as equipas para definir a geral. A aten\u00e7\u00e3o mant\u00e9m-se no equil\u00edbrio entre os principais favoritos e a evolu\u00e7\u00e3o de Ayuso na lideran\u00e7a.<\/p>\n","protected":false},"excerpt":{"rendered":"<ul>\n<li>O espanhol Juan Ayuso evitou uma queda e terminou no contrarrel\u00f3gio de 19,5 quil\u00f3metros em Vilamoura, mantendo a lideran\u00e7a da Volta ao Algarve.<\/li>\n<li>O vencedor da etapa foi Filippo Ganna, grande favorito, da Ineos.<\/li>\n<li>Jo\u00e3o Almeida ficou em d\u00e9cimo, a 42 segundos de Ayuso; Paul Seixas ficou em quarto, a 12 segundos.<\/li>\n<li>No primeiro ponto interm\u00e9dio, Almeida j\u00e1 perdia 21 segundos para Ayuso e 16 para Seixas.<\/li>\n<li>A quarta etapa, no s\u00e1bado, prev\u00ea uma chegada em pelot\u00e3o em Lagos.<\/li>\n<\/ul>\n","protected":false},"author":2,"featured_media":219475,"comment_status":"closed","ping_status":"closed","sticky":false,"template":"","format":"standard","meta":{"footnotes":""},"categories":[21],"tags":[928,923,6149,60,2303,6083],"class_list":["post-219472","post","type-post","status-publish","format-standard","has-post-thumbnail","hentry","category-desporto","tag-algarve","tag-ciclismo","tag-contrarrelogio","tag-esportes","tag-lagos","tag-lidl-trek"],"yoast_head":"<!-- This site is optimized with the Yoast SEO plugin v27.2 - https:\/\/yoast.com\/product\/yoast-seo-wordpress\/ -->\n<title>Ayuso evita queda na Volta ao Algarve e mant\u00e9m lideran\u00e7a ap\u00f3s contrarrel\u00f3gio - Portal Tela Portugal<\/title>\n<meta name=\"robots\" content=\"index, follow, max-snippet:-1, max-image-preview:large, max-video-preview:-1\" \/>\n<meta property=\"og:locale\" content=\"pt_PT\" \/>\n<meta property=\"og:type\" content=\"article\" \/>\n<meta property=\"og:title\" content=\"Ayuso evita queda na Volta ao Algarve e mant\u00e9m lideran\u00e7a ap\u00f3s contrarrel\u00f3gio - Portal Tela Portugal\" \/>\n<meta property=\"og:description\" content=\"O espanhol Juan Ayuso evitou uma queda e terminou no contrarrel\u00f3gio de 19,5 quil\u00f3metros em Vilamoura, mantendo a lideran\u00e7a da Volta ao Algarve. O vencedor da etapa foi Filippo Ganna, grande favorito, da Ineos. Jo\u00e3o Almeida ficou em d\u00e9cimo, a 42 segundos de Ayuso; Paul Seixas ficou em quarto, a 12 segundos. No primeiro ponto interm\u00e9dio, Almeida j\u00e1 perdia 21 segundos para Ayuso e 16 para Seixas. A quarta etapa, no s\u00e1bado, prev\u00ea uma chegada em pelot\u00e3o em Lagos.\" \/>\n<meta property=\"og:url\" content=\"https:\/\/portaltela.pt\/noticias\/2026\/02\/20\/ayuso-evita-queda-na-volta-ao-algarve-e-mantem-lideranca-apos-contrarrelogio\/\" \/>\n<meta property=\"og:site_name\" content=\"Portal Tela Portugal\" \/>\n<meta property=\"article:published_time\" content=\"2026-02-20T16:30:34+00:00\" \/>\n<meta name=\"author\" content=\"Telinha\" \/>\n<meta name=\"twitter:card\" content=\"summary_large_image\" \/>\n<meta name=\"twitter:label1\" content=\"Escrito por\" \/>\n\t<meta name=\"twitter:data1\" content=\"Telinha\" \/>\n\t<meta name=\"twitter:label2\" content=\"Tempo estimado de leitura\" \/>\n\t<meta name=\"twitter:data2\" content=\"1 minuto\" \/>\n<script type=\"application\/ld+json\" class=\"yoast-schema-graph\">{\"@context\":\"https:\/\/schema.org\",\"@graph\":[{\"@type\":\"Article\",\"@id\":\"https:\/\/portaltela.pt\/noticias\/2026\/02\/20\/ayuso-evita-queda-na-volta-ao-algarve-e-mantem-lideranca-apos-contrarrelogio\/#article\",\"isPartOf\":{\"@id\":\"https:\/\/portaltela.pt\/noticias\/2026\/02\/20\/ayuso-evita-queda-na-volta-ao-algarve-e-mantem-lideranca-apos-contrarrelogio\/\"},\"author\":{\"name\":\"Telinha\",\"@id\":\"https:\/\/portaltela.pt\/#\/schema\/person\/c4278d4a6028830caff9ee44b42d32ed\"},\"headline\":\"Ayuso evita queda na Volta ao Algarve e mant\u00e9m lideran\u00e7a ap\u00f3s contrarrel\u00f3gio\",\"datePublished\":\"2026-02-20T16:30:34+00:00\",\"mainEntityOfPage\":{\"@id\":\"https:\/\/portaltela.pt\/noticias\/2026\/02\/20\/ayuso-evita-queda-na-volta-ao-algarve-e-mantem-lideranca-apos-contrarrelogio\/\"},\"wordCount\":208,\"image\":{\"@id\":\"https:\/\/portaltela.pt\/noticias\/2026\/02\/20\/ayuso-evita-queda-na-volta-ao-algarve-e-mantem-lideranca-apos-contrarrelogio\/#primaryimage\"},\"thumbnailUrl\":\"https:\/\/portaltela.pt\/s.01k8rhncp4jt1\/2026\/02\/img_920x518uu2026-02-20-15-59-34-2422720.png\",\"keywords\":[\"Algarve\",\"ciclismo\",\"contrarrel\u00f3gio\",\"esportes\",\"Lagos\",\"Lidl-Trek\"],\"articleSection\":[\"Desporto\"],\"inLanguage\":\"pt-PT\"},{\"@type\":\"WebPage\",\"@id\":\"https:\/\/portaltela.pt\/noticias\/2026\/02\/20\/ayuso-evita-queda-na-volta-ao-algarve-e-mantem-lideranca-apos-contrarrelogio\/\",\"url\":\"https:\/\/portaltela.pt\/noticias\/2026\/02\/20\/ayuso-evita-queda-na-volta-ao-algarve-e-mantem-lideranca-apos-contrarrelogio\/\",\"name\":\"Ayuso evita queda na Volta ao Algarve e mant\u00e9m lideran\u00e7a ap\u00f3s contrarrel\u00f3gio - Portal Tela Portugal\",\"isPartOf\":{\"@id\":\"https:\/\/portaltela.pt\/#website\"},\"primaryImageOfPage\":{\"@id\":\"https:\/\/portaltela.pt\/noticias\/2026\/02\/20\/ayuso-evita-queda-na-volta-ao-algarve-e-mantem-lideranca-apos-contrarrelogio\/#primaryimage\"},\"image\":{\"@id\":\"https:\/\/portaltela.pt\/noticias\/2026\/02\/20\/ayuso-evita-queda-na-volta-ao-algarve-e-mantem-lideranca-apos-contrarrelogio\/#primaryimage\"},\"thumbnailUrl\":\"https:\/\/portaltela.pt\/s.01k8rhncp4jt1\/2026\/02\/img_920x518uu2026-02-20-15-59-34-2422720.png\",\"datePublished\":\"2026-02-20T16:30:34+00:00\",\"author\":{\"@id\":\"https:\/\/portaltela.pt\/#\/schema\/person\/c4278d4a6028830caff9ee44b42d32ed\"},\"breadcrumb\":{\"@id\":\"https:\/\/portaltela.pt\/noticias\/2026\/02\/20\/ayuso-evita-queda-na-volta-ao-algarve-e-mantem-lideranca-apos-contrarrelogio\/#breadcrumb\"},\"inLanguage\":\"pt-PT\",\"potentialAction\":[{\"@type\":\"ReadAction\",\"target\":[\"https:\/\/portaltela.pt\/noticias\/2026\/02\/20\/ayuso-evita-queda-na-volta-ao-algarve-e-mantem-lideranca-apos-contrarrelogio\/\"]}]},{\"@type\":\"ImageObject\",\"inLanguage\":\"pt-PT\",\"@id\":\"https:\/\/portaltela.pt\/noticias\/2026\/02\/20\/ayuso-evita-queda-na-volta-ao-algarve-e-mantem-lideranca-apos-contrarrelogio\/#primaryimage\",\"url\":\"https:\/\/portaltela.pt\/s.01k8rhncp4jt1\/2026\/02\/img_920x518uu2026-02-20-15-59-34-2422720.png\",\"contentUrl\":\"https:\/\/portaltela.pt\/s.01k8rhncp4jt1\/2026\/02\/img_920x518uu2026-02-20-15-59-34-2422720.png\",\"width\":920,\"height\":518,\"caption\":\"img_920x518uu2026-02-19-19-27-23-2422594.webp\"},{\"@type\":\"BreadcrumbList\",\"@id\":\"https:\/\/portaltela.pt\/noticias\/2026\/02\/20\/ayuso-evita-queda-na-volta-ao-algarve-e-mantem-lideranca-apos-contrarrelogio\/#breadcrumb\",\"itemListElement\":[{\"@type\":\"ListItem\",\"position\":1,\"name\":\"In\u00edcio\",\"item\":\"https:\/\/portaltela.pt\/\"},{\"@type\":\"ListItem\",\"position\":2,\"name\":\"Ayuso evita queda na Volta ao Algarve e mant\u00e9m lideran\u00e7a ap\u00f3s contrarrel\u00f3gio\"}]},{\"@type\":\"WebSite\",\"@id\":\"https:\/\/portaltela.pt\/#website\",\"url\":\"https:\/\/portaltela.pt\/\",\"name\":\"Portal Tela Portugal\",\"description\":\"\",\"potentialAction\":[{\"@type\":\"SearchAction\",\"target\":{\"@type\":\"EntryPoint\",\"urlTemplate\":\"https:\/\/portaltela.pt\/?s={search_term_string}\"},\"query-input\":{\"@type\":\"PropertyValueSpecification\",\"valueRequired\":true,\"valueName\":\"search_term_string\"}}],\"inLanguage\":\"pt-PT\"},{\"@type\":\"Person\",\"@id\":\"https:\/\/portaltela.pt\/#\/schema\/person\/c4278d4a6028830caff9ee44b42d32ed\",\"name\":\"Telinha\",\"image\":{\"@type\":\"ImageObject\",\"inLanguage\":\"pt-PT\",\"@id\":\"https:\/\/portaltela.pt\/s.01k8rhncp4jt1\/2025\/11\/talking-bot-125x125.png\",\"url\":\"https:\/\/portaltela.pt\/s.01k8rhncp4jt1\/2025\/11\/talking-bot-125x125.png\",\"contentUrl\":\"https:\/\/portaltela.pt\/s.01k8rhncp4jt1\/2025\/11\/talking-bot-125x125.png\",\"caption\":\"Telinha\"},\"sameAs\":[\"https:\/\/portaltela.pt\/\"],\"url\":\"https:\/\/portaltela.pt\/por\/367410592786\/\"}]}<\/script>\n<!-- \/ Yoast SEO plugin. -->","yoast_head_json":{"title":"Ayuso evita queda na Volta ao Algarve e mant\u00e9m lideran\u00e7a ap\u00f3s contrarrel\u00f3gio - Portal Tela Portugal","robots":{"index":"index","follow":"follow","max-snippet":"max-snippet:-1","max-image-preview":"max-image-preview:large","max-video-preview":"max-video-preview:-1"},"og_locale":"pt_PT","og_type":"article","og_title":"Ayuso evita queda na Volta ao Algarve e mant\u00e9m lideran\u00e7a ap\u00f3s contrarrel\u00f3gio - Portal Tela Portugal","og_description":"O espanhol Juan Ayuso evitou uma queda e terminou no contrarrel\u00f3gio de 19,5 quil\u00f3metros em Vilamoura, mantendo a lideran\u00e7a da Volta ao Algarve. O vencedor da etapa foi Filippo Ganna, grande favorito, da Ineos. Jo\u00e3o Almeida ficou em d\u00e9cimo, a 42 segundos de Ayuso; Paul Seixas ficou em quarto, a 12 segundos. No primeiro ponto interm\u00e9dio, Almeida j\u00e1 perdia 21 segundos para Ayuso e 16 para Seixas. A quarta etapa, no s\u00e1bado, prev\u00ea uma chegada em pelot\u00e3o em Lagos.","og_url":"https:\/\/portaltela.pt\/noticias\/2026\/02\/20\/ayuso-evita-queda-na-volta-ao-algarve-e-mantem-lideranca-apos-contrarrelogio\/","og_site_name":"Portal Tela Portugal","article_published_time":"2026-02-20T16:30:34+00:00","author":"Telinha","twitter_card":"summary_large_image","twitter_misc":{"Escrito por":"Telinha","Tempo estimado de leitura":"1 minuto"},"schema":{"@context":"https:\/\/schema.org","@graph":[{"@type":"Article","@id":"https:\/\/portaltela.pt\/noticias\/2026\/02\/20\/ayuso-evita-queda-na-volta-ao-algarve-e-mantem-lideranca-apos-contrarrelogio\/#article","isPartOf":{"@id":"https:\/\/portaltela.pt\/noticias\/2026\/02\/20\/ayuso-evita-queda-na-volta-ao-algarve-e-mantem-lideranca-apos-contrarrelogio\/"},"author":{"name":"Telinha","@id":"https:\/\/portaltela.pt\/#\/schema\/person\/c4278d4a6028830caff9ee44b42d32ed"},"headline":"Ayuso evita queda na Volta ao Algarve e mant\u00e9m lideran\u00e7a ap\u00f3s contrarrel\u00f3gio","datePublished":"2026-02-20T16:30:34+00:00","mainEntityOfPage":{"@id":"https:\/\/portaltela.pt\/noticias\/2026\/02\/20\/ayuso-evita-queda-na-volta-ao-algarve-e-mantem-lideranca-apos-contrarrelogio\/"},"wordCount":208,"image":{"@id":"https:\/\/portaltela.pt\/noticias\/2026\/02\/20\/ayuso-evita-queda-na-volta-ao-algarve-e-mantem-lideranca-apos-contrarrelogio\/#primaryimage"},"thumbnailUrl":"https:\/\/portaltela.pt\/s.01k8rhncp4jt1\/2026\/02\/img_920x518uu2026-02-20-15-59-34-2422720.png","keywords":["Algarve","ciclismo","contrarrel\u00f3gio","esportes","Lagos","Lidl-Trek"],"articleSection":["Desporto"],"inLanguage":"pt-PT"},{"@type":"WebPage","@id":"https:\/\/portaltela.pt\/noticias\/2026\/02\/20\/ayuso-evita-queda-na-volta-ao-algarve-e-mantem-lideranca-apos-contrarrelogio\/","url":"https:\/\/portaltela.pt\/noticias\/2026\/02\/20\/ayuso-evita-queda-na-volta-ao-algarve-e-mantem-lideranca-apos-contrarrelogio\/","name":"Ayuso evita queda na Volta ao Algarve e mant\u00e9m lideran\u00e7a ap\u00f3s contrarrel\u00f3gio - Portal Tela Portugal","isPartOf":{"@id":"https:\/\/portaltela.pt\/#website"},"primaryImageOfPage":{"@id":"https:\/\/portaltela.pt\/noticias\/2026\/02\/20\/ayuso-evita-queda-na-volta-ao-algarve-e-mantem-lideranca-apos-contrarrelogio\/#primaryimage"},"image":{"@id":"https:\/\/portaltela.pt\/noticias\/2026\/02\/20\/ayuso-evita-queda-na-volta-ao-algarve-e-mantem-lideranca-apos-contrarrelogio\/#primaryimage"},"thumbnailUrl":"https:\/\/portaltela.pt\/s.01k8rhncp4jt1\/2026\/02\/img_920x518uu2026-02-20-15-59-34-2422720.png","datePublished":"2026-02-20T16:30:34+00:00","author":{"@id":"https:\/\/portaltela.pt\/#\/schema\/person\/c4278d4a6028830caff9ee44b42d32ed"},"breadcrumb":{"@id":"https:\/\/portaltela.pt\/noticias\/2026\/02\/20\/ayuso-evita-queda-na-volta-ao-algarve-e-mantem-lideranca-apos-contrarrelogio\/#breadcrumb"},"inLanguage":"pt-PT","potentialAction":[{"@type":"ReadAction","target":["https:\/\/portaltela.pt\/noticias\/2026\/02\/20\/ayuso-evita-queda-na-volta-ao-algarve-e-mantem-lideranca-apos-contrarrelogio\/"]}]},{"@type":"ImageObject","inLanguage":"pt-PT","@id":"https:\/\/portaltela.pt\/noticias\/2026\/02\/20\/ayuso-evita-queda-na-volta-ao-algarve-e-mantem-lideranca-apos-contrarrelogio\/#primaryimage","url":"https:\/\/portaltela.pt\/s.01k8rhncp4jt1\/2026\/02\/img_920x518uu2026-02-20-15-59-34-2422720.png","contentUrl":"https:\/\/portaltela.pt\/s.01k8rhncp4jt1\/2026\/02\/img_920x518uu2026-02-20-15-59-34-2422720.png","width":920,"height":518,"caption":"img_920x518uu2026-02-19-19-27-23-2422594.webp"},{"@type":"BreadcrumbList","@id":"https:\/\/portaltela.pt\/noticias\/2026\/02\/20\/ayuso-evita-queda-na-volta-ao-algarve-e-mantem-lideranca-apos-contrarrelogio\/#breadcrumb","itemListElement":[{"@type":"ListItem","position":1,"name":"In\u00edcio","item":"https:\/\/portaltela.pt\/"},{"@type":"ListItem","position":2,"name":"Ayuso evita queda na Volta ao Algarve e mant\u00e9m lideran\u00e7a ap\u00f3s contrarrel\u00f3gio"}]},{"@type":"WebSite","@id":"https:\/\/portaltela.pt\/#website","url":"https:\/\/portaltela.pt\/","name":"Portal Tela Portugal","description":"","potentialAction":[{"@type":"SearchAction","target":{"@type":"EntryPoint","urlTemplate":"https:\/\/portaltela.pt\/?s={search_term_string}"},"query-input":{"@type":"PropertyValueSpecification","valueRequired":true,"valueName":"search_term_string"}}],"inLanguage":"pt-PT"},{"@type":"Person","@id":"https:\/\/portaltela.pt\/#\/schema\/person\/c4278d4a6028830caff9ee44b42d32ed","name":"Telinha","image":{"@type":"ImageObject","inLanguage":"pt-PT","@id":"https:\/\/portaltela.pt\/s.01k8rhncp4jt1\/2025\/11\/talking-bot-125x125.png","url":"https:\/\/portaltela.pt\/s.01k8rhncp4jt1\/2025\/11\/talking-bot-125x125.png","contentUrl":"https:\/\/portaltela.pt\/s.01k8rhncp4jt1\/2025\/11\/talking-bot-125x125.png","caption":"Telinha"},"sameAs":["https:\/\/portaltela.pt\/"],"url":"https:\/\/portaltela.pt\/por\/367410592786\/"}]}},"_links":{"self":[{"href":"https:\/\/portaltela.pt\/api\/wp\/v2\/posts\/219472","targetHints":{"allow":["GET"]}}],"collection":[{"href":"https:\/\/portaltela.pt\/api\/wp\/v2\/posts"}],"about":[{"href":"https:\/\/portaltela.pt\/api\/wp\/v2\/types\/post"}],"author":[{"embeddable":true,"href":"https:\/\/portaltela.pt\/api\/wp\/v2\/users\/2"}],"replies":[{"embeddable":true,"href":"https:\/\/portaltela.pt\/api\/wp\/v2\/comments?post=219472"}],"version-history":[{"count":0,"href":"https:\/\/portaltela.pt\/api\/wp\/v2\/posts\/219472\/revisions"}],"wp:featuredmedia":[{"embeddable":true,"href":"https:\/\/portaltela.pt\/api\/wp\/v2\/media\/219475"}],"wp:attachment":[{"href":"https:\/\/portaltela.pt\/api\/wp\/v2\/media?parent=219472"}],"wp:term":[{"taxonomy":"category","embeddable":true,"href":"https:\/\/portaltela.pt\/api\/wp\/v2\/categories?post=219472"},{"taxonomy":"post_tag","embeddable":true,"href":"https:\/\/portaltela.pt\/api\/wp\/v2\/tags?post=219472"}],"curies":[{"name":"wp","href":"https:\/\/api.w.org\/{rel}","templated":true}]}}