{"id":219421,"date":"2026-02-20T13:12:00","date_gmt":"2026-02-20T16:12:00","guid":{"rendered":"https:\/\/portaltela.pt\/noticias\/2026\/02\/20\/en328-em-sever-do-vouga-fecha-passagem-a-pesados-para-reparacao-do-pavimento\/"},"modified":"2026-02-20T13:12:00","modified_gmt":"2026-02-20T16:12:00","slug":"en328-em-sever-do-vouga-fecha-passagem-a-pesados-para-reparacao-do-pavimento","status":"publish","type":"post","link":"https:\/\/portaltela.pt\/noticias\/2026\/02\/20\/en328-em-sever-do-vouga-fecha-passagem-a-pesados-para-reparacao-do-pavimento\/","title":{"rendered":"EN328 em Sever do Vouga fecha passagem a pesados para repara\u00e7\u00e3o do pavimento"},"content":{"rendered":"<p>A circula\u00e7\u00e3o de pesados na Estrada Nacional EN 328, em Sever do Vouga, Aveiro, est\u00e1 interditada at\u00e9 domingo para obras de reabilita\u00e7\u00e3o do pavimento. O tro\u00e7o situa-se no quil\u00f3metro 26,5 e ficou interditado devido aos danos causados pelas moreias das \u00faltimas semanas.<\/p>\n<p>A Infraestruturas de Portugal informou, via nota enviada \u00e0 Lusa, que os trabalhos visam repor as condi\u00e7\u00f5es de circula\u00e7\u00e3o na EN 328. A interrup\u00e7\u00e3o tempor\u00e1ria afeta exclusivamente ve\u00edculos pesados no tro\u00e7o em reparar.<\/p>\n<p>De acordo com as autoridades, dezoito pessoas perderam a vida em Portugal devido \u00e0s depress\u00f5es Kristin, Leonardo e Marta, com centenas de feridos e desalojados. As regi\u00f5es Centro, Lisboa e Vale do Tejo e Alentejo foram as mais afetadas, e a calamidade quis-se manter at\u00e9 ao domingo.<\/p>\n<h3>Situa\u00e7\u00e3o de calamidade e desdobramentos<\/h3>\n<p>A situa\u00e7\u00e3o de calamidade que abrangia os 68 concelhos mais afetados terminou no \u00faltimo domingo, segundo os dados oficiais. Os impactos permanecem em avalia\u00e7\u00e3o pelas autoridades e continuam os avisos para condutores e residentes nas \u00e1reas boundaries.<\/p>\n","protected":false},"excerpt":{"rendered":"<ul>\n<li>A circula\u00e7\u00e3o de pesados na EN 328, em Sever do Vouga (Aveiro), est\u00e1 interditada at\u00e9 domingo para obras de reabilita\u00e7\u00e3o do pavimento no quil\u00f3metro 26,5, devido aos danos causados pelo mau tempo.<\/li>\n<li>A interven\u00e7\u00e3o visa restabelecer as condi\u00e7\u00f5es de circula\u00e7\u00e3o na via, segundo a Infraestruturas de Portugal.<\/li>\n<li>A interdi\u00e7\u00e3o deve-se \u00e0s condi\u00e7\u00f5es climat\u00e9ricas adversas registadas nas \u00faltimas semanas.<\/li>\n<li>O mau tempo provocou dezoito mortes em Portugal, v\u00e1rias centenas de feridos e desalojados; as regi\u00f5es mais afetadas foram Centro, Lisboa e Vale do Tejo, e Alentejo.<\/li>\n<li>A situa\u00e7\u00e3o de calamidade que abrangia os 68 concelhos mais afetados terminou no domingo.<\/li>\n<\/ul>\n","protected":false},"author":2,"featured_media":219430,"comment_status":"closed","ping_status":"closed","sticky":false,"template":"","format":"standard","meta":{"footnotes":""},"categories":[1],"tags":[1059,4687,3004,1083,1615,5025],"class_list":["post-219421","post","type-post","status-publish","format-standard","has-post-thumbnail","hentry","category-noticias","tag-aveiro","tag-calamidade-publica","tag-desalojados","tag-estradas","tag-infraestrutura","tag-sever-do-vouga"],"yoast_head":"<!-- This site is optimized with the Yoast SEO plugin v27.2 - https:\/\/yoast.com\/product\/yoast-seo-wordpress\/ -->\n<title>EN328 em Sever do Vouga fecha passagem a pesados para repara\u00e7\u00e3o do pavimento - Portal Tela Portugal<\/title>\n<meta name=\"robots\" content=\"index, follow, max-snippet:-1, max-image-preview:large, max-video-preview:-1\" \/>\n<meta property=\"og:locale\" content=\"pt_PT\" \/>\n<meta property=\"og:type\" content=\"article\" \/>\n<meta property=\"og:title\" content=\"EN328 em Sever do Vouga fecha passagem a pesados para repara\u00e7\u00e3o do pavimento - Portal Tela Portugal\" \/>\n<meta property=\"og:description\" content=\"A circula\u00e7\u00e3o de pesados na EN 328, em Sever do Vouga (Aveiro), est\u00e1 interditada at\u00e9 domingo para obras de reabilita\u00e7\u00e3o do pavimento no quil\u00f3metro 26,5, devido aos danos causados pelo mau tempo. A interven\u00e7\u00e3o visa restabelecer as condi\u00e7\u00f5es de circula\u00e7\u00e3o na via, segundo a Infraestruturas de Portugal. A interdi\u00e7\u00e3o deve-se \u00e0s condi\u00e7\u00f5es climat\u00e9ricas adversas registadas nas \u00faltimas semanas. O mau tempo provocou dezoito mortes em Portugal, v\u00e1rias centenas de feridos e desalojados; as regi\u00f5es mais afetadas foram Centro, Lisboa e Vale do Tejo, e Alentejo. A situa\u00e7\u00e3o de calamidade que abrangia os 68 concelhos mais afetados terminou no domingo.\" \/>\n<meta property=\"og:url\" content=\"https:\/\/portaltela.pt\/noticias\/2026\/02\/20\/en328-em-sever-do-vouga-fecha-passagem-a-pesados-para-reparacao-do-pavimento\/\" \/>\n<meta property=\"og:site_name\" content=\"Portal Tela Portugal\" \/>\n<meta property=\"article:published_time\" content=\"2026-02-20T16:12:00+00:00\" \/>\n<meta name=\"author\" content=\"Telinha\" \/>\n<meta name=\"twitter:card\" content=\"summary_large_image\" \/>\n<meta name=\"twitter:label1\" content=\"Escrito por\" \/>\n\t<meta name=\"twitter:data1\" content=\"Telinha\" \/>\n\t<meta name=\"twitter:label2\" content=\"Tempo estimado de leitura\" \/>\n\t<meta name=\"twitter:data2\" content=\"1 minuto\" \/>\n<script type=\"application\/ld+json\" class=\"yoast-schema-graph\">{\"@context\":\"https:\/\/schema.org\",\"@graph\":[{\"@type\":\"Article\",\"@id\":\"https:\/\/portaltela.pt\/noticias\/2026\/02\/20\/en328-em-sever-do-vouga-fecha-passagem-a-pesados-para-reparacao-do-pavimento\/#article\",\"isPartOf\":{\"@id\":\"https:\/\/portaltela.pt\/noticias\/2026\/02\/20\/en328-em-sever-do-vouga-fecha-passagem-a-pesados-para-reparacao-do-pavimento\/\"},\"author\":{\"name\":\"Telinha\",\"@id\":\"https:\/\/portaltela.pt\/#\/schema\/person\/c4278d4a6028830caff9ee44b42d32ed\"},\"headline\":\"EN328 em Sever do Vouga fecha passagem a pesados para repara\u00e7\u00e3o do pavimento\",\"datePublished\":\"2026-02-20T16:12:00+00:00\",\"mainEntityOfPage\":{\"@id\":\"https:\/\/portaltela.pt\/noticias\/2026\/02\/20\/en328-em-sever-do-vouga-fecha-passagem-a-pesados-para-reparacao-do-pavimento\/\"},\"wordCount\":188,\"image\":{\"@id\":\"https:\/\/portaltela.pt\/noticias\/2026\/02\/20\/en328-em-sever-do-vouga-fecha-passagem-a-pesados-para-reparacao-do-pavimento\/#primaryimage\"},\"thumbnailUrl\":\"https:\/\/portaltela.pt\/s.01k8rhncp4jt1\/2026\/02\/img_1280x721uu2026-02-11-15-28-17-2266282-2.jpg\",\"keywords\":[\"Aveiro\",\"calamidade p\u00fablica\",\"desalojados\",\"estradas\",\"infraestrutura\",\"Sever do Vouga\"],\"articleSection\":[\"Not\u00edcias\"],\"inLanguage\":\"pt-PT\"},{\"@type\":\"WebPage\",\"@id\":\"https:\/\/portaltela.pt\/noticias\/2026\/02\/20\/en328-em-sever-do-vouga-fecha-passagem-a-pesados-para-reparacao-do-pavimento\/\",\"url\":\"https:\/\/portaltela.pt\/noticias\/2026\/02\/20\/en328-em-sever-do-vouga-fecha-passagem-a-pesados-para-reparacao-do-pavimento\/\",\"name\":\"EN328 em Sever do Vouga fecha passagem a pesados para repara\u00e7\u00e3o do pavimento - Portal Tela Portugal\",\"isPartOf\":{\"@id\":\"https:\/\/portaltela.pt\/#website\"},\"primaryImageOfPage\":{\"@id\":\"https:\/\/portaltela.pt\/noticias\/2026\/02\/20\/en328-em-sever-do-vouga-fecha-passagem-a-pesados-para-reparacao-do-pavimento\/#primaryimage\"},\"image\":{\"@id\":\"https:\/\/portaltela.pt\/noticias\/2026\/02\/20\/en328-em-sever-do-vouga-fecha-passagem-a-pesados-para-reparacao-do-pavimento\/#primaryimage\"},\"thumbnailUrl\":\"https:\/\/portaltela.pt\/s.01k8rhncp4jt1\/2026\/02\/img_1280x721uu2026-02-11-15-28-17-2266282-2.jpg\",\"datePublished\":\"2026-02-20T16:12:00+00:00\",\"author\":{\"@id\":\"https:\/\/portaltela.pt\/#\/schema\/person\/c4278d4a6028830caff9ee44b42d32ed\"},\"breadcrumb\":{\"@id\":\"https:\/\/portaltela.pt\/noticias\/2026\/02\/20\/en328-em-sever-do-vouga-fecha-passagem-a-pesados-para-reparacao-do-pavimento\/#breadcrumb\"},\"inLanguage\":\"pt-PT\",\"potentialAction\":[{\"@type\":\"ReadAction\",\"target\":[\"https:\/\/portaltela.pt\/noticias\/2026\/02\/20\/en328-em-sever-do-vouga-fecha-passagem-a-pesados-para-reparacao-do-pavimento\/\"]}]},{\"@type\":\"ImageObject\",\"inLanguage\":\"pt-PT\",\"@id\":\"https:\/\/portaltela.pt\/noticias\/2026\/02\/20\/en328-em-sever-do-vouga-fecha-passagem-a-pesados-para-reparacao-do-pavimento\/#primaryimage\",\"url\":\"https:\/\/portaltela.pt\/s.01k8rhncp4jt1\/2026\/02\/img_1280x721uu2026-02-11-15-28-17-2266282-2.jpg\",\"contentUrl\":\"https:\/\/portaltela.pt\/s.01k8rhncp4jt1\/2026\/02\/img_1280x721uu2026-02-11-15-28-17-2266282-2.jpg\",\"width\":796,\"height\":448,\"caption\":\"Photo\"},{\"@type\":\"BreadcrumbList\",\"@id\":\"https:\/\/portaltela.pt\/noticias\/2026\/02\/20\/en328-em-sever-do-vouga-fecha-passagem-a-pesados-para-reparacao-do-pavimento\/#breadcrumb\",\"itemListElement\":[{\"@type\":\"ListItem\",\"position\":1,\"name\":\"In\u00edcio\",\"item\":\"https:\/\/portaltela.pt\/\"},{\"@type\":\"ListItem\",\"position\":2,\"name\":\"EN328 em Sever do Vouga fecha passagem a pesados para repara\u00e7\u00e3o do pavimento\"}]},{\"@type\":\"WebSite\",\"@id\":\"https:\/\/portaltela.pt\/#website\",\"url\":\"https:\/\/portaltela.pt\/\",\"name\":\"Portal Tela Portugal\",\"description\":\"\",\"potentialAction\":[{\"@type\":\"SearchAction\",\"target\":{\"@type\":\"EntryPoint\",\"urlTemplate\":\"https:\/\/portaltela.pt\/?s={search_term_string}\"},\"query-input\":{\"@type\":\"PropertyValueSpecification\",\"valueRequired\":true,\"valueName\":\"search_term_string\"}}],\"inLanguage\":\"pt-PT\"},{\"@type\":\"Person\",\"@id\":\"https:\/\/portaltela.pt\/#\/schema\/person\/c4278d4a6028830caff9ee44b42d32ed\",\"name\":\"Telinha\",\"image\":{\"@type\":\"ImageObject\",\"inLanguage\":\"pt-PT\",\"@id\":\"https:\/\/portaltela.pt\/s.01k8rhncp4jt1\/2025\/11\/talking-bot-125x125.png\",\"url\":\"https:\/\/portaltela.pt\/s.01k8rhncp4jt1\/2025\/11\/talking-bot-125x125.png\",\"contentUrl\":\"https:\/\/portaltela.pt\/s.01k8rhncp4jt1\/2025\/11\/talking-bot-125x125.png\",\"caption\":\"Telinha\"},\"sameAs\":[\"https:\/\/portaltela.pt\/\"],\"url\":\"https:\/\/portaltela.pt\/por\/367410592786\/\"}]}<\/script>\n<!-- \/ Yoast SEO plugin. -->","yoast_head_json":{"title":"EN328 em Sever do Vouga fecha passagem a pesados para repara\u00e7\u00e3o do pavimento - Portal Tela Portugal","robots":{"index":"index","follow":"follow","max-snippet":"max-snippet:-1","max-image-preview":"max-image-preview:large","max-video-preview":"max-video-preview:-1"},"og_locale":"pt_PT","og_type":"article","og_title":"EN328 em Sever do Vouga fecha passagem a pesados para repara\u00e7\u00e3o do pavimento - Portal Tela Portugal","og_description":"A circula\u00e7\u00e3o de pesados na EN 328, em Sever do Vouga (Aveiro), est\u00e1 interditada at\u00e9 domingo para obras de reabilita\u00e7\u00e3o do pavimento no quil\u00f3metro 26,5, devido aos danos causados pelo mau tempo. A interven\u00e7\u00e3o visa restabelecer as condi\u00e7\u00f5es de circula\u00e7\u00e3o na via, segundo a Infraestruturas de Portugal. A interdi\u00e7\u00e3o deve-se \u00e0s condi\u00e7\u00f5es climat\u00e9ricas adversas registadas nas \u00faltimas semanas. O mau tempo provocou dezoito mortes em Portugal, v\u00e1rias centenas de feridos e desalojados; as regi\u00f5es mais afetadas foram Centro, Lisboa e Vale do Tejo, e Alentejo. A situa\u00e7\u00e3o de calamidade que abrangia os 68 concelhos mais afetados terminou no domingo.","og_url":"https:\/\/portaltela.pt\/noticias\/2026\/02\/20\/en328-em-sever-do-vouga-fecha-passagem-a-pesados-para-reparacao-do-pavimento\/","og_site_name":"Portal Tela Portugal","article_published_time":"2026-02-20T16:12:00+00:00","author":"Telinha","twitter_card":"summary_large_image","twitter_misc":{"Escrito por":"Telinha","Tempo estimado de leitura":"1 minuto"},"schema":{"@context":"https:\/\/schema.org","@graph":[{"@type":"Article","@id":"https:\/\/portaltela.pt\/noticias\/2026\/02\/20\/en328-em-sever-do-vouga-fecha-passagem-a-pesados-para-reparacao-do-pavimento\/#article","isPartOf":{"@id":"https:\/\/portaltela.pt\/noticias\/2026\/02\/20\/en328-em-sever-do-vouga-fecha-passagem-a-pesados-para-reparacao-do-pavimento\/"},"author":{"name":"Telinha","@id":"https:\/\/portaltela.pt\/#\/schema\/person\/c4278d4a6028830caff9ee44b42d32ed"},"headline":"EN328 em Sever do Vouga fecha passagem a pesados para repara\u00e7\u00e3o do pavimento","datePublished":"2026-02-20T16:12:00+00:00","mainEntityOfPage":{"@id":"https:\/\/portaltela.pt\/noticias\/2026\/02\/20\/en328-em-sever-do-vouga-fecha-passagem-a-pesados-para-reparacao-do-pavimento\/"},"wordCount":188,"image":{"@id":"https:\/\/portaltela.pt\/noticias\/2026\/02\/20\/en328-em-sever-do-vouga-fecha-passagem-a-pesados-para-reparacao-do-pavimento\/#primaryimage"},"thumbnailUrl":"https:\/\/portaltela.pt\/s.01k8rhncp4jt1\/2026\/02\/img_1280x721uu2026-02-11-15-28-17-2266282-2.jpg","keywords":["Aveiro","calamidade p\u00fablica","desalojados","estradas","infraestrutura","Sever do Vouga"],"articleSection":["Not\u00edcias"],"inLanguage":"pt-PT"},{"@type":"WebPage","@id":"https:\/\/portaltela.pt\/noticias\/2026\/02\/20\/en328-em-sever-do-vouga-fecha-passagem-a-pesados-para-reparacao-do-pavimento\/","url":"https:\/\/portaltela.pt\/noticias\/2026\/02\/20\/en328-em-sever-do-vouga-fecha-passagem-a-pesados-para-reparacao-do-pavimento\/","name":"EN328 em Sever do Vouga fecha passagem a pesados para repara\u00e7\u00e3o do pavimento - Portal Tela Portugal","isPartOf":{"@id":"https:\/\/portaltela.pt\/#website"},"primaryImageOfPage":{"@id":"https:\/\/portaltela.pt\/noticias\/2026\/02\/20\/en328-em-sever-do-vouga-fecha-passagem-a-pesados-para-reparacao-do-pavimento\/#primaryimage"},"image":{"@id":"https:\/\/portaltela.pt\/noticias\/2026\/02\/20\/en328-em-sever-do-vouga-fecha-passagem-a-pesados-para-reparacao-do-pavimento\/#primaryimage"},"thumbnailUrl":"https:\/\/portaltela.pt\/s.01k8rhncp4jt1\/2026\/02\/img_1280x721uu2026-02-11-15-28-17-2266282-2.jpg","datePublished":"2026-02-20T16:12:00+00:00","author":{"@id":"https:\/\/portaltela.pt\/#\/schema\/person\/c4278d4a6028830caff9ee44b42d32ed"},"breadcrumb":{"@id":"https:\/\/portaltela.pt\/noticias\/2026\/02\/20\/en328-em-sever-do-vouga-fecha-passagem-a-pesados-para-reparacao-do-pavimento\/#breadcrumb"},"inLanguage":"pt-PT","potentialAction":[{"@type":"ReadAction","target":["https:\/\/portaltela.pt\/noticias\/2026\/02\/20\/en328-em-sever-do-vouga-fecha-passagem-a-pesados-para-reparacao-do-pavimento\/"]}]},{"@type":"ImageObject","inLanguage":"pt-PT","@id":"https:\/\/portaltela.pt\/noticias\/2026\/02\/20\/en328-em-sever-do-vouga-fecha-passagem-a-pesados-para-reparacao-do-pavimento\/#primaryimage","url":"https:\/\/portaltela.pt\/s.01k8rhncp4jt1\/2026\/02\/img_1280x721uu2026-02-11-15-28-17-2266282-2.jpg","contentUrl":"https:\/\/portaltela.pt\/s.01k8rhncp4jt1\/2026\/02\/img_1280x721uu2026-02-11-15-28-17-2266282-2.jpg","width":796,"height":448,"caption":"Photo"},{"@type":"BreadcrumbList","@id":"https:\/\/portaltela.pt\/noticias\/2026\/02\/20\/en328-em-sever-do-vouga-fecha-passagem-a-pesados-para-reparacao-do-pavimento\/#breadcrumb","itemListElement":[{"@type":"ListItem","position":1,"name":"In\u00edcio","item":"https:\/\/portaltela.pt\/"},{"@type":"ListItem","position":2,"name":"EN328 em Sever do Vouga fecha passagem a pesados para repara\u00e7\u00e3o do pavimento"}]},{"@type":"WebSite","@id":"https:\/\/portaltela.pt\/#website","url":"https:\/\/portaltela.pt\/","name":"Portal Tela Portugal","description":"","potentialAction":[{"@type":"SearchAction","target":{"@type":"EntryPoint","urlTemplate":"https:\/\/portaltela.pt\/?s={search_term_string}"},"query-input":{"@type":"PropertyValueSpecification","valueRequired":true,"valueName":"search_term_string"}}],"inLanguage":"pt-PT"},{"@type":"Person","@id":"https:\/\/portaltela.pt\/#\/schema\/person\/c4278d4a6028830caff9ee44b42d32ed","name":"Telinha","image":{"@type":"ImageObject","inLanguage":"pt-PT","@id":"https:\/\/portaltela.pt\/s.01k8rhncp4jt1\/2025\/11\/talking-bot-125x125.png","url":"https:\/\/portaltela.pt\/s.01k8rhncp4jt1\/2025\/11\/talking-bot-125x125.png","contentUrl":"https:\/\/portaltela.pt\/s.01k8rhncp4jt1\/2025\/11\/talking-bot-125x125.png","caption":"Telinha"},"sameAs":["https:\/\/portaltela.pt\/"],"url":"https:\/\/portaltela.pt\/por\/367410592786\/"}]}},"_links":{"self":[{"href":"https:\/\/portaltela.pt\/api\/wp\/v2\/posts\/219421","targetHints":{"allow":["GET"]}}],"collection":[{"href":"https:\/\/portaltela.pt\/api\/wp\/v2\/posts"}],"about":[{"href":"https:\/\/portaltela.pt\/api\/wp\/v2\/types\/post"}],"author":[{"embeddable":true,"href":"https:\/\/portaltela.pt\/api\/wp\/v2\/users\/2"}],"replies":[{"embeddable":true,"href":"https:\/\/portaltela.pt\/api\/wp\/v2\/comments?post=219421"}],"version-history":[{"count":0,"href":"https:\/\/portaltela.pt\/api\/wp\/v2\/posts\/219421\/revisions"}],"wp:featuredmedia":[{"embeddable":true,"href":"https:\/\/portaltela.pt\/api\/wp\/v2\/media\/219430"}],"wp:attachment":[{"href":"https:\/\/portaltela.pt\/api\/wp\/v2\/media?parent=219421"}],"wp:term":[{"taxonomy":"category","embeddable":true,"href":"https:\/\/portaltela.pt\/api\/wp\/v2\/categories?post=219421"},{"taxonomy":"post_tag","embeddable":true,"href":"https:\/\/portaltela.pt\/api\/wp\/v2\/tags?post=219421"}],"curies":[{"name":"wp","href":"https:\/\/api.w.org\/{rel}","templated":true}]}}