{"id":219395,"date":"2026-02-20T12:46:00","date_gmt":"2026-02-20T15:46:00","guid":{"rendered":"https:\/\/portaltela.pt\/noticias\/2026\/02\/20\/lindsey-vonn-passa-por-quinta-cirurgia-e-relata-dor-dificil-de-controlar\/"},"modified":"2026-02-20T12:46:00","modified_gmt":"2026-02-20T15:46:00","slug":"lindsey-vonn-passa-por-quinta-cirurgia-e-relata-dor-dificil-de-controlar","status":"publish","type":"post","link":"https:\/\/portaltela.pt\/desporto\/2026\/02\/20\/lindsey-vonn-passa-por-quinta-cirurgia-e-relata-dor-dificil-de-controlar\/","title":{"rendered":"Lindsey Vonn passa por quinta cirurgia e relata dor dif\u00edcil de controlar"},"content":{"rendered":"<p>Lindsey Vonn foi submetida a quinta cirurgia na perna ap\u00f3s a fratura ocorrida a 8 de fevereiro durante o downhill feminino nos Jogos Ol\u00edmpicos de Inverno realizados em It\u00e1lia. A opera\u00e7\u00e3o ocorreu esta sexta-feira.<\/p>\n<p>A interven\u00e7\u00e3o durou pouco mais de seis horas, de acordo com a pr\u00f3pria atleta, que permanece no hospital a recuperar. A recupera\u00e7\u00e3o tem sido lenta, com dificuldade em controlar a dor.<\/p>\n<p>Atrav\u00e9s da rede social X, Vonn explicou que continua a progredir, mas com esfor\u00e7o para lidar com o desconforto. A atleta agradece o apoio recebido e espera receber alta em breve.<\/p>\n","protected":false},"excerpt":{"rendered":"<ul>\n<li>Lindsey Vonn foi operada pela quinta vez na perna fraturada a 8 de fevereiro, durante os Jogos Ol\u00edmpicos de Inverno em It\u00e1lia.<\/li>\n<li>O procedimento cir\u00fargico durou cerca de 6 horas.<\/li>\n<li>A atleta tem visto a dor dif\u00edcil de controlar e segue em recupera\u00e7\u00e3o.<\/li>\n<li>Atrav\u00e9s da rede social X, a esquiadora agradeceu o apoio e disse estar a progredir lentamente, esperando alta em breve.<\/li>\n<\/ul>\n","protected":false},"author":2,"featured_media":219402,"comment_status":"closed","ping_status":"closed","sticky":false,"template":"","format":"standard","meta":{"footnotes":""},"categories":[21],"tags":[2594,152,5963,633,1857,84],"class_list":["post-219395","post","type-post","status-publish","format-standard","has-post-thumbnail","hentry","category-desporto","tag-cirurgia","tag-desporto","tag-esportes-olimpicos","tag-hospital","tag-italia","tag-olimpiadas"],"yoast_head":"<!-- This site is optimized with the Yoast SEO plugin v27.2 - https:\/\/yoast.com\/product\/yoast-seo-wordpress\/ -->\n<title>Lindsey Vonn passa por quinta cirurgia e relata dor dif\u00edcil de controlar - Portal Tela Portugal<\/title>\n<meta name=\"robots\" content=\"index, follow, max-snippet:-1, max-image-preview:large, max-video-preview:-1\" \/>\n<meta property=\"og:locale\" content=\"pt_PT\" \/>\n<meta property=\"og:type\" content=\"article\" \/>\n<meta property=\"og:title\" content=\"Lindsey Vonn passa por quinta cirurgia e relata dor dif\u00edcil de controlar - Portal Tela Portugal\" \/>\n<meta property=\"og:description\" content=\"Lindsey Vonn foi operada pela quinta vez na perna fraturada a 8 de fevereiro, durante os Jogos Ol\u00edmpicos de Inverno em It\u00e1lia. O procedimento cir\u00fargico durou cerca de 6 horas. A atleta tem visto a dor dif\u00edcil de controlar e segue em recupera\u00e7\u00e3o. Atrav\u00e9s da rede social X, a esquiadora agradeceu o apoio e disse estar a progredir lentamente, esperando alta em breve.\" \/>\n<meta property=\"og:url\" content=\"https:\/\/portaltela.pt\/noticias\/2026\/02\/20\/lindsey-vonn-passa-por-quinta-cirurgia-e-relata-dor-dificil-de-controlar\/\" \/>\n<meta property=\"og:site_name\" content=\"Portal Tela Portugal\" \/>\n<meta property=\"article:published_time\" content=\"2026-02-20T15:46:00+00:00\" \/>\n<meta name=\"author\" content=\"Telinha\" \/>\n<meta name=\"twitter:card\" content=\"summary_large_image\" \/>\n<meta name=\"twitter:label1\" content=\"Escrito por\" \/>\n\t<meta name=\"twitter:data1\" content=\"Telinha\" \/>\n\t<meta name=\"twitter:label2\" content=\"Tempo estimado de leitura\" \/>\n\t<meta name=\"twitter:data2\" content=\"1 minuto\" \/>\n<script type=\"application\/ld+json\" class=\"yoast-schema-graph\">{\"@context\":\"https:\/\/schema.org\",\"@graph\":[{\"@type\":\"Article\",\"@id\":\"https:\/\/portaltela.pt\/noticias\/2026\/02\/20\/lindsey-vonn-passa-por-quinta-cirurgia-e-relata-dor-dificil-de-controlar\/#article\",\"isPartOf\":{\"@id\":\"https:\/\/portaltela.pt\/noticias\/2026\/02\/20\/lindsey-vonn-passa-por-quinta-cirurgia-e-relata-dor-dificil-de-controlar\/\"},\"author\":{\"name\":\"Telinha\",\"@id\":\"https:\/\/portaltela.pt\/#\/schema\/person\/c4278d4a6028830caff9ee44b42d32ed\"},\"headline\":\"Lindsey Vonn passa por quinta cirurgia e relata dor dif\u00edcil de controlar\",\"datePublished\":\"2026-02-20T15:46:00+00:00\",\"mainEntityOfPage\":{\"@id\":\"https:\/\/portaltela.pt\/noticias\/2026\/02\/20\/lindsey-vonn-passa-por-quinta-cirurgia-e-relata-dor-dificil-de-controlar\/\"},\"wordCount\":117,\"image\":{\"@id\":\"https:\/\/portaltela.pt\/noticias\/2026\/02\/20\/lindsey-vonn-passa-por-quinta-cirurgia-e-relata-dor-dificil-de-controlar\/#primaryimage\"},\"thumbnailUrl\":\"https:\/\/portaltela.pt\/s.01k8rhncp4jt1\/2026\/02\/img_293x165uu2026-01-30-13-15-56-2418460.jpg\",\"keywords\":[\"cirurgia\",\"desporto\",\"esportes ol\u00edmpicos\",\"hospital\",\"It\u00e1lia\",\"olimp\u00edadas\"],\"articleSection\":[\"Desporto\"],\"inLanguage\":\"pt-PT\"},{\"@type\":\"WebPage\",\"@id\":\"https:\/\/portaltela.pt\/noticias\/2026\/02\/20\/lindsey-vonn-passa-por-quinta-cirurgia-e-relata-dor-dificil-de-controlar\/\",\"url\":\"https:\/\/portaltela.pt\/noticias\/2026\/02\/20\/lindsey-vonn-passa-por-quinta-cirurgia-e-relata-dor-dificil-de-controlar\/\",\"name\":\"Lindsey Vonn passa por quinta cirurgia e relata dor dif\u00edcil de controlar - Portal Tela Portugal\",\"isPartOf\":{\"@id\":\"https:\/\/portaltela.pt\/#website\"},\"primaryImageOfPage\":{\"@id\":\"https:\/\/portaltela.pt\/noticias\/2026\/02\/20\/lindsey-vonn-passa-por-quinta-cirurgia-e-relata-dor-dificil-de-controlar\/#primaryimage\"},\"image\":{\"@id\":\"https:\/\/portaltela.pt\/noticias\/2026\/02\/20\/lindsey-vonn-passa-por-quinta-cirurgia-e-relata-dor-dificil-de-controlar\/#primaryimage\"},\"thumbnailUrl\":\"https:\/\/portaltela.pt\/s.01k8rhncp4jt1\/2026\/02\/img_293x165uu2026-01-30-13-15-56-2418460.jpg\",\"datePublished\":\"2026-02-20T15:46:00+00:00\",\"author\":{\"@id\":\"https:\/\/portaltela.pt\/#\/schema\/person\/c4278d4a6028830caff9ee44b42d32ed\"},\"breadcrumb\":{\"@id\":\"https:\/\/portaltela.pt\/noticias\/2026\/02\/20\/lindsey-vonn-passa-por-quinta-cirurgia-e-relata-dor-dificil-de-controlar\/#breadcrumb\"},\"inLanguage\":\"pt-PT\",\"potentialAction\":[{\"@type\":\"ReadAction\",\"target\":[\"https:\/\/portaltela.pt\/noticias\/2026\/02\/20\/lindsey-vonn-passa-por-quinta-cirurgia-e-relata-dor-dificil-de-controlar\/\"]}]},{\"@type\":\"ImageObject\",\"inLanguage\":\"pt-PT\",\"@id\":\"https:\/\/portaltela.pt\/noticias\/2026\/02\/20\/lindsey-vonn-passa-por-quinta-cirurgia-e-relata-dor-dificil-de-controlar\/#primaryimage\",\"url\":\"https:\/\/portaltela.pt\/s.01k8rhncp4jt1\/2026\/02\/img_293x165uu2026-01-30-13-15-56-2418460.jpg\",\"contentUrl\":\"https:\/\/portaltela.pt\/s.01k8rhncp4jt1\/2026\/02\/img_293x165uu2026-01-30-13-15-56-2418460.jpg\",\"width\":796,\"height\":448,\"caption\":\"Lindsey Vonn operada pela quinta vez: \u00abTem sido dif\u00edcil controlar a dor\u00bb\"},{\"@type\":\"BreadcrumbList\",\"@id\":\"https:\/\/portaltela.pt\/noticias\/2026\/02\/20\/lindsey-vonn-passa-por-quinta-cirurgia-e-relata-dor-dificil-de-controlar\/#breadcrumb\",\"itemListElement\":[{\"@type\":\"ListItem\",\"position\":1,\"name\":\"In\u00edcio\",\"item\":\"https:\/\/portaltela.pt\/\"},{\"@type\":\"ListItem\",\"position\":2,\"name\":\"Lindsey Vonn passa por quinta cirurgia e relata dor dif\u00edcil de controlar\"}]},{\"@type\":\"WebSite\",\"@id\":\"https:\/\/portaltela.pt\/#website\",\"url\":\"https:\/\/portaltela.pt\/\",\"name\":\"Portal Tela Portugal\",\"description\":\"\",\"potentialAction\":[{\"@type\":\"SearchAction\",\"target\":{\"@type\":\"EntryPoint\",\"urlTemplate\":\"https:\/\/portaltela.pt\/?s={search_term_string}\"},\"query-input\":{\"@type\":\"PropertyValueSpecification\",\"valueRequired\":true,\"valueName\":\"search_term_string\"}}],\"inLanguage\":\"pt-PT\"},{\"@type\":\"Person\",\"@id\":\"https:\/\/portaltela.pt\/#\/schema\/person\/c4278d4a6028830caff9ee44b42d32ed\",\"name\":\"Telinha\",\"image\":{\"@type\":\"ImageObject\",\"inLanguage\":\"pt-PT\",\"@id\":\"https:\/\/portaltela.pt\/s.01k8rhncp4jt1\/2025\/11\/talking-bot-125x125.png\",\"url\":\"https:\/\/portaltela.pt\/s.01k8rhncp4jt1\/2025\/11\/talking-bot-125x125.png\",\"contentUrl\":\"https:\/\/portaltela.pt\/s.01k8rhncp4jt1\/2025\/11\/talking-bot-125x125.png\",\"caption\":\"Telinha\"},\"sameAs\":[\"https:\/\/portaltela.pt\/\"],\"url\":\"https:\/\/portaltela.pt\/por\/367410592786\/\"}]}<\/script>\n<!-- \/ Yoast SEO plugin. -->","yoast_head_json":{"title":"Lindsey Vonn passa por quinta cirurgia e relata dor dif\u00edcil de controlar - Portal Tela Portugal","robots":{"index":"index","follow":"follow","max-snippet":"max-snippet:-1","max-image-preview":"max-image-preview:large","max-video-preview":"max-video-preview:-1"},"og_locale":"pt_PT","og_type":"article","og_title":"Lindsey Vonn passa por quinta cirurgia e relata dor dif\u00edcil de controlar - Portal Tela Portugal","og_description":"Lindsey Vonn foi operada pela quinta vez na perna fraturada a 8 de fevereiro, durante os Jogos Ol\u00edmpicos de Inverno em It\u00e1lia. O procedimento cir\u00fargico durou cerca de 6 horas. A atleta tem visto a dor dif\u00edcil de controlar e segue em recupera\u00e7\u00e3o. Atrav\u00e9s da rede social X, a esquiadora agradeceu o apoio e disse estar a progredir lentamente, esperando alta em breve.","og_url":"https:\/\/portaltela.pt\/noticias\/2026\/02\/20\/lindsey-vonn-passa-por-quinta-cirurgia-e-relata-dor-dificil-de-controlar\/","og_site_name":"Portal Tela Portugal","article_published_time":"2026-02-20T15:46:00+00:00","author":"Telinha","twitter_card":"summary_large_image","twitter_misc":{"Escrito por":"Telinha","Tempo estimado de leitura":"1 minuto"},"schema":{"@context":"https:\/\/schema.org","@graph":[{"@type":"Article","@id":"https:\/\/portaltela.pt\/noticias\/2026\/02\/20\/lindsey-vonn-passa-por-quinta-cirurgia-e-relata-dor-dificil-de-controlar\/#article","isPartOf":{"@id":"https:\/\/portaltela.pt\/noticias\/2026\/02\/20\/lindsey-vonn-passa-por-quinta-cirurgia-e-relata-dor-dificil-de-controlar\/"},"author":{"name":"Telinha","@id":"https:\/\/portaltela.pt\/#\/schema\/person\/c4278d4a6028830caff9ee44b42d32ed"},"headline":"Lindsey Vonn passa por quinta cirurgia e relata dor dif\u00edcil de controlar","datePublished":"2026-02-20T15:46:00+00:00","mainEntityOfPage":{"@id":"https:\/\/portaltela.pt\/noticias\/2026\/02\/20\/lindsey-vonn-passa-por-quinta-cirurgia-e-relata-dor-dificil-de-controlar\/"},"wordCount":117,"image":{"@id":"https:\/\/portaltela.pt\/noticias\/2026\/02\/20\/lindsey-vonn-passa-por-quinta-cirurgia-e-relata-dor-dificil-de-controlar\/#primaryimage"},"thumbnailUrl":"https:\/\/portaltela.pt\/s.01k8rhncp4jt1\/2026\/02\/img_293x165uu2026-01-30-13-15-56-2418460.jpg","keywords":["cirurgia","desporto","esportes ol\u00edmpicos","hospital","It\u00e1lia","olimp\u00edadas"],"articleSection":["Desporto"],"inLanguage":"pt-PT"},{"@type":"WebPage","@id":"https:\/\/portaltela.pt\/noticias\/2026\/02\/20\/lindsey-vonn-passa-por-quinta-cirurgia-e-relata-dor-dificil-de-controlar\/","url":"https:\/\/portaltela.pt\/noticias\/2026\/02\/20\/lindsey-vonn-passa-por-quinta-cirurgia-e-relata-dor-dificil-de-controlar\/","name":"Lindsey Vonn passa por quinta cirurgia e relata dor dif\u00edcil de controlar - Portal Tela Portugal","isPartOf":{"@id":"https:\/\/portaltela.pt\/#website"},"primaryImageOfPage":{"@id":"https:\/\/portaltela.pt\/noticias\/2026\/02\/20\/lindsey-vonn-passa-por-quinta-cirurgia-e-relata-dor-dificil-de-controlar\/#primaryimage"},"image":{"@id":"https:\/\/portaltela.pt\/noticias\/2026\/02\/20\/lindsey-vonn-passa-por-quinta-cirurgia-e-relata-dor-dificil-de-controlar\/#primaryimage"},"thumbnailUrl":"https:\/\/portaltela.pt\/s.01k8rhncp4jt1\/2026\/02\/img_293x165uu2026-01-30-13-15-56-2418460.jpg","datePublished":"2026-02-20T15:46:00+00:00","author":{"@id":"https:\/\/portaltela.pt\/#\/schema\/person\/c4278d4a6028830caff9ee44b42d32ed"},"breadcrumb":{"@id":"https:\/\/portaltela.pt\/noticias\/2026\/02\/20\/lindsey-vonn-passa-por-quinta-cirurgia-e-relata-dor-dificil-de-controlar\/#breadcrumb"},"inLanguage":"pt-PT","potentialAction":[{"@type":"ReadAction","target":["https:\/\/portaltela.pt\/noticias\/2026\/02\/20\/lindsey-vonn-passa-por-quinta-cirurgia-e-relata-dor-dificil-de-controlar\/"]}]},{"@type":"ImageObject","inLanguage":"pt-PT","@id":"https:\/\/portaltela.pt\/noticias\/2026\/02\/20\/lindsey-vonn-passa-por-quinta-cirurgia-e-relata-dor-dificil-de-controlar\/#primaryimage","url":"https:\/\/portaltela.pt\/s.01k8rhncp4jt1\/2026\/02\/img_293x165uu2026-01-30-13-15-56-2418460.jpg","contentUrl":"https:\/\/portaltela.pt\/s.01k8rhncp4jt1\/2026\/02\/img_293x165uu2026-01-30-13-15-56-2418460.jpg","width":796,"height":448,"caption":"Lindsey Vonn operada pela quinta vez: \u00abTem sido dif\u00edcil controlar a dor\u00bb"},{"@type":"BreadcrumbList","@id":"https:\/\/portaltela.pt\/noticias\/2026\/02\/20\/lindsey-vonn-passa-por-quinta-cirurgia-e-relata-dor-dificil-de-controlar\/#breadcrumb","itemListElement":[{"@type":"ListItem","position":1,"name":"In\u00edcio","item":"https:\/\/portaltela.pt\/"},{"@type":"ListItem","position":2,"name":"Lindsey Vonn passa por quinta cirurgia e relata dor dif\u00edcil de controlar"}]},{"@type":"WebSite","@id":"https:\/\/portaltela.pt\/#website","url":"https:\/\/portaltela.pt\/","name":"Portal Tela Portugal","description":"","potentialAction":[{"@type":"SearchAction","target":{"@type":"EntryPoint","urlTemplate":"https:\/\/portaltela.pt\/?s={search_term_string}"},"query-input":{"@type":"PropertyValueSpecification","valueRequired":true,"valueName":"search_term_string"}}],"inLanguage":"pt-PT"},{"@type":"Person","@id":"https:\/\/portaltela.pt\/#\/schema\/person\/c4278d4a6028830caff9ee44b42d32ed","name":"Telinha","image":{"@type":"ImageObject","inLanguage":"pt-PT","@id":"https:\/\/portaltela.pt\/s.01k8rhncp4jt1\/2025\/11\/talking-bot-125x125.png","url":"https:\/\/portaltela.pt\/s.01k8rhncp4jt1\/2025\/11\/talking-bot-125x125.png","contentUrl":"https:\/\/portaltela.pt\/s.01k8rhncp4jt1\/2025\/11\/talking-bot-125x125.png","caption":"Telinha"},"sameAs":["https:\/\/portaltela.pt\/"],"url":"https:\/\/portaltela.pt\/por\/367410592786\/"}]}},"_links":{"self":[{"href":"https:\/\/portaltela.pt\/api\/wp\/v2\/posts\/219395","targetHints":{"allow":["GET"]}}],"collection":[{"href":"https:\/\/portaltela.pt\/api\/wp\/v2\/posts"}],"about":[{"href":"https:\/\/portaltela.pt\/api\/wp\/v2\/types\/post"}],"author":[{"embeddable":true,"href":"https:\/\/portaltela.pt\/api\/wp\/v2\/users\/2"}],"replies":[{"embeddable":true,"href":"https:\/\/portaltela.pt\/api\/wp\/v2\/comments?post=219395"}],"version-history":[{"count":0,"href":"https:\/\/portaltela.pt\/api\/wp\/v2\/posts\/219395\/revisions"}],"wp:featuredmedia":[{"embeddable":true,"href":"https:\/\/portaltela.pt\/api\/wp\/v2\/media\/219402"}],"wp:attachment":[{"href":"https:\/\/portaltela.pt\/api\/wp\/v2\/media?parent=219395"}],"wp:term":[{"taxonomy":"category","embeddable":true,"href":"https:\/\/portaltela.pt\/api\/wp\/v2\/categories?post=219395"},{"taxonomy":"post_tag","embeddable":true,"href":"https:\/\/portaltela.pt\/api\/wp\/v2\/tags?post=219395"}],"curies":[{"name":"wp","href":"https:\/\/api.w.org\/{rel}","templated":true}]}}