{"id":219387,"date":"2026-02-20T12:56:24","date_gmt":"2026-02-20T15:56:24","guid":{"rendered":"https:\/\/portaltela.pt\/noticias\/2026\/02\/20\/now-lidera-informacao-no-horario-nobre\/"},"modified":"2026-02-20T12:56:24","modified_gmt":"2026-02-20T15:56:24","slug":"now-lidera-informacao-no-horario-nobre","status":"publish","type":"post","link":"https:\/\/portaltela.pt\/noticias\/economia\/2026\/02\/20\/now-lidera-informacao-no-horario-nobre\/","title":{"rendered":"NOW lidera informa\u00e7\u00e3o no hor\u00e1rio nobre"},"content":{"rendered":"<p>O NOW liderou a audi\u00eancia no hor\u00e1rio nobre desta quinta-feira, entre as 20h e as 24h, com um share de 2% e uma m\u00e9dia de cerca de 88 mil espectadores por minuto. O universo analisado corresponde ao intervalo com maior investimento publicit\u00e1rio.<\/p>\n<p>A seguir, o NOW ultrapassou a SIC Not\u00edcias (1,8% de share, ~80 mil espectadores) e a CNN Portugal (1,3%, ~58 mil). A RTP Not\u00edcias ficou em quinto lugar, com 1% de share e 42 mil espectadores por minuto.<\/p>\n<p>Durante o hor\u00e1rio, foram emitidos programas como Record na Hora e Jornal da noite com Marisa Caetano Antunes. A rubrica Informac\u0327a\u0303o Privilegiada, com Pedro Mourinho, tamb\u00e9m integrou a grelha, assim como Contas Certas, de Fernando Medina, e Guerra e Paz, de Germano Almeida, que contribu\u00edram para o resultado.<\/p>\n<p>O NOW \u00e9 o canal do Neg\u00f3cios, S\u00e1bado, Record e M\u00e1xima, estando dispon\u00edvel na posi\u00e7\u00e3o 9 de todas as operadoras. Os dados citados s\u00e3o da responsabilidade da GFK, empresa respons\u00e1vel pela medi\u00e7\u00e3o de audi\u00eancias.<\/p>\n<h3>Dados de audi\u00eancia<\/h3>\n<ul>\n<li>O canal registou 2% de share entre as 20h e as 24h, com m\u00e9dia de 88 mil espectadores por minuto.<\/li>\n<li>SIC Not\u00edcias ficou com 1,8% de share (~80 mil espectadores).<\/li>\n<li>CNN Portugal registou 1,3% de share (~58 mil).<\/li>\n<li>RTP Not\u00edcias ficou com 1% de share (~42 mil).<\/li>\n<\/ul>\n","protected":false},"excerpt":{"rendered":"<ul>\n<li>O NOW foi o canal de informa\u00e7\u00e3o mais visto no hor\u00e1rio nobre entre as 20h e as 24h, com 2% de share e uma m\u00e9dia de cerca de 88 mil espectadores por minuto.<\/li>\n<li>Ultrapassou SIC not\u00edcias (1,8% de share, ~80 mil espectadores) e CNN Portugal (1,3%, ~58 mil), ficando tamb\u00e9m \u00e0 frente da RTP Not\u00edcias (1%, ~42 mil).<\/li>\n<li>No hor\u00e1rio, o NOW presenteou os espectadores com Record na Hora e Jornal \u00e0 noite, de Marisa Caetano Antunes, al\u00e9m de rubricas como Contas Certas e Guerra e Paz.<\/li>\n<li>As rubricas Contas Certas, de Fernando Medina, e Guerra e Paz, de Germano Almeida foram pontos fortes que contribu\u00edram para o desempenho da esta\u00e7\u00e3o.<\/li>\n<li>Os resultados s\u00e3o da GFK, empresa respons\u00e1vel pela medi\u00e7\u00e3o de audi\u00eancias, e o NOW integra a grelha de neg\u00f3cios, S\u00e1bado, Record e M\u00e1xima, ocupando a nona posi\u00e7\u00e3o entre as operadoras.<\/li>\n<\/ul>\n","protected":false},"author":2,"featured_media":219391,"comment_status":"closed","ping_status":"closed","sticky":false,"template":"","format":"standard","meta":{"footnotes":""},"categories":[2,1],"tags":[195,6184,31,2679,6185,4394],"class_list":["post-219387","post","type-post","status-publish","format-standard","has-post-thumbnail","hentry","category-economia","category-noticias","tag-informacao","tag-informacao-privilegiada","tag-negocios","tag-record-na-hora","tag-rtp-noticias","tag-sic-noticias"],"yoast_head":"<!-- This site is optimized with the Yoast SEO plugin v27.2 - https:\/\/yoast.com\/product\/yoast-seo-wordpress\/ -->\n<title>NOW lidera informa\u00e7\u00e3o no hor\u00e1rio nobre - Portal Tela Portugal<\/title>\n<meta name=\"robots\" content=\"index, follow, max-snippet:-1, max-image-preview:large, max-video-preview:-1\" \/>\n<meta property=\"og:locale\" content=\"pt_PT\" \/>\n<meta property=\"og:type\" content=\"article\" \/>\n<meta property=\"og:title\" content=\"NOW lidera informa\u00e7\u00e3o no hor\u00e1rio nobre - Portal Tela Portugal\" \/>\n<meta property=\"og:description\" content=\"O NOW foi o canal de informa\u00e7\u00e3o mais visto no hor\u00e1rio nobre entre as 20h e as 24h, com 2% de share e uma m\u00e9dia de cerca de 88 mil espectadores por minuto. Ultrapassou SIC not\u00edcias (1,8% de share, ~80 mil espectadores) e CNN Portugal (1,3%, ~58 mil), ficando tamb\u00e9m \u00e0 frente da RTP Not\u00edcias (1%, ~42 mil). No hor\u00e1rio, o NOW presenteou os espectadores com Record na Hora e Jornal \u00e0 noite, de Marisa Caetano Antunes, al\u00e9m de rubricas como Contas Certas e Guerra e Paz. As rubricas Contas Certas, de Fernando Medina, e Guerra e Paz, de Germano Almeida foram pontos fortes que contribu\u00edram para o desempenho da esta\u00e7\u00e3o. Os resultados s\u00e3o da GFK, empresa respons\u00e1vel pela medi\u00e7\u00e3o de audi\u00eancias, e o NOW integra a grelha de neg\u00f3cios, S\u00e1bado, Record e M\u00e1xima, ocupando a nona posi\u00e7\u00e3o entre as operadoras.\" \/>\n<meta property=\"og:url\" content=\"https:\/\/portaltela.pt\/noticias\/2026\/02\/20\/now-lidera-informacao-no-horario-nobre\/\" \/>\n<meta property=\"og:site_name\" content=\"Portal Tela Portugal\" \/>\n<meta property=\"article:published_time\" content=\"2026-02-20T15:56:24+00:00\" \/>\n<meta name=\"author\" content=\"Telinha\" \/>\n<meta name=\"twitter:card\" content=\"summary_large_image\" \/>\n<meta name=\"twitter:label1\" content=\"Escrito por\" \/>\n\t<meta name=\"twitter:data1\" content=\"Telinha\" \/>\n\t<meta name=\"twitter:label2\" content=\"Tempo estimado de leitura\" \/>\n\t<meta name=\"twitter:data2\" content=\"1 minuto\" \/>\n<script type=\"application\/ld+json\" class=\"yoast-schema-graph\">{\"@context\":\"https:\/\/schema.org\",\"@graph\":[{\"@type\":\"Article\",\"@id\":\"https:\/\/portaltela.pt\/noticias\/2026\/02\/20\/now-lidera-informacao-no-horario-nobre\/#article\",\"isPartOf\":{\"@id\":\"https:\/\/portaltela.pt\/noticias\/2026\/02\/20\/now-lidera-informacao-no-horario-nobre\/\"},\"author\":{\"name\":\"Telinha\",\"@id\":\"https:\/\/portaltela.pt\/#\/schema\/person\/c4278d4a6028830caff9ee44b42d32ed\"},\"headline\":\"NOW lidera informa\u00e7\u00e3o no hor\u00e1rio nobre\",\"datePublished\":\"2026-02-20T15:56:24+00:00\",\"mainEntityOfPage\":{\"@id\":\"https:\/\/portaltela.pt\/noticias\/2026\/02\/20\/now-lidera-informacao-no-horario-nobre\/\"},\"wordCount\":226,\"image\":{\"@id\":\"https:\/\/portaltela.pt\/noticias\/2026\/02\/20\/now-lidera-informacao-no-horario-nobre\/#primaryimage\"},\"thumbnailUrl\":\"https:\/\/portaltela.pt\/s.01k8rhncp4jt1\/2026\/02\/img_920x518uu2026-02-20-15-56-08-2422716.jpg\",\"keywords\":[\"informa\u00e7\u00e3o\",\"Informa\u00e7\u00e3o Privilegiada\",\"neg\u00f3cios\",\"Record na Hora\",\"RTP Not\u00edcias\",\"SIC Not\u00edcias\"],\"articleSection\":[\"Economia\",\"Not\u00edcias\"],\"inLanguage\":\"pt-PT\"},{\"@type\":\"WebPage\",\"@id\":\"https:\/\/portaltela.pt\/noticias\/2026\/02\/20\/now-lidera-informacao-no-horario-nobre\/\",\"url\":\"https:\/\/portaltela.pt\/noticias\/2026\/02\/20\/now-lidera-informacao-no-horario-nobre\/\",\"name\":\"NOW lidera informa\u00e7\u00e3o no hor\u00e1rio nobre - Portal Tela Portugal\",\"isPartOf\":{\"@id\":\"https:\/\/portaltela.pt\/#website\"},\"primaryImageOfPage\":{\"@id\":\"https:\/\/portaltela.pt\/noticias\/2026\/02\/20\/now-lidera-informacao-no-horario-nobre\/#primaryimage\"},\"image\":{\"@id\":\"https:\/\/portaltela.pt\/noticias\/2026\/02\/20\/now-lidera-informacao-no-horario-nobre\/#primaryimage\"},\"thumbnailUrl\":\"https:\/\/portaltela.pt\/s.01k8rhncp4jt1\/2026\/02\/img_920x518uu2026-02-20-15-56-08-2422716.jpg\",\"datePublished\":\"2026-02-20T15:56:24+00:00\",\"author\":{\"@id\":\"https:\/\/portaltela.pt\/#\/schema\/person\/c4278d4a6028830caff9ee44b42d32ed\"},\"breadcrumb\":{\"@id\":\"https:\/\/portaltela.pt\/noticias\/2026\/02\/20\/now-lidera-informacao-no-horario-nobre\/#breadcrumb\"},\"inLanguage\":\"pt-PT\",\"potentialAction\":[{\"@type\":\"ReadAction\",\"target\":[\"https:\/\/portaltela.pt\/noticias\/2026\/02\/20\/now-lidera-informacao-no-horario-nobre\/\"]}]},{\"@type\":\"ImageObject\",\"inLanguage\":\"pt-PT\",\"@id\":\"https:\/\/portaltela.pt\/noticias\/2026\/02\/20\/now-lidera-informacao-no-horario-nobre\/#primaryimage\",\"url\":\"https:\/\/portaltela.pt\/s.01k8rhncp4jt1\/2026\/02\/img_920x518uu2026-02-20-15-56-08-2422716.jpg\",\"contentUrl\":\"https:\/\/portaltela.pt\/s.01k8rhncp4jt1\/2026\/02\/img_920x518uu2026-02-20-15-56-08-2422716.jpg\",\"width\":796,\"height\":448,\"caption\":\"NOW lidera informa\u00e7\u00e3o no hor\u00e1rio nobre\"},{\"@type\":\"BreadcrumbList\",\"@id\":\"https:\/\/portaltela.pt\/noticias\/2026\/02\/20\/now-lidera-informacao-no-horario-nobre\/#breadcrumb\",\"itemListElement\":[{\"@type\":\"ListItem\",\"position\":1,\"name\":\"In\u00edcio\",\"item\":\"https:\/\/portaltela.pt\/\"},{\"@type\":\"ListItem\",\"position\":2,\"name\":\"NOW lidera informa\u00e7\u00e3o no hor\u00e1rio nobre\"}]},{\"@type\":\"WebSite\",\"@id\":\"https:\/\/portaltela.pt\/#website\",\"url\":\"https:\/\/portaltela.pt\/\",\"name\":\"Portal Tela Portugal\",\"description\":\"\",\"potentialAction\":[{\"@type\":\"SearchAction\",\"target\":{\"@type\":\"EntryPoint\",\"urlTemplate\":\"https:\/\/portaltela.pt\/?s={search_term_string}\"},\"query-input\":{\"@type\":\"PropertyValueSpecification\",\"valueRequired\":true,\"valueName\":\"search_term_string\"}}],\"inLanguage\":\"pt-PT\"},{\"@type\":\"Person\",\"@id\":\"https:\/\/portaltela.pt\/#\/schema\/person\/c4278d4a6028830caff9ee44b42d32ed\",\"name\":\"Telinha\",\"image\":{\"@type\":\"ImageObject\",\"inLanguage\":\"pt-PT\",\"@id\":\"https:\/\/portaltela.pt\/s.01k8rhncp4jt1\/2025\/11\/talking-bot-125x125.png\",\"url\":\"https:\/\/portaltela.pt\/s.01k8rhncp4jt1\/2025\/11\/talking-bot-125x125.png\",\"contentUrl\":\"https:\/\/portaltela.pt\/s.01k8rhncp4jt1\/2025\/11\/talking-bot-125x125.png\",\"caption\":\"Telinha\"},\"sameAs\":[\"https:\/\/portaltela.pt\/\"],\"url\":\"https:\/\/portaltela.pt\/por\/367410592786\/\"}]}<\/script>\n<!-- \/ Yoast SEO plugin. -->","yoast_head_json":{"title":"NOW lidera informa\u00e7\u00e3o no hor\u00e1rio nobre - Portal Tela Portugal","robots":{"index":"index","follow":"follow","max-snippet":"max-snippet:-1","max-image-preview":"max-image-preview:large","max-video-preview":"max-video-preview:-1"},"og_locale":"pt_PT","og_type":"article","og_title":"NOW lidera informa\u00e7\u00e3o no hor\u00e1rio nobre - Portal Tela Portugal","og_description":"O NOW foi o canal de informa\u00e7\u00e3o mais visto no hor\u00e1rio nobre entre as 20h e as 24h, com 2% de share e uma m\u00e9dia de cerca de 88 mil espectadores por minuto. Ultrapassou SIC not\u00edcias (1,8% de share, ~80 mil espectadores) e CNN Portugal (1,3%, ~58 mil), ficando tamb\u00e9m \u00e0 frente da RTP Not\u00edcias (1%, ~42 mil). No hor\u00e1rio, o NOW presenteou os espectadores com Record na Hora e Jornal \u00e0 noite, de Marisa Caetano Antunes, al\u00e9m de rubricas como Contas Certas e Guerra e Paz. As rubricas Contas Certas, de Fernando Medina, e Guerra e Paz, de Germano Almeida foram pontos fortes que contribu\u00edram para o desempenho da esta\u00e7\u00e3o. Os resultados s\u00e3o da GFK, empresa respons\u00e1vel pela medi\u00e7\u00e3o de audi\u00eancias, e o NOW integra a grelha de neg\u00f3cios, S\u00e1bado, Record e M\u00e1xima, ocupando a nona posi\u00e7\u00e3o entre as operadoras.","og_url":"https:\/\/portaltela.pt\/noticias\/2026\/02\/20\/now-lidera-informacao-no-horario-nobre\/","og_site_name":"Portal Tela Portugal","article_published_time":"2026-02-20T15:56:24+00:00","author":"Telinha","twitter_card":"summary_large_image","twitter_misc":{"Escrito por":"Telinha","Tempo estimado de leitura":"1 minuto"},"schema":{"@context":"https:\/\/schema.org","@graph":[{"@type":"Article","@id":"https:\/\/portaltela.pt\/noticias\/2026\/02\/20\/now-lidera-informacao-no-horario-nobre\/#article","isPartOf":{"@id":"https:\/\/portaltela.pt\/noticias\/2026\/02\/20\/now-lidera-informacao-no-horario-nobre\/"},"author":{"name":"Telinha","@id":"https:\/\/portaltela.pt\/#\/schema\/person\/c4278d4a6028830caff9ee44b42d32ed"},"headline":"NOW lidera informa\u00e7\u00e3o no hor\u00e1rio nobre","datePublished":"2026-02-20T15:56:24+00:00","mainEntityOfPage":{"@id":"https:\/\/portaltela.pt\/noticias\/2026\/02\/20\/now-lidera-informacao-no-horario-nobre\/"},"wordCount":226,"image":{"@id":"https:\/\/portaltela.pt\/noticias\/2026\/02\/20\/now-lidera-informacao-no-horario-nobre\/#primaryimage"},"thumbnailUrl":"https:\/\/portaltela.pt\/s.01k8rhncp4jt1\/2026\/02\/img_920x518uu2026-02-20-15-56-08-2422716.jpg","keywords":["informa\u00e7\u00e3o","Informa\u00e7\u00e3o Privilegiada","neg\u00f3cios","Record na Hora","RTP Not\u00edcias","SIC Not\u00edcias"],"articleSection":["Economia","Not\u00edcias"],"inLanguage":"pt-PT"},{"@type":"WebPage","@id":"https:\/\/portaltela.pt\/noticias\/2026\/02\/20\/now-lidera-informacao-no-horario-nobre\/","url":"https:\/\/portaltela.pt\/noticias\/2026\/02\/20\/now-lidera-informacao-no-horario-nobre\/","name":"NOW lidera informa\u00e7\u00e3o no hor\u00e1rio nobre - Portal Tela Portugal","isPartOf":{"@id":"https:\/\/portaltela.pt\/#website"},"primaryImageOfPage":{"@id":"https:\/\/portaltela.pt\/noticias\/2026\/02\/20\/now-lidera-informacao-no-horario-nobre\/#primaryimage"},"image":{"@id":"https:\/\/portaltela.pt\/noticias\/2026\/02\/20\/now-lidera-informacao-no-horario-nobre\/#primaryimage"},"thumbnailUrl":"https:\/\/portaltela.pt\/s.01k8rhncp4jt1\/2026\/02\/img_920x518uu2026-02-20-15-56-08-2422716.jpg","datePublished":"2026-02-20T15:56:24+00:00","author":{"@id":"https:\/\/portaltela.pt\/#\/schema\/person\/c4278d4a6028830caff9ee44b42d32ed"},"breadcrumb":{"@id":"https:\/\/portaltela.pt\/noticias\/2026\/02\/20\/now-lidera-informacao-no-horario-nobre\/#breadcrumb"},"inLanguage":"pt-PT","potentialAction":[{"@type":"ReadAction","target":["https:\/\/portaltela.pt\/noticias\/2026\/02\/20\/now-lidera-informacao-no-horario-nobre\/"]}]},{"@type":"ImageObject","inLanguage":"pt-PT","@id":"https:\/\/portaltela.pt\/noticias\/2026\/02\/20\/now-lidera-informacao-no-horario-nobre\/#primaryimage","url":"https:\/\/portaltela.pt\/s.01k8rhncp4jt1\/2026\/02\/img_920x518uu2026-02-20-15-56-08-2422716.jpg","contentUrl":"https:\/\/portaltela.pt\/s.01k8rhncp4jt1\/2026\/02\/img_920x518uu2026-02-20-15-56-08-2422716.jpg","width":796,"height":448,"caption":"NOW lidera informa\u00e7\u00e3o no hor\u00e1rio nobre"},{"@type":"BreadcrumbList","@id":"https:\/\/portaltela.pt\/noticias\/2026\/02\/20\/now-lidera-informacao-no-horario-nobre\/#breadcrumb","itemListElement":[{"@type":"ListItem","position":1,"name":"In\u00edcio","item":"https:\/\/portaltela.pt\/"},{"@type":"ListItem","position":2,"name":"NOW lidera informa\u00e7\u00e3o no hor\u00e1rio nobre"}]},{"@type":"WebSite","@id":"https:\/\/portaltela.pt\/#website","url":"https:\/\/portaltela.pt\/","name":"Portal Tela Portugal","description":"","potentialAction":[{"@type":"SearchAction","target":{"@type":"EntryPoint","urlTemplate":"https:\/\/portaltela.pt\/?s={search_term_string}"},"query-input":{"@type":"PropertyValueSpecification","valueRequired":true,"valueName":"search_term_string"}}],"inLanguage":"pt-PT"},{"@type":"Person","@id":"https:\/\/portaltela.pt\/#\/schema\/person\/c4278d4a6028830caff9ee44b42d32ed","name":"Telinha","image":{"@type":"ImageObject","inLanguage":"pt-PT","@id":"https:\/\/portaltela.pt\/s.01k8rhncp4jt1\/2025\/11\/talking-bot-125x125.png","url":"https:\/\/portaltela.pt\/s.01k8rhncp4jt1\/2025\/11\/talking-bot-125x125.png","contentUrl":"https:\/\/portaltela.pt\/s.01k8rhncp4jt1\/2025\/11\/talking-bot-125x125.png","caption":"Telinha"},"sameAs":["https:\/\/portaltela.pt\/"],"url":"https:\/\/portaltela.pt\/por\/367410592786\/"}]}},"_links":{"self":[{"href":"https:\/\/portaltela.pt\/api\/wp\/v2\/posts\/219387","targetHints":{"allow":["GET"]}}],"collection":[{"href":"https:\/\/portaltela.pt\/api\/wp\/v2\/posts"}],"about":[{"href":"https:\/\/portaltela.pt\/api\/wp\/v2\/types\/post"}],"author":[{"embeddable":true,"href":"https:\/\/portaltela.pt\/api\/wp\/v2\/users\/2"}],"replies":[{"embeddable":true,"href":"https:\/\/portaltela.pt\/api\/wp\/v2\/comments?post=219387"}],"version-history":[{"count":0,"href":"https:\/\/portaltela.pt\/api\/wp\/v2\/posts\/219387\/revisions"}],"wp:featuredmedia":[{"embeddable":true,"href":"https:\/\/portaltela.pt\/api\/wp\/v2\/media\/219391"}],"wp:attachment":[{"href":"https:\/\/portaltela.pt\/api\/wp\/v2\/media?parent=219387"}],"wp:term":[{"taxonomy":"category","embeddable":true,"href":"https:\/\/portaltela.pt\/api\/wp\/v2\/categories?post=219387"},{"taxonomy":"post_tag","embeddable":true,"href":"https:\/\/portaltela.pt\/api\/wp\/v2\/tags?post=219387"}],"curies":[{"name":"wp","href":"https:\/\/api.w.org\/{rel}","templated":true}]}}