{"id":219375,"date":"2026-02-20T12:36:00","date_gmt":"2026-02-20T15:36:00","guid":{"rendered":"https:\/\/portaltela.pt\/noticias\/2026\/02\/20\/kompany-critica-mourinho-sobre-o-que-os-jogadores-negros-passaram\/"},"modified":"2026-02-20T12:36:00","modified_gmt":"2026-02-20T15:36:00","slug":"kompany-critica-mourinho-sobre-o-que-os-jogadores-negros-passaram","status":"publish","type":"post","link":"https:\/\/portaltela.pt\/desporto\/futebol\/2026\/02\/20\/kompany-critica-mourinho-sobre-o-que-os-jogadores-negros-passaram\/","title":{"rendered":"Kompany critica Mourinho sobre o que os jogadores negros passaram"},"content":{"rendered":"<p>Vincent Kompany, treinador do Bayern de Munique, criticou declara\u00e7\u00f5es de Jos\u00e9 Mourinho sobre o alegado racismo no epis\u00f3dio entre Vin\u00edcius J\u00fanior e Prestianni, durante Benfica vs Real Madrid. O treinador belga refor\u00e7ou a import\u00e2ncia de reconhecer o testemunho do jogador brasileiro e a gravidade de qualquer ofensa racial. O tema foi abordado antes do encontro Bayern-Munique frente ao Eintracht Frankfurt.<\/p>\n<p>Kompany afirmou ter d\u00favidas sobre as explica\u00e7\u00f5es dadas por Mourinho, destacando que a rea\u00e7\u00e3o de Vin\u00edcius J\u00fanior foi natural e n\u00e3o encenada. Refor\u00e7ou que nenhuma a\u00e7\u00e3o justifica descredibilizar quem denuncia racismo, independentemente do contexto das celebra\u00e7\u00f5es de jogo.<\/p>\n<p>O t\u00e9cnico do Bayern tamb\u00e9m criticou o uso dos feitos de celebra\u00e7\u00e3o de Vin\u00edcius para minimizar o que aconteceu, lembrando epis\u00f3dios de Mourinho em outras pistas de jogo. Disse que liderar envolve responsabilidade e que ataques ao car\u00e1ter n\u00e3o s\u00e3o aceit\u00e1veis.<\/p>\n<p>Kompany recordou ainda a pol\u00e9mica justifica\u00e7\u00e3o de Mourinho ao citar Eus\u00e9bio, antigo jogador do Benfica. Questionou se \u00e9 poss\u00edvel compreender o sofrimento de jogadores negros na d\u00e9cada de 1960, apontando que a defesa do clube nessa linha foi inadequada.<\/p>\n<p>Por \u00faltimo, o treinador alem\u00e3o revelou ter enfrentado racismo, ao mencionar ter sido chamado de &#8220;macaco castanho&#8221; numa disputa contra o Club Brugge no seu pa\u00eds natal, refor\u00e7ando que o tema persiste no futebol.<\/p>\n","protected":false},"excerpt":{"rendered":"<ul>\n<li>Vincent Kompany, treinador do Bayern de Munique, criticou Jos\u00e9 Mourinho e questionou a justifica\u00e7\u00e3o dada por Mourinho em rela\u00e7\u00e3o ao alegado racismo de Prestianni contra Vin\u00edcius, no Benfica-Real Madrid.<\/li>\n<li>Kompany afirma acreditar na veracidade das alega\u00e7\u00f5es de Vin\u00edcius J\u00fanior e aponta que a rea\u00e7\u00e3o do brasileiro foi natural, sem encena\u00e7\u00e3o.<\/li>\n<li>O treinador belga pediu a Prestianni que pe\u00e7a desculpa, assuma o erro e aceite o impacto no eventual castigo, sublinhando que punir injustamente n\u00e3o \u00e9 aceit\u00e1vel.<\/li>\n<li>Kompany criticou Mourinho por ter atacado o car\u00e1ter de Vin\u00edcius ao deslegitimar o que aconteceu, dizendo que \u00e9 um erro de lideran\u00e7a ter essa postura.<\/li>\n<li>O t\u00e9cnico recordou epis\u00f3dios passados de Mourinho em que festejos e confrontos com \u00e1rbitros geraram controv\u00e9rsia, e revelou ter j\u00e1 sofrido racismo, acabando por contextualizar a gravidade da situa\u00e7\u00e3o.<\/li>\n<\/ul>\n","protected":false},"author":2,"featured_media":219380,"comment_status":"closed","ping_status":"closed","sticky":false,"template":"","format":"standard","meta":{"footnotes":""},"categories":[21,24],"tags":[152,32,2138,3627,6032,2265],"class_list":["post-219375","post","type-post","status-publish","format-standard","has-post-thumbnail","hentry","category-desporto","category-futebol","tag-desporto","tag-futebol","tag-jose-mourinho","tag-kompany","tag-racismo","tag-vinicius-junior"],"yoast_head":"<!-- This site is optimized with the Yoast SEO plugin v27.2 - https:\/\/yoast.com\/product\/yoast-seo-wordpress\/ -->\n<title>Kompany critica Mourinho sobre o que os jogadores negros passaram - Portal Tela Portugal<\/title>\n<meta name=\"robots\" content=\"index, follow, max-snippet:-1, max-image-preview:large, max-video-preview:-1\" \/>\n<meta property=\"og:locale\" content=\"pt_PT\" \/>\n<meta property=\"og:type\" content=\"article\" \/>\n<meta property=\"og:title\" content=\"Kompany critica Mourinho sobre o que os jogadores negros passaram - Portal Tela Portugal\" \/>\n<meta property=\"og:description\" content=\"Vincent Kompany, treinador do Bayern de Munique, criticou Jos\u00e9 Mourinho e questionou a justifica\u00e7\u00e3o dada por Mourinho em rela\u00e7\u00e3o ao alegado racismo de Prestianni contra Vin\u00edcius, no Benfica-Real Madrid. Kompany afirma acreditar na veracidade das alega\u00e7\u00f5es de Vin\u00edcius J\u00fanior e aponta que a rea\u00e7\u00e3o do brasileiro foi natural, sem encena\u00e7\u00e3o. O treinador belga pediu a Prestianni que pe\u00e7a desculpa, assuma o erro e aceite o impacto no eventual castigo, sublinhando que punir injustamente n\u00e3o \u00e9 aceit\u00e1vel. Kompany criticou Mourinho por ter atacado o car\u00e1ter de Vin\u00edcius ao deslegitimar o que aconteceu, dizendo que \u00e9 um erro de lideran\u00e7a ter essa postura. O t\u00e9cnico recordou epis\u00f3dios passados de Mourinho em que festejos e confrontos com \u00e1rbitros geraram controv\u00e9rsia, e revelou ter j\u00e1 sofrido racismo, acabando por contextualizar a gravidade da situa\u00e7\u00e3o.\" \/>\n<meta property=\"og:url\" content=\"https:\/\/portaltela.pt\/noticias\/2026\/02\/20\/kompany-critica-mourinho-sobre-o-que-os-jogadores-negros-passaram\/\" \/>\n<meta property=\"og:site_name\" content=\"Portal Tela Portugal\" \/>\n<meta property=\"article:published_time\" content=\"2026-02-20T15:36:00+00:00\" \/>\n<meta name=\"author\" content=\"Telinha\" \/>\n<meta name=\"twitter:card\" content=\"summary_large_image\" \/>\n<meta name=\"twitter:label1\" content=\"Escrito por\" \/>\n\t<meta name=\"twitter:data1\" content=\"Telinha\" \/>\n\t<meta name=\"twitter:label2\" content=\"Tempo estimado de leitura\" \/>\n\t<meta name=\"twitter:data2\" content=\"1 minuto\" \/>\n<script type=\"application\/ld+json\" class=\"yoast-schema-graph\">{\"@context\":\"https:\/\/schema.org\",\"@graph\":[{\"@type\":\"Article\",\"@id\":\"https:\/\/portaltela.pt\/noticias\/2026\/02\/20\/kompany-critica-mourinho-sobre-o-que-os-jogadores-negros-passaram\/#article\",\"isPartOf\":{\"@id\":\"https:\/\/portaltela.pt\/noticias\/2026\/02\/20\/kompany-critica-mourinho-sobre-o-que-os-jogadores-negros-passaram\/\"},\"author\":{\"name\":\"Telinha\",\"@id\":\"https:\/\/portaltela.pt\/#\/schema\/person\/c4278d4a6028830caff9ee44b42d32ed\"},\"headline\":\"Kompany critica Mourinho sobre o que os jogadores negros passaram\",\"datePublished\":\"2026-02-20T15:36:00+00:00\",\"mainEntityOfPage\":{\"@id\":\"https:\/\/portaltela.pt\/noticias\/2026\/02\/20\/kompany-critica-mourinho-sobre-o-que-os-jogadores-negros-passaram\/\"},\"wordCount\":252,\"image\":{\"@id\":\"https:\/\/portaltela.pt\/noticias\/2026\/02\/20\/kompany-critica-mourinho-sobre-o-que-os-jogadores-negros-passaram\/#primaryimage\"},\"thumbnailUrl\":\"https:\/\/portaltela.pt\/s.01k8rhncp4jt1\/2026\/02\/image-1500.jpg\",\"keywords\":[\"desporto\",\"futebol\",\"Jos\u00e9 Mourinho\",\"Kompany\",\"racismo\",\"Vin\u00edcius J\u00fanior\"],\"articleSection\":[\"Desporto\",\"Futebol\"],\"inLanguage\":\"pt-PT\"},{\"@type\":\"WebPage\",\"@id\":\"https:\/\/portaltela.pt\/noticias\/2026\/02\/20\/kompany-critica-mourinho-sobre-o-que-os-jogadores-negros-passaram\/\",\"url\":\"https:\/\/portaltela.pt\/noticias\/2026\/02\/20\/kompany-critica-mourinho-sobre-o-que-os-jogadores-negros-passaram\/\",\"name\":\"Kompany critica Mourinho sobre o que os jogadores negros passaram - Portal Tela Portugal\",\"isPartOf\":{\"@id\":\"https:\/\/portaltela.pt\/#website\"},\"primaryImageOfPage\":{\"@id\":\"https:\/\/portaltela.pt\/noticias\/2026\/02\/20\/kompany-critica-mourinho-sobre-o-que-os-jogadores-negros-passaram\/#primaryimage\"},\"image\":{\"@id\":\"https:\/\/portaltela.pt\/noticias\/2026\/02\/20\/kompany-critica-mourinho-sobre-o-que-os-jogadores-negros-passaram\/#primaryimage\"},\"thumbnailUrl\":\"https:\/\/portaltela.pt\/s.01k8rhncp4jt1\/2026\/02\/image-1500.jpg\",\"datePublished\":\"2026-02-20T15:36:00+00:00\",\"author\":{\"@id\":\"https:\/\/portaltela.pt\/#\/schema\/person\/c4278d4a6028830caff9ee44b42d32ed\"},\"breadcrumb\":{\"@id\":\"https:\/\/portaltela.pt\/noticias\/2026\/02\/20\/kompany-critica-mourinho-sobre-o-que-os-jogadores-negros-passaram\/#breadcrumb\"},\"inLanguage\":\"pt-PT\",\"potentialAction\":[{\"@type\":\"ReadAction\",\"target\":[\"https:\/\/portaltela.pt\/noticias\/2026\/02\/20\/kompany-critica-mourinho-sobre-o-que-os-jogadores-negros-passaram\/\"]}]},{\"@type\":\"ImageObject\",\"inLanguage\":\"pt-PT\",\"@id\":\"https:\/\/portaltela.pt\/noticias\/2026\/02\/20\/kompany-critica-mourinho-sobre-o-que-os-jogadores-negros-passaram\/#primaryimage\",\"url\":\"https:\/\/portaltela.pt\/s.01k8rhncp4jt1\/2026\/02\/image-1500.jpg\",\"contentUrl\":\"https:\/\/portaltela.pt\/s.01k8rhncp4jt1\/2026\/02\/image-1500.jpg\",\"width\":796,\"height\":448,\"caption\":\"Vincent Kompany, treinador do Bayern Munique\"},{\"@type\":\"BreadcrumbList\",\"@id\":\"https:\/\/portaltela.pt\/noticias\/2026\/02\/20\/kompany-critica-mourinho-sobre-o-que-os-jogadores-negros-passaram\/#breadcrumb\",\"itemListElement\":[{\"@type\":\"ListItem\",\"position\":1,\"name\":\"In\u00edcio\",\"item\":\"https:\/\/portaltela.pt\/\"},{\"@type\":\"ListItem\",\"position\":2,\"name\":\"Kompany critica Mourinho sobre o que os jogadores negros passaram\"}]},{\"@type\":\"WebSite\",\"@id\":\"https:\/\/portaltela.pt\/#website\",\"url\":\"https:\/\/portaltela.pt\/\",\"name\":\"Portal Tela Portugal\",\"description\":\"\",\"potentialAction\":[{\"@type\":\"SearchAction\",\"target\":{\"@type\":\"EntryPoint\",\"urlTemplate\":\"https:\/\/portaltela.pt\/?s={search_term_string}\"},\"query-input\":{\"@type\":\"PropertyValueSpecification\",\"valueRequired\":true,\"valueName\":\"search_term_string\"}}],\"inLanguage\":\"pt-PT\"},{\"@type\":\"Person\",\"@id\":\"https:\/\/portaltela.pt\/#\/schema\/person\/c4278d4a6028830caff9ee44b42d32ed\",\"name\":\"Telinha\",\"image\":{\"@type\":\"ImageObject\",\"inLanguage\":\"pt-PT\",\"@id\":\"https:\/\/portaltela.pt\/s.01k8rhncp4jt1\/2025\/11\/talking-bot-125x125.png\",\"url\":\"https:\/\/portaltela.pt\/s.01k8rhncp4jt1\/2025\/11\/talking-bot-125x125.png\",\"contentUrl\":\"https:\/\/portaltela.pt\/s.01k8rhncp4jt1\/2025\/11\/talking-bot-125x125.png\",\"caption\":\"Telinha\"},\"sameAs\":[\"https:\/\/portaltela.pt\/\"],\"url\":\"https:\/\/portaltela.pt\/por\/367410592786\/\"}]}<\/script>\n<!-- \/ Yoast SEO plugin. -->","yoast_head_json":{"title":"Kompany critica Mourinho sobre o que os jogadores negros passaram - Portal Tela Portugal","robots":{"index":"index","follow":"follow","max-snippet":"max-snippet:-1","max-image-preview":"max-image-preview:large","max-video-preview":"max-video-preview:-1"},"og_locale":"pt_PT","og_type":"article","og_title":"Kompany critica Mourinho sobre o que os jogadores negros passaram - Portal Tela Portugal","og_description":"Vincent Kompany, treinador do Bayern de Munique, criticou Jos\u00e9 Mourinho e questionou a justifica\u00e7\u00e3o dada por Mourinho em rela\u00e7\u00e3o ao alegado racismo de Prestianni contra Vin\u00edcius, no Benfica-Real Madrid. Kompany afirma acreditar na veracidade das alega\u00e7\u00f5es de Vin\u00edcius J\u00fanior e aponta que a rea\u00e7\u00e3o do brasileiro foi natural, sem encena\u00e7\u00e3o. O treinador belga pediu a Prestianni que pe\u00e7a desculpa, assuma o erro e aceite o impacto no eventual castigo, sublinhando que punir injustamente n\u00e3o \u00e9 aceit\u00e1vel. Kompany criticou Mourinho por ter atacado o car\u00e1ter de Vin\u00edcius ao deslegitimar o que aconteceu, dizendo que \u00e9 um erro de lideran\u00e7a ter essa postura. O t\u00e9cnico recordou epis\u00f3dios passados de Mourinho em que festejos e confrontos com \u00e1rbitros geraram controv\u00e9rsia, e revelou ter j\u00e1 sofrido racismo, acabando por contextualizar a gravidade da situa\u00e7\u00e3o.","og_url":"https:\/\/portaltela.pt\/noticias\/2026\/02\/20\/kompany-critica-mourinho-sobre-o-que-os-jogadores-negros-passaram\/","og_site_name":"Portal Tela Portugal","article_published_time":"2026-02-20T15:36:00+00:00","author":"Telinha","twitter_card":"summary_large_image","twitter_misc":{"Escrito por":"Telinha","Tempo estimado de leitura":"1 minuto"},"schema":{"@context":"https:\/\/schema.org","@graph":[{"@type":"Article","@id":"https:\/\/portaltela.pt\/noticias\/2026\/02\/20\/kompany-critica-mourinho-sobre-o-que-os-jogadores-negros-passaram\/#article","isPartOf":{"@id":"https:\/\/portaltela.pt\/noticias\/2026\/02\/20\/kompany-critica-mourinho-sobre-o-que-os-jogadores-negros-passaram\/"},"author":{"name":"Telinha","@id":"https:\/\/portaltela.pt\/#\/schema\/person\/c4278d4a6028830caff9ee44b42d32ed"},"headline":"Kompany critica Mourinho sobre o que os jogadores negros passaram","datePublished":"2026-02-20T15:36:00+00:00","mainEntityOfPage":{"@id":"https:\/\/portaltela.pt\/noticias\/2026\/02\/20\/kompany-critica-mourinho-sobre-o-que-os-jogadores-negros-passaram\/"},"wordCount":252,"image":{"@id":"https:\/\/portaltela.pt\/noticias\/2026\/02\/20\/kompany-critica-mourinho-sobre-o-que-os-jogadores-negros-passaram\/#primaryimage"},"thumbnailUrl":"https:\/\/portaltela.pt\/s.01k8rhncp4jt1\/2026\/02\/image-1500.jpg","keywords":["desporto","futebol","Jos\u00e9 Mourinho","Kompany","racismo","Vin\u00edcius J\u00fanior"],"articleSection":["Desporto","Futebol"],"inLanguage":"pt-PT"},{"@type":"WebPage","@id":"https:\/\/portaltela.pt\/noticias\/2026\/02\/20\/kompany-critica-mourinho-sobre-o-que-os-jogadores-negros-passaram\/","url":"https:\/\/portaltela.pt\/noticias\/2026\/02\/20\/kompany-critica-mourinho-sobre-o-que-os-jogadores-negros-passaram\/","name":"Kompany critica Mourinho sobre o que os jogadores negros passaram - Portal Tela Portugal","isPartOf":{"@id":"https:\/\/portaltela.pt\/#website"},"primaryImageOfPage":{"@id":"https:\/\/portaltela.pt\/noticias\/2026\/02\/20\/kompany-critica-mourinho-sobre-o-que-os-jogadores-negros-passaram\/#primaryimage"},"image":{"@id":"https:\/\/portaltela.pt\/noticias\/2026\/02\/20\/kompany-critica-mourinho-sobre-o-que-os-jogadores-negros-passaram\/#primaryimage"},"thumbnailUrl":"https:\/\/portaltela.pt\/s.01k8rhncp4jt1\/2026\/02\/image-1500.jpg","datePublished":"2026-02-20T15:36:00+00:00","author":{"@id":"https:\/\/portaltela.pt\/#\/schema\/person\/c4278d4a6028830caff9ee44b42d32ed"},"breadcrumb":{"@id":"https:\/\/portaltela.pt\/noticias\/2026\/02\/20\/kompany-critica-mourinho-sobre-o-que-os-jogadores-negros-passaram\/#breadcrumb"},"inLanguage":"pt-PT","potentialAction":[{"@type":"ReadAction","target":["https:\/\/portaltela.pt\/noticias\/2026\/02\/20\/kompany-critica-mourinho-sobre-o-que-os-jogadores-negros-passaram\/"]}]},{"@type":"ImageObject","inLanguage":"pt-PT","@id":"https:\/\/portaltela.pt\/noticias\/2026\/02\/20\/kompany-critica-mourinho-sobre-o-que-os-jogadores-negros-passaram\/#primaryimage","url":"https:\/\/portaltela.pt\/s.01k8rhncp4jt1\/2026\/02\/image-1500.jpg","contentUrl":"https:\/\/portaltela.pt\/s.01k8rhncp4jt1\/2026\/02\/image-1500.jpg","width":796,"height":448,"caption":"Vincent Kompany, treinador do Bayern Munique"},{"@type":"BreadcrumbList","@id":"https:\/\/portaltela.pt\/noticias\/2026\/02\/20\/kompany-critica-mourinho-sobre-o-que-os-jogadores-negros-passaram\/#breadcrumb","itemListElement":[{"@type":"ListItem","position":1,"name":"In\u00edcio","item":"https:\/\/portaltela.pt\/"},{"@type":"ListItem","position":2,"name":"Kompany critica Mourinho sobre o que os jogadores negros passaram"}]},{"@type":"WebSite","@id":"https:\/\/portaltela.pt\/#website","url":"https:\/\/portaltela.pt\/","name":"Portal Tela Portugal","description":"","potentialAction":[{"@type":"SearchAction","target":{"@type":"EntryPoint","urlTemplate":"https:\/\/portaltela.pt\/?s={search_term_string}"},"query-input":{"@type":"PropertyValueSpecification","valueRequired":true,"valueName":"search_term_string"}}],"inLanguage":"pt-PT"},{"@type":"Person","@id":"https:\/\/portaltela.pt\/#\/schema\/person\/c4278d4a6028830caff9ee44b42d32ed","name":"Telinha","image":{"@type":"ImageObject","inLanguage":"pt-PT","@id":"https:\/\/portaltela.pt\/s.01k8rhncp4jt1\/2025\/11\/talking-bot-125x125.png","url":"https:\/\/portaltela.pt\/s.01k8rhncp4jt1\/2025\/11\/talking-bot-125x125.png","contentUrl":"https:\/\/portaltela.pt\/s.01k8rhncp4jt1\/2025\/11\/talking-bot-125x125.png","caption":"Telinha"},"sameAs":["https:\/\/portaltela.pt\/"],"url":"https:\/\/portaltela.pt\/por\/367410592786\/"}]}},"_links":{"self":[{"href":"https:\/\/portaltela.pt\/api\/wp\/v2\/posts\/219375","targetHints":{"allow":["GET"]}}],"collection":[{"href":"https:\/\/portaltela.pt\/api\/wp\/v2\/posts"}],"about":[{"href":"https:\/\/portaltela.pt\/api\/wp\/v2\/types\/post"}],"author":[{"embeddable":true,"href":"https:\/\/portaltela.pt\/api\/wp\/v2\/users\/2"}],"replies":[{"embeddable":true,"href":"https:\/\/portaltela.pt\/api\/wp\/v2\/comments?post=219375"}],"version-history":[{"count":0,"href":"https:\/\/portaltela.pt\/api\/wp\/v2\/posts\/219375\/revisions"}],"wp:featuredmedia":[{"embeddable":true,"href":"https:\/\/portaltela.pt\/api\/wp\/v2\/media\/219380"}],"wp:attachment":[{"href":"https:\/\/portaltela.pt\/api\/wp\/v2\/media?parent=219375"}],"wp:term":[{"taxonomy":"category","embeddable":true,"href":"https:\/\/portaltela.pt\/api\/wp\/v2\/categories?post=219375"},{"taxonomy":"post_tag","embeddable":true,"href":"https:\/\/portaltela.pt\/api\/wp\/v2\/tags?post=219375"}],"curies":[{"name":"wp","href":"https:\/\/api.w.org\/{rel}","templated":true}]}}