{"id":219358,"date":"2026-02-20T12:27:07","date_gmt":"2026-02-20T15:27:07","guid":{"rendered":"https:\/\/portaltela.pt\/noticias\/2026\/02\/20\/pau-gasol-eleito-presidente-da-comissao-de-atletas-do-coi-ate-la2028\/"},"modified":"2026-02-20T12:27:07","modified_gmt":"2026-02-20T15:27:07","slug":"pau-gasol-eleito-presidente-da-comissao-de-atletas-do-coi-ate-la2028","status":"publish","type":"post","link":"https:\/\/portaltela.pt\/desporto\/2026\/02\/20\/pau-gasol-eleito-presidente-da-comissao-de-atletas-do-coi-ate-la2028\/","title":{"rendered":"Pau Gasol eleito presidente da Comiss\u00e3o de Atletas do COI at\u00e9 LA2028"},"content":{"rendered":"<p>A Comiss\u00e3o de Atletas (CA) do Comit\u00e9 Ol\u00edmpico Internacional (COI escolheu Pau Gasol como novo presidente, cargo que mant\u00e9m at\u00e9 aos Jogos de Los Angeles 2028. A decis\u00e3o foi anunciada nesta sexta-feira, em Mil\u00e3o, It\u00e1lia.<\/p>\n<p>Gasol, antigo jogador de basquetebol espanhol, participou em cinco Jogos Ol\u00edmpicos e conquistou duas pratas e uma bronze. Releva substituir Emma Terho, ex-hoquista finlandesa que liderava a CA desde T\u00f3quio 2020.<\/p>\n<p>A nova equipa diretiva mant\u00e9m Maja Wloszczowska como primeira vice-presidente, com Humphrey Kayange (r\u00e2guebi) como segunda vice e Oluseyi Smith (Canad\u00e1) no terceiro cargo de vice-presid\u00eancia.<\/p>\n<p>\u201c\u00c9 um grande momento para liderar a nossa Comiss\u00e3o\u201d, afirmou Gasol, citado pela nota do COI. O atleta j\u00e1 integrou o COI desde T\u00f3quio 2021 e descreve a perspetiva para LA 2028 como uma oportunidade de continuar o progresso.<\/p>\n<p>Gasol destacou a import\u00e2ncia de trabalhar em conjunto para alcan\u00e7ar mais avan\u00e7os at\u00e9 Los Angeles 2028, olhando para o refor\u00e7o da presen\u00e7a dos atletas junto do COI e das modalidades desportivas.<\/p>\n<p>Emma Terho agradeceu o apoio recebido na lideran\u00e7a ao longo de oito anos e desejou sucesso \u00e0 nova dire\u00e7\u00e3o, reconhecendo o papel dos membros da CA na defesa dos interesses dos atletas.<\/p>\n<p>A CA representa os interesses dos atletas dentro e fora do COI. O \u00f3rg\u00e3o pode ter at\u00e9 23 membros, com 12 eleitos nos Jogos Ol\u00edmpicos e o restante nomeado para equil\u00edbrio de g\u00e9nero, regi\u00f5es e modalidades.<\/p>\n","protected":false},"excerpt":{"rendered":"<ul>\n<li>Pau Gasol foi eleito presidente da Comiss\u00e3o de Atletas do Comit\u00e9 Ol\u00edmpico Internacional (COI), cargo que ocupar\u00e1 at\u00e9 aos Jogos de Los Angeles 2028.<\/li>\n<li>Substitui Emma Terho, antiga hoquista da Finl\u00e2ndia, que liderava a comiss\u00e3o desde T\u00f3quio 2020.<\/li>\n<li>A nova equipa diretiva mant\u00e9m Maja Wloszczowska como primeira vice-presidente, com Humphrey Kayange como segundo vice e Oluseyi Smith no novo terceiro cargo de vice-presid\u00eancia.<\/li>\n<li>Gasol afirmou que \u00e9 \u201cum grande momento\u201d para liderar a comiss\u00e3o e que os pr\u00f3ximos anos representam uma oportunidade \u00fanica at\u00e9 Los Angeles 2028 para consolidar progressos.<\/li>\n<li>A Comiss\u00e3o de Atletas representa os interesses dos atletas junto do COI, sendo composta por at\u00e9 23 membros, com parte eleitos durante os Jogos e o restante nomeado para equil\u00edbrio de g\u00e9nero, regi\u00f5es e modalidades.<\/li>\n<\/ul>\n","protected":false},"author":2,"featured_media":219362,"comment_status":"closed","ping_status":"closed","sticky":false,"template":"","format":"standard","meta":{"footnotes":""},"categories":[21],"tags":[252,392,4688,2031,1857,84],"class_list":["post-219358","post","type-post","status-publish","format-standard","has-post-thumbnail","hentry","category-desporto","tag-atletas","tag-basquetebol","tag-comite-olimpico-internacional","tag-espanha","tag-italia","tag-olimpiadas"],"yoast_head":"<!-- This site is optimized with the Yoast SEO plugin v27.2 - https:\/\/yoast.com\/product\/yoast-seo-wordpress\/ -->\n<title>Pau Gasol eleito presidente da Comiss\u00e3o de Atletas do COI at\u00e9 LA2028 - Portal Tela Portugal<\/title>\n<meta name=\"robots\" content=\"index, follow, max-snippet:-1, max-image-preview:large, max-video-preview:-1\" \/>\n<meta property=\"og:locale\" content=\"pt_PT\" \/>\n<meta property=\"og:type\" content=\"article\" \/>\n<meta property=\"og:title\" content=\"Pau Gasol eleito presidente da Comiss\u00e3o de Atletas do COI at\u00e9 LA2028 - Portal Tela Portugal\" \/>\n<meta property=\"og:description\" content=\"Pau Gasol foi eleito presidente da Comiss\u00e3o de Atletas do Comit\u00e9 Ol\u00edmpico Internacional (COI), cargo que ocupar\u00e1 at\u00e9 aos Jogos de Los Angeles 2028. Substitui Emma Terho, antiga hoquista da Finl\u00e2ndia, que liderava a comiss\u00e3o desde T\u00f3quio 2020. A nova equipa diretiva mant\u00e9m Maja Wloszczowska como primeira vice-presidente, com Humphrey Kayange como segundo vice e Oluseyi Smith no novo terceiro cargo de vice-presid\u00eancia. Gasol afirmou que \u00e9 \u201cum grande momento\u201d para liderar a comiss\u00e3o e que os pr\u00f3ximos anos representam uma oportunidade \u00fanica at\u00e9 Los Angeles 2028 para consolidar progressos. A Comiss\u00e3o de Atletas representa os interesses dos atletas junto do COI, sendo composta por at\u00e9 23 membros, com parte eleitos durante os Jogos e o restante nomeado para equil\u00edbrio de g\u00e9nero, regi\u00f5es e modalidades.\" \/>\n<meta property=\"og:url\" content=\"https:\/\/portaltela.pt\/noticias\/2026\/02\/20\/pau-gasol-eleito-presidente-da-comissao-de-atletas-do-coi-ate-la2028\/\" \/>\n<meta property=\"og:site_name\" content=\"Portal Tela Portugal\" \/>\n<meta property=\"article:published_time\" content=\"2026-02-20T15:27:07+00:00\" \/>\n<meta name=\"author\" content=\"Telinha\" \/>\n<meta name=\"twitter:card\" content=\"summary_large_image\" \/>\n<meta name=\"twitter:label1\" content=\"Escrito por\" \/>\n\t<meta name=\"twitter:data1\" content=\"Telinha\" \/>\n\t<meta name=\"twitter:label2\" content=\"Tempo estimado de leitura\" \/>\n\t<meta name=\"twitter:data2\" content=\"1 minuto\" \/>\n<script type=\"application\/ld+json\" class=\"yoast-schema-graph\">{\"@context\":\"https:\/\/schema.org\",\"@graph\":[{\"@type\":\"Article\",\"@id\":\"https:\/\/portaltela.pt\/noticias\/2026\/02\/20\/pau-gasol-eleito-presidente-da-comissao-de-atletas-do-coi-ate-la2028\/#article\",\"isPartOf\":{\"@id\":\"https:\/\/portaltela.pt\/noticias\/2026\/02\/20\/pau-gasol-eleito-presidente-da-comissao-de-atletas-do-coi-ate-la2028\/\"},\"author\":{\"name\":\"Telinha\",\"@id\":\"https:\/\/portaltela.pt\/#\/schema\/person\/c4278d4a6028830caff9ee44b42d32ed\"},\"headline\":\"Pau Gasol eleito presidente da Comiss\u00e3o de Atletas do COI at\u00e9 LA2028\",\"datePublished\":\"2026-02-20T15:27:07+00:00\",\"mainEntityOfPage\":{\"@id\":\"https:\/\/portaltela.pt\/noticias\/2026\/02\/20\/pau-gasol-eleito-presidente-da-comissao-de-atletas-do-coi-ate-la2028\/\"},\"wordCount\":259,\"image\":{\"@id\":\"https:\/\/portaltela.pt\/noticias\/2026\/02\/20\/pau-gasol-eleito-presidente-da-comissao-de-atletas-do-coi-ate-la2028\/#primaryimage\"},\"thumbnailUrl\":\"https:\/\/portaltela.pt\/s.01k8rhncp4jt1\/2026\/02\/img_920x518uu2026-02-20-15-26-33-2422713.jpg\",\"keywords\":[\"atletas\",\"basquetebol\",\"Comit\u00e9 Ol\u00edmpico Internacional\",\"Espanha\",\"It\u00e1lia\",\"olimp\u00edadas\"],\"articleSection\":[\"Desporto\"],\"inLanguage\":\"pt-PT\"},{\"@type\":\"WebPage\",\"@id\":\"https:\/\/portaltela.pt\/noticias\/2026\/02\/20\/pau-gasol-eleito-presidente-da-comissao-de-atletas-do-coi-ate-la2028\/\",\"url\":\"https:\/\/portaltela.pt\/noticias\/2026\/02\/20\/pau-gasol-eleito-presidente-da-comissao-de-atletas-do-coi-ate-la2028\/\",\"name\":\"Pau Gasol eleito presidente da Comiss\u00e3o de Atletas do COI at\u00e9 LA2028 - Portal Tela Portugal\",\"isPartOf\":{\"@id\":\"https:\/\/portaltela.pt\/#website\"},\"primaryImageOfPage\":{\"@id\":\"https:\/\/portaltela.pt\/noticias\/2026\/02\/20\/pau-gasol-eleito-presidente-da-comissao-de-atletas-do-coi-ate-la2028\/#primaryimage\"},\"image\":{\"@id\":\"https:\/\/portaltela.pt\/noticias\/2026\/02\/20\/pau-gasol-eleito-presidente-da-comissao-de-atletas-do-coi-ate-la2028\/#primaryimage\"},\"thumbnailUrl\":\"https:\/\/portaltela.pt\/s.01k8rhncp4jt1\/2026\/02\/img_920x518uu2026-02-20-15-26-33-2422713.jpg\",\"datePublished\":\"2026-02-20T15:27:07+00:00\",\"author\":{\"@id\":\"https:\/\/portaltela.pt\/#\/schema\/person\/c4278d4a6028830caff9ee44b42d32ed\"},\"breadcrumb\":{\"@id\":\"https:\/\/portaltela.pt\/noticias\/2026\/02\/20\/pau-gasol-eleito-presidente-da-comissao-de-atletas-do-coi-ate-la2028\/#breadcrumb\"},\"inLanguage\":\"pt-PT\",\"potentialAction\":[{\"@type\":\"ReadAction\",\"target\":[\"https:\/\/portaltela.pt\/noticias\/2026\/02\/20\/pau-gasol-eleito-presidente-da-comissao-de-atletas-do-coi-ate-la2028\/\"]}]},{\"@type\":\"ImageObject\",\"inLanguage\":\"pt-PT\",\"@id\":\"https:\/\/portaltela.pt\/noticias\/2026\/02\/20\/pau-gasol-eleito-presidente-da-comissao-de-atletas-do-coi-ate-la2028\/#primaryimage\",\"url\":\"https:\/\/portaltela.pt\/s.01k8rhncp4jt1\/2026\/02\/img_920x518uu2026-02-20-15-26-33-2422713.jpg\",\"contentUrl\":\"https:\/\/portaltela.pt\/s.01k8rhncp4jt1\/2026\/02\/img_920x518uu2026-02-20-15-26-33-2422713.jpg\",\"width\":796,\"height\":448,\"caption\":\"Pau Gasol eleito presidente da Comiss\u00e3o de Atletas do COI\"},{\"@type\":\"BreadcrumbList\",\"@id\":\"https:\/\/portaltela.pt\/noticias\/2026\/02\/20\/pau-gasol-eleito-presidente-da-comissao-de-atletas-do-coi-ate-la2028\/#breadcrumb\",\"itemListElement\":[{\"@type\":\"ListItem\",\"position\":1,\"name\":\"In\u00edcio\",\"item\":\"https:\/\/portaltela.pt\/\"},{\"@type\":\"ListItem\",\"position\":2,\"name\":\"Pau Gasol eleito presidente da Comiss\u00e3o de Atletas do COI at\u00e9 LA2028\"}]},{\"@type\":\"WebSite\",\"@id\":\"https:\/\/portaltela.pt\/#website\",\"url\":\"https:\/\/portaltela.pt\/\",\"name\":\"Portal Tela Portugal\",\"description\":\"\",\"potentialAction\":[{\"@type\":\"SearchAction\",\"target\":{\"@type\":\"EntryPoint\",\"urlTemplate\":\"https:\/\/portaltela.pt\/?s={search_term_string}\"},\"query-input\":{\"@type\":\"PropertyValueSpecification\",\"valueRequired\":true,\"valueName\":\"search_term_string\"}}],\"inLanguage\":\"pt-PT\"},{\"@type\":\"Person\",\"@id\":\"https:\/\/portaltela.pt\/#\/schema\/person\/c4278d4a6028830caff9ee44b42d32ed\",\"name\":\"Telinha\",\"image\":{\"@type\":\"ImageObject\",\"inLanguage\":\"pt-PT\",\"@id\":\"https:\/\/portaltela.pt\/s.01k8rhncp4jt1\/2025\/11\/talking-bot-125x125.png\",\"url\":\"https:\/\/portaltela.pt\/s.01k8rhncp4jt1\/2025\/11\/talking-bot-125x125.png\",\"contentUrl\":\"https:\/\/portaltela.pt\/s.01k8rhncp4jt1\/2025\/11\/talking-bot-125x125.png\",\"caption\":\"Telinha\"},\"sameAs\":[\"https:\/\/portaltela.pt\/\"],\"url\":\"https:\/\/portaltela.pt\/por\/367410592786\/\"}]}<\/script>\n<!-- \/ Yoast SEO plugin. -->","yoast_head_json":{"title":"Pau Gasol eleito presidente da Comiss\u00e3o de Atletas do COI at\u00e9 LA2028 - Portal Tela Portugal","robots":{"index":"index","follow":"follow","max-snippet":"max-snippet:-1","max-image-preview":"max-image-preview:large","max-video-preview":"max-video-preview:-1"},"og_locale":"pt_PT","og_type":"article","og_title":"Pau Gasol eleito presidente da Comiss\u00e3o de Atletas do COI at\u00e9 LA2028 - Portal Tela Portugal","og_description":"Pau Gasol foi eleito presidente da Comiss\u00e3o de Atletas do Comit\u00e9 Ol\u00edmpico Internacional (COI), cargo que ocupar\u00e1 at\u00e9 aos Jogos de Los Angeles 2028. Substitui Emma Terho, antiga hoquista da Finl\u00e2ndia, que liderava a comiss\u00e3o desde T\u00f3quio 2020. A nova equipa diretiva mant\u00e9m Maja Wloszczowska como primeira vice-presidente, com Humphrey Kayange como segundo vice e Oluseyi Smith no novo terceiro cargo de vice-presid\u00eancia. Gasol afirmou que \u00e9 \u201cum grande momento\u201d para liderar a comiss\u00e3o e que os pr\u00f3ximos anos representam uma oportunidade \u00fanica at\u00e9 Los Angeles 2028 para consolidar progressos. A Comiss\u00e3o de Atletas representa os interesses dos atletas junto do COI, sendo composta por at\u00e9 23 membros, com parte eleitos durante os Jogos e o restante nomeado para equil\u00edbrio de g\u00e9nero, regi\u00f5es e modalidades.","og_url":"https:\/\/portaltela.pt\/noticias\/2026\/02\/20\/pau-gasol-eleito-presidente-da-comissao-de-atletas-do-coi-ate-la2028\/","og_site_name":"Portal Tela Portugal","article_published_time":"2026-02-20T15:27:07+00:00","author":"Telinha","twitter_card":"summary_large_image","twitter_misc":{"Escrito por":"Telinha","Tempo estimado de leitura":"1 minuto"},"schema":{"@context":"https:\/\/schema.org","@graph":[{"@type":"Article","@id":"https:\/\/portaltela.pt\/noticias\/2026\/02\/20\/pau-gasol-eleito-presidente-da-comissao-de-atletas-do-coi-ate-la2028\/#article","isPartOf":{"@id":"https:\/\/portaltela.pt\/noticias\/2026\/02\/20\/pau-gasol-eleito-presidente-da-comissao-de-atletas-do-coi-ate-la2028\/"},"author":{"name":"Telinha","@id":"https:\/\/portaltela.pt\/#\/schema\/person\/c4278d4a6028830caff9ee44b42d32ed"},"headline":"Pau Gasol eleito presidente da Comiss\u00e3o de Atletas do COI at\u00e9 LA2028","datePublished":"2026-02-20T15:27:07+00:00","mainEntityOfPage":{"@id":"https:\/\/portaltela.pt\/noticias\/2026\/02\/20\/pau-gasol-eleito-presidente-da-comissao-de-atletas-do-coi-ate-la2028\/"},"wordCount":259,"image":{"@id":"https:\/\/portaltela.pt\/noticias\/2026\/02\/20\/pau-gasol-eleito-presidente-da-comissao-de-atletas-do-coi-ate-la2028\/#primaryimage"},"thumbnailUrl":"https:\/\/portaltela.pt\/s.01k8rhncp4jt1\/2026\/02\/img_920x518uu2026-02-20-15-26-33-2422713.jpg","keywords":["atletas","basquetebol","Comit\u00e9 Ol\u00edmpico Internacional","Espanha","It\u00e1lia","olimp\u00edadas"],"articleSection":["Desporto"],"inLanguage":"pt-PT"},{"@type":"WebPage","@id":"https:\/\/portaltela.pt\/noticias\/2026\/02\/20\/pau-gasol-eleito-presidente-da-comissao-de-atletas-do-coi-ate-la2028\/","url":"https:\/\/portaltela.pt\/noticias\/2026\/02\/20\/pau-gasol-eleito-presidente-da-comissao-de-atletas-do-coi-ate-la2028\/","name":"Pau Gasol eleito presidente da Comiss\u00e3o de Atletas do COI at\u00e9 LA2028 - Portal Tela Portugal","isPartOf":{"@id":"https:\/\/portaltela.pt\/#website"},"primaryImageOfPage":{"@id":"https:\/\/portaltela.pt\/noticias\/2026\/02\/20\/pau-gasol-eleito-presidente-da-comissao-de-atletas-do-coi-ate-la2028\/#primaryimage"},"image":{"@id":"https:\/\/portaltela.pt\/noticias\/2026\/02\/20\/pau-gasol-eleito-presidente-da-comissao-de-atletas-do-coi-ate-la2028\/#primaryimage"},"thumbnailUrl":"https:\/\/portaltela.pt\/s.01k8rhncp4jt1\/2026\/02\/img_920x518uu2026-02-20-15-26-33-2422713.jpg","datePublished":"2026-02-20T15:27:07+00:00","author":{"@id":"https:\/\/portaltela.pt\/#\/schema\/person\/c4278d4a6028830caff9ee44b42d32ed"},"breadcrumb":{"@id":"https:\/\/portaltela.pt\/noticias\/2026\/02\/20\/pau-gasol-eleito-presidente-da-comissao-de-atletas-do-coi-ate-la2028\/#breadcrumb"},"inLanguage":"pt-PT","potentialAction":[{"@type":"ReadAction","target":["https:\/\/portaltela.pt\/noticias\/2026\/02\/20\/pau-gasol-eleito-presidente-da-comissao-de-atletas-do-coi-ate-la2028\/"]}]},{"@type":"ImageObject","inLanguage":"pt-PT","@id":"https:\/\/portaltela.pt\/noticias\/2026\/02\/20\/pau-gasol-eleito-presidente-da-comissao-de-atletas-do-coi-ate-la2028\/#primaryimage","url":"https:\/\/portaltela.pt\/s.01k8rhncp4jt1\/2026\/02\/img_920x518uu2026-02-20-15-26-33-2422713.jpg","contentUrl":"https:\/\/portaltela.pt\/s.01k8rhncp4jt1\/2026\/02\/img_920x518uu2026-02-20-15-26-33-2422713.jpg","width":796,"height":448,"caption":"Pau Gasol eleito presidente da Comiss\u00e3o de Atletas do COI"},{"@type":"BreadcrumbList","@id":"https:\/\/portaltela.pt\/noticias\/2026\/02\/20\/pau-gasol-eleito-presidente-da-comissao-de-atletas-do-coi-ate-la2028\/#breadcrumb","itemListElement":[{"@type":"ListItem","position":1,"name":"In\u00edcio","item":"https:\/\/portaltela.pt\/"},{"@type":"ListItem","position":2,"name":"Pau Gasol eleito presidente da Comiss\u00e3o de Atletas do COI at\u00e9 LA2028"}]},{"@type":"WebSite","@id":"https:\/\/portaltela.pt\/#website","url":"https:\/\/portaltela.pt\/","name":"Portal Tela Portugal","description":"","potentialAction":[{"@type":"SearchAction","target":{"@type":"EntryPoint","urlTemplate":"https:\/\/portaltela.pt\/?s={search_term_string}"},"query-input":{"@type":"PropertyValueSpecification","valueRequired":true,"valueName":"search_term_string"}}],"inLanguage":"pt-PT"},{"@type":"Person","@id":"https:\/\/portaltela.pt\/#\/schema\/person\/c4278d4a6028830caff9ee44b42d32ed","name":"Telinha","image":{"@type":"ImageObject","inLanguage":"pt-PT","@id":"https:\/\/portaltela.pt\/s.01k8rhncp4jt1\/2025\/11\/talking-bot-125x125.png","url":"https:\/\/portaltela.pt\/s.01k8rhncp4jt1\/2025\/11\/talking-bot-125x125.png","contentUrl":"https:\/\/portaltela.pt\/s.01k8rhncp4jt1\/2025\/11\/talking-bot-125x125.png","caption":"Telinha"},"sameAs":["https:\/\/portaltela.pt\/"],"url":"https:\/\/portaltela.pt\/por\/367410592786\/"}]}},"_links":{"self":[{"href":"https:\/\/portaltela.pt\/api\/wp\/v2\/posts\/219358","targetHints":{"allow":["GET"]}}],"collection":[{"href":"https:\/\/portaltela.pt\/api\/wp\/v2\/posts"}],"about":[{"href":"https:\/\/portaltela.pt\/api\/wp\/v2\/types\/post"}],"author":[{"embeddable":true,"href":"https:\/\/portaltela.pt\/api\/wp\/v2\/users\/2"}],"replies":[{"embeddable":true,"href":"https:\/\/portaltela.pt\/api\/wp\/v2\/comments?post=219358"}],"version-history":[{"count":0,"href":"https:\/\/portaltela.pt\/api\/wp\/v2\/posts\/219358\/revisions"}],"wp:featuredmedia":[{"embeddable":true,"href":"https:\/\/portaltela.pt\/api\/wp\/v2\/media\/219362"}],"wp:attachment":[{"href":"https:\/\/portaltela.pt\/api\/wp\/v2\/media?parent=219358"}],"wp:term":[{"taxonomy":"category","embeddable":true,"href":"https:\/\/portaltela.pt\/api\/wp\/v2\/categories?post=219358"},{"taxonomy":"post_tag","embeddable":true,"href":"https:\/\/portaltela.pt\/api\/wp\/v2\/tags?post=219358"}],"curies":[{"name":"wp","href":"https:\/\/api.w.org\/{rel}","templated":true}]}}