{"id":219286,"date":"2026-02-20T11:20:00","date_gmt":"2026-02-20T14:20:00","guid":{"rendered":"https:\/\/portaltela.pt\/noticias\/2026\/02\/20\/tapada-nacional-de-mafra-reabre-com-visitas-guiadas-obrigatorias\/"},"modified":"2026-02-20T11:20:00","modified_gmt":"2026-02-20T14:20:00","slug":"tapada-nacional-de-mafra-reabre-com-visitas-guiadas-obrigatorias","status":"publish","type":"post","link":"https:\/\/portaltela.pt\/noticias\/2026\/02\/20\/tapada-nacional-de-mafra-reabre-com-visitas-guiadas-obrigatorias\/","title":{"rendered":"Tapada Nacional de Mafra reabre com visitas guiadas obrigat\u00f3rias"},"content":{"rendered":"<p>A Tapada Nacional de Mafra reabriu ao p\u00fablico neste s\u00e1bado, ap\u00f3s o encerramento no in\u00edcio do m\u00eas devido ao mau tempo. A gest\u00e3o informou que as visitas v\u00e3o ocorrer com um modelo refor\u00e7ado, com acompanhamento obrigat\u00f3rio por guia em todas as experi\u00eancias.<\/p>\n<p>Segundo a cooperativa gestora, a observa\u00e7\u00e3o de fauna mant\u00e9m-se normal, mas houve impactos na paisagem: quedas de \u00e1rvores e movimenta\u00e7\u00e3o de solo. Os visitantes s\u00e3o alertados para usar cal\u00e7ado adequado e manter cuidados durante as desloca\u00e7\u00f5es.<\/p>\n<p>O Castanheiro-da-\u00cdndia, com idade estimada entre 120 e 150 anos, foi perdido na tempestade. Parte do castanheiro permanece, com estacas que podem enraizar, mantendo a mem\u00f3ria da \u00e1rvore e do recinto.<\/p>\n<h3>Voltar \u00e0 Tapada<\/h3>\n<p>Na floresta aut\u00f3ctone de 833 hectares j\u00e1 existem v\u00e1rias experi\u00eancias, incluindo o passeio em carro el\u00e9trico aos fins de semana \u00e0s 11h15 e 15h, e dias \u00fateis \u00e0s 15h. O trajeto pedestre come\u00e7a a ser autorizado com guia.<\/p>\n<p>O percurso pedestre recome\u00e7a a 2 de Mar\u00e7o, exclusivo a visitas guiadas, com pre\u00e7o de 5\u20ac por participante (m\u00ednimo de tr\u00eas). N\u00e3o \u00e9 recomendado para quem tenha mobilidade reduzida ou dificuldades em terreno sinuoso.<\/p>\n<p>Entre 7 e 8 de Mar\u00e7o surgem eventos especiais: o percurso plantas m\u00e1gicas e animais ocultos (10\u20ac adulto, 7,5\u20ac crian\u00e7a) e o Forest Mind (22,50\u20ac), com datas adicionais a 24 de Maio. Reservas no site oficial.<\/p>\n","protected":false},"excerpt":{"rendered":"<ul>\n<li>A Tapada Nacional de Mafra reabre ao p\u00fablico no s\u00e1bado, 21 de fevereiro, ap\u00f3s encerramento devido ao mau tempo no in\u00edcio do m\u00eas, com visitas agora obrigatoriamente guiadas em todas as experi\u00eancias.<\/li>\n<li>Em mar\u00e7o ser\u00e1 retomado um percurso pedestre acess\u00edvel, ainda que sempre acompanhado por guia.<\/li>\n<li>Observa\u00e7\u00e3o de fauna mant\u00e9m-se normal; a intemp\u00e9rie deixou altera\u00e7\u00f5es na paisagem, como queda de \u00e1rvores e movimento de solo; \u00e9 recomendado cal\u00e7ado adequado.<\/li>\n<li>Perdeu-se o Castanheiro-da-\u00cdndia (entre 120 e 150 anos), plantado pelo rei D. Fernando II, que marcava a entrada do Celebredo, com esfor\u00e7os para preservar mem\u00f3ria por meio de estacas e ra\u00edzes.<\/li>\n<li>Al\u00e9m de visitas guiadas, j\u00e1 dispon\u00edvel o programa &#8220;Conhecer a Tapada&#8221; em carro el\u00e9ctrico aos fins de semana, com in\u00edcio \u00e0s 11h15 e 15h, e, a partir de 2 de mar\u00e7o, o percurso pedestre guiado (5 euros por pessoa; m\u00ednimo de tr\u00eas). Novas propostas especiais em mar\u00e7o incluem dois eventos tem\u00e1ticos com bilhete\u00e7\u00e3o. Reservas pelo site oficial da Tapada.<\/li>\n<\/ul>\n","protected":false},"author":2,"featured_media":219288,"comment_status":"closed","ping_status":"closed","sticky":false,"template":"","format":"standard","meta":{"footnotes":""},"categories":[1],"tags":[167,4576,2600,3568,2222,169],"class_list":["post-219286","post","type-post","status-publish","format-standard","has-post-thumbnail","hentry","category-noticias","tag-ambiente","tag-florestal","tag-mafra","tag-natureza","tag-percursos-pedestres","tag-turismo"],"yoast_head":"<!-- This site is optimized with the Yoast SEO plugin v27.2 - https:\/\/yoast.com\/product\/yoast-seo-wordpress\/ -->\n<title>Tapada Nacional de Mafra reabre com visitas guiadas obrigat\u00f3rias - Portal Tela Portugal<\/title>\n<meta name=\"robots\" content=\"index, follow, max-snippet:-1, max-image-preview:large, max-video-preview:-1\" \/>\n<meta property=\"og:locale\" content=\"pt_PT\" \/>\n<meta property=\"og:type\" content=\"article\" \/>\n<meta property=\"og:title\" content=\"Tapada Nacional de Mafra reabre com visitas guiadas obrigat\u00f3rias - Portal Tela Portugal\" \/>\n<meta property=\"og:description\" content=\"A Tapada Nacional de Mafra reabre ao p\u00fablico no s\u00e1bado, 21 de fevereiro, ap\u00f3s encerramento devido ao mau tempo no in\u00edcio do m\u00eas, com visitas agora obrigatoriamente guiadas em todas as experi\u00eancias. Em mar\u00e7o ser\u00e1 retomado um percurso pedestre acess\u00edvel, ainda que sempre acompanhado por guia. Observa\u00e7\u00e3o de fauna mant\u00e9m-se normal; a intemp\u00e9rie deixou altera\u00e7\u00f5es na paisagem, como queda de \u00e1rvores e movimento de solo; \u00e9 recomendado cal\u00e7ado adequado. Perdeu-se o Castanheiro-da-\u00cdndia (entre 120 e 150 anos), plantado pelo rei D. Fernando II, que marcava a entrada do Celebredo, com esfor\u00e7os para preservar mem\u00f3ria por meio de estacas e ra\u00edzes. Al\u00e9m de visitas guiadas, j\u00e1 dispon\u00edvel o programa &quot;Conhecer a Tapada&quot; em carro el\u00e9ctrico aos fins de semana, com in\u00edcio \u00e0s 11h15 e 15h, e, a partir de 2 de mar\u00e7o, o percurso pedestre guiado (5 euros por pessoa; m\u00ednimo de tr\u00eas). Novas propostas especiais em mar\u00e7o incluem dois eventos tem\u00e1ticos com bilhete\u00e7\u00e3o. Reservas pelo site oficial da Tapada.\" \/>\n<meta property=\"og:url\" content=\"https:\/\/portaltela.pt\/noticias\/2026\/02\/20\/tapada-nacional-de-mafra-reabre-com-visitas-guiadas-obrigatorias\/\" \/>\n<meta property=\"og:site_name\" content=\"Portal Tela Portugal\" \/>\n<meta property=\"article:published_time\" content=\"2026-02-20T14:20:00+00:00\" \/>\n<meta name=\"author\" content=\"Telinha\" \/>\n<meta name=\"twitter:card\" content=\"summary_large_image\" \/>\n<meta name=\"twitter:label1\" content=\"Escrito por\" \/>\n\t<meta name=\"twitter:data1\" content=\"Telinha\" \/>\n\t<meta name=\"twitter:label2\" content=\"Tempo estimado de leitura\" \/>\n\t<meta name=\"twitter:data2\" content=\"1 minuto\" \/>\n<script type=\"application\/ld+json\" class=\"yoast-schema-graph\">{\"@context\":\"https:\/\/schema.org\",\"@graph\":[{\"@type\":\"Article\",\"@id\":\"https:\/\/portaltela.pt\/noticias\/2026\/02\/20\/tapada-nacional-de-mafra-reabre-com-visitas-guiadas-obrigatorias\/#article\",\"isPartOf\":{\"@id\":\"https:\/\/portaltela.pt\/noticias\/2026\/02\/20\/tapada-nacional-de-mafra-reabre-com-visitas-guiadas-obrigatorias\/\"},\"author\":{\"name\":\"Telinha\",\"@id\":\"https:\/\/portaltela.pt\/#\/schema\/person\/c4278d4a6028830caff9ee44b42d32ed\"},\"headline\":\"Tapada Nacional de Mafra reabre com visitas guiadas obrigat\u00f3rias\",\"datePublished\":\"2026-02-20T14:20:00+00:00\",\"mainEntityOfPage\":{\"@id\":\"https:\/\/portaltela.pt\/noticias\/2026\/02\/20\/tapada-nacional-de-mafra-reabre-com-visitas-guiadas-obrigatorias\/\"},\"wordCount\":249,\"image\":{\"@id\":\"https:\/\/portaltela.pt\/noticias\/2026\/02\/20\/tapada-nacional-de-mafra-reabre-com-visitas-guiadas-obrigatorias\/#primaryimage\"},\"thumbnailUrl\":\"https:\/\/portaltela.pt\/s.01k8rhncp4jt1\/2026\/02\/2068563.jpg\",\"keywords\":[\"ambiente\",\"florestal\",\"Mafra\",\"natureza\",\"percursos pedestres\",\"turismo\"],\"articleSection\":[\"Not\u00edcias\"],\"inLanguage\":\"pt-PT\"},{\"@type\":\"WebPage\",\"@id\":\"https:\/\/portaltela.pt\/noticias\/2026\/02\/20\/tapada-nacional-de-mafra-reabre-com-visitas-guiadas-obrigatorias\/\",\"url\":\"https:\/\/portaltela.pt\/noticias\/2026\/02\/20\/tapada-nacional-de-mafra-reabre-com-visitas-guiadas-obrigatorias\/\",\"name\":\"Tapada Nacional de Mafra reabre com visitas guiadas obrigat\u00f3rias - Portal Tela Portugal\",\"isPartOf\":{\"@id\":\"https:\/\/portaltela.pt\/#website\"},\"primaryImageOfPage\":{\"@id\":\"https:\/\/portaltela.pt\/noticias\/2026\/02\/20\/tapada-nacional-de-mafra-reabre-com-visitas-guiadas-obrigatorias\/#primaryimage\"},\"image\":{\"@id\":\"https:\/\/portaltela.pt\/noticias\/2026\/02\/20\/tapada-nacional-de-mafra-reabre-com-visitas-guiadas-obrigatorias\/#primaryimage\"},\"thumbnailUrl\":\"https:\/\/portaltela.pt\/s.01k8rhncp4jt1\/2026\/02\/2068563.jpg\",\"datePublished\":\"2026-02-20T14:20:00+00:00\",\"author\":{\"@id\":\"https:\/\/portaltela.pt\/#\/schema\/person\/c4278d4a6028830caff9ee44b42d32ed\"},\"breadcrumb\":{\"@id\":\"https:\/\/portaltela.pt\/noticias\/2026\/02\/20\/tapada-nacional-de-mafra-reabre-com-visitas-guiadas-obrigatorias\/#breadcrumb\"},\"inLanguage\":\"pt-PT\",\"potentialAction\":[{\"@type\":\"ReadAction\",\"target\":[\"https:\/\/portaltela.pt\/noticias\/2026\/02\/20\/tapada-nacional-de-mafra-reabre-com-visitas-guiadas-obrigatorias\/\"]}]},{\"@type\":\"ImageObject\",\"inLanguage\":\"pt-PT\",\"@id\":\"https:\/\/portaltela.pt\/noticias\/2026\/02\/20\/tapada-nacional-de-mafra-reabre-com-visitas-guiadas-obrigatorias\/#primaryimage\",\"url\":\"https:\/\/portaltela.pt\/s.01k8rhncp4jt1\/2026\/02\/2068563.jpg\",\"contentUrl\":\"https:\/\/portaltela.pt\/s.01k8rhncp4jt1\/2026\/02\/2068563.jpg\",\"width\":796,\"height\":448,\"caption\":\"Os veados s\u00e3o residentes da Tapada Nacional de Mafra\"},{\"@type\":\"BreadcrumbList\",\"@id\":\"https:\/\/portaltela.pt\/noticias\/2026\/02\/20\/tapada-nacional-de-mafra-reabre-com-visitas-guiadas-obrigatorias\/#breadcrumb\",\"itemListElement\":[{\"@type\":\"ListItem\",\"position\":1,\"name\":\"In\u00edcio\",\"item\":\"https:\/\/portaltela.pt\/\"},{\"@type\":\"ListItem\",\"position\":2,\"name\":\"Tapada Nacional de Mafra reabre com visitas guiadas obrigat\u00f3rias\"}]},{\"@type\":\"WebSite\",\"@id\":\"https:\/\/portaltela.pt\/#website\",\"url\":\"https:\/\/portaltela.pt\/\",\"name\":\"Portal Tela Portugal\",\"description\":\"\",\"potentialAction\":[{\"@type\":\"SearchAction\",\"target\":{\"@type\":\"EntryPoint\",\"urlTemplate\":\"https:\/\/portaltela.pt\/?s={search_term_string}\"},\"query-input\":{\"@type\":\"PropertyValueSpecification\",\"valueRequired\":true,\"valueName\":\"search_term_string\"}}],\"inLanguage\":\"pt-PT\"},{\"@type\":\"Person\",\"@id\":\"https:\/\/portaltela.pt\/#\/schema\/person\/c4278d4a6028830caff9ee44b42d32ed\",\"name\":\"Telinha\",\"image\":{\"@type\":\"ImageObject\",\"inLanguage\":\"pt-PT\",\"@id\":\"https:\/\/portaltela.pt\/s.01k8rhncp4jt1\/2025\/11\/talking-bot-125x125.png\",\"url\":\"https:\/\/portaltela.pt\/s.01k8rhncp4jt1\/2025\/11\/talking-bot-125x125.png\",\"contentUrl\":\"https:\/\/portaltela.pt\/s.01k8rhncp4jt1\/2025\/11\/talking-bot-125x125.png\",\"caption\":\"Telinha\"},\"sameAs\":[\"https:\/\/portaltela.pt\/\"],\"url\":\"https:\/\/portaltela.pt\/por\/367410592786\/\"}]}<\/script>\n<!-- \/ Yoast SEO plugin. -->","yoast_head_json":{"title":"Tapada Nacional de Mafra reabre com visitas guiadas obrigat\u00f3rias - Portal Tela Portugal","robots":{"index":"index","follow":"follow","max-snippet":"max-snippet:-1","max-image-preview":"max-image-preview:large","max-video-preview":"max-video-preview:-1"},"og_locale":"pt_PT","og_type":"article","og_title":"Tapada Nacional de Mafra reabre com visitas guiadas obrigat\u00f3rias - Portal Tela Portugal","og_description":"A Tapada Nacional de Mafra reabre ao p\u00fablico no s\u00e1bado, 21 de fevereiro, ap\u00f3s encerramento devido ao mau tempo no in\u00edcio do m\u00eas, com visitas agora obrigatoriamente guiadas em todas as experi\u00eancias. Em mar\u00e7o ser\u00e1 retomado um percurso pedestre acess\u00edvel, ainda que sempre acompanhado por guia. Observa\u00e7\u00e3o de fauna mant\u00e9m-se normal; a intemp\u00e9rie deixou altera\u00e7\u00f5es na paisagem, como queda de \u00e1rvores e movimento de solo; \u00e9 recomendado cal\u00e7ado adequado. Perdeu-se o Castanheiro-da-\u00cdndia (entre 120 e 150 anos), plantado pelo rei D. Fernando II, que marcava a entrada do Celebredo, com esfor\u00e7os para preservar mem\u00f3ria por meio de estacas e ra\u00edzes. Al\u00e9m de visitas guiadas, j\u00e1 dispon\u00edvel o programa \"Conhecer a Tapada\" em carro el\u00e9ctrico aos fins de semana, com in\u00edcio \u00e0s 11h15 e 15h, e, a partir de 2 de mar\u00e7o, o percurso pedestre guiado (5 euros por pessoa; m\u00ednimo de tr\u00eas). Novas propostas especiais em mar\u00e7o incluem dois eventos tem\u00e1ticos com bilhete\u00e7\u00e3o. Reservas pelo site oficial da Tapada.","og_url":"https:\/\/portaltela.pt\/noticias\/2026\/02\/20\/tapada-nacional-de-mafra-reabre-com-visitas-guiadas-obrigatorias\/","og_site_name":"Portal Tela Portugal","article_published_time":"2026-02-20T14:20:00+00:00","author":"Telinha","twitter_card":"summary_large_image","twitter_misc":{"Escrito por":"Telinha","Tempo estimado de leitura":"1 minuto"},"schema":{"@context":"https:\/\/schema.org","@graph":[{"@type":"Article","@id":"https:\/\/portaltela.pt\/noticias\/2026\/02\/20\/tapada-nacional-de-mafra-reabre-com-visitas-guiadas-obrigatorias\/#article","isPartOf":{"@id":"https:\/\/portaltela.pt\/noticias\/2026\/02\/20\/tapada-nacional-de-mafra-reabre-com-visitas-guiadas-obrigatorias\/"},"author":{"name":"Telinha","@id":"https:\/\/portaltela.pt\/#\/schema\/person\/c4278d4a6028830caff9ee44b42d32ed"},"headline":"Tapada Nacional de Mafra reabre com visitas guiadas obrigat\u00f3rias","datePublished":"2026-02-20T14:20:00+00:00","mainEntityOfPage":{"@id":"https:\/\/portaltela.pt\/noticias\/2026\/02\/20\/tapada-nacional-de-mafra-reabre-com-visitas-guiadas-obrigatorias\/"},"wordCount":249,"image":{"@id":"https:\/\/portaltela.pt\/noticias\/2026\/02\/20\/tapada-nacional-de-mafra-reabre-com-visitas-guiadas-obrigatorias\/#primaryimage"},"thumbnailUrl":"https:\/\/portaltela.pt\/s.01k8rhncp4jt1\/2026\/02\/2068563.jpg","keywords":["ambiente","florestal","Mafra","natureza","percursos pedestres","turismo"],"articleSection":["Not\u00edcias"],"inLanguage":"pt-PT"},{"@type":"WebPage","@id":"https:\/\/portaltela.pt\/noticias\/2026\/02\/20\/tapada-nacional-de-mafra-reabre-com-visitas-guiadas-obrigatorias\/","url":"https:\/\/portaltela.pt\/noticias\/2026\/02\/20\/tapada-nacional-de-mafra-reabre-com-visitas-guiadas-obrigatorias\/","name":"Tapada Nacional de Mafra reabre com visitas guiadas obrigat\u00f3rias - Portal Tela Portugal","isPartOf":{"@id":"https:\/\/portaltela.pt\/#website"},"primaryImageOfPage":{"@id":"https:\/\/portaltela.pt\/noticias\/2026\/02\/20\/tapada-nacional-de-mafra-reabre-com-visitas-guiadas-obrigatorias\/#primaryimage"},"image":{"@id":"https:\/\/portaltela.pt\/noticias\/2026\/02\/20\/tapada-nacional-de-mafra-reabre-com-visitas-guiadas-obrigatorias\/#primaryimage"},"thumbnailUrl":"https:\/\/portaltela.pt\/s.01k8rhncp4jt1\/2026\/02\/2068563.jpg","datePublished":"2026-02-20T14:20:00+00:00","author":{"@id":"https:\/\/portaltela.pt\/#\/schema\/person\/c4278d4a6028830caff9ee44b42d32ed"},"breadcrumb":{"@id":"https:\/\/portaltela.pt\/noticias\/2026\/02\/20\/tapada-nacional-de-mafra-reabre-com-visitas-guiadas-obrigatorias\/#breadcrumb"},"inLanguage":"pt-PT","potentialAction":[{"@type":"ReadAction","target":["https:\/\/portaltela.pt\/noticias\/2026\/02\/20\/tapada-nacional-de-mafra-reabre-com-visitas-guiadas-obrigatorias\/"]}]},{"@type":"ImageObject","inLanguage":"pt-PT","@id":"https:\/\/portaltela.pt\/noticias\/2026\/02\/20\/tapada-nacional-de-mafra-reabre-com-visitas-guiadas-obrigatorias\/#primaryimage","url":"https:\/\/portaltela.pt\/s.01k8rhncp4jt1\/2026\/02\/2068563.jpg","contentUrl":"https:\/\/portaltela.pt\/s.01k8rhncp4jt1\/2026\/02\/2068563.jpg","width":796,"height":448,"caption":"Os veados s\u00e3o residentes da Tapada Nacional de Mafra"},{"@type":"BreadcrumbList","@id":"https:\/\/portaltela.pt\/noticias\/2026\/02\/20\/tapada-nacional-de-mafra-reabre-com-visitas-guiadas-obrigatorias\/#breadcrumb","itemListElement":[{"@type":"ListItem","position":1,"name":"In\u00edcio","item":"https:\/\/portaltela.pt\/"},{"@type":"ListItem","position":2,"name":"Tapada Nacional de Mafra reabre com visitas guiadas obrigat\u00f3rias"}]},{"@type":"WebSite","@id":"https:\/\/portaltela.pt\/#website","url":"https:\/\/portaltela.pt\/","name":"Portal Tela Portugal","description":"","potentialAction":[{"@type":"SearchAction","target":{"@type":"EntryPoint","urlTemplate":"https:\/\/portaltela.pt\/?s={search_term_string}"},"query-input":{"@type":"PropertyValueSpecification","valueRequired":true,"valueName":"search_term_string"}}],"inLanguage":"pt-PT"},{"@type":"Person","@id":"https:\/\/portaltela.pt\/#\/schema\/person\/c4278d4a6028830caff9ee44b42d32ed","name":"Telinha","image":{"@type":"ImageObject","inLanguage":"pt-PT","@id":"https:\/\/portaltela.pt\/s.01k8rhncp4jt1\/2025\/11\/talking-bot-125x125.png","url":"https:\/\/portaltela.pt\/s.01k8rhncp4jt1\/2025\/11\/talking-bot-125x125.png","contentUrl":"https:\/\/portaltela.pt\/s.01k8rhncp4jt1\/2025\/11\/talking-bot-125x125.png","caption":"Telinha"},"sameAs":["https:\/\/portaltela.pt\/"],"url":"https:\/\/portaltela.pt\/por\/367410592786\/"}]}},"_links":{"self":[{"href":"https:\/\/portaltela.pt\/api\/wp\/v2\/posts\/219286","targetHints":{"allow":["GET"]}}],"collection":[{"href":"https:\/\/portaltela.pt\/api\/wp\/v2\/posts"}],"about":[{"href":"https:\/\/portaltela.pt\/api\/wp\/v2\/types\/post"}],"author":[{"embeddable":true,"href":"https:\/\/portaltela.pt\/api\/wp\/v2\/users\/2"}],"replies":[{"embeddable":true,"href":"https:\/\/portaltela.pt\/api\/wp\/v2\/comments?post=219286"}],"version-history":[{"count":0,"href":"https:\/\/portaltela.pt\/api\/wp\/v2\/posts\/219286\/revisions"}],"wp:featuredmedia":[{"embeddable":true,"href":"https:\/\/portaltela.pt\/api\/wp\/v2\/media\/219288"}],"wp:attachment":[{"href":"https:\/\/portaltela.pt\/api\/wp\/v2\/media?parent=219286"}],"wp:term":[{"taxonomy":"category","embeddable":true,"href":"https:\/\/portaltela.pt\/api\/wp\/v2\/categories?post=219286"},{"taxonomy":"post_tag","embeddable":true,"href":"https:\/\/portaltela.pt\/api\/wp\/v2\/tags?post=219286"}],"curies":[{"name":"wp","href":"https:\/\/api.w.org\/{rel}","templated":true}]}}