{"id":219274,"date":"2026-02-20T11:24:43","date_gmt":"2026-02-20T14:24:43","guid":{"rendered":"https:\/\/portaltela.pt\/noticias\/2026\/02\/20\/parlamento-aprova-visitas-do-pr-a-forca-destacada-em-africa-e-em-bruxelas\/"},"modified":"2026-02-20T11:24:43","modified_gmt":"2026-02-20T14:24:43","slug":"parlamento-aprova-visitas-do-pr-a-forca-destacada-em-africa-e-em-bruxelas","status":"publish","type":"post","link":"https:\/\/portaltela.pt\/noticias\/politica\/2026\/02\/20\/parlamento-aprova-visitas-do-pr-a-forca-destacada-em-africa-e-em-bruxelas\/","title":{"rendered":"Parlamento aprova visitas do PR \u00e0 for\u00e7a destacada em \u00c1frica e em Bruxelas"},"content":{"rendered":"<p>O Parlamento aprovou, por unanimidade, as desloca\u00e7\u00f5es do Presidente da Rep\u00fablica, Marcelo Rebelo de Sousa, para uma for\u00e7a nacional destacada em \u00c1frica e para Bruxelas, na pr\u00f3xima semana. O pedido de autoriza\u00e7\u00e3o \u00e9 apresentado atrav\u00e9s de projetos de resolu\u00e7\u00e3o. O Presidente \u00e9 comandante supremo das For\u00e7as Armadas.<\/p>\n<p>A sa\u00edda para \u00c1frica ocorre entre domingo e quarta-feira, seguidas de uma visita a Bruxelas entre quinta e sexta-feira. O pa\u00eds africano n\u00e3o \u00e9 especificado nos textos, mantendo apenas a refer\u00eancia ao continente, como tem acontecido em visitas anteriores.<\/p>\n<p>Em Bruxelas, Marcelo Rebelo de Sousa reunir\u00e1-se com a presidente do Parlamento Europeu, Roberta Metsola, com a presidente da Comiss\u00e3o Europeia, Ursula von der Leyen, e com o presidente do Conselho Europeu, Ant\u00f3nio Costa. O objetivo \u00e9 manter contactos institucionais com as institui\u00e7\u00f5es da Uni\u00e3o Europeia.<\/p>\n<p>O acordo parlamentar entende que a autoriza\u00e7\u00e3o \u00e9 uma formalidade constitucional, pois o Presidente n\u00e3o pode ausentar-se do territ\u00f3rio sem autoriza\u00e7\u00e3o do parlamento. O essencial \u00e9 assegurar a participa\u00e7\u00e3o em miss\u00f5es e compromissos oficiais no estrangeiro.<\/p>\n<p>No continente africano, Portugal tem for\u00e7as nacionais destacadas na Rep\u00fablica Centro-Africana, em Mo\u00e7ambique e em S\u00e3o Tom\u00e9 e Pr\u00edncipe. Na Rep\u00fablica Centro-Africana, 200 militares trabalham na miss\u00e3o de estabiliza\u00e7\u00e3o da ONU, com 18 na miss\u00e3o de treino da UE. Em Mo\u00e7ambique, 50 militares integram a miss\u00e3o da UE de forma\u00e7\u00e3o, incluindo um general no comando. Em S\u00e3o Tom\u00e9 e Pr\u00edncipe, 18 militares apoiam a capacita\u00e7\u00e3o das for\u00e7as s\u00e3o-tomenses.<\/p>\n<p>Historicamente, Marcelo Rebelo de Sousa j\u00e1 efetuou v\u00e1rias visitas a for\u00e7as nacionais destacadas, incluindo desloca\u00e7\u00f5es a Kaunas, M\u00e1laga, Rep\u00fablica Centro-Africana, Afeganist\u00e3o, Rom\u00e9nia e Eslov\u00e1quia. O Presidente, que termina o mandato em mar\u00e7o, est\u00e1 de momento em Espanha, onde realiza a \u00faltima visita oficial ao pa\u00eds.<\/p>\n<p>Ao todo, o chefe de Estado soma j\u00e1 174 desloca\u00e7\u00f5es ao estrangeiro, n\u00famero que supera o de antecessores. O conjunto inclui visitas de Estado, oficiais, a for\u00e7as destacadas, bem como participa\u00e7\u00f5es em cimeiras, eventos desportivos e cerim\u00f3nias diversas.<\/p>\n","protected":false},"excerpt":{"rendered":"<ul>\n<li>O Parlamento aprovou, por unanimidade, as desloca\u00e7\u00f5es do Presidente da Rep\u00fablica, Marcelo Rebelo de Sousa, a uma for\u00e7a nacional destacada em \u00c1frica e \u00e0s institui\u00e7\u00f5es da Uni\u00e3o Europeia em Bruxelas, na pr\u00f3xima semana.<\/li>\n<li>O Presidente visitar\u00e1 a for\u00e7a nacional destacada em \u00c1frica entre domingo e quarta-feira e, depois, estar\u00e1 em Bruxelas entre quinta e sexta-feira.<\/li>\n<li>No projeto de resolu\u00e7\u00e3o n\u00e3o \u00e9 especificado o pa\u00eds africano; o l\u00edder do PSD pediu a indica\u00e7\u00e3o do destino, mas o texto manteve apenas a refer\u00eancia ao continente, por raz\u00f5es de Estado.<\/li>\n<li>Em Bruxelas, Rebelo de Sousa reunir\u00e1 com Roberta Metsola, Ursula von der Leyen e com o presidente do Conselho Europeu, Ant\u00f3nio Costa.<\/li>\n<li>For\u00e7as portuguesas destacadas: Rep\u00fablica Centro-Africana (200 militares na ONU, 18 na miss\u00e3o de treino da Uni\u00e3o Europeia), Mo\u00e7ambique (50 militares na miss\u00e3o da UE) e S\u00e3o Tom\u00e9 e Pr\u00edncipe (18 militares).<\/li>\n<\/ul>\n","protected":false},"author":2,"featured_media":219275,"comment_status":"closed","ping_status":"closed","sticky":false,"template":"","format":"standard","meta":{"footnotes":""},"categories":[1,5],"tags":[5227,1779,2877,1911,6153,2055],"class_list":["post-219274","post","type-post","status-publish","format-standard","has-post-thumbnail","hentry","category-noticias","category-politica","tag-africa","tag-forcas-armadas","tag-marcelo-rebelo-de-sousa","tag-mocambique","tag-republica-centro-africana","tag-uniao-europeia"],"yoast_head":"<!-- This site is optimized with the Yoast SEO plugin v27.2 - https:\/\/yoast.com\/product\/yoast-seo-wordpress\/ -->\n<title>Parlamento aprova visitas do PR \u00e0 for\u00e7a destacada em \u00c1frica e em Bruxelas - Portal Tela Portugal<\/title>\n<meta name=\"robots\" content=\"index, follow, max-snippet:-1, max-image-preview:large, max-video-preview:-1\" \/>\n<meta property=\"og:locale\" content=\"pt_PT\" \/>\n<meta property=\"og:type\" content=\"article\" \/>\n<meta property=\"og:title\" content=\"Parlamento aprova visitas do PR \u00e0 for\u00e7a destacada em \u00c1frica e em Bruxelas - Portal Tela Portugal\" \/>\n<meta property=\"og:description\" content=\"O Parlamento aprovou, por unanimidade, as desloca\u00e7\u00f5es do Presidente da Rep\u00fablica, Marcelo Rebelo de Sousa, a uma for\u00e7a nacional destacada em \u00c1frica e \u00e0s institui\u00e7\u00f5es da Uni\u00e3o Europeia em Bruxelas, na pr\u00f3xima semana. O Presidente visitar\u00e1 a for\u00e7a nacional destacada em \u00c1frica entre domingo e quarta-feira e, depois, estar\u00e1 em Bruxelas entre quinta e sexta-feira. No projeto de resolu\u00e7\u00e3o n\u00e3o \u00e9 especificado o pa\u00eds africano; o l\u00edder do PSD pediu a indica\u00e7\u00e3o do destino, mas o texto manteve apenas a refer\u00eancia ao continente, por raz\u00f5es de Estado. Em Bruxelas, Rebelo de Sousa reunir\u00e1 com Roberta Metsola, Ursula von der Leyen e com o presidente do Conselho Europeu, Ant\u00f3nio Costa. For\u00e7as portuguesas destacadas: Rep\u00fablica Centro-Africana (200 militares na ONU, 18 na miss\u00e3o de treino da Uni\u00e3o Europeia), Mo\u00e7ambique (50 militares na miss\u00e3o da UE) e S\u00e3o Tom\u00e9 e Pr\u00edncipe (18 militares).\" \/>\n<meta property=\"og:url\" content=\"https:\/\/portaltela.pt\/noticias\/2026\/02\/20\/parlamento-aprova-visitas-do-pr-a-forca-destacada-em-africa-e-em-bruxelas\/\" \/>\n<meta property=\"og:site_name\" content=\"Portal Tela Portugal\" \/>\n<meta property=\"article:published_time\" content=\"2026-02-20T14:24:43+00:00\" \/>\n<meta name=\"author\" content=\"Telinha\" \/>\n<meta name=\"twitter:card\" content=\"summary_large_image\" \/>\n<meta name=\"twitter:label1\" content=\"Escrito por\" \/>\n\t<meta name=\"twitter:data1\" content=\"Telinha\" \/>\n\t<meta name=\"twitter:label2\" content=\"Tempo estimado de leitura\" \/>\n\t<meta name=\"twitter:data2\" content=\"2 minutos\" \/>\n<script type=\"application\/ld+json\" class=\"yoast-schema-graph\">{\"@context\":\"https:\/\/schema.org\",\"@graph\":[{\"@type\":\"Article\",\"@id\":\"https:\/\/portaltela.pt\/noticias\/2026\/02\/20\/parlamento-aprova-visitas-do-pr-a-forca-destacada-em-africa-e-em-bruxelas\/#article\",\"isPartOf\":{\"@id\":\"https:\/\/portaltela.pt\/noticias\/2026\/02\/20\/parlamento-aprova-visitas-do-pr-a-forca-destacada-em-africa-e-em-bruxelas\/\"},\"author\":{\"name\":\"Telinha\",\"@id\":\"https:\/\/portaltela.pt\/#\/schema\/person\/c4278d4a6028830caff9ee44b42d32ed\"},\"headline\":\"Parlamento aprova visitas do PR \u00e0 for\u00e7a destacada em \u00c1frica e em Bruxelas\",\"datePublished\":\"2026-02-20T14:24:43+00:00\",\"mainEntityOfPage\":{\"@id\":\"https:\/\/portaltela.pt\/noticias\/2026\/02\/20\/parlamento-aprova-visitas-do-pr-a-forca-destacada-em-africa-e-em-bruxelas\/\"},\"wordCount\":376,\"image\":{\"@id\":\"https:\/\/portaltela.pt\/noticias\/2026\/02\/20\/parlamento-aprova-visitas-do-pr-a-forca-destacada-em-africa-e-em-bruxelas\/#primaryimage\"},\"thumbnailUrl\":\"https:\/\/portaltela.pt\/s.01k8rhncp4jt1\/2026\/02\/img_1500x1000uu2026-01-21-19-33-37-2261743-1.jpg\",\"keywords\":[\"\u00c1frica\",\"For\u00e7as Armadas\",\"Marcelo Rebelo de Sousa\",\"Mo\u00e7ambique\",\"Rep\u00fablica Centro-Africana\",\"Uni\u00e3o Europeia\"],\"articleSection\":[\"Not\u00edcias\",\"Pol\u00edtica\"],\"inLanguage\":\"pt-PT\"},{\"@type\":\"WebPage\",\"@id\":\"https:\/\/portaltela.pt\/noticias\/2026\/02\/20\/parlamento-aprova-visitas-do-pr-a-forca-destacada-em-africa-e-em-bruxelas\/\",\"url\":\"https:\/\/portaltela.pt\/noticias\/2026\/02\/20\/parlamento-aprova-visitas-do-pr-a-forca-destacada-em-africa-e-em-bruxelas\/\",\"name\":\"Parlamento aprova visitas do PR \u00e0 for\u00e7a destacada em \u00c1frica e em Bruxelas - Portal Tela Portugal\",\"isPartOf\":{\"@id\":\"https:\/\/portaltela.pt\/#website\"},\"primaryImageOfPage\":{\"@id\":\"https:\/\/portaltela.pt\/noticias\/2026\/02\/20\/parlamento-aprova-visitas-do-pr-a-forca-destacada-em-africa-e-em-bruxelas\/#primaryimage\"},\"image\":{\"@id\":\"https:\/\/portaltela.pt\/noticias\/2026\/02\/20\/parlamento-aprova-visitas-do-pr-a-forca-destacada-em-africa-e-em-bruxelas\/#primaryimage\"},\"thumbnailUrl\":\"https:\/\/portaltela.pt\/s.01k8rhncp4jt1\/2026\/02\/img_1500x1000uu2026-01-21-19-33-37-2261743-1.jpg\",\"datePublished\":\"2026-02-20T14:24:43+00:00\",\"author\":{\"@id\":\"https:\/\/portaltela.pt\/#\/schema\/person\/c4278d4a6028830caff9ee44b42d32ed\"},\"breadcrumb\":{\"@id\":\"https:\/\/portaltela.pt\/noticias\/2026\/02\/20\/parlamento-aprova-visitas-do-pr-a-forca-destacada-em-africa-e-em-bruxelas\/#breadcrumb\"},\"inLanguage\":\"pt-PT\",\"potentialAction\":[{\"@type\":\"ReadAction\",\"target\":[\"https:\/\/portaltela.pt\/noticias\/2026\/02\/20\/parlamento-aprova-visitas-do-pr-a-forca-destacada-em-africa-e-em-bruxelas\/\"]}]},{\"@type\":\"ImageObject\",\"inLanguage\":\"pt-PT\",\"@id\":\"https:\/\/portaltela.pt\/noticias\/2026\/02\/20\/parlamento-aprova-visitas-do-pr-a-forca-destacada-em-africa-e-em-bruxelas\/#primaryimage\",\"url\":\"https:\/\/portaltela.pt\/s.01k8rhncp4jt1\/2026\/02\/img_1500x1000uu2026-01-21-19-33-37-2261743-1.jpg\",\"contentUrl\":\"https:\/\/portaltela.pt\/s.01k8rhncp4jt1\/2026\/02\/img_1500x1000uu2026-01-21-19-33-37-2261743-1.jpg\",\"width\":796,\"height\":448,\"caption\":\"Marcelo Rebelo de Sousa discursa no Parlamento Europeu\"},{\"@type\":\"BreadcrumbList\",\"@id\":\"https:\/\/portaltela.pt\/noticias\/2026\/02\/20\/parlamento-aprova-visitas-do-pr-a-forca-destacada-em-africa-e-em-bruxelas\/#breadcrumb\",\"itemListElement\":[{\"@type\":\"ListItem\",\"position\":1,\"name\":\"In\u00edcio\",\"item\":\"https:\/\/portaltela.pt\/\"},{\"@type\":\"ListItem\",\"position\":2,\"name\":\"Parlamento aprova visitas do PR \u00e0 for\u00e7a destacada em \u00c1frica e em Bruxelas\"}]},{\"@type\":\"WebSite\",\"@id\":\"https:\/\/portaltela.pt\/#website\",\"url\":\"https:\/\/portaltela.pt\/\",\"name\":\"Portal Tela Portugal\",\"description\":\"\",\"potentialAction\":[{\"@type\":\"SearchAction\",\"target\":{\"@type\":\"EntryPoint\",\"urlTemplate\":\"https:\/\/portaltela.pt\/?s={search_term_string}\"},\"query-input\":{\"@type\":\"PropertyValueSpecification\",\"valueRequired\":true,\"valueName\":\"search_term_string\"}}],\"inLanguage\":\"pt-PT\"},{\"@type\":\"Person\",\"@id\":\"https:\/\/portaltela.pt\/#\/schema\/person\/c4278d4a6028830caff9ee44b42d32ed\",\"name\":\"Telinha\",\"image\":{\"@type\":\"ImageObject\",\"inLanguage\":\"pt-PT\",\"@id\":\"https:\/\/portaltela.pt\/s.01k8rhncp4jt1\/2025\/11\/talking-bot-125x125.png\",\"url\":\"https:\/\/portaltela.pt\/s.01k8rhncp4jt1\/2025\/11\/talking-bot-125x125.png\",\"contentUrl\":\"https:\/\/portaltela.pt\/s.01k8rhncp4jt1\/2025\/11\/talking-bot-125x125.png\",\"caption\":\"Telinha\"},\"sameAs\":[\"https:\/\/portaltela.pt\/\"],\"url\":\"https:\/\/portaltela.pt\/por\/367410592786\/\"}]}<\/script>\n<!-- \/ Yoast SEO plugin. -->","yoast_head_json":{"title":"Parlamento aprova visitas do PR \u00e0 for\u00e7a destacada em \u00c1frica e em Bruxelas - Portal Tela Portugal","robots":{"index":"index","follow":"follow","max-snippet":"max-snippet:-1","max-image-preview":"max-image-preview:large","max-video-preview":"max-video-preview:-1"},"og_locale":"pt_PT","og_type":"article","og_title":"Parlamento aprova visitas do PR \u00e0 for\u00e7a destacada em \u00c1frica e em Bruxelas - Portal Tela Portugal","og_description":"O Parlamento aprovou, por unanimidade, as desloca\u00e7\u00f5es do Presidente da Rep\u00fablica, Marcelo Rebelo de Sousa, a uma for\u00e7a nacional destacada em \u00c1frica e \u00e0s institui\u00e7\u00f5es da Uni\u00e3o Europeia em Bruxelas, na pr\u00f3xima semana. O Presidente visitar\u00e1 a for\u00e7a nacional destacada em \u00c1frica entre domingo e quarta-feira e, depois, estar\u00e1 em Bruxelas entre quinta e sexta-feira. No projeto de resolu\u00e7\u00e3o n\u00e3o \u00e9 especificado o pa\u00eds africano; o l\u00edder do PSD pediu a indica\u00e7\u00e3o do destino, mas o texto manteve apenas a refer\u00eancia ao continente, por raz\u00f5es de Estado. Em Bruxelas, Rebelo de Sousa reunir\u00e1 com Roberta Metsola, Ursula von der Leyen e com o presidente do Conselho Europeu, Ant\u00f3nio Costa. For\u00e7as portuguesas destacadas: Rep\u00fablica Centro-Africana (200 militares na ONU, 18 na miss\u00e3o de treino da Uni\u00e3o Europeia), Mo\u00e7ambique (50 militares na miss\u00e3o da UE) e S\u00e3o Tom\u00e9 e Pr\u00edncipe (18 militares).","og_url":"https:\/\/portaltela.pt\/noticias\/2026\/02\/20\/parlamento-aprova-visitas-do-pr-a-forca-destacada-em-africa-e-em-bruxelas\/","og_site_name":"Portal Tela Portugal","article_published_time":"2026-02-20T14:24:43+00:00","author":"Telinha","twitter_card":"summary_large_image","twitter_misc":{"Escrito por":"Telinha","Tempo estimado de leitura":"2 minutos"},"schema":{"@context":"https:\/\/schema.org","@graph":[{"@type":"Article","@id":"https:\/\/portaltela.pt\/noticias\/2026\/02\/20\/parlamento-aprova-visitas-do-pr-a-forca-destacada-em-africa-e-em-bruxelas\/#article","isPartOf":{"@id":"https:\/\/portaltela.pt\/noticias\/2026\/02\/20\/parlamento-aprova-visitas-do-pr-a-forca-destacada-em-africa-e-em-bruxelas\/"},"author":{"name":"Telinha","@id":"https:\/\/portaltela.pt\/#\/schema\/person\/c4278d4a6028830caff9ee44b42d32ed"},"headline":"Parlamento aprova visitas do PR \u00e0 for\u00e7a destacada em \u00c1frica e em Bruxelas","datePublished":"2026-02-20T14:24:43+00:00","mainEntityOfPage":{"@id":"https:\/\/portaltela.pt\/noticias\/2026\/02\/20\/parlamento-aprova-visitas-do-pr-a-forca-destacada-em-africa-e-em-bruxelas\/"},"wordCount":376,"image":{"@id":"https:\/\/portaltela.pt\/noticias\/2026\/02\/20\/parlamento-aprova-visitas-do-pr-a-forca-destacada-em-africa-e-em-bruxelas\/#primaryimage"},"thumbnailUrl":"https:\/\/portaltela.pt\/s.01k8rhncp4jt1\/2026\/02\/img_1500x1000uu2026-01-21-19-33-37-2261743-1.jpg","keywords":["\u00c1frica","For\u00e7as Armadas","Marcelo Rebelo de Sousa","Mo\u00e7ambique","Rep\u00fablica Centro-Africana","Uni\u00e3o Europeia"],"articleSection":["Not\u00edcias","Pol\u00edtica"],"inLanguage":"pt-PT"},{"@type":"WebPage","@id":"https:\/\/portaltela.pt\/noticias\/2026\/02\/20\/parlamento-aprova-visitas-do-pr-a-forca-destacada-em-africa-e-em-bruxelas\/","url":"https:\/\/portaltela.pt\/noticias\/2026\/02\/20\/parlamento-aprova-visitas-do-pr-a-forca-destacada-em-africa-e-em-bruxelas\/","name":"Parlamento aprova visitas do PR \u00e0 for\u00e7a destacada em \u00c1frica e em Bruxelas - Portal Tela Portugal","isPartOf":{"@id":"https:\/\/portaltela.pt\/#website"},"primaryImageOfPage":{"@id":"https:\/\/portaltela.pt\/noticias\/2026\/02\/20\/parlamento-aprova-visitas-do-pr-a-forca-destacada-em-africa-e-em-bruxelas\/#primaryimage"},"image":{"@id":"https:\/\/portaltela.pt\/noticias\/2026\/02\/20\/parlamento-aprova-visitas-do-pr-a-forca-destacada-em-africa-e-em-bruxelas\/#primaryimage"},"thumbnailUrl":"https:\/\/portaltela.pt\/s.01k8rhncp4jt1\/2026\/02\/img_1500x1000uu2026-01-21-19-33-37-2261743-1.jpg","datePublished":"2026-02-20T14:24:43+00:00","author":{"@id":"https:\/\/portaltela.pt\/#\/schema\/person\/c4278d4a6028830caff9ee44b42d32ed"},"breadcrumb":{"@id":"https:\/\/portaltela.pt\/noticias\/2026\/02\/20\/parlamento-aprova-visitas-do-pr-a-forca-destacada-em-africa-e-em-bruxelas\/#breadcrumb"},"inLanguage":"pt-PT","potentialAction":[{"@type":"ReadAction","target":["https:\/\/portaltela.pt\/noticias\/2026\/02\/20\/parlamento-aprova-visitas-do-pr-a-forca-destacada-em-africa-e-em-bruxelas\/"]}]},{"@type":"ImageObject","inLanguage":"pt-PT","@id":"https:\/\/portaltela.pt\/noticias\/2026\/02\/20\/parlamento-aprova-visitas-do-pr-a-forca-destacada-em-africa-e-em-bruxelas\/#primaryimage","url":"https:\/\/portaltela.pt\/s.01k8rhncp4jt1\/2026\/02\/img_1500x1000uu2026-01-21-19-33-37-2261743-1.jpg","contentUrl":"https:\/\/portaltela.pt\/s.01k8rhncp4jt1\/2026\/02\/img_1500x1000uu2026-01-21-19-33-37-2261743-1.jpg","width":796,"height":448,"caption":"Marcelo Rebelo de Sousa discursa no Parlamento Europeu"},{"@type":"BreadcrumbList","@id":"https:\/\/portaltela.pt\/noticias\/2026\/02\/20\/parlamento-aprova-visitas-do-pr-a-forca-destacada-em-africa-e-em-bruxelas\/#breadcrumb","itemListElement":[{"@type":"ListItem","position":1,"name":"In\u00edcio","item":"https:\/\/portaltela.pt\/"},{"@type":"ListItem","position":2,"name":"Parlamento aprova visitas do PR \u00e0 for\u00e7a destacada em \u00c1frica e em Bruxelas"}]},{"@type":"WebSite","@id":"https:\/\/portaltela.pt\/#website","url":"https:\/\/portaltela.pt\/","name":"Portal Tela Portugal","description":"","potentialAction":[{"@type":"SearchAction","target":{"@type":"EntryPoint","urlTemplate":"https:\/\/portaltela.pt\/?s={search_term_string}"},"query-input":{"@type":"PropertyValueSpecification","valueRequired":true,"valueName":"search_term_string"}}],"inLanguage":"pt-PT"},{"@type":"Person","@id":"https:\/\/portaltela.pt\/#\/schema\/person\/c4278d4a6028830caff9ee44b42d32ed","name":"Telinha","image":{"@type":"ImageObject","inLanguage":"pt-PT","@id":"https:\/\/portaltela.pt\/s.01k8rhncp4jt1\/2025\/11\/talking-bot-125x125.png","url":"https:\/\/portaltela.pt\/s.01k8rhncp4jt1\/2025\/11\/talking-bot-125x125.png","contentUrl":"https:\/\/portaltela.pt\/s.01k8rhncp4jt1\/2025\/11\/talking-bot-125x125.png","caption":"Telinha"},"sameAs":["https:\/\/portaltela.pt\/"],"url":"https:\/\/portaltela.pt\/por\/367410592786\/"}]}},"_links":{"self":[{"href":"https:\/\/portaltela.pt\/api\/wp\/v2\/posts\/219274","targetHints":{"allow":["GET"]}}],"collection":[{"href":"https:\/\/portaltela.pt\/api\/wp\/v2\/posts"}],"about":[{"href":"https:\/\/portaltela.pt\/api\/wp\/v2\/types\/post"}],"author":[{"embeddable":true,"href":"https:\/\/portaltela.pt\/api\/wp\/v2\/users\/2"}],"replies":[{"embeddable":true,"href":"https:\/\/portaltela.pt\/api\/wp\/v2\/comments?post=219274"}],"version-history":[{"count":0,"href":"https:\/\/portaltela.pt\/api\/wp\/v2\/posts\/219274\/revisions"}],"wp:featuredmedia":[{"embeddable":true,"href":"https:\/\/portaltela.pt\/api\/wp\/v2\/media\/219275"}],"wp:attachment":[{"href":"https:\/\/portaltela.pt\/api\/wp\/v2\/media?parent=219274"}],"wp:term":[{"taxonomy":"category","embeddable":true,"href":"https:\/\/portaltela.pt\/api\/wp\/v2\/categories?post=219274"},{"taxonomy":"post_tag","embeddable":true,"href":"https:\/\/portaltela.pt\/api\/wp\/v2\/tags?post=219274"}],"curies":[{"name":"wp","href":"https:\/\/api.w.org\/{rel}","templated":true}]}}