{"id":219271,"date":"2026-02-20T11:23:07","date_gmt":"2026-02-20T14:23:07","guid":{"rendered":"https:\/\/portaltela.pt\/noticias\/2026\/02\/20\/chefe-de-missao-avalia-participacao-de-portugal-nos-jogos-de-inverno\/"},"modified":"2026-02-20T11:23:07","modified_gmt":"2026-02-20T14:23:07","slug":"chefe-de-missao-avalia-participacao-de-portugal-nos-jogos-de-inverno","status":"publish","type":"post","link":"https:\/\/portaltela.pt\/desporto\/2026\/02\/20\/chefe-de-missao-avalia-participacao-de-portugal-nos-jogos-de-inverno\/","title":{"rendered":"Chefe de miss\u00e3o avalia participa\u00e7\u00e3o de Portugal nos Jogos de Inverno"},"content":{"rendered":"<p>O chefe de miss\u00e3o de Portugal nos Jogos Ol\u00edmpicos de Inverno Mil\u00e3o-Cortina 2026 considerou esta sexta-feira o desempenho da delega\u00e7\u00e3o como um balan\u00e7o positivo. Destacou que os atletas evolu\u00edram face a participa\u00e7\u00f5es anteriores, numa edi\u00e7\u00e3o que aponta para o crescimento dos desportos de inverno no pa\u00eds. Al\u00e9m disso, sublinhou a aus\u00eancia de infraestruturas de excel\u00eancia como desafio comum.<\/p>\n<p>A comitiva portuguesa foi composta por tr\u00eas atletas: Emeric Guerillot e Vanina Guerillot, ambos em esqui alpino, e Jos\u00e9 Cabe\u00e7a, em esqui de fundo. Emeric, natural de Fran\u00e7a, e Vanina, da idade de 23 anos, disputaram provas distintas em Mil\u00e3o-Cortina 2026, com resultados que mereceram an\u00e1lise durante a prova.<\/p>\n<p>Emeric Guerillot conseguiu o melhor resultado entre os portugueses, ao alcan\u00e7ar o 32.\u00ba lugar no Super-G, repetindo o melhor desempenho de 1994. O jovem esquiador de 18 anos abriu portas para futuras participa\u00e7\u00f5es, apesar de ter optado por n\u00e3o competir no downhill por quest\u00f5es t\u00e9cnicas. No slalom gigante, terminou em 38.\u00aa posi\u00e7\u00e3o ap\u00f3s recupera\u00e7\u00e3o na segunda manga.<\/p>\n<p>Vanina Guerillot terminou a prova de slalom gigante na 41.\u00aa posi\u00e7\u00e3o, melhorando dois lugares face \u00e0 edi\u00e7\u00e3o de Pequim 2022, e o slalom ficou-se pela 45.\u00aa posi\u00e7\u00e3o. A irm\u00e3 tornou-se na primeira portuguesa a participar em v\u00e1rias edi\u00e7\u00f5es dos Jogos de inverno.<\/p>\n<p>Jos\u00e9 Cabe\u00e7a, aos 29 anos, teve rejeitada a possibilidade de melhorar o recorde de Portugal no esqui de fundo. Na qualifica\u00e7\u00e3o do sprint cl\u00e1ssico ficou em 91.\u00ba lugar e na prova de 10 km estilo livre terminou em 99.\u00ba, ap\u00f3s sofrer uma queda no in\u00edcio. A equipa manteve o esfor\u00e7o mesmo com dificuldades m\u00e9dicas no regresso a Portugal.<\/p>\n<p>O chefe de miss\u00e3o explicou que o atleta sofreu uma queda a mais de 50 km\/h, com impactos no peito numa zona gelada e necessitou de tratamento hospitalar. Apesar da frustra\u00e7\u00e3o por n\u00e3o melhorar o resultado de Pequim, o respons\u00e1vel frisou que o objetivo \u00e9 evoluir a longo prazo em v\u00e1rias modalidades.<\/p>\n<h3>Perspetivas para o futuro<\/h3>\n<p>Pedro Fl\u00e1vio refor\u00e7ou que o pa\u00eds n\u00e3o tem infraestruturas de excel\u00eancia nas modalidades de Inverno, o que torna o caminho de melhoria longo, mas o processo tem mostrado consist\u00eancia. Sinalizou ainda a possibilidade de avan\u00e7os em outras disciplinas, como patinagem de velocidade no gelo, snowboard e patinagem art\u00edstica, onde h\u00e1 interesse em abrir novas vias de progress\u00e3o.<\/p>\n<p>O respons\u00e1vel salientou que o objetivo imediato n\u00e3o passa pela conquista de medalhas nos pr\u00f3ximos Jogos, mas sim pela consolida\u00e7\u00e3o do caminho de desenvolvimento. A aposta \u00e9 em investimentos e forma\u00e7\u00e3o para elevar o n\u00edvel competitivo de Portugal nas modalidades associadas ao frio.<\/p>\n","protected":false},"excerpt":{"rendered":"<ul>\n<li>Portugal encerrou a participa\u00e7\u00e3o em Mil\u00e3o-Cortina2026 com tr\u00eas atletas: Emeric Guerillot, Vanina Guerillot e Jos\u00e9 Cabe\u00e7a.<\/li>\n<li>Emeric Guerillot alcan\u00e7ou o 32.\u00ba lugar no Super G, igualando o melhor resultado de Portugal em provas de esqui alpino desde Lillehammer 1994, e n\u00e3o disputou o downhill por op\u00e7\u00e3o t\u00e9cnica; aponta para um futuro promissor em 2030.<\/li>\n<li>Vanina Guerillot foi 41.\u00aa no slalom gigante e 45.\u00aa no slalom, melhorando o resultado anterior em Pequim 2022.<\/li>\n<li>Jos\u00e9 Cabe\u00e7a terminou a qualifica\u00e7\u00e3o do sprint cl\u00e1ssico em 91.\u00ba e o 10 km em estilo livre em 99.\u00ba, ap\u00f3s uma queda no in\u00edcio da prova; foi hospitalizado devido a problemas respirat\u00f3rios, mas completou as provas.<\/li>\n<li>O chefe de miss\u00e3o, Pedro Fl\u00e1vio, afirmou que o balan\u00e7o \u00e9 positivo, reconheceu a aus\u00eancia de infraestruturas de excel\u00eancia e admitiu que medalhas n\u00e3o s\u00e3o uma perspetiva de curto prazo, apontando para melhorias a longo prazo e poss\u00edvel expans\u00e3o a outras modalidades.<\/li>\n<\/ul>\n","protected":false},"author":2,"featured_media":219272,"comment_status":"closed","ping_status":"closed","sticky":false,"template":"","format":"standard","meta":{"footnotes":""},"categories":[21],"tags":[152,5008,81,4603,1014],"class_list":["post-219271","post","type-post","status-publish","format-standard","has-post-thumbnail","hentry","category-desporto","tag-desporto","tag-esqui-de-fundo","tag-internacionais","tag-patinagem-de-velocidade","tag-portugal"],"yoast_head":"<!-- This site is optimized with the Yoast SEO plugin v27.2 - https:\/\/yoast.com\/product\/yoast-seo-wordpress\/ -->\n<title>Chefe de miss\u00e3o avalia participa\u00e7\u00e3o de Portugal nos Jogos de Inverno - Portal Tela Portugal<\/title>\n<meta name=\"robots\" content=\"index, follow, max-snippet:-1, max-image-preview:large, max-video-preview:-1\" \/>\n<meta property=\"og:locale\" content=\"pt_PT\" \/>\n<meta property=\"og:type\" content=\"article\" \/>\n<meta property=\"og:title\" content=\"Chefe de miss\u00e3o avalia participa\u00e7\u00e3o de Portugal nos Jogos de Inverno - Portal Tela Portugal\" \/>\n<meta property=\"og:description\" content=\"Portugal encerrou a participa\u00e7\u00e3o em Mil\u00e3o-Cortina2026 com tr\u00eas atletas: Emeric Guerillot, Vanina Guerillot e Jos\u00e9 Cabe\u00e7a. Emeric Guerillot alcan\u00e7ou o 32.\u00ba lugar no Super G, igualando o melhor resultado de Portugal em provas de esqui alpino desde Lillehammer 1994, e n\u00e3o disputou o downhill por op\u00e7\u00e3o t\u00e9cnica; aponta para um futuro promissor em 2030. Vanina Guerillot foi 41.\u00aa no slalom gigante e 45.\u00aa no slalom, melhorando o resultado anterior em Pequim 2022. Jos\u00e9 Cabe\u00e7a terminou a qualifica\u00e7\u00e3o do sprint cl\u00e1ssico em 91.\u00ba e o 10 km em estilo livre em 99.\u00ba, ap\u00f3s uma queda no in\u00edcio da prova; foi hospitalizado devido a problemas respirat\u00f3rios, mas completou as provas. O chefe de miss\u00e3o, Pedro Fl\u00e1vio, afirmou que o balan\u00e7o \u00e9 positivo, reconheceu a aus\u00eancia de infraestruturas de excel\u00eancia e admitiu que medalhas n\u00e3o s\u00e3o uma perspetiva de curto prazo, apontando para melhorias a longo prazo e poss\u00edvel expans\u00e3o a outras modalidades.\" \/>\n<meta property=\"og:url\" content=\"https:\/\/portaltela.pt\/noticias\/2026\/02\/20\/chefe-de-missao-avalia-participacao-de-portugal-nos-jogos-de-inverno\/\" \/>\n<meta property=\"og:site_name\" content=\"Portal Tela Portugal\" \/>\n<meta property=\"article:published_time\" content=\"2026-02-20T14:23:07+00:00\" \/>\n<meta name=\"author\" content=\"Telinha\" \/>\n<meta name=\"twitter:card\" content=\"summary_large_image\" \/>\n<meta name=\"twitter:label1\" content=\"Escrito por\" \/>\n\t<meta name=\"twitter:data1\" content=\"Telinha\" \/>\n\t<meta name=\"twitter:label2\" content=\"Tempo estimado de leitura\" \/>\n\t<meta name=\"twitter:data2\" content=\"2 minutos\" \/>\n<script type=\"application\/ld+json\" class=\"yoast-schema-graph\">{\"@context\":\"https:\/\/schema.org\",\"@graph\":[{\"@type\":\"Article\",\"@id\":\"https:\/\/portaltela.pt\/noticias\/2026\/02\/20\/chefe-de-missao-avalia-participacao-de-portugal-nos-jogos-de-inverno\/#article\",\"isPartOf\":{\"@id\":\"https:\/\/portaltela.pt\/noticias\/2026\/02\/20\/chefe-de-missao-avalia-participacao-de-portugal-nos-jogos-de-inverno\/\"},\"author\":{\"name\":\"Telinha\",\"@id\":\"https:\/\/portaltela.pt\/#\/schema\/person\/c4278d4a6028830caff9ee44b42d32ed\"},\"headline\":\"Chefe de miss\u00e3o avalia participa\u00e7\u00e3o de Portugal nos Jogos de Inverno\",\"datePublished\":\"2026-02-20T14:23:07+00:00\",\"mainEntityOfPage\":{\"@id\":\"https:\/\/portaltela.pt\/noticias\/2026\/02\/20\/chefe-de-missao-avalia-participacao-de-portugal-nos-jogos-de-inverno\/\"},\"wordCount\":473,\"image\":{\"@id\":\"https:\/\/portaltela.pt\/noticias\/2026\/02\/20\/chefe-de-missao-avalia-participacao-de-portugal-nos-jogos-de-inverno\/#primaryimage\"},\"thumbnailUrl\":\"https:\/\/portaltela.pt\/s.01k8rhncp4jt1\/2026\/02\/img_920x518uu2026-02-15-14-47-57-2421775-1.jpg\",\"keywords\":[\"desporto\",\"esqui de fundo\",\"internacionais\",\"patinagem de velocidade\",\"Portugal\"],\"articleSection\":[\"Desporto\"],\"inLanguage\":\"pt-PT\"},{\"@type\":\"WebPage\",\"@id\":\"https:\/\/portaltela.pt\/noticias\/2026\/02\/20\/chefe-de-missao-avalia-participacao-de-portugal-nos-jogos-de-inverno\/\",\"url\":\"https:\/\/portaltela.pt\/noticias\/2026\/02\/20\/chefe-de-missao-avalia-participacao-de-portugal-nos-jogos-de-inverno\/\",\"name\":\"Chefe de miss\u00e3o avalia participa\u00e7\u00e3o de Portugal nos Jogos de Inverno - Portal Tela Portugal\",\"isPartOf\":{\"@id\":\"https:\/\/portaltela.pt\/#website\"},\"primaryImageOfPage\":{\"@id\":\"https:\/\/portaltela.pt\/noticias\/2026\/02\/20\/chefe-de-missao-avalia-participacao-de-portugal-nos-jogos-de-inverno\/#primaryimage\"},\"image\":{\"@id\":\"https:\/\/portaltela.pt\/noticias\/2026\/02\/20\/chefe-de-missao-avalia-participacao-de-portugal-nos-jogos-de-inverno\/#primaryimage\"},\"thumbnailUrl\":\"https:\/\/portaltela.pt\/s.01k8rhncp4jt1\/2026\/02\/img_920x518uu2026-02-15-14-47-57-2421775-1.jpg\",\"datePublished\":\"2026-02-20T14:23:07+00:00\",\"author\":{\"@id\":\"https:\/\/portaltela.pt\/#\/schema\/person\/c4278d4a6028830caff9ee44b42d32ed\"},\"breadcrumb\":{\"@id\":\"https:\/\/portaltela.pt\/noticias\/2026\/02\/20\/chefe-de-missao-avalia-participacao-de-portugal-nos-jogos-de-inverno\/#breadcrumb\"},\"inLanguage\":\"pt-PT\",\"potentialAction\":[{\"@type\":\"ReadAction\",\"target\":[\"https:\/\/portaltela.pt\/noticias\/2026\/02\/20\/chefe-de-missao-avalia-participacao-de-portugal-nos-jogos-de-inverno\/\"]}]},{\"@type\":\"ImageObject\",\"inLanguage\":\"pt-PT\",\"@id\":\"https:\/\/portaltela.pt\/noticias\/2026\/02\/20\/chefe-de-missao-avalia-participacao-de-portugal-nos-jogos-de-inverno\/#primaryimage\",\"url\":\"https:\/\/portaltela.pt\/s.01k8rhncp4jt1\/2026\/02\/img_920x518uu2026-02-15-14-47-57-2421775-1.jpg\",\"contentUrl\":\"https:\/\/portaltela.pt\/s.01k8rhncp4jt1\/2026\/02\/img_920x518uu2026-02-15-14-47-57-2421775-1.jpg\",\"width\":796,\"height\":448,\"caption\":\"Vanina Guerillot \u00e9 41.\u00aa no slalom gigante nos Jogos Ol\u00edmpicos de Inverno\"},{\"@type\":\"BreadcrumbList\",\"@id\":\"https:\/\/portaltela.pt\/noticias\/2026\/02\/20\/chefe-de-missao-avalia-participacao-de-portugal-nos-jogos-de-inverno\/#breadcrumb\",\"itemListElement\":[{\"@type\":\"ListItem\",\"position\":1,\"name\":\"In\u00edcio\",\"item\":\"https:\/\/portaltela.pt\/\"},{\"@type\":\"ListItem\",\"position\":2,\"name\":\"Chefe de miss\u00e3o avalia participa\u00e7\u00e3o de Portugal nos Jogos de Inverno\"}]},{\"@type\":\"WebSite\",\"@id\":\"https:\/\/portaltela.pt\/#website\",\"url\":\"https:\/\/portaltela.pt\/\",\"name\":\"Portal Tela Portugal\",\"description\":\"\",\"potentialAction\":[{\"@type\":\"SearchAction\",\"target\":{\"@type\":\"EntryPoint\",\"urlTemplate\":\"https:\/\/portaltela.pt\/?s={search_term_string}\"},\"query-input\":{\"@type\":\"PropertyValueSpecification\",\"valueRequired\":true,\"valueName\":\"search_term_string\"}}],\"inLanguage\":\"pt-PT\"},{\"@type\":\"Person\",\"@id\":\"https:\/\/portaltela.pt\/#\/schema\/person\/c4278d4a6028830caff9ee44b42d32ed\",\"name\":\"Telinha\",\"image\":{\"@type\":\"ImageObject\",\"inLanguage\":\"pt-PT\",\"@id\":\"https:\/\/portaltela.pt\/s.01k8rhncp4jt1\/2025\/11\/talking-bot-125x125.png\",\"url\":\"https:\/\/portaltela.pt\/s.01k8rhncp4jt1\/2025\/11\/talking-bot-125x125.png\",\"contentUrl\":\"https:\/\/portaltela.pt\/s.01k8rhncp4jt1\/2025\/11\/talking-bot-125x125.png\",\"caption\":\"Telinha\"},\"sameAs\":[\"https:\/\/portaltela.pt\/\"],\"url\":\"https:\/\/portaltela.pt\/por\/367410592786\/\"}]}<\/script>\n<!-- \/ Yoast SEO plugin. -->","yoast_head_json":{"title":"Chefe de miss\u00e3o avalia participa\u00e7\u00e3o de Portugal nos Jogos de Inverno - Portal Tela Portugal","robots":{"index":"index","follow":"follow","max-snippet":"max-snippet:-1","max-image-preview":"max-image-preview:large","max-video-preview":"max-video-preview:-1"},"og_locale":"pt_PT","og_type":"article","og_title":"Chefe de miss\u00e3o avalia participa\u00e7\u00e3o de Portugal nos Jogos de Inverno - Portal Tela Portugal","og_description":"Portugal encerrou a participa\u00e7\u00e3o em Mil\u00e3o-Cortina2026 com tr\u00eas atletas: Emeric Guerillot, Vanina Guerillot e Jos\u00e9 Cabe\u00e7a. Emeric Guerillot alcan\u00e7ou o 32.\u00ba lugar no Super G, igualando o melhor resultado de Portugal em provas de esqui alpino desde Lillehammer 1994, e n\u00e3o disputou o downhill por op\u00e7\u00e3o t\u00e9cnica; aponta para um futuro promissor em 2030. Vanina Guerillot foi 41.\u00aa no slalom gigante e 45.\u00aa no slalom, melhorando o resultado anterior em Pequim 2022. Jos\u00e9 Cabe\u00e7a terminou a qualifica\u00e7\u00e3o do sprint cl\u00e1ssico em 91.\u00ba e o 10 km em estilo livre em 99.\u00ba, ap\u00f3s uma queda no in\u00edcio da prova; foi hospitalizado devido a problemas respirat\u00f3rios, mas completou as provas. O chefe de miss\u00e3o, Pedro Fl\u00e1vio, afirmou que o balan\u00e7o \u00e9 positivo, reconheceu a aus\u00eancia de infraestruturas de excel\u00eancia e admitiu que medalhas n\u00e3o s\u00e3o uma perspetiva de curto prazo, apontando para melhorias a longo prazo e poss\u00edvel expans\u00e3o a outras modalidades.","og_url":"https:\/\/portaltela.pt\/noticias\/2026\/02\/20\/chefe-de-missao-avalia-participacao-de-portugal-nos-jogos-de-inverno\/","og_site_name":"Portal Tela Portugal","article_published_time":"2026-02-20T14:23:07+00:00","author":"Telinha","twitter_card":"summary_large_image","twitter_misc":{"Escrito por":"Telinha","Tempo estimado de leitura":"2 minutos"},"schema":{"@context":"https:\/\/schema.org","@graph":[{"@type":"Article","@id":"https:\/\/portaltela.pt\/noticias\/2026\/02\/20\/chefe-de-missao-avalia-participacao-de-portugal-nos-jogos-de-inverno\/#article","isPartOf":{"@id":"https:\/\/portaltela.pt\/noticias\/2026\/02\/20\/chefe-de-missao-avalia-participacao-de-portugal-nos-jogos-de-inverno\/"},"author":{"name":"Telinha","@id":"https:\/\/portaltela.pt\/#\/schema\/person\/c4278d4a6028830caff9ee44b42d32ed"},"headline":"Chefe de miss\u00e3o avalia participa\u00e7\u00e3o de Portugal nos Jogos de Inverno","datePublished":"2026-02-20T14:23:07+00:00","mainEntityOfPage":{"@id":"https:\/\/portaltela.pt\/noticias\/2026\/02\/20\/chefe-de-missao-avalia-participacao-de-portugal-nos-jogos-de-inverno\/"},"wordCount":473,"image":{"@id":"https:\/\/portaltela.pt\/noticias\/2026\/02\/20\/chefe-de-missao-avalia-participacao-de-portugal-nos-jogos-de-inverno\/#primaryimage"},"thumbnailUrl":"https:\/\/portaltela.pt\/s.01k8rhncp4jt1\/2026\/02\/img_920x518uu2026-02-15-14-47-57-2421775-1.jpg","keywords":["desporto","esqui de fundo","internacionais","patinagem de velocidade","Portugal"],"articleSection":["Desporto"],"inLanguage":"pt-PT"},{"@type":"WebPage","@id":"https:\/\/portaltela.pt\/noticias\/2026\/02\/20\/chefe-de-missao-avalia-participacao-de-portugal-nos-jogos-de-inverno\/","url":"https:\/\/portaltela.pt\/noticias\/2026\/02\/20\/chefe-de-missao-avalia-participacao-de-portugal-nos-jogos-de-inverno\/","name":"Chefe de miss\u00e3o avalia participa\u00e7\u00e3o de Portugal nos Jogos de Inverno - Portal Tela Portugal","isPartOf":{"@id":"https:\/\/portaltela.pt\/#website"},"primaryImageOfPage":{"@id":"https:\/\/portaltela.pt\/noticias\/2026\/02\/20\/chefe-de-missao-avalia-participacao-de-portugal-nos-jogos-de-inverno\/#primaryimage"},"image":{"@id":"https:\/\/portaltela.pt\/noticias\/2026\/02\/20\/chefe-de-missao-avalia-participacao-de-portugal-nos-jogos-de-inverno\/#primaryimage"},"thumbnailUrl":"https:\/\/portaltela.pt\/s.01k8rhncp4jt1\/2026\/02\/img_920x518uu2026-02-15-14-47-57-2421775-1.jpg","datePublished":"2026-02-20T14:23:07+00:00","author":{"@id":"https:\/\/portaltela.pt\/#\/schema\/person\/c4278d4a6028830caff9ee44b42d32ed"},"breadcrumb":{"@id":"https:\/\/portaltela.pt\/noticias\/2026\/02\/20\/chefe-de-missao-avalia-participacao-de-portugal-nos-jogos-de-inverno\/#breadcrumb"},"inLanguage":"pt-PT","potentialAction":[{"@type":"ReadAction","target":["https:\/\/portaltela.pt\/noticias\/2026\/02\/20\/chefe-de-missao-avalia-participacao-de-portugal-nos-jogos-de-inverno\/"]}]},{"@type":"ImageObject","inLanguage":"pt-PT","@id":"https:\/\/portaltela.pt\/noticias\/2026\/02\/20\/chefe-de-missao-avalia-participacao-de-portugal-nos-jogos-de-inverno\/#primaryimage","url":"https:\/\/portaltela.pt\/s.01k8rhncp4jt1\/2026\/02\/img_920x518uu2026-02-15-14-47-57-2421775-1.jpg","contentUrl":"https:\/\/portaltela.pt\/s.01k8rhncp4jt1\/2026\/02\/img_920x518uu2026-02-15-14-47-57-2421775-1.jpg","width":796,"height":448,"caption":"Vanina Guerillot \u00e9 41.\u00aa no slalom gigante nos Jogos Ol\u00edmpicos de Inverno"},{"@type":"BreadcrumbList","@id":"https:\/\/portaltela.pt\/noticias\/2026\/02\/20\/chefe-de-missao-avalia-participacao-de-portugal-nos-jogos-de-inverno\/#breadcrumb","itemListElement":[{"@type":"ListItem","position":1,"name":"In\u00edcio","item":"https:\/\/portaltela.pt\/"},{"@type":"ListItem","position":2,"name":"Chefe de miss\u00e3o avalia participa\u00e7\u00e3o de Portugal nos Jogos de Inverno"}]},{"@type":"WebSite","@id":"https:\/\/portaltela.pt\/#website","url":"https:\/\/portaltela.pt\/","name":"Portal Tela Portugal","description":"","potentialAction":[{"@type":"SearchAction","target":{"@type":"EntryPoint","urlTemplate":"https:\/\/portaltela.pt\/?s={search_term_string}"},"query-input":{"@type":"PropertyValueSpecification","valueRequired":true,"valueName":"search_term_string"}}],"inLanguage":"pt-PT"},{"@type":"Person","@id":"https:\/\/portaltela.pt\/#\/schema\/person\/c4278d4a6028830caff9ee44b42d32ed","name":"Telinha","image":{"@type":"ImageObject","inLanguage":"pt-PT","@id":"https:\/\/portaltela.pt\/s.01k8rhncp4jt1\/2025\/11\/talking-bot-125x125.png","url":"https:\/\/portaltela.pt\/s.01k8rhncp4jt1\/2025\/11\/talking-bot-125x125.png","contentUrl":"https:\/\/portaltela.pt\/s.01k8rhncp4jt1\/2025\/11\/talking-bot-125x125.png","caption":"Telinha"},"sameAs":["https:\/\/portaltela.pt\/"],"url":"https:\/\/portaltela.pt\/por\/367410592786\/"}]}},"_links":{"self":[{"href":"https:\/\/portaltela.pt\/api\/wp\/v2\/posts\/219271","targetHints":{"allow":["GET"]}}],"collection":[{"href":"https:\/\/portaltela.pt\/api\/wp\/v2\/posts"}],"about":[{"href":"https:\/\/portaltela.pt\/api\/wp\/v2\/types\/post"}],"author":[{"embeddable":true,"href":"https:\/\/portaltela.pt\/api\/wp\/v2\/users\/2"}],"replies":[{"embeddable":true,"href":"https:\/\/portaltela.pt\/api\/wp\/v2\/comments?post=219271"}],"version-history":[{"count":0,"href":"https:\/\/portaltela.pt\/api\/wp\/v2\/posts\/219271\/revisions"}],"wp:featuredmedia":[{"embeddable":true,"href":"https:\/\/portaltela.pt\/api\/wp\/v2\/media\/219272"}],"wp:attachment":[{"href":"https:\/\/portaltela.pt\/api\/wp\/v2\/media?parent=219271"}],"wp:term":[{"taxonomy":"category","embeddable":true,"href":"https:\/\/portaltela.pt\/api\/wp\/v2\/categories?post=219271"},{"taxonomy":"post_tag","embeddable":true,"href":"https:\/\/portaltela.pt\/api\/wp\/v2\/tags?post=219271"}],"curies":[{"name":"wp","href":"https:\/\/api.w.org\/{rel}","templated":true}]}}