{"id":219260,"date":"2026-02-20T11:28:00","date_gmt":"2026-02-20T14:28:00","guid":{"rendered":"https:\/\/portaltela.pt\/noticias\/2026\/02\/20\/solistas-da-cdm-apresentam-o-ciclo-cafe-com-nata-na-redacao-do-jn\/"},"modified":"2026-02-20T11:28:00","modified_gmt":"2026-02-20T14:28:00","slug":"solistas-da-cdm-apresentam-o-ciclo-cafe-com-nata-na-redacao-do-jn","status":"publish","type":"post","link":"https:\/\/portaltela.pt\/noticias\/2026\/02\/20\/solistas-da-cdm-apresentam-o-ciclo-cafe-com-nata-na-redacao-do-jn\/","title":{"rendered":"Solistas da CdM apresentam o ciclo Caf\u00e9 com Nata na reda\u00e7\u00e3o do JN"},"content":{"rendered":"<p>Os Solistas da Sinf\u00f3nica do Porto Casa da M\u00fasica apresentaram-se hoje na Reda\u00e7\u00e3o do JN, antecipando uma pe\u00e7a do ciclo Caf\u00e9 com Nata. A atua\u00e7\u00e3o ocorre nas manh\u00e3s de domingo na sala Suggia. A pe\u00e7a \u00e9 o 1.\u00ba andamento, allegro non tanto, do Quinteto americano de Dvo\u0159\u00e1k, em Mi bemol maior.<\/p>\n<p>A forma\u00e7\u00e3o \u00e9 integrada por \u00c1lvaro Pereira e Evandra Gon\u00e7alves (violinos), Pedro Meireles e Lu\u00eds Norberto (violas) e Michal Kiska (violoncelo). A atua\u00e7\u00e3o marca a estreia de uma das obras do ciclo no espa\u00e7o da reda\u00e7\u00e3o.<\/p>\n<h3>Detalhes do ciclo<\/h3>\n<p>O Caf\u00e9 com Nata \u00e9 respons\u00e1vel por abrir as manh\u00e3s dominicais da sala Suggia com m\u00fasica de c\u00e2mara de qualidade. Os Solistas da CdM apresentam-se em formato de concerto curto, seguido de nic\u0327os momentos de conversa sobre as obras.<\/p>\n","protected":false},"excerpt":{"rendered":"<ul>\n<li>Os Solistas da Sinf\u00f3nica do Porto Casa da M\u00fasica apresentam um dos ciclos do Caf\u00e9 com Nata, na reda\u00e7\u00e3o do JN.<\/li>\n<li>O ciclo Caf\u00e9 com Nata ocupa as manh\u00e3s de domingo na sala Suggia.<\/li>\n<li>O interprete \u00e9 o 1.\u00ba andamento (allegro non tanto) do Quinteto &#8220;americano&#8221; de Dvo\u0159\u00e1k, em Mi bemol maior.<\/li>\n<li>O quinteto \u00e9 formado por \u00c1lvaro Pereira (violino), Evandra Gon\u00e7alves (violino), Pedro Meireles (viola), Lu\u00eds Norberto (viola) e Michal Kiska (violoncelo).<\/li>\n<\/ul>\n","protected":false},"author":2,"featured_media":219265,"comment_status":"closed","ping_status":"closed","sticky":false,"template":"","format":"standard","meta":{"footnotes":""},"categories":[1],"tags":[703,122,982,6182,6181,3533],"class_list":["post-219260","post","type-post","status-publish","format-standard","has-post-thumbnail","hentry","category-noticias","tag-camara","tag-musica","tag-porto","tag-violas","tag-violinos","tag-violoncelo"],"yoast_head":"<!-- This site is optimized with the Yoast SEO plugin v27.2 - https:\/\/yoast.com\/product\/yoast-seo-wordpress\/ -->\n<title>Solistas da CdM apresentam o ciclo Caf\u00e9 com Nata na reda\u00e7\u00e3o do JN - Portal Tela Portugal<\/title>\n<meta name=\"robots\" content=\"index, follow, max-snippet:-1, max-image-preview:large, max-video-preview:-1\" \/>\n<meta property=\"og:locale\" content=\"pt_PT\" \/>\n<meta property=\"og:type\" content=\"article\" \/>\n<meta property=\"og:title\" content=\"Solistas da CdM apresentam o ciclo Caf\u00e9 com Nata na reda\u00e7\u00e3o do JN - Portal Tela Portugal\" \/>\n<meta property=\"og:description\" content=\"Os Solistas da Sinf\u00f3nica do Porto Casa da M\u00fasica apresentam um dos ciclos do Caf\u00e9 com Nata, na reda\u00e7\u00e3o do JN. O ciclo Caf\u00e9 com Nata ocupa as manh\u00e3s de domingo na sala Suggia. O interprete \u00e9 o 1.\u00ba andamento (allegro non tanto) do Quinteto &quot;americano&quot; de Dvo\u0159\u00e1k, em Mi bemol maior. O quinteto \u00e9 formado por \u00c1lvaro Pereira (violino), Evandra Gon\u00e7alves (violino), Pedro Meireles (viola), Lu\u00eds Norberto (viola) e Michal Kiska (violoncelo).\" \/>\n<meta property=\"og:url\" content=\"https:\/\/portaltela.pt\/noticias\/2026\/02\/20\/solistas-da-cdm-apresentam-o-ciclo-cafe-com-nata-na-redacao-do-jn\/\" \/>\n<meta property=\"og:site_name\" content=\"Portal Tela Portugal\" \/>\n<meta property=\"article:published_time\" content=\"2026-02-20T14:28:00+00:00\" \/>\n<meta name=\"author\" content=\"Telinha\" \/>\n<meta name=\"twitter:card\" content=\"summary_large_image\" \/>\n<meta name=\"twitter:label1\" content=\"Escrito por\" \/>\n\t<meta name=\"twitter:data1\" content=\"Telinha\" \/>\n\t<meta name=\"twitter:label2\" content=\"Tempo estimado de leitura\" \/>\n\t<meta name=\"twitter:data2\" content=\"1 minuto\" \/>\n<script type=\"application\/ld+json\" class=\"yoast-schema-graph\">{\"@context\":\"https:\/\/schema.org\",\"@graph\":[{\"@type\":\"Article\",\"@id\":\"https:\/\/portaltela.pt\/noticias\/2026\/02\/20\/solistas-da-cdm-apresentam-o-ciclo-cafe-com-nata-na-redacao-do-jn\/#article\",\"isPartOf\":{\"@id\":\"https:\/\/portaltela.pt\/noticias\/2026\/02\/20\/solistas-da-cdm-apresentam-o-ciclo-cafe-com-nata-na-redacao-do-jn\/\"},\"author\":{\"name\":\"Telinha\",\"@id\":\"https:\/\/portaltela.pt\/#\/schema\/person\/c4278d4a6028830caff9ee44b42d32ed\"},\"headline\":\"Solistas da CdM apresentam o ciclo Caf\u00e9 com Nata na reda\u00e7\u00e3o do JN\",\"datePublished\":\"2026-02-20T14:28:00+00:00\",\"mainEntityOfPage\":{\"@id\":\"https:\/\/portaltela.pt\/noticias\/2026\/02\/20\/solistas-da-cdm-apresentam-o-ciclo-cafe-com-nata-na-redacao-do-jn\/\"},\"wordCount\":158,\"image\":{\"@id\":\"https:\/\/portaltela.pt\/noticias\/2026\/02\/20\/solistas-da-cdm-apresentam-o-ciclo-cafe-com-nata-na-redacao-do-jn\/#primaryimage\"},\"thumbnailUrl\":\"https:\/\/portaltela.pt\/s.01k8rhncp4jt1\/2026\/02\/image-1496.jpg\",\"keywords\":[\"c\u00e2mara\",\"m\u00fasica\",\"Porto\",\"violas\",\"violinos\",\"violoncelo\"],\"articleSection\":[\"Not\u00edcias\"],\"inLanguage\":\"pt-PT\"},{\"@type\":\"WebPage\",\"@id\":\"https:\/\/portaltela.pt\/noticias\/2026\/02\/20\/solistas-da-cdm-apresentam-o-ciclo-cafe-com-nata-na-redacao-do-jn\/\",\"url\":\"https:\/\/portaltela.pt\/noticias\/2026\/02\/20\/solistas-da-cdm-apresentam-o-ciclo-cafe-com-nata-na-redacao-do-jn\/\",\"name\":\"Solistas da CdM apresentam o ciclo Caf\u00e9 com Nata na reda\u00e7\u00e3o do JN - Portal Tela Portugal\",\"isPartOf\":{\"@id\":\"https:\/\/portaltela.pt\/#website\"},\"primaryImageOfPage\":{\"@id\":\"https:\/\/portaltela.pt\/noticias\/2026\/02\/20\/solistas-da-cdm-apresentam-o-ciclo-cafe-com-nata-na-redacao-do-jn\/#primaryimage\"},\"image\":{\"@id\":\"https:\/\/portaltela.pt\/noticias\/2026\/02\/20\/solistas-da-cdm-apresentam-o-ciclo-cafe-com-nata-na-redacao-do-jn\/#primaryimage\"},\"thumbnailUrl\":\"https:\/\/portaltela.pt\/s.01k8rhncp4jt1\/2026\/02\/image-1496.jpg\",\"datePublished\":\"2026-02-20T14:28:00+00:00\",\"author\":{\"@id\":\"https:\/\/portaltela.pt\/#\/schema\/person\/c4278d4a6028830caff9ee44b42d32ed\"},\"breadcrumb\":{\"@id\":\"https:\/\/portaltela.pt\/noticias\/2026\/02\/20\/solistas-da-cdm-apresentam-o-ciclo-cafe-com-nata-na-redacao-do-jn\/#breadcrumb\"},\"inLanguage\":\"pt-PT\",\"potentialAction\":[{\"@type\":\"ReadAction\",\"target\":[\"https:\/\/portaltela.pt\/noticias\/2026\/02\/20\/solistas-da-cdm-apresentam-o-ciclo-cafe-com-nata-na-redacao-do-jn\/\"]}]},{\"@type\":\"ImageObject\",\"inLanguage\":\"pt-PT\",\"@id\":\"https:\/\/portaltela.pt\/noticias\/2026\/02\/20\/solistas-da-cdm-apresentam-o-ciclo-cafe-com-nata-na-redacao-do-jn\/#primaryimage\",\"url\":\"https:\/\/portaltela.pt\/s.01k8rhncp4jt1\/2026\/02\/image-1496.jpg\",\"contentUrl\":\"https:\/\/portaltela.pt\/s.01k8rhncp4jt1\/2026\/02\/image-1496.jpg\",\"width\":796,\"height\":448,\"caption\":\"Imagem de contexto do artigo Concerto na reda\u00e7\u00e3o JN: Solistas da CdM apresentam ciclo \\\"Caf\u00e9 com Nata\\\"\"},{\"@type\":\"BreadcrumbList\",\"@id\":\"https:\/\/portaltela.pt\/noticias\/2026\/02\/20\/solistas-da-cdm-apresentam-o-ciclo-cafe-com-nata-na-redacao-do-jn\/#breadcrumb\",\"itemListElement\":[{\"@type\":\"ListItem\",\"position\":1,\"name\":\"In\u00edcio\",\"item\":\"https:\/\/portaltela.pt\/\"},{\"@type\":\"ListItem\",\"position\":2,\"name\":\"Solistas da CdM apresentam o ciclo Caf\u00e9 com Nata na reda\u00e7\u00e3o do JN\"}]},{\"@type\":\"WebSite\",\"@id\":\"https:\/\/portaltela.pt\/#website\",\"url\":\"https:\/\/portaltela.pt\/\",\"name\":\"Portal Tela Portugal\",\"description\":\"\",\"potentialAction\":[{\"@type\":\"SearchAction\",\"target\":{\"@type\":\"EntryPoint\",\"urlTemplate\":\"https:\/\/portaltela.pt\/?s={search_term_string}\"},\"query-input\":{\"@type\":\"PropertyValueSpecification\",\"valueRequired\":true,\"valueName\":\"search_term_string\"}}],\"inLanguage\":\"pt-PT\"},{\"@type\":\"Person\",\"@id\":\"https:\/\/portaltela.pt\/#\/schema\/person\/c4278d4a6028830caff9ee44b42d32ed\",\"name\":\"Telinha\",\"image\":{\"@type\":\"ImageObject\",\"inLanguage\":\"pt-PT\",\"@id\":\"https:\/\/portaltela.pt\/s.01k8rhncp4jt1\/2025\/11\/talking-bot-125x125.png\",\"url\":\"https:\/\/portaltela.pt\/s.01k8rhncp4jt1\/2025\/11\/talking-bot-125x125.png\",\"contentUrl\":\"https:\/\/portaltela.pt\/s.01k8rhncp4jt1\/2025\/11\/talking-bot-125x125.png\",\"caption\":\"Telinha\"},\"sameAs\":[\"https:\/\/portaltela.pt\/\"],\"url\":\"https:\/\/portaltela.pt\/por\/367410592786\/\"}]}<\/script>\n<!-- \/ Yoast SEO plugin. -->","yoast_head_json":{"title":"Solistas da CdM apresentam o ciclo Caf\u00e9 com Nata na reda\u00e7\u00e3o do JN - Portal Tela Portugal","robots":{"index":"index","follow":"follow","max-snippet":"max-snippet:-1","max-image-preview":"max-image-preview:large","max-video-preview":"max-video-preview:-1"},"og_locale":"pt_PT","og_type":"article","og_title":"Solistas da CdM apresentam o ciclo Caf\u00e9 com Nata na reda\u00e7\u00e3o do JN - Portal Tela Portugal","og_description":"Os Solistas da Sinf\u00f3nica do Porto Casa da M\u00fasica apresentam um dos ciclos do Caf\u00e9 com Nata, na reda\u00e7\u00e3o do JN. O ciclo Caf\u00e9 com Nata ocupa as manh\u00e3s de domingo na sala Suggia. O interprete \u00e9 o 1.\u00ba andamento (allegro non tanto) do Quinteto \"americano\" de Dvo\u0159\u00e1k, em Mi bemol maior. O quinteto \u00e9 formado por \u00c1lvaro Pereira (violino), Evandra Gon\u00e7alves (violino), Pedro Meireles (viola), Lu\u00eds Norberto (viola) e Michal Kiska (violoncelo).","og_url":"https:\/\/portaltela.pt\/noticias\/2026\/02\/20\/solistas-da-cdm-apresentam-o-ciclo-cafe-com-nata-na-redacao-do-jn\/","og_site_name":"Portal Tela Portugal","article_published_time":"2026-02-20T14:28:00+00:00","author":"Telinha","twitter_card":"summary_large_image","twitter_misc":{"Escrito por":"Telinha","Tempo estimado de leitura":"1 minuto"},"schema":{"@context":"https:\/\/schema.org","@graph":[{"@type":"Article","@id":"https:\/\/portaltela.pt\/noticias\/2026\/02\/20\/solistas-da-cdm-apresentam-o-ciclo-cafe-com-nata-na-redacao-do-jn\/#article","isPartOf":{"@id":"https:\/\/portaltela.pt\/noticias\/2026\/02\/20\/solistas-da-cdm-apresentam-o-ciclo-cafe-com-nata-na-redacao-do-jn\/"},"author":{"name":"Telinha","@id":"https:\/\/portaltela.pt\/#\/schema\/person\/c4278d4a6028830caff9ee44b42d32ed"},"headline":"Solistas da CdM apresentam o ciclo Caf\u00e9 com Nata na reda\u00e7\u00e3o do JN","datePublished":"2026-02-20T14:28:00+00:00","mainEntityOfPage":{"@id":"https:\/\/portaltela.pt\/noticias\/2026\/02\/20\/solistas-da-cdm-apresentam-o-ciclo-cafe-com-nata-na-redacao-do-jn\/"},"wordCount":158,"image":{"@id":"https:\/\/portaltela.pt\/noticias\/2026\/02\/20\/solistas-da-cdm-apresentam-o-ciclo-cafe-com-nata-na-redacao-do-jn\/#primaryimage"},"thumbnailUrl":"https:\/\/portaltela.pt\/s.01k8rhncp4jt1\/2026\/02\/image-1496.jpg","keywords":["c\u00e2mara","m\u00fasica","Porto","violas","violinos","violoncelo"],"articleSection":["Not\u00edcias"],"inLanguage":"pt-PT"},{"@type":"WebPage","@id":"https:\/\/portaltela.pt\/noticias\/2026\/02\/20\/solistas-da-cdm-apresentam-o-ciclo-cafe-com-nata-na-redacao-do-jn\/","url":"https:\/\/portaltela.pt\/noticias\/2026\/02\/20\/solistas-da-cdm-apresentam-o-ciclo-cafe-com-nata-na-redacao-do-jn\/","name":"Solistas da CdM apresentam o ciclo Caf\u00e9 com Nata na reda\u00e7\u00e3o do JN - Portal Tela Portugal","isPartOf":{"@id":"https:\/\/portaltela.pt\/#website"},"primaryImageOfPage":{"@id":"https:\/\/portaltela.pt\/noticias\/2026\/02\/20\/solistas-da-cdm-apresentam-o-ciclo-cafe-com-nata-na-redacao-do-jn\/#primaryimage"},"image":{"@id":"https:\/\/portaltela.pt\/noticias\/2026\/02\/20\/solistas-da-cdm-apresentam-o-ciclo-cafe-com-nata-na-redacao-do-jn\/#primaryimage"},"thumbnailUrl":"https:\/\/portaltela.pt\/s.01k8rhncp4jt1\/2026\/02\/image-1496.jpg","datePublished":"2026-02-20T14:28:00+00:00","author":{"@id":"https:\/\/portaltela.pt\/#\/schema\/person\/c4278d4a6028830caff9ee44b42d32ed"},"breadcrumb":{"@id":"https:\/\/portaltela.pt\/noticias\/2026\/02\/20\/solistas-da-cdm-apresentam-o-ciclo-cafe-com-nata-na-redacao-do-jn\/#breadcrumb"},"inLanguage":"pt-PT","potentialAction":[{"@type":"ReadAction","target":["https:\/\/portaltela.pt\/noticias\/2026\/02\/20\/solistas-da-cdm-apresentam-o-ciclo-cafe-com-nata-na-redacao-do-jn\/"]}]},{"@type":"ImageObject","inLanguage":"pt-PT","@id":"https:\/\/portaltela.pt\/noticias\/2026\/02\/20\/solistas-da-cdm-apresentam-o-ciclo-cafe-com-nata-na-redacao-do-jn\/#primaryimage","url":"https:\/\/portaltela.pt\/s.01k8rhncp4jt1\/2026\/02\/image-1496.jpg","contentUrl":"https:\/\/portaltela.pt\/s.01k8rhncp4jt1\/2026\/02\/image-1496.jpg","width":796,"height":448,"caption":"Imagem de contexto do artigo Concerto na reda\u00e7\u00e3o JN: Solistas da CdM apresentam ciclo \"Caf\u00e9 com Nata\""},{"@type":"BreadcrumbList","@id":"https:\/\/portaltela.pt\/noticias\/2026\/02\/20\/solistas-da-cdm-apresentam-o-ciclo-cafe-com-nata-na-redacao-do-jn\/#breadcrumb","itemListElement":[{"@type":"ListItem","position":1,"name":"In\u00edcio","item":"https:\/\/portaltela.pt\/"},{"@type":"ListItem","position":2,"name":"Solistas da CdM apresentam o ciclo Caf\u00e9 com Nata na reda\u00e7\u00e3o do JN"}]},{"@type":"WebSite","@id":"https:\/\/portaltela.pt\/#website","url":"https:\/\/portaltela.pt\/","name":"Portal Tela Portugal","description":"","potentialAction":[{"@type":"SearchAction","target":{"@type":"EntryPoint","urlTemplate":"https:\/\/portaltela.pt\/?s={search_term_string}"},"query-input":{"@type":"PropertyValueSpecification","valueRequired":true,"valueName":"search_term_string"}}],"inLanguage":"pt-PT"},{"@type":"Person","@id":"https:\/\/portaltela.pt\/#\/schema\/person\/c4278d4a6028830caff9ee44b42d32ed","name":"Telinha","image":{"@type":"ImageObject","inLanguage":"pt-PT","@id":"https:\/\/portaltela.pt\/s.01k8rhncp4jt1\/2025\/11\/talking-bot-125x125.png","url":"https:\/\/portaltela.pt\/s.01k8rhncp4jt1\/2025\/11\/talking-bot-125x125.png","contentUrl":"https:\/\/portaltela.pt\/s.01k8rhncp4jt1\/2025\/11\/talking-bot-125x125.png","caption":"Telinha"},"sameAs":["https:\/\/portaltela.pt\/"],"url":"https:\/\/portaltela.pt\/por\/367410592786\/"}]}},"_links":{"self":[{"href":"https:\/\/portaltela.pt\/api\/wp\/v2\/posts\/219260","targetHints":{"allow":["GET"]}}],"collection":[{"href":"https:\/\/portaltela.pt\/api\/wp\/v2\/posts"}],"about":[{"href":"https:\/\/portaltela.pt\/api\/wp\/v2\/types\/post"}],"author":[{"embeddable":true,"href":"https:\/\/portaltela.pt\/api\/wp\/v2\/users\/2"}],"replies":[{"embeddable":true,"href":"https:\/\/portaltela.pt\/api\/wp\/v2\/comments?post=219260"}],"version-history":[{"count":0,"href":"https:\/\/portaltela.pt\/api\/wp\/v2\/posts\/219260\/revisions"}],"wp:featuredmedia":[{"embeddable":true,"href":"https:\/\/portaltela.pt\/api\/wp\/v2\/media\/219265"}],"wp:attachment":[{"href":"https:\/\/portaltela.pt\/api\/wp\/v2\/media?parent=219260"}],"wp:term":[{"taxonomy":"category","embeddable":true,"href":"https:\/\/portaltela.pt\/api\/wp\/v2\/categories?post=219260"},{"taxonomy":"post_tag","embeddable":true,"href":"https:\/\/portaltela.pt\/api\/wp\/v2\/tags?post=219260"}],"curies":[{"name":"wp","href":"https:\/\/api.w.org\/{rel}","templated":true}]}}