{"id":219249,"date":"2026-02-20T10:31:00","date_gmt":"2026-02-20T13:31:00","guid":{"rendered":"https:\/\/portaltela.pt\/noticias\/2026\/02\/20\/mulher-acusada-de-levantamentos-abusivos-com-cartao-de-idosa-em-porto-santo\/"},"modified":"2026-02-20T10:31:00","modified_gmt":"2026-02-20T13:31:00","slug":"mulher-acusada-de-levantamentos-abusivos-com-cartao-de-idosa-em-porto-santo","status":"publish","type":"post","link":"https:\/\/portaltela.pt\/noticias\/2026\/02\/20\/mulher-acusada-de-levantamentos-abusivos-com-cartao-de-idosa-em-porto-santo\/","title":{"rendered":"Mulher acusada de levantamentos abusivos com cart\u00e3o de idosa em Porto Santo"},"content":{"rendered":"<p>Uma mulher de 45 anos foi constitu\u00edda arguida por suspeita de levantamentos abusivos com o cart\u00e3o banc\u00e1rio de uma idosa na ilha do Porto Santo, na Regi\u00e3o Aut\u00f3noma da Madeira. A not\u00edcia foi dada pela PSP, esta sexta-feira.<\/p>\n<p>A suspeita prestava cuidados \u00e0 v\u00edtima, uma senhora de 80 anos, e residia na mesma habita\u00e7\u00e3o. A pol\u00edcia indica que o contexto de confian\u00e7a favoreceu os crimes ao longo dos \u00faltimos meses.<\/p>\n<p>Foi efetuada uma busca domicili\u00e1ria, com recupera\u00e7\u00e3o de 1.640 euros, al\u00e9m de documenta\u00e7\u00e3o relevante para o apuramento dos factos. A investiga\u00e7\u00e3o aponta para v\u00e1rios levantamentos il\u00edcitos.<\/p>\n<p>Segundo a PSP, a fam\u00edlia da v\u00edtima detetou os movimentos e fez a den\u00fancia, o que levou ao conhecimento p\u00fablico do caso. A propriet\u00e1ria aproveitava-se da rela\u00e7\u00e3o de cuidado para proceder aos saques.<\/p>\n<p>Ap\u00f3s abandonar as instala\u00e7\u00f5es da esquadra do Porto Santo, a arguida entregou voluntariamente mais 400 euros, alegando arrependimento. O montante recuperado assim passa a totalizar 2.040 euros.<\/p>\n<p>A arguida foi constitu\u00edda arguida e fica sob a medida de coa\u00e7\u00e3o de termo de identidade e resid\u00eancia. O inqu\u00e9rito prossegue sob a dire\u00e7\u00e3o do Minist\u00e9rio P\u00fablico.<\/p>\n","protected":false},"excerpt":{"rendered":"<ul>\n<li>Mulher de 45 anos foi constitu\u00edda arguida por suspeita de levantamentos abusivos com o cart\u00e3o banc\u00e1rio de uma idosa de 80 anos na ilha de Porto Santo, Madeira.<\/li>\n<li>A suspeita era contratada para prestar cuidados \u00e0 v\u00edtima e residia na mesma habita\u00e7\u00e3o, conforme a PSP.<\/li>\n<li>Em busca domicili\u00e1ria, foi recuperado 1.640 euros e documenta\u00e7\u00e3o relevante; o montante total alegadamente roubado \u00e9 de cerca de 9.000 euros.<\/li>\n<li>A fam\u00edlia da v\u00edtima detetou os movimentos e denunciou o caso; a arguida regressou \u00e0s autoridades e entregou 400 euros.<\/li>\n<li>O total recuperado at\u00e9 agora \u00e9 de 2.040 euros; a arguida ficou com termo de identidade e resid\u00eancia, e o inqu\u00e9rito prossegue sob o Minist\u00e9rio P\u00fablico.<\/li>\n<\/ul>\n","protected":false},"author":2,"featured_media":219252,"comment_status":"closed","ping_status":"closed","sticky":false,"template":"","format":"standard","meta":{"footnotes":""},"categories":[1],"tags":[237,5866,147,2736,859,203],"class_list":["post-219249","post","type-post","status-publish","format-standard","has-post-thumbnail","hentry","category-noticias","tag-abuso-de-maiores-dependentes","tag-abusos","tag-crime","tag-idosos","tag-madeira","tag-roubo"],"yoast_head":"<!-- This site is optimized with the Yoast SEO plugin v27.2 - https:\/\/yoast.com\/product\/yoast-seo-wordpress\/ -->\n<title>Mulher acusada de levantamentos abusivos com cart\u00e3o de idosa em Porto Santo - Portal Tela Portugal<\/title>\n<meta name=\"robots\" content=\"index, follow, max-snippet:-1, max-image-preview:large, max-video-preview:-1\" \/>\n<meta property=\"og:locale\" content=\"pt_PT\" \/>\n<meta property=\"og:type\" content=\"article\" \/>\n<meta property=\"og:title\" content=\"Mulher acusada de levantamentos abusivos com cart\u00e3o de idosa em Porto Santo - Portal Tela Portugal\" \/>\n<meta property=\"og:description\" content=\"Mulher de 45 anos foi constitu\u00edda arguida por suspeita de levantamentos abusivos com o cart\u00e3o banc\u00e1rio de uma idosa de 80 anos na ilha de Porto Santo, Madeira. A suspeita era contratada para prestar cuidados \u00e0 v\u00edtima e residia na mesma habita\u00e7\u00e3o, conforme a PSP. Em busca domicili\u00e1ria, foi recuperado 1.640 euros e documenta\u00e7\u00e3o relevante; o montante total alegadamente roubado \u00e9 de cerca de 9.000 euros. A fam\u00edlia da v\u00edtima detetou os movimentos e denunciou o caso; a arguida regressou \u00e0s autoridades e entregou 400 euros. O total recuperado at\u00e9 agora \u00e9 de 2.040 euros; a arguida ficou com termo de identidade e resid\u00eancia, e o inqu\u00e9rito prossegue sob o Minist\u00e9rio P\u00fablico.\" \/>\n<meta property=\"og:url\" content=\"https:\/\/portaltela.pt\/noticias\/2026\/02\/20\/mulher-acusada-de-levantamentos-abusivos-com-cartao-de-idosa-em-porto-santo\/\" \/>\n<meta property=\"og:site_name\" content=\"Portal Tela Portugal\" \/>\n<meta property=\"article:published_time\" content=\"2026-02-20T13:31:00+00:00\" \/>\n<meta name=\"author\" content=\"Telinha\" \/>\n<meta name=\"twitter:card\" content=\"summary_large_image\" \/>\n<meta name=\"twitter:label1\" content=\"Escrito por\" \/>\n\t<meta name=\"twitter:data1\" content=\"Telinha\" \/>\n\t<meta name=\"twitter:label2\" content=\"Tempo estimado de leitura\" \/>\n\t<meta name=\"twitter:data2\" content=\"1 minuto\" \/>\n<script type=\"application\/ld+json\" class=\"yoast-schema-graph\">{\"@context\":\"https:\/\/schema.org\",\"@graph\":[{\"@type\":\"Article\",\"@id\":\"https:\/\/portaltela.pt\/noticias\/2026\/02\/20\/mulher-acusada-de-levantamentos-abusivos-com-cartao-de-idosa-em-porto-santo\/#article\",\"isPartOf\":{\"@id\":\"https:\/\/portaltela.pt\/noticias\/2026\/02\/20\/mulher-acusada-de-levantamentos-abusivos-com-cartao-de-idosa-em-porto-santo\/\"},\"author\":{\"name\":\"Telinha\",\"@id\":\"https:\/\/portaltela.pt\/#\/schema\/person\/c4278d4a6028830caff9ee44b42d32ed\"},\"headline\":\"Mulher acusada de levantamentos abusivos com cart\u00e3o de idosa em Porto Santo\",\"datePublished\":\"2026-02-20T13:31:00+00:00\",\"mainEntityOfPage\":{\"@id\":\"https:\/\/portaltela.pt\/noticias\/2026\/02\/20\/mulher-acusada-de-levantamentos-abusivos-com-cartao-de-idosa-em-porto-santo\/\"},\"wordCount\":222,\"image\":{\"@id\":\"https:\/\/portaltela.pt\/noticias\/2026\/02\/20\/mulher-acusada-de-levantamentos-abusivos-com-cartao-de-idosa-em-porto-santo\/#primaryimage\"},\"thumbnailUrl\":\"https:\/\/portaltela.pt\/s.01k8rhncp4jt1\/2026\/02\/img_1500x1000uu2023-01-03-20-46-28-1246828.jpg\",\"keywords\":[\"abuso de maiores dependentes\",\"abusos\",\"crime\",\"idosos\",\"Madeira\",\"roubo\"],\"articleSection\":[\"Not\u00edcias\"],\"inLanguage\":\"pt-PT\"},{\"@type\":\"WebPage\",\"@id\":\"https:\/\/portaltela.pt\/noticias\/2026\/02\/20\/mulher-acusada-de-levantamentos-abusivos-com-cartao-de-idosa-em-porto-santo\/\",\"url\":\"https:\/\/portaltela.pt\/noticias\/2026\/02\/20\/mulher-acusada-de-levantamentos-abusivos-com-cartao-de-idosa-em-porto-santo\/\",\"name\":\"Mulher acusada de levantamentos abusivos com cart\u00e3o de idosa em Porto Santo - Portal Tela Portugal\",\"isPartOf\":{\"@id\":\"https:\/\/portaltela.pt\/#website\"},\"primaryImageOfPage\":{\"@id\":\"https:\/\/portaltela.pt\/noticias\/2026\/02\/20\/mulher-acusada-de-levantamentos-abusivos-com-cartao-de-idosa-em-porto-santo\/#primaryimage\"},\"image\":{\"@id\":\"https:\/\/portaltela.pt\/noticias\/2026\/02\/20\/mulher-acusada-de-levantamentos-abusivos-com-cartao-de-idosa-em-porto-santo\/#primaryimage\"},\"thumbnailUrl\":\"https:\/\/portaltela.pt\/s.01k8rhncp4jt1\/2026\/02\/img_1500x1000uu2023-01-03-20-46-28-1246828.jpg\",\"datePublished\":\"2026-02-20T13:31:00+00:00\",\"author\":{\"@id\":\"https:\/\/portaltela.pt\/#\/schema\/person\/c4278d4a6028830caff9ee44b42d32ed\"},\"breadcrumb\":{\"@id\":\"https:\/\/portaltela.pt\/noticias\/2026\/02\/20\/mulher-acusada-de-levantamentos-abusivos-com-cartao-de-idosa-em-porto-santo\/#breadcrumb\"},\"inLanguage\":\"pt-PT\",\"potentialAction\":[{\"@type\":\"ReadAction\",\"target\":[\"https:\/\/portaltela.pt\/noticias\/2026\/02\/20\/mulher-acusada-de-levantamentos-abusivos-com-cartao-de-idosa-em-porto-santo\/\"]}]},{\"@type\":\"ImageObject\",\"inLanguage\":\"pt-PT\",\"@id\":\"https:\/\/portaltela.pt\/noticias\/2026\/02\/20\/mulher-acusada-de-levantamentos-abusivos-com-cartao-de-idosa-em-porto-santo\/#primaryimage\",\"url\":\"https:\/\/portaltela.pt\/s.01k8rhncp4jt1\/2026\/02\/img_1500x1000uu2023-01-03-20-46-28-1246828.jpg\",\"contentUrl\":\"https:\/\/portaltela.pt\/s.01k8rhncp4jt1\/2026\/02\/img_1500x1000uu2023-01-03-20-46-28-1246828.jpg\",\"width\":796,\"height\":448,\"caption\":\"Multibanco\"},{\"@type\":\"BreadcrumbList\",\"@id\":\"https:\/\/portaltela.pt\/noticias\/2026\/02\/20\/mulher-acusada-de-levantamentos-abusivos-com-cartao-de-idosa-em-porto-santo\/#breadcrumb\",\"itemListElement\":[{\"@type\":\"ListItem\",\"position\":1,\"name\":\"In\u00edcio\",\"item\":\"https:\/\/portaltela.pt\/\"},{\"@type\":\"ListItem\",\"position\":2,\"name\":\"Mulher acusada de levantamentos abusivos com cart\u00e3o de idosa em Porto Santo\"}]},{\"@type\":\"WebSite\",\"@id\":\"https:\/\/portaltela.pt\/#website\",\"url\":\"https:\/\/portaltela.pt\/\",\"name\":\"Portal Tela Portugal\",\"description\":\"\",\"potentialAction\":[{\"@type\":\"SearchAction\",\"target\":{\"@type\":\"EntryPoint\",\"urlTemplate\":\"https:\/\/portaltela.pt\/?s={search_term_string}\"},\"query-input\":{\"@type\":\"PropertyValueSpecification\",\"valueRequired\":true,\"valueName\":\"search_term_string\"}}],\"inLanguage\":\"pt-PT\"},{\"@type\":\"Person\",\"@id\":\"https:\/\/portaltela.pt\/#\/schema\/person\/c4278d4a6028830caff9ee44b42d32ed\",\"name\":\"Telinha\",\"image\":{\"@type\":\"ImageObject\",\"inLanguage\":\"pt-PT\",\"@id\":\"https:\/\/portaltela.pt\/s.01k8rhncp4jt1\/2025\/11\/talking-bot-125x125.png\",\"url\":\"https:\/\/portaltela.pt\/s.01k8rhncp4jt1\/2025\/11\/talking-bot-125x125.png\",\"contentUrl\":\"https:\/\/portaltela.pt\/s.01k8rhncp4jt1\/2025\/11\/talking-bot-125x125.png\",\"caption\":\"Telinha\"},\"sameAs\":[\"https:\/\/portaltela.pt\/\"],\"url\":\"https:\/\/portaltela.pt\/por\/367410592786\/\"}]}<\/script>\n<!-- \/ Yoast SEO plugin. -->","yoast_head_json":{"title":"Mulher acusada de levantamentos abusivos com cart\u00e3o de idosa em Porto Santo - Portal Tela Portugal","robots":{"index":"index","follow":"follow","max-snippet":"max-snippet:-1","max-image-preview":"max-image-preview:large","max-video-preview":"max-video-preview:-1"},"og_locale":"pt_PT","og_type":"article","og_title":"Mulher acusada de levantamentos abusivos com cart\u00e3o de idosa em Porto Santo - Portal Tela Portugal","og_description":"Mulher de 45 anos foi constitu\u00edda arguida por suspeita de levantamentos abusivos com o cart\u00e3o banc\u00e1rio de uma idosa de 80 anos na ilha de Porto Santo, Madeira. A suspeita era contratada para prestar cuidados \u00e0 v\u00edtima e residia na mesma habita\u00e7\u00e3o, conforme a PSP. Em busca domicili\u00e1ria, foi recuperado 1.640 euros e documenta\u00e7\u00e3o relevante; o montante total alegadamente roubado \u00e9 de cerca de 9.000 euros. A fam\u00edlia da v\u00edtima detetou os movimentos e denunciou o caso; a arguida regressou \u00e0s autoridades e entregou 400 euros. O total recuperado at\u00e9 agora \u00e9 de 2.040 euros; a arguida ficou com termo de identidade e resid\u00eancia, e o inqu\u00e9rito prossegue sob o Minist\u00e9rio P\u00fablico.","og_url":"https:\/\/portaltela.pt\/noticias\/2026\/02\/20\/mulher-acusada-de-levantamentos-abusivos-com-cartao-de-idosa-em-porto-santo\/","og_site_name":"Portal Tela Portugal","article_published_time":"2026-02-20T13:31:00+00:00","author":"Telinha","twitter_card":"summary_large_image","twitter_misc":{"Escrito por":"Telinha","Tempo estimado de leitura":"1 minuto"},"schema":{"@context":"https:\/\/schema.org","@graph":[{"@type":"Article","@id":"https:\/\/portaltela.pt\/noticias\/2026\/02\/20\/mulher-acusada-de-levantamentos-abusivos-com-cartao-de-idosa-em-porto-santo\/#article","isPartOf":{"@id":"https:\/\/portaltela.pt\/noticias\/2026\/02\/20\/mulher-acusada-de-levantamentos-abusivos-com-cartao-de-idosa-em-porto-santo\/"},"author":{"name":"Telinha","@id":"https:\/\/portaltela.pt\/#\/schema\/person\/c4278d4a6028830caff9ee44b42d32ed"},"headline":"Mulher acusada de levantamentos abusivos com cart\u00e3o de idosa em Porto Santo","datePublished":"2026-02-20T13:31:00+00:00","mainEntityOfPage":{"@id":"https:\/\/portaltela.pt\/noticias\/2026\/02\/20\/mulher-acusada-de-levantamentos-abusivos-com-cartao-de-idosa-em-porto-santo\/"},"wordCount":222,"image":{"@id":"https:\/\/portaltela.pt\/noticias\/2026\/02\/20\/mulher-acusada-de-levantamentos-abusivos-com-cartao-de-idosa-em-porto-santo\/#primaryimage"},"thumbnailUrl":"https:\/\/portaltela.pt\/s.01k8rhncp4jt1\/2026\/02\/img_1500x1000uu2023-01-03-20-46-28-1246828.jpg","keywords":["abuso de maiores dependentes","abusos","crime","idosos","Madeira","roubo"],"articleSection":["Not\u00edcias"],"inLanguage":"pt-PT"},{"@type":"WebPage","@id":"https:\/\/portaltela.pt\/noticias\/2026\/02\/20\/mulher-acusada-de-levantamentos-abusivos-com-cartao-de-idosa-em-porto-santo\/","url":"https:\/\/portaltela.pt\/noticias\/2026\/02\/20\/mulher-acusada-de-levantamentos-abusivos-com-cartao-de-idosa-em-porto-santo\/","name":"Mulher acusada de levantamentos abusivos com cart\u00e3o de idosa em Porto Santo - Portal Tela Portugal","isPartOf":{"@id":"https:\/\/portaltela.pt\/#website"},"primaryImageOfPage":{"@id":"https:\/\/portaltela.pt\/noticias\/2026\/02\/20\/mulher-acusada-de-levantamentos-abusivos-com-cartao-de-idosa-em-porto-santo\/#primaryimage"},"image":{"@id":"https:\/\/portaltela.pt\/noticias\/2026\/02\/20\/mulher-acusada-de-levantamentos-abusivos-com-cartao-de-idosa-em-porto-santo\/#primaryimage"},"thumbnailUrl":"https:\/\/portaltela.pt\/s.01k8rhncp4jt1\/2026\/02\/img_1500x1000uu2023-01-03-20-46-28-1246828.jpg","datePublished":"2026-02-20T13:31:00+00:00","author":{"@id":"https:\/\/portaltela.pt\/#\/schema\/person\/c4278d4a6028830caff9ee44b42d32ed"},"breadcrumb":{"@id":"https:\/\/portaltela.pt\/noticias\/2026\/02\/20\/mulher-acusada-de-levantamentos-abusivos-com-cartao-de-idosa-em-porto-santo\/#breadcrumb"},"inLanguage":"pt-PT","potentialAction":[{"@type":"ReadAction","target":["https:\/\/portaltela.pt\/noticias\/2026\/02\/20\/mulher-acusada-de-levantamentos-abusivos-com-cartao-de-idosa-em-porto-santo\/"]}]},{"@type":"ImageObject","inLanguage":"pt-PT","@id":"https:\/\/portaltela.pt\/noticias\/2026\/02\/20\/mulher-acusada-de-levantamentos-abusivos-com-cartao-de-idosa-em-porto-santo\/#primaryimage","url":"https:\/\/portaltela.pt\/s.01k8rhncp4jt1\/2026\/02\/img_1500x1000uu2023-01-03-20-46-28-1246828.jpg","contentUrl":"https:\/\/portaltela.pt\/s.01k8rhncp4jt1\/2026\/02\/img_1500x1000uu2023-01-03-20-46-28-1246828.jpg","width":796,"height":448,"caption":"Multibanco"},{"@type":"BreadcrumbList","@id":"https:\/\/portaltela.pt\/noticias\/2026\/02\/20\/mulher-acusada-de-levantamentos-abusivos-com-cartao-de-idosa-em-porto-santo\/#breadcrumb","itemListElement":[{"@type":"ListItem","position":1,"name":"In\u00edcio","item":"https:\/\/portaltela.pt\/"},{"@type":"ListItem","position":2,"name":"Mulher acusada de levantamentos abusivos com cart\u00e3o de idosa em Porto Santo"}]},{"@type":"WebSite","@id":"https:\/\/portaltela.pt\/#website","url":"https:\/\/portaltela.pt\/","name":"Portal Tela Portugal","description":"","potentialAction":[{"@type":"SearchAction","target":{"@type":"EntryPoint","urlTemplate":"https:\/\/portaltela.pt\/?s={search_term_string}"},"query-input":{"@type":"PropertyValueSpecification","valueRequired":true,"valueName":"search_term_string"}}],"inLanguage":"pt-PT"},{"@type":"Person","@id":"https:\/\/portaltela.pt\/#\/schema\/person\/c4278d4a6028830caff9ee44b42d32ed","name":"Telinha","image":{"@type":"ImageObject","inLanguage":"pt-PT","@id":"https:\/\/portaltela.pt\/s.01k8rhncp4jt1\/2025\/11\/talking-bot-125x125.png","url":"https:\/\/portaltela.pt\/s.01k8rhncp4jt1\/2025\/11\/talking-bot-125x125.png","contentUrl":"https:\/\/portaltela.pt\/s.01k8rhncp4jt1\/2025\/11\/talking-bot-125x125.png","caption":"Telinha"},"sameAs":["https:\/\/portaltela.pt\/"],"url":"https:\/\/portaltela.pt\/por\/367410592786\/"}]}},"_links":{"self":[{"href":"https:\/\/portaltela.pt\/api\/wp\/v2\/posts\/219249","targetHints":{"allow":["GET"]}}],"collection":[{"href":"https:\/\/portaltela.pt\/api\/wp\/v2\/posts"}],"about":[{"href":"https:\/\/portaltela.pt\/api\/wp\/v2\/types\/post"}],"author":[{"embeddable":true,"href":"https:\/\/portaltela.pt\/api\/wp\/v2\/users\/2"}],"replies":[{"embeddable":true,"href":"https:\/\/portaltela.pt\/api\/wp\/v2\/comments?post=219249"}],"version-history":[{"count":0,"href":"https:\/\/portaltela.pt\/api\/wp\/v2\/posts\/219249\/revisions"}],"wp:featuredmedia":[{"embeddable":true,"href":"https:\/\/portaltela.pt\/api\/wp\/v2\/media\/219252"}],"wp:attachment":[{"href":"https:\/\/portaltela.pt\/api\/wp\/v2\/media?parent=219249"}],"wp:term":[{"taxonomy":"category","embeddable":true,"href":"https:\/\/portaltela.pt\/api\/wp\/v2\/categories?post=219249"},{"taxonomy":"post_tag","embeddable":true,"href":"https:\/\/portaltela.pt\/api\/wp\/v2\/tags?post=219249"}],"curies":[{"name":"wp","href":"https:\/\/api.w.org\/{rel}","templated":true}]}}